{"id":48011,"date":"2025-11-06T21:30:18","date_gmt":"2025-11-07T01:30:18","guid":{"rendered":"https:\/\/conexion23.com\/?p=48011"},"modified":"2025-11-06T18:30:34","modified_gmt":"2025-11-06T22:30:34","slug":"haitianos-no-tendran-seguridad-ni-elecciones-generales-en-mucho-tiempo","status":"publish","type":"post","link":"https:\/\/conexion23.com\/?p=48011","title":{"rendered":"Haitianos no tendr\u00e1n seguridad ni elecciones generales en mucho tiempo"},"content":{"rendered":"<div class=\"w-full md:w-05\/12 sm:w-12\/12\">\n<div class=\"fixed-content\">\n<p style=\"text-align: justify;\">El secretario general de la Organizaci\u00f3n de los Estados Americanos (OEA),\u00a0Albert Ramdin, manifest\u00f3 que\u00a0celebrar elecciones\u00a0antes de\u00a0febrero de 2026\u00a0en Hait\u00ed \u201ces algo dif\u00edcil\u201d, por lo que no se cumplir\u00eda con la fecha estimada para el traspaso de mando pautado para el 7 de ese mes.<\/p>\n<\/div>\n<\/div>\n<div class=\"w-full xl:w-85\/12 md:w-75\/12 sm:w-full px-4 pb-12\">\n<div class=\"detail-body text-lg relative z-0\">\n<p style=\"text-align: justify;\">Ramdin\u00a0present\u00f3 ante el\u00a0Consejo Permanente\u00a0de la\u00a0OEA\u00a0el\u00a0informe de avance\u00a0del secretario general sobre la hoja de ruta para la estabilidad y la paz liderada por Hait\u00ed, con\u00a0apoyo\u00a0regional e internacional, en el que tambi\u00e9n se plantea la preocupaci\u00f3n por la situaci\u00f3n electoral del pa\u00eds.<\/p>\n<p style=\"text-align: justify;\">\u201cEl inminente\u00a0fin del mandato\u00a0del\u00a0Consejo Presidencial de Transici\u00f3n\u00a0(CPT) el 7 de\u00a0febrero de 2026\u00a0sit\u00faa a Hait\u00ed al borde de un\u00a0vac\u00edo pol\u00edtico, una posible crisis que, combinada con los graves problemas de\u00a0seguridad\u00a0del pa\u00eds, podr\u00eda socavar a\u00fan m\u00e1s los avances en otros \u00e1mbitos y debilitar el impulso de las iniciativas nacionales e internacionales actuales para promover la estabilidad y el desarrollo\u201d, se\u00f1ala el documento.<img loading=\"lazy\" decoding=\"async\" src=\"https:\/\/resources.diariolibre.com\/images\/expand.svg\" alt=\"Expandir imagen\" width=\"20\" height=\"20\" \/><\/p>\n<figure class=\"inline-block\" style=\"text-align: justify;\"><picture><img decoding=\"async\" class=\"mx-auto\" src=\"https:\/\/resources.diariolibre.com\/images\/2025\/11\/06\/oea-haiti-efe-9f9b53b2.jpg\" alt=\"[object HTMLTextAreaElement]\" width=\"auto\" height=\"350\" \/><\/picture><figcaption>Representantes permanentes de los pa\u00edses miembros de la OEA participan de una reuni\u00f3n ordinaria del Consejo Permanente el mi\u00e9rcoles 5 de noviembre.\u00a0<\/figcaption><\/figure>\n<p style=\"text-align: justify;\">Al respecto,\u00a0Ramdin\u00a0dijo que ser\u00e1 necesario contar con\u00a0estructuras de gobernanza\u00a0leg\u00edtimas, o al menos aprobadas despu\u00e9s de febrero, para acompa\u00f1ar el\u00a0proceso electoral\u00a0haitiano.<\/p>\n<p style=\"text-align: justify;\">\u201cY esto va a ser crucial para la\u00a0agenda futura\u00a0de Hait\u00ed\u201d, agreg\u00f3, al anunciar una\u00a0pr\u00f3xima visita\u00a0de la\u00a0OEA\u00a0al pa\u00eds en diciembre.<\/p>\n<div class=\"w-full pt-2 float-left inside-related\" style=\"text-align: justify;\">\u00a0Detall\u00f3 que la\u00a0Secretar\u00eda General\u00a0de la\u00a0OEA\u00a0ten\u00eda previsto viajar a Hait\u00ed a finales de octubre, pero el desplazamiento se pospuso por el\u00a0hurac\u00e1n Melissa.<\/div>\n<div id=\"detalle-parrafo\" style=\"text-align: justify;\">\n<div class=\"mb-5 newsletter-article\">\n<div class=\"icon p-2 flex md:block\"><\/div>\n<\/div>\n<\/div>\n<div id=\"dl_300x250_inread_2\" style=\"text-align: justify;\" data-google-query-id=\"CJHI7oWk3ZADFeTg8gcdTQgOlA\"><\/div>\n<p style=\"text-align: justify;\">\u201cLa intenci\u00f3n es hacer ese\u00a0viaje\u00a0cuanto antes, en colaboraci\u00f3n con las\u00a0autoridades haitianas. Ahora pensamos hacerlo a\u00a0principios de diciembre. Si eso funciona, tendremos la oportunidad, despu\u00e9s de la reuni\u00f3n del 12 de noviembre, de entrar m\u00e1s en detalle sobre lo que se necesita hacer a corto plazo\u201d, indic\u00f3.<\/p>\n<h2 style=\"text-align: justify;\">Guatemala\u00a0enviar\u00e1 m\u00e1s agentes<\/h2>\n<p style=\"text-align: justify;\">La delegaci\u00f3n de\u00a0Guatemala\u00a0anunci\u00f3 que su pa\u00eds enviar\u00e1 a Hait\u00ed una\u00a0unidad adicional\u00a0de\u00a0polic\u00eda militar\u00a0integrada por otros 150 agentes, que formar\u00e1 parte de la Fuerza de Represi\u00f3n de Pandillas aprobada por la ONU.<\/p>\n<p style=\"text-align: justify;\">\u201cEn total estar\u00e1n desplegados\u00a0300 efectivos\u00a0de\u00a0polic\u00eda militar\u00a0guatemalteca en Hait\u00ed para\u00a0abril de 2026\u201c, inform\u00f3 la delegaci\u00f3n.<\/p>\n<h2 style=\"text-align: justify;\">Rep\u00fablica Dominicana\u00a0reitera su\u00a0apoyo<\/h2>\n<p style=\"text-align: justify;\">La delegaci\u00f3n de\u00a0Rep\u00fablica Dominicana\u00a0expres\u00f3 que ha sido testigo del impacto de la\u00a0crisis haitiana\u00a0y mantiene una posici\u00f3n firme de\u00a0solidaridad responsable.<\/p>\n<p style=\"text-align: justify;\">Asegur\u00f3 que la paz en Hait\u00ed solo ser\u00e1 posible con un\u00a0liderazgo nacional\u00a0fortalecido y el\u00a0apoyo\u00a0coordinado de la comunidad internacional.<\/p>\n<h2 style=\"text-align: justify;\">Estados Unidos\u00a0agradece\u00a0apoyo<\/h2>\n<p style=\"text-align: justify;\">La delegaci\u00f3n de\u00a0Estados Unidos\u00a0agradeci\u00f3 el respaldo de Kenia y de otros pa\u00edses al restablecimiento de la\u00a0seguridad\u00a0en Hait\u00ed.<\/p>\n<p style=\"text-align: justify;\">A\u00f1adi\u00f3 que el\u00a0pueblo haitiano\u00a0merece\u00a0vivir en paz\u00a0y elegir a sus gobernantes, por lo que su pa\u00eds seguir\u00e1 apoyando todos los esfuerzos en ese sentido.<\/p>\n<h2 style=\"text-align: justify;\">Llamado a definir fecha electoral<\/h2>\n<p style=\"text-align: justify;\">De su lado, la delegaci\u00f3n de\u00a0Uruguay\u00a0se uni\u00f3 a la solicitud realizada por\u00a0Brasil\u00a0de establecer lo antes posible un\u00a0cronograma electoral\u00a0que permita encaminar a Hait\u00ed hacia la estabilidad.<\/p>\n<p style=\"text-align: justify;\">La\u00a0delegaci\u00f3n haitiana\u00a0reiter\u00f3 que la\u00a0seguridad\u00a0es la prioridad para crear las\u00a0condiciones favorables\u00a0a realizaci\u00f3n de comicios.<\/p>\n<div class=\"my-12 component web-insert relative border bg-component\" style=\"text-align: justify;\"><span class=\"text-xl block my-3 component-title glosa\">Acelerar fuerza antipandilla<\/span>El secretario general de la Organizaci\u00f3n de Estados Americanos (OEA), Albert Ramdin, inst\u00f3 a los pa\u00edses miembros a acelerar sus contribuciones para desplegar una fuerza antipandillas en Hait\u00ed, ante el caos y la violencia que imperan en el pa\u00eds caribe\u00f1o. La celebraci\u00f3n de elecciones en el pa\u00eds, controlado por las bandas de crimen organizado, no parece probable antes de febrero, explic\u00f3 Ramdin ante el Consejo Permanente de la organizaci\u00f3n. \u201cEspero que podamos progresar porque estoy algo preocupado ante el enorme costo que la violencia de las pandillas representa para el pueblo de Hait\u00ed\u201d, declar\u00f3 Ramdin, quien present\u00f3 una nueva versi\u00f3n de la hoja de ruta para restaurar el orden.<\/div>\n<\/div>\n<\/div>\n","protected":false},"excerpt":{"rendered":"<p>El secretario general de la Organizaci\u00f3n de los Estados Americanos (OEA),\u00a0Albert Ramdin, manifest\u00f3 que\u00a0celebrar elecciones\u00a0antes de\u00a0febrero de 2026\u00a0en Hait\u00ed \u201ces algo dif\u00edcil\u201d, por lo que no se cumplir\u00eda con la fecha estimada para el traspaso de mando pautado para el 7 de ese mes. Ramdin\u00a0present\u00f3 ante el\u00a0Consejo Permanente\u00a0de la\u00a0OEA\u00a0el\u00a0informe de avance\u00a0del secretario general sobre la [&hellip;]<\/p>\n","protected":false},"author":15,"featured_media":48012,"comment_status":"open","ping_status":"open","sticky":false,"template":"","format":"standard","meta":{"footnotes":""},"categories":[3881,3773],"tags":[],"class_list":["post-48011","post","type-post","status-publish","format-standard","has-post-thumbnail","category-internacionales","category-portada"],"yoast_head":"<!-- This site is optimized with the Yoast SEO plugin v27.6 - https:\/\/yoast.com\/product\/yoast-seo-wordpress\/ -->\n<title>Haitianos no tendr\u00e1n seguridad ni elecciones generales en mucho tiempo - Conexi\u00f3n 23<\/title>\n<meta name=\"robots\" content=\"index, follow, max-snippet:-1, max-image-preview:large, max-video-preview:-1\" \/>\n<link rel=\"canonical\" href=\"https:\/\/conexion23.com\/?p=48011\" \/>\n<meta property=\"og:locale\" content=\"es_ES\" \/>\n<meta property=\"og:type\" content=\"article\" \/>\n<meta property=\"og:title\" content=\"Haitianos no tendr\u00e1n seguridad ni elecciones generales en mucho tiempo - Conexi\u00f3n 23\" \/>\n<meta property=\"og:description\" content=\"El secretario general de la Organizaci\u00f3n de los Estados Americanos (OEA),\u00a0Albert Ramdin, manifest\u00f3 que\u00a0celebrar elecciones\u00a0antes de\u00a0febrero de 2026\u00a0en Hait\u00ed \u201ces algo dif\u00edcil\u201d, por lo que no se cumplir\u00eda con la fecha estimada para el traspaso de mando pautado para el 7 de ese mes. Ramdin\u00a0present\u00f3 ante el\u00a0Consejo Permanente\u00a0de la\u00a0OEA\u00a0el\u00a0informe de avance\u00a0del secretario general sobre la [&hellip;]\" \/>\n<meta property=\"og:url\" content=\"https:\/\/conexion23.com\/?p=48011\" \/>\n<meta property=\"og:site_name\" content=\"Conexi\u00f3n 23\" \/>\n<meta property=\"article:publisher\" content=\"https:\/\/www.facebook.com\/conexion23com\" \/>\n<meta property=\"article:published_time\" content=\"2025-11-07T01:30:18+00:00\" \/>\n<meta property=\"og:image\" content=\"https:\/\/conexion23.com\/wp-content\/uploads\/2025\/11\/crop-w1191-h795-crop-w6195-h4132-crisis-en-haiti-consejo-de-transicion-de-haiti-y-caricom-se-reunen-focus-0-0-896-504.jpg\" \/>\n\t<meta property=\"og:image:width\" content=\"896\" \/>\n\t<meta property=\"og:image:height\" content=\"504\" \/>\n\t<meta property=\"og:image:type\" content=\"image\/jpeg\" \/>\n<meta name=\"author\" content=\"Raffy Ben\u00edtez\" \/>\n<meta name=\"twitter:card\" content=\"summary_large_image\" \/>\n<meta name=\"twitter:label1\" content=\"Escrito por\" \/>\n\t<meta name=\"twitter:data1\" content=\"Raffy Ben\u00edtez\" \/>\n\t<meta name=\"twitter:label2\" content=\"Tiempo de lectura\" \/>\n\t<meta name=\"twitter:data2\" content=\"4 minutos\" \/>\n<script type=\"application\/ld+json\" class=\"yoast-schema-graph\">{\"@context\":\"https:\\\/\\\/schema.org\",\"@graph\":[{\"@type\":\"Article\",\"@id\":\"https:\\\/\\\/conexion23.com\\\/?p=48011#article\",\"isPartOf\":{\"@id\":\"https:\\\/\\\/conexion23.com\\\/?p=48011\"},\"author\":{\"name\":\"Raffy Ben\u00edtez\",\"@id\":\"http:\\\/\\\/conexion23.com\\\/#\\\/schema\\\/person\\\/03e36043331117e97a373299bbcd30a6\"},\"headline\":\"Haitianos no tendr\u00e1n seguridad ni elecciones generales en mucho tiempo\",\"datePublished\":\"2025-11-07T01:30:18+00:00\",\"mainEntityOfPage\":{\"@id\":\"https:\\\/\\\/conexion23.com\\\/?p=48011\"},\"wordCount\":705,\"commentCount\":0,\"publisher\":{\"@id\":\"http:\\\/\\\/conexion23.com\\\/#organization\"},\"image\":{\"@id\":\"https:\\\/\\\/conexion23.com\\\/?p=48011#primaryimage\"},\"thumbnailUrl\":\"https:\\\/\\\/conexion23.com\\\/wp-content\\\/uploads\\\/2025\\\/11\\\/crop-w1191-h795-crop-w6195-h4132-crisis-en-haiti-consejo-de-transicion-de-haiti-y-caricom-se-reunen-focus-0-0-896-504.jpg\",\"articleSection\":[\"Internacionales\",\"Portada\"],\"inLanguage\":\"es\",\"potentialAction\":[{\"@type\":\"CommentAction\",\"name\":\"Comment\",\"target\":[\"https:\\\/\\\/conexion23.com\\\/?p=48011#respond\"]}]},{\"@type\":\"WebPage\",\"@id\":\"https:\\\/\\\/conexion23.com\\\/?p=48011\",\"url\":\"https:\\\/\\\/conexion23.com\\\/?p=48011\",\"name\":\"Haitianos no tendr\u00e1n seguridad ni elecciones generales en mucho tiempo - Conexi\u00f3n 23\",\"isPartOf\":{\"@id\":\"http:\\\/\\\/conexion23.com\\\/#website\"},\"primaryImageOfPage\":{\"@id\":\"https:\\\/\\\/conexion23.com\\\/?p=48011#primaryimage\"},\"image\":{\"@id\":\"https:\\\/\\\/conexion23.com\\\/?p=48011#primaryimage\"},\"thumbnailUrl\":\"https:\\\/\\\/conexion23.com\\\/wp-content\\\/uploads\\\/2025\\\/11\\\/crop-w1191-h795-crop-w6195-h4132-crisis-en-haiti-consejo-de-transicion-de-haiti-y-caricom-se-reunen-focus-0-0-896-504.jpg\",\"datePublished\":\"2025-11-07T01:30:18+00:00\",\"breadcrumb\":{\"@id\":\"https:\\\/\\\/conexion23.com\\\/?p=48011#breadcrumb\"},\"inLanguage\":\"es\",\"potentialAction\":[{\"@type\":\"ReadAction\",\"target\":[\"https:\\\/\\\/conexion23.com\\\/?p=48011\"]}]},{\"@type\":\"ImageObject\",\"inLanguage\":\"es\",\"@id\":\"https:\\\/\\\/conexion23.com\\\/?p=48011#primaryimage\",\"url\":\"https:\\\/\\\/conexion23.com\\\/wp-content\\\/uploads\\\/2025\\\/11\\\/crop-w1191-h795-crop-w6195-h4132-crisis-en-haiti-consejo-de-transicion-de-haiti-y-caricom-se-reunen-focus-0-0-896-504.jpg\",\"contentUrl\":\"https:\\\/\\\/conexion23.com\\\/wp-content\\\/uploads\\\/2025\\\/11\\\/crop-w1191-h795-crop-w6195-h4132-crisis-en-haiti-consejo-de-transicion-de-haiti-y-caricom-se-reunen-focus-0-0-896-504.jpg\",\"width\":896,\"height\":504},{\"@type\":\"BreadcrumbList\",\"@id\":\"https:\\\/\\\/conexion23.com\\\/?p=48011#breadcrumb\",\"itemListElement\":[{\"@type\":\"ListItem\",\"position\":1,\"name\":\"Portada\",\"item\":\"http:\\\/\\\/conexion23.com\\\/\"},{\"@type\":\"ListItem\",\"position\":2,\"name\":\"Haitianos no tendr\u00e1n seguridad ni elecciones generales en mucho tiempo\"}]},{\"@type\":\"WebSite\",\"@id\":\"http:\\\/\\\/conexion23.com\\\/#website\",\"url\":\"http:\\\/\\\/conexion23.com\\\/\",\"name\":\"Conexi\u00f3n 23\",\"description\":\"Peri\u00f3dico 100% Petromacorisano\",\"publisher\":{\"@id\":\"http:\\\/\\\/conexion23.com\\\/#organization\"},\"potentialAction\":[{\"@type\":\"SearchAction\",\"target\":{\"@type\":\"EntryPoint\",\"urlTemplate\":\"http:\\\/\\\/conexion23.com\\\/?s={search_term_string}\"},\"query-input\":{\"@type\":\"PropertyValueSpecification\",\"valueRequired\":true,\"valueName\":\"search_term_string\"}}],\"inLanguage\":\"es\"},{\"@type\":\"Organization\",\"@id\":\"http:\\\/\\\/conexion23.com\\\/#organization\",\"name\":\"Conexion 23\",\"url\":\"http:\\\/\\\/conexion23.com\\\/\",\"logo\":{\"@type\":\"ImageObject\",\"inLanguage\":\"es\",\"@id\":\"http:\\\/\\\/conexion23.com\\\/#\\\/schema\\\/logo\\\/image\\\/\",\"url\":\"https:\\\/\\\/conexion23.com\\\/wp-content\\\/uploads\\\/2021\\\/11\\\/Diseno-sin-titulo-2.png\",\"contentUrl\":\"https:\\\/\\\/conexion23.com\\\/wp-content\\\/uploads\\\/2021\\\/11\\\/Diseno-sin-titulo-2.png\",\"width\":541,\"height\":90,\"caption\":\"Conexion 23\"},\"image\":{\"@id\":\"http:\\\/\\\/conexion23.com\\\/#\\\/schema\\\/logo\\\/image\\\/\"},\"sameAs\":[\"https:\\\/\\\/www.facebook.com\\\/conexion23com\",\"https:\\\/\\\/www.instagram.com\\\/conexion23com\\\/\",\"https:\\\/\\\/www.youtube.com\\\/channel\\\/UCYc7vxxFZMYLIHNsHHxPZ3Q\"]},{\"@type\":\"Person\",\"@id\":\"http:\\\/\\\/conexion23.com\\\/#\\\/schema\\\/person\\\/03e36043331117e97a373299bbcd30a6\",\"name\":\"Raffy Ben\u00edtez\",\"image\":{\"@type\":\"ImageObject\",\"inLanguage\":\"es\",\"@id\":\"https:\\\/\\\/secure.gravatar.com\\\/avatar\\\/3190a6a6c5e1b0327500f7d6c56b6242472ee6cb974cf09b401ee6b3b0798f23?s=96&d=mm&r=g\",\"url\":\"https:\\\/\\\/secure.gravatar.com\\\/avatar\\\/3190a6a6c5e1b0327500f7d6c56b6242472ee6cb974cf09b401ee6b3b0798f23?s=96&d=mm&r=g\",\"contentUrl\":\"https:\\\/\\\/secure.gravatar.com\\\/avatar\\\/3190a6a6c5e1b0327500f7d6c56b6242472ee6cb974cf09b401ee6b3b0798f23?s=96&d=mm&r=g\",\"caption\":\"Raffy Ben\u00edtez\"},\"url\":\"https:\\\/\\\/conexion23.com\\\/?author=15\"}]}<\/script>\n<!-- \/ Yoast SEO plugin. -->","yoast_head_json":{"title":"Haitianos no tendr\u00e1n seguridad ni elecciones generales en mucho tiempo - Conexi\u00f3n 23","robots":{"index":"index","follow":"follow","max-snippet":"max-snippet:-1","max-image-preview":"max-image-preview:large","max-video-preview":"max-video-preview:-1"},"canonical":"https:\/\/conexion23.com\/?p=48011","og_locale":"es_ES","og_type":"article","og_title":"Haitianos no tendr\u00e1n seguridad ni elecciones generales en mucho tiempo - Conexi\u00f3n 23","og_description":"El secretario general de la Organizaci\u00f3n de los Estados Americanos (OEA),\u00a0Albert Ramdin, manifest\u00f3 que\u00a0celebrar elecciones\u00a0antes de\u00a0febrero de 2026\u00a0en Hait\u00ed \u201ces algo dif\u00edcil\u201d, por lo que no se cumplir\u00eda con la fecha estimada para el traspaso de mando pautado para el 7 de ese mes. Ramdin\u00a0present\u00f3 ante el\u00a0Consejo Permanente\u00a0de la\u00a0OEA\u00a0el\u00a0informe de avance\u00a0del secretario general sobre la [&hellip;]","og_url":"https:\/\/conexion23.com\/?p=48011","og_site_name":"Conexi\u00f3n 23","article_publisher":"https:\/\/www.facebook.com\/conexion23com","article_published_time":"2025-11-07T01:30:18+00:00","og_image":[{"width":896,"height":504,"url":"https:\/\/conexion23.com\/wp-content\/uploads\/2025\/11\/crop-w1191-h795-crop-w6195-h4132-crisis-en-haiti-consejo-de-transicion-de-haiti-y-caricom-se-reunen-focus-0-0-896-504.jpg","type":"image\/jpeg"}],"author":"Raffy Ben\u00edtez","twitter_card":"summary_large_image","twitter_misc":{"Escrito por":"Raffy Ben\u00edtez","Tiempo de lectura":"4 minutos"},"schema":{"@context":"https:\/\/schema.org","@graph":[{"@type":"Article","@id":"https:\/\/conexion23.com\/?p=48011#article","isPartOf":{"@id":"https:\/\/conexion23.com\/?p=48011"},"author":{"name":"Raffy Ben\u00edtez","@id":"http:\/\/conexion23.com\/#\/schema\/person\/03e36043331117e97a373299bbcd30a6"},"headline":"Haitianos no tendr\u00e1n seguridad ni elecciones generales en mucho tiempo","datePublished":"2025-11-07T01:30:18+00:00","mainEntityOfPage":{"@id":"https:\/\/conexion23.com\/?p=48011"},"wordCount":705,"commentCount":0,"publisher":{"@id":"http:\/\/conexion23.com\/#organization"},"image":{"@id":"https:\/\/conexion23.com\/?p=48011#primaryimage"},"thumbnailUrl":"https:\/\/conexion23.com\/wp-content\/uploads\/2025\/11\/crop-w1191-h795-crop-w6195-h4132-crisis-en-haiti-consejo-de-transicion-de-haiti-y-caricom-se-reunen-focus-0-0-896-504.jpg","articleSection":["Internacionales","Portada"],"inLanguage":"es","potentialAction":[{"@type":"CommentAction","name":"Comment","target":["https:\/\/conexion23.com\/?p=48011#respond"]}]},{"@type":"WebPage","@id":"https:\/\/conexion23.com\/?p=48011","url":"https:\/\/conexion23.com\/?p=48011","name":"Haitianos no tendr\u00e1n seguridad ni elecciones generales en mucho tiempo - Conexi\u00f3n 23","isPartOf":{"@id":"http:\/\/conexion23.com\/#website"},"primaryImageOfPage":{"@id":"https:\/\/conexion23.com\/?p=48011#primaryimage"},"image":{"@id":"https:\/\/conexion23.com\/?p=48011#primaryimage"},"thumbnailUrl":"https:\/\/conexion23.com\/wp-content\/uploads\/2025\/11\/crop-w1191-h795-crop-w6195-h4132-crisis-en-haiti-consejo-de-transicion-de-haiti-y-caricom-se-reunen-focus-0-0-896-504.jpg","datePublished":"2025-11-07T01:30:18+00:00","breadcrumb":{"@id":"https:\/\/conexion23.com\/?p=48011#breadcrumb"},"inLanguage":"es","potentialAction":[{"@type":"ReadAction","target":["https:\/\/conexion23.com\/?p=48011"]}]},{"@type":"ImageObject","inLanguage":"es","@id":"https:\/\/conexion23.com\/?p=48011#primaryimage","url":"https:\/\/conexion23.com\/wp-content\/uploads\/2025\/11\/crop-w1191-h795-crop-w6195-h4132-crisis-en-haiti-consejo-de-transicion-de-haiti-y-caricom-se-reunen-focus-0-0-896-504.jpg","contentUrl":"https:\/\/conexion23.com\/wp-content\/uploads\/2025\/11\/crop-w1191-h795-crop-w6195-h4132-crisis-en-haiti-consejo-de-transicion-de-haiti-y-caricom-se-reunen-focus-0-0-896-504.jpg","width":896,"height":504},{"@type":"BreadcrumbList","@id":"https:\/\/conexion23.com\/?p=48011#breadcrumb","itemListElement":[{"@type":"ListItem","position":1,"name":"Portada","item":"http:\/\/conexion23.com\/"},{"@type":"ListItem","position":2,"name":"Haitianos no tendr\u00e1n seguridad ni elecciones generales en mucho tiempo"}]},{"@type":"WebSite","@id":"http:\/\/conexion23.com\/#website","url":"http:\/\/conexion23.com\/","name":"Conexi\u00f3n 23","description":"Peri\u00f3dico 100% Petromacorisano","publisher":{"@id":"http:\/\/conexion23.com\/#organization"},"potentialAction":[{"@type":"SearchAction","target":{"@type":"EntryPoint","urlTemplate":"http:\/\/conexion23.com\/?s={search_term_string}"},"query-input":{"@type":"PropertyValueSpecification","valueRequired":true,"valueName":"search_term_string"}}],"inLanguage":"es"},{"@type":"Organization","@id":"http:\/\/conexion23.com\/#organization","name":"Conexion 23","url":"http:\/\/conexion23.com\/","logo":{"@type":"ImageObject","inLanguage":"es","@id":"http:\/\/conexion23.com\/#\/schema\/logo\/image\/","url":"https:\/\/conexion23.com\/wp-content\/uploads\/2021\/11\/Diseno-sin-titulo-2.png","contentUrl":"https:\/\/conexion23.com\/wp-content\/uploads\/2021\/11\/Diseno-sin-titulo-2.png","width":541,"height":90,"caption":"Conexion 23"},"image":{"@id":"http:\/\/conexion23.com\/#\/schema\/logo\/image\/"},"sameAs":["https:\/\/www.facebook.com\/conexion23com","https:\/\/www.instagram.com\/conexion23com\/","https:\/\/www.youtube.com\/channel\/UCYc7vxxFZMYLIHNsHHxPZ3Q"]},{"@type":"Person","@id":"http:\/\/conexion23.com\/#\/schema\/person\/03e36043331117e97a373299bbcd30a6","name":"Raffy Ben\u00edtez","image":{"@type":"ImageObject","inLanguage":"es","@id":"https:\/\/secure.gravatar.com\/avatar\/3190a6a6c5e1b0327500f7d6c56b6242472ee6cb974cf09b401ee6b3b0798f23?s=96&d=mm&r=g","url":"https:\/\/secure.gravatar.com\/avatar\/3190a6a6c5e1b0327500f7d6c56b6242472ee6cb974cf09b401ee6b3b0798f23?s=96&d=mm&r=g","contentUrl":"https:\/\/secure.gravatar.com\/avatar\/3190a6a6c5e1b0327500f7d6c56b6242472ee6cb974cf09b401ee6b3b0798f23?s=96&d=mm&r=g","caption":"Raffy Ben\u00edtez"},"url":"https:\/\/conexion23.com\/?author=15"}]}},"_links":{"self":[{"href":"https:\/\/conexion23.com\/index.php?rest_route=\/wp\/v2\/posts\/48011","targetHints":{"allow":["GET"]}}],"collection":[{"href":"https:\/\/conexion23.com\/index.php?rest_route=\/wp\/v2\/posts"}],"about":[{"href":"https:\/\/conexion23.com\/index.php?rest_route=\/wp\/v2\/types\/post"}],"author":[{"embeddable":true,"href":"https:\/\/conexion23.com\/index.php?rest_route=\/wp\/v2\/users\/15"}],"replies":[{"embeddable":true,"href":"https:\/\/conexion23.com\/index.php?rest_route=%2Fwp%2Fv2%2Fcomments&post=48011"}],"version-history":[{"count":1,"href":"https:\/\/conexion23.com\/index.php?rest_route=\/wp\/v2\/posts\/48011\/revisions"}],"predecessor-version":[{"id":48013,"href":"https:\/\/conexion23.com\/index.php?rest_route=\/wp\/v2\/posts\/48011\/revisions\/48013"}],"wp:featuredmedia":[{"embeddable":true,"href":"https:\/\/conexion23.com\/index.php?rest_route=\/wp\/v2\/media\/48012"}],"wp:attachment":[{"href":"https:\/\/conexion23.com\/index.php?rest_route=%2Fwp%2Fv2%2Fmedia&parent=48011"}],"wp:term":[{"taxonomy":"category","embeddable":true,"href":"https:\/\/conexion23.com\/index.php?rest_route=%2Fwp%2Fv2%2Fcategories&post=48011"},{"taxonomy":"post_tag","embeddable":true,"href":"https:\/\/conexion23.com\/index.php?rest_route=%2Fwp%2Fv2%2Ftags&post=48011"}],"curies":[{"name":"wp","href":"https:\/\/api.w.org\/{rel}","templated":true}]}}