{"id":48078,"date":"2025-11-08T10:00:17","date_gmt":"2025-11-08T14:00:17","guid":{"rendered":"https:\/\/conexion23.com\/?p=48078"},"modified":"2025-11-08T08:30:25","modified_gmt":"2025-11-08T12:30:25","slug":"consejo-nacional-de-la-magistratura-convoca-a-vistas-publicas-para-scj-y-tse","status":"publish","type":"post","link":"https:\/\/conexion23.com\/?p=48078","title":{"rendered":"Consejo Nacional de la Magistratura convoca a vistas p\u00fablicas para SCJ y TSE"},"content":{"rendered":"<p style=\"text-align: justify;\">El\u00a0Consejo Nacional de la Magistratura (CNM)\u00a0convoc\u00f3 oficialmente a\u00a0vistas p\u00fablicas\u00a0a los postulantes\u00a0preseleccionados\u00a0para ocupar vacantes en la\u00a0Suprema Corte de Justicia (SCJ)\u00a0y el\u00a0Tribunal Superior Electoral (TSE), luego de agotar la revisi\u00f3n de\u00a0objeciones ciudadanas\u00a0durante una reuni\u00f3n virtual encabezada por la vicepresidenta\u00a0Raquel Pe\u00f1a.<\/p>\n<p style=\"text-align: justify;\">El \u00f3rgano constitucional inform\u00f3 que\u00a0todas las objeciones fueron rechazadas, al concluir que no conten\u00edan elementos suficientes para excluir a ning\u00fan aspirante preseleccionado.<\/p>\n<blockquote class=\"wp-block-quote is-layout-flow wp-block-quote-is-layout-flow\"><p><span style=\"color: #000000;\">\u201cLas objeciones no reun\u00edan elementos suficientes como para excluir de la preselecci\u00f3n a los postulantes objetados\u201d, estableci\u00f3 el CNM.<\/span><\/p><\/blockquote>\n<p style=\"text-align: justify;\">El Consejo tambi\u00e9n desestim\u00f3 un\u00a0recurso de revisi\u00f3n\u00a0contra su decisi\u00f3n previa de excluir a candidatos que, perteneciendo a la carrera judicial,\u00a0no ocupan cargos equivalentes a jueces de cortes de apelaci\u00f3n, requisito constitucional y reglamentario imprescindible.<\/p>\n<p style=\"text-align: justify;\">Las\u00a0vistas p\u00fablicas\u00a0se celebrar\u00e1n los d\u00edas indicados en el\u00a0Sal\u00f3n Las Cari\u00e1tides\u00a0del\u00a0Palacio Nacional, a partir de las\u00a09:00 de la ma\u00f1ana, y ser\u00e1n transmitidas en vivo para garantizar\u00a0transparencia\u00a0y acceso ciudadano.<\/p>\n<p style=\"text-align: justify;\">Martes 11 de noviembre de 2025<br \/>\nLos postulantes convocados para esta fecha son: Elisa Alexandra Abreu Jim\u00e9nez, \u00c9dynson Francisco Alarc\u00f3n Polanco, Juan Angom\u00e1s Alc\u00e1ntara, Melkis Antigua, Miguelina de Jes\u00fas Beard G\u00f3mez, Joaquincito Bocio Familia, Francisco Eugenio Cabrera Mata, Ygnacio Pascual Camacho Hidalgo, Julio C\u00e9sar Emilio Can\u00f3 Alfau, \u00darsula Josefina Carrasco M\u00e1rquez de Suberv\u00ed, Yrcania Ibelice Casado Pimentel, Freddy \u00c1ngel Castro D\u00edaz, Franklin Emilio Concepci\u00f3n Acosta, Karina Concepci\u00f3n Medina, Juan Bautista Cuevas Medrano, Ylona Mar\u00eda de la Rocha Camilo, Mat\u00edas Modesto del Rosario Romero, Erasmo Dur\u00e1n Beltr\u00e9, William Radham\u00e9s Encarnaci\u00f3n Mej\u00eda, Fernando Fern\u00e1ndez Cruz y Catalina Ferrera Cuevas.<\/p>\n<p style=\"text-align: justify;\">Viernes 14 de noviembre de 2025<br \/>\nLos preseleccionados citados son: Hermenegilda del Rosario Fondeur Ram\u00edrez, Francisca Gabriela Garc\u00eda G\u00f3mez de Fadul, Lenis Ros\u00e1ngela Garc\u00eda Guzm\u00e1n, Juan Manuel Mart\u00edn Garrido Campillo, Alexis Andr\u00e9s G\u00f3mez Geraldino, Jos\u00e9 Heriberto G\u00f3mez Pichardo, Juli\u00e1n Antonio Henr\u00edquez Puntiel, Ar\u00edstides Dalmiro Heredia Sena, Ram\u00f3n Antonio Hern\u00e1ndez Dom\u00ednguez, Mildred Inmaculada Hern\u00e1ndez Grull\u00f3n, Yoaldo Hern\u00e1ndez Perera, Manuel Aurelio Hern\u00e1ndez Victoria, Erick Jos\u00e9 Hern\u00e1ndez-Machado Santana, Domingo Arturo Holgu\u00edn Mart\u00ednez, Ram\u00f3n Ar\u00edstides Madera Arias, Carmen Estela Mancebo Acosta, Wendy Sonaya Mart\u00ednez Mej\u00eda, Pedro Antonio Mateo Ibert, Daira Cira Medina Tejeda, V\u00edctor Rafael Menieur M\u00e9ndez y Ni\u00f1o Jos\u00e9 Mer\u00e1n Familia.<\/p>\n<p style=\"text-align: justify;\">Martes 18 de noviembre de 2025<br \/>\nLos candidatos convocados son: Samuel Moquete de la Cruz, Yokaurys Morales Castillo, Wilson Francisco Moreta Tremols, Aldemaro Jos\u00e9 Mu\u00f1iz Mena, Daniel Julio Nolasco Olivo, Edison Joel Pe\u00f1a, Stefany Mar\u00eda Pe\u00f1a Hern\u00e1ndez, C\u00e9sar Ren\u00e9 Pe\u00f1al\u00f3 Ozuna, Rafaelina Peralta Arias, Cristian Perdomo Hern\u00e1ndez, Sonia Milagros Perdomo Rodr\u00edguez, Rosa Fior D\u2019Aliza P\u00e9rez de Garc\u00eda, Amauri Antonio Pimentel Fabi\u00e1n, Doris Josefina Pujols Ortiz, Juan Jos\u00e9 Quezada Rodr\u00edguez, Roberto Carlos Quiroz Canela, Alfredo Ram\u00edrez Peguero, Manuel Antonio Ram\u00edrez Suza\u00f1a, Fermina Reynoso, Maritza Marizol Reynoso y Arelis Socorro Ricourt G\u00f3mez.<\/p>\n<p style=\"text-align: justify;\">Jueves 20 de noviembre de 2025<br \/>\nPara esta fecha fueron convocados: Namphi Andr\u00e9s Rodr\u00edguez, V\u00edctor Leonardo Rodr\u00edguez, Juan de las Nieves Sabino Ramos, Lourdes Teresa de Jes\u00fas Salazar Rodr\u00edguez, Pedro Antonio S\u00e1nchez Rivera, Enelia Santos de los Santos, Luis Domingo Senci\u00f3n Araujo, Lusnelda Sol\u00eds Taveras, Emerson Franklin Soriano Contreras, Claudio Enrique Stephen Castillo, Juan Fantino Suriel Hilario, Carmen Zulema Tejeda Soto, Danilo Antonio Tineo Santana, Miguelina Ure\u00f1a N\u00fa\u00f1ez, Ana Giselle Valerio Valerio, Yorlin Lissett V\u00e1squez Castro, Rosanna Isabel V\u00e1squez Febrillet, Jos\u00e9 Mar\u00eda V\u00e1squez Montero, Diomede Ydelfo Villalona Guerrero y Pedro Pablo Yermenos Forastieri.<\/p>\n<p style=\"text-align: justify;\">El CNM reiter\u00f3 que este proceso representa un paso fundamental para fortalecer la\u00a0institucionalidad democr\u00e1tica, garantizar un escrutinio\u00a0transparente\u00a0y seleccionar magistrados con\u00a0alta competencia jur\u00eddica\u00a0y reconocida integridad.<\/p>\n","protected":false},"excerpt":{"rendered":"<p>El\u00a0Consejo Nacional de la Magistratura (CNM)\u00a0convoc\u00f3 oficialmente a\u00a0vistas p\u00fablicas\u00a0a los postulantes\u00a0preseleccionados\u00a0para ocupar vacantes en la\u00a0Suprema Corte de Justicia (SCJ)\u00a0y el\u00a0Tribunal Superior Electoral (TSE), luego de agotar la revisi\u00f3n de\u00a0objeciones ciudadanas\u00a0durante una reuni\u00f3n virtual encabezada por la vicepresidenta\u00a0Raquel Pe\u00f1a. El \u00f3rgano constitucional inform\u00f3 que\u00a0todas las objeciones fueron rechazadas, al concluir que no conten\u00edan elementos suficientes para [&hellip;]<\/p>\n","protected":false},"author":15,"featured_media":48079,"comment_status":"open","ping_status":"open","sticky":false,"template":"","format":"standard","meta":{"footnotes":""},"categories":[3913,3773],"tags":[],"class_list":["post-48078","post","type-post","status-publish","format-standard","has-post-thumbnail","category-nacionales","category-portada"],"yoast_head":"<!-- This site is optimized with the Yoast SEO plugin v27.6 - https:\/\/yoast.com\/product\/yoast-seo-wordpress\/ -->\n<title>Consejo Nacional de la Magistratura convoca a vistas p\u00fablicas para SCJ y TSE - Conexi\u00f3n 23<\/title>\n<meta name=\"robots\" content=\"index, follow, max-snippet:-1, max-image-preview:large, max-video-preview:-1\" \/>\n<link rel=\"canonical\" href=\"https:\/\/conexion23.com\/?p=48078\" \/>\n<meta property=\"og:locale\" content=\"es_ES\" \/>\n<meta property=\"og:type\" content=\"article\" \/>\n<meta property=\"og:title\" content=\"Consejo Nacional de la Magistratura convoca a vistas p\u00fablicas para SCJ y TSE - Conexi\u00f3n 23\" \/>\n<meta property=\"og:description\" content=\"El\u00a0Consejo Nacional de la Magistratura (CNM)\u00a0convoc\u00f3 oficialmente a\u00a0vistas p\u00fablicas\u00a0a los postulantes\u00a0preseleccionados\u00a0para ocupar vacantes en la\u00a0Suprema Corte de Justicia (SCJ)\u00a0y el\u00a0Tribunal Superior Electoral (TSE), luego de agotar la revisi\u00f3n de\u00a0objeciones ciudadanas\u00a0durante una reuni\u00f3n virtual encabezada por la vicepresidenta\u00a0Raquel Pe\u00f1a. El \u00f3rgano constitucional inform\u00f3 que\u00a0todas las objeciones fueron rechazadas, al concluir que no conten\u00edan elementos suficientes para [&hellip;]\" \/>\n<meta property=\"og:url\" content=\"https:\/\/conexion23.com\/?p=48078\" \/>\n<meta property=\"og:site_name\" content=\"Conexi\u00f3n 23\" \/>\n<meta property=\"article:publisher\" content=\"https:\/\/www.facebook.com\/conexion23com\" \/>\n<meta property=\"article:published_time\" content=\"2025-11-08T14:00:17+00:00\" \/>\n<meta property=\"og:image\" content=\"https:\/\/conexion23.com\/wp-content\/uploads\/2025\/11\/descarga-14.jpg\" \/>\n\t<meta property=\"og:image:width\" content=\"800\" \/>\n\t<meta property=\"og:image:height\" content=\"453\" \/>\n\t<meta property=\"og:image:type\" content=\"image\/jpeg\" \/>\n<meta name=\"author\" content=\"Raffy Ben\u00edtez\" \/>\n<meta name=\"twitter:card\" content=\"summary_large_image\" \/>\n<meta name=\"twitter:label1\" content=\"Escrito por\" \/>\n\t<meta name=\"twitter:data1\" content=\"Raffy Ben\u00edtez\" \/>\n\t<meta name=\"twitter:label2\" content=\"Tiempo de lectura\" \/>\n\t<meta name=\"twitter:data2\" content=\"3 minutos\" \/>\n<script type=\"application\/ld+json\" class=\"yoast-schema-graph\">{\"@context\":\"https:\\\/\\\/schema.org\",\"@graph\":[{\"@type\":\"Article\",\"@id\":\"https:\\\/\\\/conexion23.com\\\/?p=48078#article\",\"isPartOf\":{\"@id\":\"https:\\\/\\\/conexion23.com\\\/?p=48078\"},\"author\":{\"name\":\"Raffy Ben\u00edtez\",\"@id\":\"https:\\\/\\\/conexion23.com\\\/#\\\/schema\\\/person\\\/03e36043331117e97a373299bbcd30a6\"},\"headline\":\"Consejo Nacional de la Magistratura convoca a vistas p\u00fablicas para SCJ y TSE\",\"datePublished\":\"2025-11-08T14:00:17+00:00\",\"mainEntityOfPage\":{\"@id\":\"https:\\\/\\\/conexion23.com\\\/?p=48078\"},\"wordCount\":679,\"commentCount\":0,\"publisher\":{\"@id\":\"https:\\\/\\\/conexion23.com\\\/#organization\"},\"image\":{\"@id\":\"https:\\\/\\\/conexion23.com\\\/?p=48078#primaryimage\"},\"thumbnailUrl\":\"https:\\\/\\\/conexion23.com\\\/wp-content\\\/uploads\\\/2025\\\/11\\\/descarga-14.jpg\",\"articleSection\":[\"Nacionales\",\"Portada\"],\"inLanguage\":\"es\",\"potentialAction\":[{\"@type\":\"CommentAction\",\"name\":\"Comment\",\"target\":[\"https:\\\/\\\/conexion23.com\\\/?p=48078#respond\"]}]},{\"@type\":\"WebPage\",\"@id\":\"https:\\\/\\\/conexion23.com\\\/?p=48078\",\"url\":\"https:\\\/\\\/conexion23.com\\\/?p=48078\",\"name\":\"Consejo Nacional de la Magistratura convoca a vistas p\u00fablicas para SCJ y TSE - Conexi\u00f3n 23\",\"isPartOf\":{\"@id\":\"https:\\\/\\\/conexion23.com\\\/#website\"},\"primaryImageOfPage\":{\"@id\":\"https:\\\/\\\/conexion23.com\\\/?p=48078#primaryimage\"},\"image\":{\"@id\":\"https:\\\/\\\/conexion23.com\\\/?p=48078#primaryimage\"},\"thumbnailUrl\":\"https:\\\/\\\/conexion23.com\\\/wp-content\\\/uploads\\\/2025\\\/11\\\/descarga-14.jpg\",\"datePublished\":\"2025-11-08T14:00:17+00:00\",\"breadcrumb\":{\"@id\":\"https:\\\/\\\/conexion23.com\\\/?p=48078#breadcrumb\"},\"inLanguage\":\"es\",\"potentialAction\":[{\"@type\":\"ReadAction\",\"target\":[\"https:\\\/\\\/conexion23.com\\\/?p=48078\"]}]},{\"@type\":\"ImageObject\",\"inLanguage\":\"es\",\"@id\":\"https:\\\/\\\/conexion23.com\\\/?p=48078#primaryimage\",\"url\":\"https:\\\/\\\/conexion23.com\\\/wp-content\\\/uploads\\\/2025\\\/11\\\/descarga-14.jpg\",\"contentUrl\":\"https:\\\/\\\/conexion23.com\\\/wp-content\\\/uploads\\\/2025\\\/11\\\/descarga-14.jpg\",\"width\":800,\"height\":453},{\"@type\":\"BreadcrumbList\",\"@id\":\"https:\\\/\\\/conexion23.com\\\/?p=48078#breadcrumb\",\"itemListElement\":[{\"@type\":\"ListItem\",\"position\":1,\"name\":\"Portada\",\"item\":\"https:\\\/\\\/conexion23.com\\\/\"},{\"@type\":\"ListItem\",\"position\":2,\"name\":\"Consejo Nacional de la Magistratura convoca a vistas p\u00fablicas para SCJ y TSE\"}]},{\"@type\":\"WebSite\",\"@id\":\"https:\\\/\\\/conexion23.com\\\/#website\",\"url\":\"https:\\\/\\\/conexion23.com\\\/\",\"name\":\"Conexi\u00f3n 23\",\"description\":\"Peri\u00f3dico 100% Petromacorisano\",\"publisher\":{\"@id\":\"https:\\\/\\\/conexion23.com\\\/#organization\"},\"potentialAction\":[{\"@type\":\"SearchAction\",\"target\":{\"@type\":\"EntryPoint\",\"urlTemplate\":\"https:\\\/\\\/conexion23.com\\\/?s={search_term_string}\"},\"query-input\":{\"@type\":\"PropertyValueSpecification\",\"valueRequired\":true,\"valueName\":\"search_term_string\"}}],\"inLanguage\":\"es\"},{\"@type\":\"Organization\",\"@id\":\"https:\\\/\\\/conexion23.com\\\/#organization\",\"name\":\"Conexion 23\",\"url\":\"https:\\\/\\\/conexion23.com\\\/\",\"logo\":{\"@type\":\"ImageObject\",\"inLanguage\":\"es\",\"@id\":\"https:\\\/\\\/conexion23.com\\\/#\\\/schema\\\/logo\\\/image\\\/\",\"url\":\"https:\\\/\\\/conexion23.com\\\/wp-content\\\/uploads\\\/2021\\\/11\\\/Diseno-sin-titulo-2.png\",\"contentUrl\":\"https:\\\/\\\/conexion23.com\\\/wp-content\\\/uploads\\\/2021\\\/11\\\/Diseno-sin-titulo-2.png\",\"width\":541,\"height\":90,\"caption\":\"Conexion 23\"},\"image\":{\"@id\":\"https:\\\/\\\/conexion23.com\\\/#\\\/schema\\\/logo\\\/image\\\/\"},\"sameAs\":[\"https:\\\/\\\/www.facebook.com\\\/conexion23com\",\"https:\\\/\\\/www.instagram.com\\\/conexion23com\\\/\",\"https:\\\/\\\/www.youtube.com\\\/channel\\\/UCYc7vxxFZMYLIHNsHHxPZ3Q\"]},{\"@type\":\"Person\",\"@id\":\"https:\\\/\\\/conexion23.com\\\/#\\\/schema\\\/person\\\/03e36043331117e97a373299bbcd30a6\",\"name\":\"Raffy Ben\u00edtez\",\"image\":{\"@type\":\"ImageObject\",\"inLanguage\":\"es\",\"@id\":\"https:\\\/\\\/secure.gravatar.com\\\/avatar\\\/3190a6a6c5e1b0327500f7d6c56b6242472ee6cb974cf09b401ee6b3b0798f23?s=96&d=mm&r=g\",\"url\":\"https:\\\/\\\/secure.gravatar.com\\\/avatar\\\/3190a6a6c5e1b0327500f7d6c56b6242472ee6cb974cf09b401ee6b3b0798f23?s=96&d=mm&r=g\",\"contentUrl\":\"https:\\\/\\\/secure.gravatar.com\\\/avatar\\\/3190a6a6c5e1b0327500f7d6c56b6242472ee6cb974cf09b401ee6b3b0798f23?s=96&d=mm&r=g\",\"caption\":\"Raffy Ben\u00edtez\"},\"url\":\"https:\\\/\\\/conexion23.com\\\/?author=15\"}]}<\/script>\n<!-- \/ Yoast SEO plugin. -->","yoast_head_json":{"title":"Consejo Nacional de la Magistratura convoca a vistas p\u00fablicas para SCJ y TSE - Conexi\u00f3n 23","robots":{"index":"index","follow":"follow","max-snippet":"max-snippet:-1","max-image-preview":"max-image-preview:large","max-video-preview":"max-video-preview:-1"},"canonical":"https:\/\/conexion23.com\/?p=48078","og_locale":"es_ES","og_type":"article","og_title":"Consejo Nacional de la Magistratura convoca a vistas p\u00fablicas para SCJ y TSE - Conexi\u00f3n 23","og_description":"El\u00a0Consejo Nacional de la Magistratura (CNM)\u00a0convoc\u00f3 oficialmente a\u00a0vistas p\u00fablicas\u00a0a los postulantes\u00a0preseleccionados\u00a0para ocupar vacantes en la\u00a0Suprema Corte de Justicia (SCJ)\u00a0y el\u00a0Tribunal Superior Electoral (TSE), luego de agotar la revisi\u00f3n de\u00a0objeciones ciudadanas\u00a0durante una reuni\u00f3n virtual encabezada por la vicepresidenta\u00a0Raquel Pe\u00f1a. El \u00f3rgano constitucional inform\u00f3 que\u00a0todas las objeciones fueron rechazadas, al concluir que no conten\u00edan elementos suficientes para [&hellip;]","og_url":"https:\/\/conexion23.com\/?p=48078","og_site_name":"Conexi\u00f3n 23","article_publisher":"https:\/\/www.facebook.com\/conexion23com","article_published_time":"2025-11-08T14:00:17+00:00","og_image":[{"width":800,"height":453,"url":"https:\/\/conexion23.com\/wp-content\/uploads\/2025\/11\/descarga-14.jpg","type":"image\/jpeg"}],"author":"Raffy Ben\u00edtez","twitter_card":"summary_large_image","twitter_misc":{"Escrito por":"Raffy Ben\u00edtez","Tiempo de lectura":"3 minutos"},"schema":{"@context":"https:\/\/schema.org","@graph":[{"@type":"Article","@id":"https:\/\/conexion23.com\/?p=48078#article","isPartOf":{"@id":"https:\/\/conexion23.com\/?p=48078"},"author":{"name":"Raffy Ben\u00edtez","@id":"https:\/\/conexion23.com\/#\/schema\/person\/03e36043331117e97a373299bbcd30a6"},"headline":"Consejo Nacional de la Magistratura convoca a vistas p\u00fablicas para SCJ y TSE","datePublished":"2025-11-08T14:00:17+00:00","mainEntityOfPage":{"@id":"https:\/\/conexion23.com\/?p=48078"},"wordCount":679,"commentCount":0,"publisher":{"@id":"https:\/\/conexion23.com\/#organization"},"image":{"@id":"https:\/\/conexion23.com\/?p=48078#primaryimage"},"thumbnailUrl":"https:\/\/conexion23.com\/wp-content\/uploads\/2025\/11\/descarga-14.jpg","articleSection":["Nacionales","Portada"],"inLanguage":"es","potentialAction":[{"@type":"CommentAction","name":"Comment","target":["https:\/\/conexion23.com\/?p=48078#respond"]}]},{"@type":"WebPage","@id":"https:\/\/conexion23.com\/?p=48078","url":"https:\/\/conexion23.com\/?p=48078","name":"Consejo Nacional de la Magistratura convoca a vistas p\u00fablicas para SCJ y TSE - Conexi\u00f3n 23","isPartOf":{"@id":"https:\/\/conexion23.com\/#website"},"primaryImageOfPage":{"@id":"https:\/\/conexion23.com\/?p=48078#primaryimage"},"image":{"@id":"https:\/\/conexion23.com\/?p=48078#primaryimage"},"thumbnailUrl":"https:\/\/conexion23.com\/wp-content\/uploads\/2025\/11\/descarga-14.jpg","datePublished":"2025-11-08T14:00:17+00:00","breadcrumb":{"@id":"https:\/\/conexion23.com\/?p=48078#breadcrumb"},"inLanguage":"es","potentialAction":[{"@type":"ReadAction","target":["https:\/\/conexion23.com\/?p=48078"]}]},{"@type":"ImageObject","inLanguage":"es","@id":"https:\/\/conexion23.com\/?p=48078#primaryimage","url":"https:\/\/conexion23.com\/wp-content\/uploads\/2025\/11\/descarga-14.jpg","contentUrl":"https:\/\/conexion23.com\/wp-content\/uploads\/2025\/11\/descarga-14.jpg","width":800,"height":453},{"@type":"BreadcrumbList","@id":"https:\/\/conexion23.com\/?p=48078#breadcrumb","itemListElement":[{"@type":"ListItem","position":1,"name":"Portada","item":"https:\/\/conexion23.com\/"},{"@type":"ListItem","position":2,"name":"Consejo Nacional de la Magistratura convoca a vistas p\u00fablicas para SCJ y TSE"}]},{"@type":"WebSite","@id":"https:\/\/conexion23.com\/#website","url":"https:\/\/conexion23.com\/","name":"Conexi\u00f3n 23","description":"Peri\u00f3dico 100% Petromacorisano","publisher":{"@id":"https:\/\/conexion23.com\/#organization"},"potentialAction":[{"@type":"SearchAction","target":{"@type":"EntryPoint","urlTemplate":"https:\/\/conexion23.com\/?s={search_term_string}"},"query-input":{"@type":"PropertyValueSpecification","valueRequired":true,"valueName":"search_term_string"}}],"inLanguage":"es"},{"@type":"Organization","@id":"https:\/\/conexion23.com\/#organization","name":"Conexion 23","url":"https:\/\/conexion23.com\/","logo":{"@type":"ImageObject","inLanguage":"es","@id":"https:\/\/conexion23.com\/#\/schema\/logo\/image\/","url":"https:\/\/conexion23.com\/wp-content\/uploads\/2021\/11\/Diseno-sin-titulo-2.png","contentUrl":"https:\/\/conexion23.com\/wp-content\/uploads\/2021\/11\/Diseno-sin-titulo-2.png","width":541,"height":90,"caption":"Conexion 23"},"image":{"@id":"https:\/\/conexion23.com\/#\/schema\/logo\/image\/"},"sameAs":["https:\/\/www.facebook.com\/conexion23com","https:\/\/www.instagram.com\/conexion23com\/","https:\/\/www.youtube.com\/channel\/UCYc7vxxFZMYLIHNsHHxPZ3Q"]},{"@type":"Person","@id":"https:\/\/conexion23.com\/#\/schema\/person\/03e36043331117e97a373299bbcd30a6","name":"Raffy Ben\u00edtez","image":{"@type":"ImageObject","inLanguage":"es","@id":"https:\/\/secure.gravatar.com\/avatar\/3190a6a6c5e1b0327500f7d6c56b6242472ee6cb974cf09b401ee6b3b0798f23?s=96&d=mm&r=g","url":"https:\/\/secure.gravatar.com\/avatar\/3190a6a6c5e1b0327500f7d6c56b6242472ee6cb974cf09b401ee6b3b0798f23?s=96&d=mm&r=g","contentUrl":"https:\/\/secure.gravatar.com\/avatar\/3190a6a6c5e1b0327500f7d6c56b6242472ee6cb974cf09b401ee6b3b0798f23?s=96&d=mm&r=g","caption":"Raffy Ben\u00edtez"},"url":"https:\/\/conexion23.com\/?author=15"}]}},"_links":{"self":[{"href":"https:\/\/conexion23.com\/index.php?rest_route=\/wp\/v2\/posts\/48078","targetHints":{"allow":["GET"]}}],"collection":[{"href":"https:\/\/conexion23.com\/index.php?rest_route=\/wp\/v2\/posts"}],"about":[{"href":"https:\/\/conexion23.com\/index.php?rest_route=\/wp\/v2\/types\/post"}],"author":[{"embeddable":true,"href":"https:\/\/conexion23.com\/index.php?rest_route=\/wp\/v2\/users\/15"}],"replies":[{"embeddable":true,"href":"https:\/\/conexion23.com\/index.php?rest_route=%2Fwp%2Fv2%2Fcomments&post=48078"}],"version-history":[{"count":1,"href":"https:\/\/conexion23.com\/index.php?rest_route=\/wp\/v2\/posts\/48078\/revisions"}],"predecessor-version":[{"id":48080,"href":"https:\/\/conexion23.com\/index.php?rest_route=\/wp\/v2\/posts\/48078\/revisions\/48080"}],"wp:featuredmedia":[{"embeddable":true,"href":"https:\/\/conexion23.com\/index.php?rest_route=\/wp\/v2\/media\/48079"}],"wp:attachment":[{"href":"https:\/\/conexion23.com\/index.php?rest_route=%2Fwp%2Fv2%2Fmedia&parent=48078"}],"wp:term":[{"taxonomy":"category","embeddable":true,"href":"https:\/\/conexion23.com\/index.php?rest_route=%2Fwp%2Fv2%2Fcategories&post=48078"},{"taxonomy":"post_tag","embeddable":true,"href":"https:\/\/conexion23.com\/index.php?rest_route=%2Fwp%2Fv2%2Ftags&post=48078"}],"curies":[{"name":"wp","href":"https:\/\/api.w.org\/{rel}","templated":true}]}}