{"id":48191,"date":"2025-11-10T14:00:47","date_gmt":"2025-11-10T18:00:47","guid":{"rendered":"https:\/\/conexion23.com\/?p=48191"},"modified":"2025-11-10T08:26:46","modified_gmt":"2025-11-10T12:26:46","slug":"ejercito-dominicano-intercepta-vehiculo-con-14-haitianos-indocumentados-tras-persecucion-en-dajabon","status":"publish","type":"post","link":"https:\/\/conexion23.com\/?p=48191","title":{"rendered":"Ej\u00e9rcito dominicano intercepta veh\u00edculo con 14 haitianos indocumentados tras persecuci\u00f3n en Dajab\u00f3n"},"content":{"rendered":"<p class=\"has-text-align-justify has-text-align-justify\" style=\"text-align: justify;\"><strong>Miembros del\u00a0Ej\u00e9rcito de Rep\u00fablica Dominicana (ERD)\u00a0detuvieron un veh\u00edculo que transportaba a\u00a014 nacionales haitianos en condici\u00f3n migratoria irregular, luego de una intensa persecuci\u00f3n que termin\u00f3 en un accidente en la provincia fronteriza de Dajab\u00f3n.<\/strong><\/p>\n<p class=\"has-text-align-justify has-text-align-justify\" style=\"text-align: justify;\"><strong>Seg\u00fan el informe militar, la acci\u00f3n se produjo cuando una\u00a0patrulla del ERD\u00a0detect\u00f3 una\u00a0jeepeta Kia gris, placa G406424, que evadi\u00f3 un control en la secci\u00f3n\u00a0Los Miches, inici\u00e1ndose una persecuci\u00f3n por varias calles de la zona. El conductor perdi\u00f3 el control del veh\u00edculo e impact\u00f3 un\u00a0poste del tendido el\u00e9ctrico, tras lo cual huy\u00f3 del lugar.<\/strong><\/p>\n<p class=\"has-text-align-justify has-text-align-justify\" style=\"text-align: justify;\"><strong>Durante la inspecci\u00f3n, los soldados encontraron a\u00a012 adultos y 3 menores de edad, todos de nacionalidad haitiana y sin documentos que acreditaran su estatus migratorio.<\/strong><\/p>\n<p class=\"has-text-align-justify has-text-align-justify\" style=\"text-align: justify;\"><strong>Como resultado del accidente,\u00a0siete de los ocupantes resultaron heridos, por lo que fueron trasladados por unidades de la\u00a0Defensa Civil\u00a0desde Loma de Cabrera hasta el\u00a0Hospital Ram\u00f3n Mat\u00edas Mella, donde recibieron asistencia m\u00e9dica y posteriormente fueron dados de alta.<\/strong><\/p>\n<p class=\"has-text-align-justify has-text-align-justify\" style=\"text-align: justify;\"><strong>Los dem\u00e1s pasajeros, junto con el veh\u00edculo retenido, fueron conducidos al\u00a010mo. Batall\u00f3n de Infanter\u00eda del ERD, donde se realizan los procedimientos correspondientes antes de ser entregados a las\u00a0autoridades de Migraci\u00f3n\u00a0para su repatriaci\u00f3n.<\/strong><\/p>\n","protected":false},"excerpt":{"rendered":"<p>Miembros del\u00a0Ej\u00e9rcito de Rep\u00fablica Dominicana (ERD)\u00a0detuvieron un veh\u00edculo que transportaba a\u00a014 nacionales haitianos en condici\u00f3n migratoria irregular, luego de una intensa persecuci\u00f3n que termin\u00f3 en un accidente en la provincia fronteriza de Dajab\u00f3n. Seg\u00fan el informe militar, la acci\u00f3n se produjo cuando una\u00a0patrulla del ERD\u00a0detect\u00f3 una\u00a0jeepeta Kia gris, placa G406424, que evadi\u00f3 un control en [&hellip;]<\/p>\n","protected":false},"author":15,"featured_media":48192,"comment_status":"open","ping_status":"open","sticky":false,"template":"","format":"standard","meta":{"footnotes":""},"categories":[3913,3773],"tags":[],"class_list":["post-48191","post","type-post","status-publish","format-standard","has-post-thumbnail","category-nacionales","category-portada"],"yoast_head":"<!-- This site is optimized with the Yoast SEO plugin v27.6 - https:\/\/yoast.com\/product\/yoast-seo-wordpress\/ -->\n<title>Ej\u00e9rcito dominicano intercepta veh\u00edculo con 14 haitianos indocumentados tras persecuci\u00f3n en Dajab\u00f3n - Conexi\u00f3n 23<\/title>\n<meta name=\"robots\" content=\"index, follow, max-snippet:-1, max-image-preview:large, max-video-preview:-1\" \/>\n<link rel=\"canonical\" href=\"https:\/\/conexion23.com\/?p=48191\" \/>\n<meta property=\"og:locale\" content=\"es_ES\" \/>\n<meta property=\"og:type\" content=\"article\" \/>\n<meta property=\"og:title\" content=\"Ej\u00e9rcito dominicano intercepta veh\u00edculo con 14 haitianos indocumentados tras persecuci\u00f3n en Dajab\u00f3n - Conexi\u00f3n 23\" \/>\n<meta property=\"og:description\" content=\"Miembros del\u00a0Ej\u00e9rcito de Rep\u00fablica Dominicana (ERD)\u00a0detuvieron un veh\u00edculo que transportaba a\u00a014 nacionales haitianos en condici\u00f3n migratoria irregular, luego de una intensa persecuci\u00f3n que termin\u00f3 en un accidente en la provincia fronteriza de Dajab\u00f3n. Seg\u00fan el informe militar, la acci\u00f3n se produjo cuando una\u00a0patrulla del ERD\u00a0detect\u00f3 una\u00a0jeepeta Kia gris, placa G406424, que evadi\u00f3 un control en [&hellip;]\" \/>\n<meta property=\"og:url\" content=\"https:\/\/conexion23.com\/?p=48191\" \/>\n<meta property=\"og:site_name\" content=\"Conexi\u00f3n 23\" \/>\n<meta property=\"article:publisher\" content=\"https:\/\/www.facebook.com\/conexion23com\" \/>\n<meta property=\"article:published_time\" content=\"2025-11-10T18:00:47+00:00\" \/>\n<meta property=\"og:image\" content=\"https:\/\/conexion23.com\/wp-content\/uploads\/2025\/11\/Diseno-sin-titulo-26.webp\" \/>\n\t<meta property=\"og:image:width\" content=\"1536\" \/>\n\t<meta property=\"og:image:height\" content=\"864\" \/>\n\t<meta property=\"og:image:type\" content=\"image\/webp\" \/>\n<meta name=\"author\" content=\"Raffy Ben\u00edtez\" \/>\n<meta name=\"twitter:card\" content=\"summary_large_image\" \/>\n<meta name=\"twitter:label1\" content=\"Escrito por\" \/>\n\t<meta name=\"twitter:data1\" content=\"Raffy Ben\u00edtez\" \/>\n\t<meta name=\"twitter:label2\" content=\"Tiempo de lectura\" \/>\n\t<meta name=\"twitter:data2\" content=\"2 minutos\" \/>\n<script type=\"application\/ld+json\" class=\"yoast-schema-graph\">{\"@context\":\"https:\\\/\\\/schema.org\",\"@graph\":[{\"@type\":\"Article\",\"@id\":\"https:\\\/\\\/conexion23.com\\\/?p=48191#article\",\"isPartOf\":{\"@id\":\"https:\\\/\\\/conexion23.com\\\/?p=48191\"},\"author\":{\"name\":\"Raffy Ben\u00edtez\",\"@id\":\"http:\\\/\\\/conexion23.com\\\/#\\\/schema\\\/person\\\/03e36043331117e97a373299bbcd30a6\"},\"headline\":\"Ej\u00e9rcito dominicano intercepta veh\u00edculo con 14 haitianos indocumentados tras persecuci\u00f3n en Dajab\u00f3n\",\"datePublished\":\"2025-11-10T18:00:47+00:00\",\"mainEntityOfPage\":{\"@id\":\"https:\\\/\\\/conexion23.com\\\/?p=48191\"},\"wordCount\":231,\"commentCount\":0,\"publisher\":{\"@id\":\"http:\\\/\\\/conexion23.com\\\/#organization\"},\"image\":{\"@id\":\"https:\\\/\\\/conexion23.com\\\/?p=48191#primaryimage\"},\"thumbnailUrl\":\"https:\\\/\\\/conexion23.com\\\/wp-content\\\/uploads\\\/2025\\\/11\\\/Diseno-sin-titulo-26.webp\",\"articleSection\":[\"Nacionales\",\"Portada\"],\"inLanguage\":\"es\",\"potentialAction\":[{\"@type\":\"CommentAction\",\"name\":\"Comment\",\"target\":[\"https:\\\/\\\/conexion23.com\\\/?p=48191#respond\"]}]},{\"@type\":\"WebPage\",\"@id\":\"https:\\\/\\\/conexion23.com\\\/?p=48191\",\"url\":\"https:\\\/\\\/conexion23.com\\\/?p=48191\",\"name\":\"Ej\u00e9rcito dominicano intercepta veh\u00edculo con 14 haitianos indocumentados tras persecuci\u00f3n en Dajab\u00f3n - Conexi\u00f3n 23\",\"isPartOf\":{\"@id\":\"http:\\\/\\\/conexion23.com\\\/#website\"},\"primaryImageOfPage\":{\"@id\":\"https:\\\/\\\/conexion23.com\\\/?p=48191#primaryimage\"},\"image\":{\"@id\":\"https:\\\/\\\/conexion23.com\\\/?p=48191#primaryimage\"},\"thumbnailUrl\":\"https:\\\/\\\/conexion23.com\\\/wp-content\\\/uploads\\\/2025\\\/11\\\/Diseno-sin-titulo-26.webp\",\"datePublished\":\"2025-11-10T18:00:47+00:00\",\"breadcrumb\":{\"@id\":\"https:\\\/\\\/conexion23.com\\\/?p=48191#breadcrumb\"},\"inLanguage\":\"es\",\"potentialAction\":[{\"@type\":\"ReadAction\",\"target\":[\"https:\\\/\\\/conexion23.com\\\/?p=48191\"]}]},{\"@type\":\"ImageObject\",\"inLanguage\":\"es\",\"@id\":\"https:\\\/\\\/conexion23.com\\\/?p=48191#primaryimage\",\"url\":\"https:\\\/\\\/conexion23.com\\\/wp-content\\\/uploads\\\/2025\\\/11\\\/Diseno-sin-titulo-26.webp\",\"contentUrl\":\"https:\\\/\\\/conexion23.com\\\/wp-content\\\/uploads\\\/2025\\\/11\\\/Diseno-sin-titulo-26.webp\",\"width\":1536,\"height\":864},{\"@type\":\"BreadcrumbList\",\"@id\":\"https:\\\/\\\/conexion23.com\\\/?p=48191#breadcrumb\",\"itemListElement\":[{\"@type\":\"ListItem\",\"position\":1,\"name\":\"Portada\",\"item\":\"http:\\\/\\\/conexion23.com\\\/\"},{\"@type\":\"ListItem\",\"position\":2,\"name\":\"Ej\u00e9rcito dominicano intercepta veh\u00edculo con 14 haitianos indocumentados tras persecuci\u00f3n en Dajab\u00f3n\"}]},{\"@type\":\"WebSite\",\"@id\":\"http:\\\/\\\/conexion23.com\\\/#website\",\"url\":\"http:\\\/\\\/conexion23.com\\\/\",\"name\":\"Conexi\u00f3n 23\",\"description\":\"Peri\u00f3dico 100% Petromacorisano\",\"publisher\":{\"@id\":\"http:\\\/\\\/conexion23.com\\\/#organization\"},\"potentialAction\":[{\"@type\":\"SearchAction\",\"target\":{\"@type\":\"EntryPoint\",\"urlTemplate\":\"http:\\\/\\\/conexion23.com\\\/?s={search_term_string}\"},\"query-input\":{\"@type\":\"PropertyValueSpecification\",\"valueRequired\":true,\"valueName\":\"search_term_string\"}}],\"inLanguage\":\"es\"},{\"@type\":\"Organization\",\"@id\":\"http:\\\/\\\/conexion23.com\\\/#organization\",\"name\":\"Conexion 23\",\"url\":\"http:\\\/\\\/conexion23.com\\\/\",\"logo\":{\"@type\":\"ImageObject\",\"inLanguage\":\"es\",\"@id\":\"http:\\\/\\\/conexion23.com\\\/#\\\/schema\\\/logo\\\/image\\\/\",\"url\":\"https:\\\/\\\/conexion23.com\\\/wp-content\\\/uploads\\\/2021\\\/11\\\/Diseno-sin-titulo-2.png\",\"contentUrl\":\"https:\\\/\\\/conexion23.com\\\/wp-content\\\/uploads\\\/2021\\\/11\\\/Diseno-sin-titulo-2.png\",\"width\":541,\"height\":90,\"caption\":\"Conexion 23\"},\"image\":{\"@id\":\"http:\\\/\\\/conexion23.com\\\/#\\\/schema\\\/logo\\\/image\\\/\"},\"sameAs\":[\"https:\\\/\\\/www.facebook.com\\\/conexion23com\",\"https:\\\/\\\/www.instagram.com\\\/conexion23com\\\/\",\"https:\\\/\\\/www.youtube.com\\\/channel\\\/UCYc7vxxFZMYLIHNsHHxPZ3Q\"]},{\"@type\":\"Person\",\"@id\":\"http:\\\/\\\/conexion23.com\\\/#\\\/schema\\\/person\\\/03e36043331117e97a373299bbcd30a6\",\"name\":\"Raffy Ben\u00edtez\",\"image\":{\"@type\":\"ImageObject\",\"inLanguage\":\"es\",\"@id\":\"https:\\\/\\\/secure.gravatar.com\\\/avatar\\\/3190a6a6c5e1b0327500f7d6c56b6242472ee6cb974cf09b401ee6b3b0798f23?s=96&d=mm&r=g\",\"url\":\"https:\\\/\\\/secure.gravatar.com\\\/avatar\\\/3190a6a6c5e1b0327500f7d6c56b6242472ee6cb974cf09b401ee6b3b0798f23?s=96&d=mm&r=g\",\"contentUrl\":\"https:\\\/\\\/secure.gravatar.com\\\/avatar\\\/3190a6a6c5e1b0327500f7d6c56b6242472ee6cb974cf09b401ee6b3b0798f23?s=96&d=mm&r=g\",\"caption\":\"Raffy Ben\u00edtez\"},\"url\":\"https:\\\/\\\/conexion23.com\\\/?author=15\"}]}<\/script>\n<!-- \/ Yoast SEO plugin. -->","yoast_head_json":{"title":"Ej\u00e9rcito dominicano intercepta veh\u00edculo con 14 haitianos indocumentados tras persecuci\u00f3n en Dajab\u00f3n - Conexi\u00f3n 23","robots":{"index":"index","follow":"follow","max-snippet":"max-snippet:-1","max-image-preview":"max-image-preview:large","max-video-preview":"max-video-preview:-1"},"canonical":"https:\/\/conexion23.com\/?p=48191","og_locale":"es_ES","og_type":"article","og_title":"Ej\u00e9rcito dominicano intercepta veh\u00edculo con 14 haitianos indocumentados tras persecuci\u00f3n en Dajab\u00f3n - Conexi\u00f3n 23","og_description":"Miembros del\u00a0Ej\u00e9rcito de Rep\u00fablica Dominicana (ERD)\u00a0detuvieron un veh\u00edculo que transportaba a\u00a014 nacionales haitianos en condici\u00f3n migratoria irregular, luego de una intensa persecuci\u00f3n que termin\u00f3 en un accidente en la provincia fronteriza de Dajab\u00f3n. Seg\u00fan el informe militar, la acci\u00f3n se produjo cuando una\u00a0patrulla del ERD\u00a0detect\u00f3 una\u00a0jeepeta Kia gris, placa G406424, que evadi\u00f3 un control en [&hellip;]","og_url":"https:\/\/conexion23.com\/?p=48191","og_site_name":"Conexi\u00f3n 23","article_publisher":"https:\/\/www.facebook.com\/conexion23com","article_published_time":"2025-11-10T18:00:47+00:00","og_image":[{"width":1536,"height":864,"url":"https:\/\/conexion23.com\/wp-content\/uploads\/2025\/11\/Diseno-sin-titulo-26.webp","type":"image\/webp"}],"author":"Raffy Ben\u00edtez","twitter_card":"summary_large_image","twitter_misc":{"Escrito por":"Raffy Ben\u00edtez","Tiempo de lectura":"2 minutos"},"schema":{"@context":"https:\/\/schema.org","@graph":[{"@type":"Article","@id":"https:\/\/conexion23.com\/?p=48191#article","isPartOf":{"@id":"https:\/\/conexion23.com\/?p=48191"},"author":{"name":"Raffy Ben\u00edtez","@id":"http:\/\/conexion23.com\/#\/schema\/person\/03e36043331117e97a373299bbcd30a6"},"headline":"Ej\u00e9rcito dominicano intercepta veh\u00edculo con 14 haitianos indocumentados tras persecuci\u00f3n en Dajab\u00f3n","datePublished":"2025-11-10T18:00:47+00:00","mainEntityOfPage":{"@id":"https:\/\/conexion23.com\/?p=48191"},"wordCount":231,"commentCount":0,"publisher":{"@id":"http:\/\/conexion23.com\/#organization"},"image":{"@id":"https:\/\/conexion23.com\/?p=48191#primaryimage"},"thumbnailUrl":"https:\/\/conexion23.com\/wp-content\/uploads\/2025\/11\/Diseno-sin-titulo-26.webp","articleSection":["Nacionales","Portada"],"inLanguage":"es","potentialAction":[{"@type":"CommentAction","name":"Comment","target":["https:\/\/conexion23.com\/?p=48191#respond"]}]},{"@type":"WebPage","@id":"https:\/\/conexion23.com\/?p=48191","url":"https:\/\/conexion23.com\/?p=48191","name":"Ej\u00e9rcito dominicano intercepta veh\u00edculo con 14 haitianos indocumentados tras persecuci\u00f3n en Dajab\u00f3n - Conexi\u00f3n 23","isPartOf":{"@id":"http:\/\/conexion23.com\/#website"},"primaryImageOfPage":{"@id":"https:\/\/conexion23.com\/?p=48191#primaryimage"},"image":{"@id":"https:\/\/conexion23.com\/?p=48191#primaryimage"},"thumbnailUrl":"https:\/\/conexion23.com\/wp-content\/uploads\/2025\/11\/Diseno-sin-titulo-26.webp","datePublished":"2025-11-10T18:00:47+00:00","breadcrumb":{"@id":"https:\/\/conexion23.com\/?p=48191#breadcrumb"},"inLanguage":"es","potentialAction":[{"@type":"ReadAction","target":["https:\/\/conexion23.com\/?p=48191"]}]},{"@type":"ImageObject","inLanguage":"es","@id":"https:\/\/conexion23.com\/?p=48191#primaryimage","url":"https:\/\/conexion23.com\/wp-content\/uploads\/2025\/11\/Diseno-sin-titulo-26.webp","contentUrl":"https:\/\/conexion23.com\/wp-content\/uploads\/2025\/11\/Diseno-sin-titulo-26.webp","width":1536,"height":864},{"@type":"BreadcrumbList","@id":"https:\/\/conexion23.com\/?p=48191#breadcrumb","itemListElement":[{"@type":"ListItem","position":1,"name":"Portada","item":"http:\/\/conexion23.com\/"},{"@type":"ListItem","position":2,"name":"Ej\u00e9rcito dominicano intercepta veh\u00edculo con 14 haitianos indocumentados tras persecuci\u00f3n en Dajab\u00f3n"}]},{"@type":"WebSite","@id":"http:\/\/conexion23.com\/#website","url":"http:\/\/conexion23.com\/","name":"Conexi\u00f3n 23","description":"Peri\u00f3dico 100% Petromacorisano","publisher":{"@id":"http:\/\/conexion23.com\/#organization"},"potentialAction":[{"@type":"SearchAction","target":{"@type":"EntryPoint","urlTemplate":"http:\/\/conexion23.com\/?s={search_term_string}"},"query-input":{"@type":"PropertyValueSpecification","valueRequired":true,"valueName":"search_term_string"}}],"inLanguage":"es"},{"@type":"Organization","@id":"http:\/\/conexion23.com\/#organization","name":"Conexion 23","url":"http:\/\/conexion23.com\/","logo":{"@type":"ImageObject","inLanguage":"es","@id":"http:\/\/conexion23.com\/#\/schema\/logo\/image\/","url":"https:\/\/conexion23.com\/wp-content\/uploads\/2021\/11\/Diseno-sin-titulo-2.png","contentUrl":"https:\/\/conexion23.com\/wp-content\/uploads\/2021\/11\/Diseno-sin-titulo-2.png","width":541,"height":90,"caption":"Conexion 23"},"image":{"@id":"http:\/\/conexion23.com\/#\/schema\/logo\/image\/"},"sameAs":["https:\/\/www.facebook.com\/conexion23com","https:\/\/www.instagram.com\/conexion23com\/","https:\/\/www.youtube.com\/channel\/UCYc7vxxFZMYLIHNsHHxPZ3Q"]},{"@type":"Person","@id":"http:\/\/conexion23.com\/#\/schema\/person\/03e36043331117e97a373299bbcd30a6","name":"Raffy Ben\u00edtez","image":{"@type":"ImageObject","inLanguage":"es","@id":"https:\/\/secure.gravatar.com\/avatar\/3190a6a6c5e1b0327500f7d6c56b6242472ee6cb974cf09b401ee6b3b0798f23?s=96&d=mm&r=g","url":"https:\/\/secure.gravatar.com\/avatar\/3190a6a6c5e1b0327500f7d6c56b6242472ee6cb974cf09b401ee6b3b0798f23?s=96&d=mm&r=g","contentUrl":"https:\/\/secure.gravatar.com\/avatar\/3190a6a6c5e1b0327500f7d6c56b6242472ee6cb974cf09b401ee6b3b0798f23?s=96&d=mm&r=g","caption":"Raffy Ben\u00edtez"},"url":"https:\/\/conexion23.com\/?author=15"}]}},"_links":{"self":[{"href":"https:\/\/conexion23.com\/index.php?rest_route=\/wp\/v2\/posts\/48191","targetHints":{"allow":["GET"]}}],"collection":[{"href":"https:\/\/conexion23.com\/index.php?rest_route=\/wp\/v2\/posts"}],"about":[{"href":"https:\/\/conexion23.com\/index.php?rest_route=\/wp\/v2\/types\/post"}],"author":[{"embeddable":true,"href":"https:\/\/conexion23.com\/index.php?rest_route=\/wp\/v2\/users\/15"}],"replies":[{"embeddable":true,"href":"https:\/\/conexion23.com\/index.php?rest_route=%2Fwp%2Fv2%2Fcomments&post=48191"}],"version-history":[{"count":1,"href":"https:\/\/conexion23.com\/index.php?rest_route=\/wp\/v2\/posts\/48191\/revisions"}],"predecessor-version":[{"id":48193,"href":"https:\/\/conexion23.com\/index.php?rest_route=\/wp\/v2\/posts\/48191\/revisions\/48193"}],"wp:featuredmedia":[{"embeddable":true,"href":"https:\/\/conexion23.com\/index.php?rest_route=\/wp\/v2\/media\/48192"}],"wp:attachment":[{"href":"https:\/\/conexion23.com\/index.php?rest_route=%2Fwp%2Fv2%2Fmedia&parent=48191"}],"wp:term":[{"taxonomy":"category","embeddable":true,"href":"https:\/\/conexion23.com\/index.php?rest_route=%2Fwp%2Fv2%2Fcategories&post=48191"},{"taxonomy":"post_tag","embeddable":true,"href":"https:\/\/conexion23.com\/index.php?rest_route=%2Fwp%2Fv2%2Ftags&post=48191"}],"curies":[{"name":"wp","href":"https:\/\/api.w.org\/{rel}","templated":true}]}}