{"id":48206,"date":"2025-11-10T16:00:10","date_gmt":"2025-11-10T20:00:10","guid":{"rendered":"https:\/\/conexion23.com\/?p=48206"},"modified":"2025-11-10T08:49:00","modified_gmt":"2025-11-10T12:49:00","slug":"autoridades-capturan-a-17-integrantes-de-red-de-narcotrafico-que-operaba-entre-guatemala-y-el-salvador","status":"publish","type":"post","link":"https:\/\/conexion23.com\/?p=48206","title":{"rendered":"Autoridades capturan a 17 integrantes de red de narcotr\u00e1fico que operaba entre Guatemala y El Salvador"},"content":{"rendered":"<p style=\"text-align: justify;\">Durante la madrugada de este viernes, la Fiscal\u00eda General de la Rep\u00fablica (FGR) orden\u00f3 la captura de 17 personas vinculadas a una estructura dedicada al narcotr\u00e1fico, con operaciones que se extend\u00edan desde Guatemala hasta El Salvador.<\/p>\n<p style=\"text-align: justify;\">De acuerdo con la investigaci\u00f3n, este grupo delictivo operaba mediante el arrendamiento de locales y viviendas a nombre de testaferros, lo que les permit\u00eda almacenar droga antes de trasladarla por v\u00eda mar\u00edtima. Adem\u00e1s, contaban con una red de veh\u00edculos utilizada para el transporte de dinero proveniente de sus operaciones il\u00edcitas.<\/p>\n<p style=\"text-align: justify;\">Las autoridades han dado seguimiento al caso desde 2021. En ese per\u00edodo se realizaron tres incautaciones que permitieron decomisar m\u00e1s de 27 kilogramos de coca\u00edna, localizada en la residencial Meg\u00e1polis de San Miguel y en el hotel Ibiza, en San Francisco Men\u00e9ndez, Ahuachap\u00e1n. Tambi\u00e9n se confisc\u00f3 m\u00e1s de $58 mil d\u00f3lares producto de las actividades criminales del grupo.<\/p>\n<p style=\"text-align: justify;\">Entre los capturados se encuentran:<\/p>\n<ul class=\"wp-block-list\" style=\"text-align: justify;\">\n<li>William Alexander Sorro G\u00f3mez<\/li>\n<li>Rudyz Ram\u00f3n Cruz<\/li>\n<li>No\u00e9 Omar Parada Baires<\/li>\n<li>Carlos Antonio Tepas S\u00e1nchez.<\/li>\n<li>Douglas Jim\u00e9nez Ram\u00edrez.<\/li>\n<\/ul>\n<p style=\"text-align: justify;\">Todos ser\u00e1n procesados por los delitos de lavado de dinero y activos, agrupaciones il\u00edcitas, facilitaci\u00f3n de locales y medios, as\u00ed como por casos especiales de lavado de dinero.<\/p>\n","protected":false},"excerpt":{"rendered":"<p>Durante la madrugada de este viernes, la Fiscal\u00eda General de la Rep\u00fablica (FGR) orden\u00f3 la captura de 17 personas vinculadas a una estructura dedicada al narcotr\u00e1fico, con operaciones que se extend\u00edan desde Guatemala hasta El Salvador. De acuerdo con la investigaci\u00f3n, este grupo delictivo operaba mediante el arrendamiento de locales y viviendas a nombre de [&hellip;]<\/p>\n","protected":false},"author":15,"featured_media":48207,"comment_status":"open","ping_status":"open","sticky":false,"template":"","format":"standard","meta":{"footnotes":""},"categories":[3881,3773],"tags":[],"class_list":["post-48206","post","type-post","status-publish","format-standard","has-post-thumbnail","category-internacionales","category-portada"],"yoast_head":"<!-- This site is optimized with the Yoast SEO plugin v27.6 - https:\/\/yoast.com\/product\/yoast-seo-wordpress\/ -->\n<title>Autoridades capturan a 17 integrantes de red de narcotr\u00e1fico que operaba entre Guatemala y El Salvador - Conexi\u00f3n 23<\/title>\n<meta name=\"robots\" content=\"index, follow, max-snippet:-1, max-image-preview:large, max-video-preview:-1\" \/>\n<link rel=\"canonical\" href=\"https:\/\/conexion23.com\/?p=48206\" \/>\n<meta property=\"og:locale\" content=\"es_ES\" \/>\n<meta property=\"og:type\" content=\"article\" \/>\n<meta property=\"og:title\" content=\"Autoridades capturan a 17 integrantes de red de narcotr\u00e1fico que operaba entre Guatemala y El Salvador - Conexi\u00f3n 23\" \/>\n<meta property=\"og:description\" content=\"Durante la madrugada de este viernes, la Fiscal\u00eda General de la Rep\u00fablica (FGR) orden\u00f3 la captura de 17 personas vinculadas a una estructura dedicada al narcotr\u00e1fico, con operaciones que se extend\u00edan desde Guatemala hasta El Salvador. De acuerdo con la investigaci\u00f3n, este grupo delictivo operaba mediante el arrendamiento de locales y viviendas a nombre de [&hellip;]\" \/>\n<meta property=\"og:url\" content=\"https:\/\/conexion23.com\/?p=48206\" \/>\n<meta property=\"og:site_name\" content=\"Conexi\u00f3n 23\" \/>\n<meta property=\"article:publisher\" content=\"https:\/\/www.facebook.com\/conexion23com\" \/>\n<meta property=\"article:published_time\" content=\"2025-11-10T20:00:10+00:00\" \/>\n<meta property=\"og:image\" content=\"https:\/\/conexion23.com\/wp-content\/uploads\/2025\/11\/FGR-capturados-narcos-LP-1140x815-1.jpeg\" \/>\n\t<meta property=\"og:image:width\" content=\"1140\" \/>\n\t<meta property=\"og:image:height\" content=\"815\" \/>\n\t<meta property=\"og:image:type\" content=\"image\/jpeg\" \/>\n<meta name=\"author\" content=\"Raffy Ben\u00edtez\" \/>\n<meta name=\"twitter:card\" content=\"summary_large_image\" \/>\n<meta name=\"twitter:label1\" content=\"Escrito por\" \/>\n\t<meta name=\"twitter:data1\" content=\"Raffy Ben\u00edtez\" \/>\n\t<meta name=\"twitter:label2\" content=\"Tiempo de lectura\" \/>\n\t<meta name=\"twitter:data2\" content=\"2 minutos\" \/>\n<script type=\"application\/ld+json\" class=\"yoast-schema-graph\">{\"@context\":\"https:\\\/\\\/schema.org\",\"@graph\":[{\"@type\":\"Article\",\"@id\":\"https:\\\/\\\/conexion23.com\\\/?p=48206#article\",\"isPartOf\":{\"@id\":\"https:\\\/\\\/conexion23.com\\\/?p=48206\"},\"author\":{\"name\":\"Raffy Ben\u00edtez\",\"@id\":\"http:\\\/\\\/conexion23.com\\\/#\\\/schema\\\/person\\\/03e36043331117e97a373299bbcd30a6\"},\"headline\":\"Autoridades capturan a 17 integrantes de red de narcotr\u00e1fico que operaba entre Guatemala y El Salvador\",\"datePublished\":\"2025-11-10T20:00:10+00:00\",\"mainEntityOfPage\":{\"@id\":\"https:\\\/\\\/conexion23.com\\\/?p=48206\"},\"wordCount\":235,\"commentCount\":0,\"publisher\":{\"@id\":\"http:\\\/\\\/conexion23.com\\\/#organization\"},\"image\":{\"@id\":\"https:\\\/\\\/conexion23.com\\\/?p=48206#primaryimage\"},\"thumbnailUrl\":\"https:\\\/\\\/conexion23.com\\\/wp-content\\\/uploads\\\/2025\\\/11\\\/FGR-capturados-narcos-LP-1140x815-1.jpeg\",\"articleSection\":[\"Internacionales\",\"Portada\"],\"inLanguage\":\"es\",\"potentialAction\":[{\"@type\":\"CommentAction\",\"name\":\"Comment\",\"target\":[\"https:\\\/\\\/conexion23.com\\\/?p=48206#respond\"]}]},{\"@type\":\"WebPage\",\"@id\":\"https:\\\/\\\/conexion23.com\\\/?p=48206\",\"url\":\"https:\\\/\\\/conexion23.com\\\/?p=48206\",\"name\":\"Autoridades capturan a 17 integrantes de red de narcotr\u00e1fico que operaba entre Guatemala y El Salvador - Conexi\u00f3n 23\",\"isPartOf\":{\"@id\":\"http:\\\/\\\/conexion23.com\\\/#website\"},\"primaryImageOfPage\":{\"@id\":\"https:\\\/\\\/conexion23.com\\\/?p=48206#primaryimage\"},\"image\":{\"@id\":\"https:\\\/\\\/conexion23.com\\\/?p=48206#primaryimage\"},\"thumbnailUrl\":\"https:\\\/\\\/conexion23.com\\\/wp-content\\\/uploads\\\/2025\\\/11\\\/FGR-capturados-narcos-LP-1140x815-1.jpeg\",\"datePublished\":\"2025-11-10T20:00:10+00:00\",\"breadcrumb\":{\"@id\":\"https:\\\/\\\/conexion23.com\\\/?p=48206#breadcrumb\"},\"inLanguage\":\"es\",\"potentialAction\":[{\"@type\":\"ReadAction\",\"target\":[\"https:\\\/\\\/conexion23.com\\\/?p=48206\"]}]},{\"@type\":\"ImageObject\",\"inLanguage\":\"es\",\"@id\":\"https:\\\/\\\/conexion23.com\\\/?p=48206#primaryimage\",\"url\":\"https:\\\/\\\/conexion23.com\\\/wp-content\\\/uploads\\\/2025\\\/11\\\/FGR-capturados-narcos-LP-1140x815-1.jpeg\",\"contentUrl\":\"https:\\\/\\\/conexion23.com\\\/wp-content\\\/uploads\\\/2025\\\/11\\\/FGR-capturados-narcos-LP-1140x815-1.jpeg\",\"width\":1140,\"height\":815},{\"@type\":\"BreadcrumbList\",\"@id\":\"https:\\\/\\\/conexion23.com\\\/?p=48206#breadcrumb\",\"itemListElement\":[{\"@type\":\"ListItem\",\"position\":1,\"name\":\"Portada\",\"item\":\"http:\\\/\\\/conexion23.com\\\/\"},{\"@type\":\"ListItem\",\"position\":2,\"name\":\"Autoridades capturan a 17 integrantes de red de narcotr\u00e1fico que operaba entre Guatemala y El Salvador\"}]},{\"@type\":\"WebSite\",\"@id\":\"http:\\\/\\\/conexion23.com\\\/#website\",\"url\":\"http:\\\/\\\/conexion23.com\\\/\",\"name\":\"Conexi\u00f3n 23\",\"description\":\"Peri\u00f3dico 100% Petromacorisano\",\"publisher\":{\"@id\":\"http:\\\/\\\/conexion23.com\\\/#organization\"},\"potentialAction\":[{\"@type\":\"SearchAction\",\"target\":{\"@type\":\"EntryPoint\",\"urlTemplate\":\"http:\\\/\\\/conexion23.com\\\/?s={search_term_string}\"},\"query-input\":{\"@type\":\"PropertyValueSpecification\",\"valueRequired\":true,\"valueName\":\"search_term_string\"}}],\"inLanguage\":\"es\"},{\"@type\":\"Organization\",\"@id\":\"http:\\\/\\\/conexion23.com\\\/#organization\",\"name\":\"Conexion 23\",\"url\":\"http:\\\/\\\/conexion23.com\\\/\",\"logo\":{\"@type\":\"ImageObject\",\"inLanguage\":\"es\",\"@id\":\"http:\\\/\\\/conexion23.com\\\/#\\\/schema\\\/logo\\\/image\\\/\",\"url\":\"https:\\\/\\\/conexion23.com\\\/wp-content\\\/uploads\\\/2021\\\/11\\\/Diseno-sin-titulo-2.png\",\"contentUrl\":\"https:\\\/\\\/conexion23.com\\\/wp-content\\\/uploads\\\/2021\\\/11\\\/Diseno-sin-titulo-2.png\",\"width\":541,\"height\":90,\"caption\":\"Conexion 23\"},\"image\":{\"@id\":\"http:\\\/\\\/conexion23.com\\\/#\\\/schema\\\/logo\\\/image\\\/\"},\"sameAs\":[\"https:\\\/\\\/www.facebook.com\\\/conexion23com\",\"https:\\\/\\\/www.instagram.com\\\/conexion23com\\\/\",\"https:\\\/\\\/www.youtube.com\\\/channel\\\/UCYc7vxxFZMYLIHNsHHxPZ3Q\"]},{\"@type\":\"Person\",\"@id\":\"http:\\\/\\\/conexion23.com\\\/#\\\/schema\\\/person\\\/03e36043331117e97a373299bbcd30a6\",\"name\":\"Raffy Ben\u00edtez\",\"image\":{\"@type\":\"ImageObject\",\"inLanguage\":\"es\",\"@id\":\"https:\\\/\\\/secure.gravatar.com\\\/avatar\\\/3190a6a6c5e1b0327500f7d6c56b6242472ee6cb974cf09b401ee6b3b0798f23?s=96&d=mm&r=g\",\"url\":\"https:\\\/\\\/secure.gravatar.com\\\/avatar\\\/3190a6a6c5e1b0327500f7d6c56b6242472ee6cb974cf09b401ee6b3b0798f23?s=96&d=mm&r=g\",\"contentUrl\":\"https:\\\/\\\/secure.gravatar.com\\\/avatar\\\/3190a6a6c5e1b0327500f7d6c56b6242472ee6cb974cf09b401ee6b3b0798f23?s=96&d=mm&r=g\",\"caption\":\"Raffy Ben\u00edtez\"},\"url\":\"https:\\\/\\\/conexion23.com\\\/?author=15\"}]}<\/script>\n<!-- \/ Yoast SEO plugin. -->","yoast_head_json":{"title":"Autoridades capturan a 17 integrantes de red de narcotr\u00e1fico que operaba entre Guatemala y El Salvador - Conexi\u00f3n 23","robots":{"index":"index","follow":"follow","max-snippet":"max-snippet:-1","max-image-preview":"max-image-preview:large","max-video-preview":"max-video-preview:-1"},"canonical":"https:\/\/conexion23.com\/?p=48206","og_locale":"es_ES","og_type":"article","og_title":"Autoridades capturan a 17 integrantes de red de narcotr\u00e1fico que operaba entre Guatemala y El Salvador - Conexi\u00f3n 23","og_description":"Durante la madrugada de este viernes, la Fiscal\u00eda General de la Rep\u00fablica (FGR) orden\u00f3 la captura de 17 personas vinculadas a una estructura dedicada al narcotr\u00e1fico, con operaciones que se extend\u00edan desde Guatemala hasta El Salvador. De acuerdo con la investigaci\u00f3n, este grupo delictivo operaba mediante el arrendamiento de locales y viviendas a nombre de [&hellip;]","og_url":"https:\/\/conexion23.com\/?p=48206","og_site_name":"Conexi\u00f3n 23","article_publisher":"https:\/\/www.facebook.com\/conexion23com","article_published_time":"2025-11-10T20:00:10+00:00","og_image":[{"width":1140,"height":815,"url":"https:\/\/conexion23.com\/wp-content\/uploads\/2025\/11\/FGR-capturados-narcos-LP-1140x815-1.jpeg","type":"image\/jpeg"}],"author":"Raffy Ben\u00edtez","twitter_card":"summary_large_image","twitter_misc":{"Escrito por":"Raffy Ben\u00edtez","Tiempo de lectura":"2 minutos"},"schema":{"@context":"https:\/\/schema.org","@graph":[{"@type":"Article","@id":"https:\/\/conexion23.com\/?p=48206#article","isPartOf":{"@id":"https:\/\/conexion23.com\/?p=48206"},"author":{"name":"Raffy Ben\u00edtez","@id":"http:\/\/conexion23.com\/#\/schema\/person\/03e36043331117e97a373299bbcd30a6"},"headline":"Autoridades capturan a 17 integrantes de red de narcotr\u00e1fico que operaba entre Guatemala y El Salvador","datePublished":"2025-11-10T20:00:10+00:00","mainEntityOfPage":{"@id":"https:\/\/conexion23.com\/?p=48206"},"wordCount":235,"commentCount":0,"publisher":{"@id":"http:\/\/conexion23.com\/#organization"},"image":{"@id":"https:\/\/conexion23.com\/?p=48206#primaryimage"},"thumbnailUrl":"https:\/\/conexion23.com\/wp-content\/uploads\/2025\/11\/FGR-capturados-narcos-LP-1140x815-1.jpeg","articleSection":["Internacionales","Portada"],"inLanguage":"es","potentialAction":[{"@type":"CommentAction","name":"Comment","target":["https:\/\/conexion23.com\/?p=48206#respond"]}]},{"@type":"WebPage","@id":"https:\/\/conexion23.com\/?p=48206","url":"https:\/\/conexion23.com\/?p=48206","name":"Autoridades capturan a 17 integrantes de red de narcotr\u00e1fico que operaba entre Guatemala y El Salvador - Conexi\u00f3n 23","isPartOf":{"@id":"http:\/\/conexion23.com\/#website"},"primaryImageOfPage":{"@id":"https:\/\/conexion23.com\/?p=48206#primaryimage"},"image":{"@id":"https:\/\/conexion23.com\/?p=48206#primaryimage"},"thumbnailUrl":"https:\/\/conexion23.com\/wp-content\/uploads\/2025\/11\/FGR-capturados-narcos-LP-1140x815-1.jpeg","datePublished":"2025-11-10T20:00:10+00:00","breadcrumb":{"@id":"https:\/\/conexion23.com\/?p=48206#breadcrumb"},"inLanguage":"es","potentialAction":[{"@type":"ReadAction","target":["https:\/\/conexion23.com\/?p=48206"]}]},{"@type":"ImageObject","inLanguage":"es","@id":"https:\/\/conexion23.com\/?p=48206#primaryimage","url":"https:\/\/conexion23.com\/wp-content\/uploads\/2025\/11\/FGR-capturados-narcos-LP-1140x815-1.jpeg","contentUrl":"https:\/\/conexion23.com\/wp-content\/uploads\/2025\/11\/FGR-capturados-narcos-LP-1140x815-1.jpeg","width":1140,"height":815},{"@type":"BreadcrumbList","@id":"https:\/\/conexion23.com\/?p=48206#breadcrumb","itemListElement":[{"@type":"ListItem","position":1,"name":"Portada","item":"http:\/\/conexion23.com\/"},{"@type":"ListItem","position":2,"name":"Autoridades capturan a 17 integrantes de red de narcotr\u00e1fico que operaba entre Guatemala y El Salvador"}]},{"@type":"WebSite","@id":"http:\/\/conexion23.com\/#website","url":"http:\/\/conexion23.com\/","name":"Conexi\u00f3n 23","description":"Peri\u00f3dico 100% Petromacorisano","publisher":{"@id":"http:\/\/conexion23.com\/#organization"},"potentialAction":[{"@type":"SearchAction","target":{"@type":"EntryPoint","urlTemplate":"http:\/\/conexion23.com\/?s={search_term_string}"},"query-input":{"@type":"PropertyValueSpecification","valueRequired":true,"valueName":"search_term_string"}}],"inLanguage":"es"},{"@type":"Organization","@id":"http:\/\/conexion23.com\/#organization","name":"Conexion 23","url":"http:\/\/conexion23.com\/","logo":{"@type":"ImageObject","inLanguage":"es","@id":"http:\/\/conexion23.com\/#\/schema\/logo\/image\/","url":"https:\/\/conexion23.com\/wp-content\/uploads\/2021\/11\/Diseno-sin-titulo-2.png","contentUrl":"https:\/\/conexion23.com\/wp-content\/uploads\/2021\/11\/Diseno-sin-titulo-2.png","width":541,"height":90,"caption":"Conexion 23"},"image":{"@id":"http:\/\/conexion23.com\/#\/schema\/logo\/image\/"},"sameAs":["https:\/\/www.facebook.com\/conexion23com","https:\/\/www.instagram.com\/conexion23com\/","https:\/\/www.youtube.com\/channel\/UCYc7vxxFZMYLIHNsHHxPZ3Q"]},{"@type":"Person","@id":"http:\/\/conexion23.com\/#\/schema\/person\/03e36043331117e97a373299bbcd30a6","name":"Raffy Ben\u00edtez","image":{"@type":"ImageObject","inLanguage":"es","@id":"https:\/\/secure.gravatar.com\/avatar\/3190a6a6c5e1b0327500f7d6c56b6242472ee6cb974cf09b401ee6b3b0798f23?s=96&d=mm&r=g","url":"https:\/\/secure.gravatar.com\/avatar\/3190a6a6c5e1b0327500f7d6c56b6242472ee6cb974cf09b401ee6b3b0798f23?s=96&d=mm&r=g","contentUrl":"https:\/\/secure.gravatar.com\/avatar\/3190a6a6c5e1b0327500f7d6c56b6242472ee6cb974cf09b401ee6b3b0798f23?s=96&d=mm&r=g","caption":"Raffy Ben\u00edtez"},"url":"https:\/\/conexion23.com\/?author=15"}]}},"_links":{"self":[{"href":"https:\/\/conexion23.com\/index.php?rest_route=\/wp\/v2\/posts\/48206","targetHints":{"allow":["GET"]}}],"collection":[{"href":"https:\/\/conexion23.com\/index.php?rest_route=\/wp\/v2\/posts"}],"about":[{"href":"https:\/\/conexion23.com\/index.php?rest_route=\/wp\/v2\/types\/post"}],"author":[{"embeddable":true,"href":"https:\/\/conexion23.com\/index.php?rest_route=\/wp\/v2\/users\/15"}],"replies":[{"embeddable":true,"href":"https:\/\/conexion23.com\/index.php?rest_route=%2Fwp%2Fv2%2Fcomments&post=48206"}],"version-history":[{"count":1,"href":"https:\/\/conexion23.com\/index.php?rest_route=\/wp\/v2\/posts\/48206\/revisions"}],"predecessor-version":[{"id":48208,"href":"https:\/\/conexion23.com\/index.php?rest_route=\/wp\/v2\/posts\/48206\/revisions\/48208"}],"wp:featuredmedia":[{"embeddable":true,"href":"https:\/\/conexion23.com\/index.php?rest_route=\/wp\/v2\/media\/48207"}],"wp:attachment":[{"href":"https:\/\/conexion23.com\/index.php?rest_route=%2Fwp%2Fv2%2Fmedia&parent=48206"}],"wp:term":[{"taxonomy":"category","embeddable":true,"href":"https:\/\/conexion23.com\/index.php?rest_route=%2Fwp%2Fv2%2Fcategories&post=48206"},{"taxonomy":"post_tag","embeddable":true,"href":"https:\/\/conexion23.com\/index.php?rest_route=%2Fwp%2Fv2%2Ftags&post=48206"}],"curies":[{"name":"wp","href":"https:\/\/api.w.org\/{rel}","templated":true}]}}