{"id":48707,"date":"2025-11-18T09:00:32","date_gmt":"2025-11-18T13:00:32","guid":{"rendered":"https:\/\/conexion23.com\/?p=48707"},"modified":"2025-11-18T07:29:46","modified_gmt":"2025-11-18T11:29:46","slug":"ante-disturbios-en-haiti-establecen-mayor-vigilancia-militar-en-la-frontera-dominicana","status":"publish","type":"post","link":"https:\/\/conexion23.com\/?p=48707","title":{"rendered":"Ante disturbios en Hait\u00ed establecen mayor vigilancia militar en la frontera dominicana"},"content":{"rendered":"<p id=\"m34004-34003-34005\" style=\"text-align: justify;\"><span style=\"color: #000000;\">Las fuerzas castrenses del pa\u00eds intensificaron la vigilancia militar en la frontera por aire y tierra ante cualquier eventualidad que pueda ocurrir, debido a\u00a0<a style=\"color: #000000;\" title=\"Barbecue pide no salir de sus casas desde hoy lunes\" href=\"https:\/\/listindiario.com\/las-mundiales\/20251117\/barbecue-pide-salir-casas-hoy-lunes_882576.html\" data-mrf-link=\"https:\/\/listindiario.com\/las-mundiales\/20251117\/barbecue-pide-salir-casas-hoy-lunes_882576.html\">la tensi\u00f3n que vive Hait\u00ed<\/a>\u00a0despu\u00e9s de que las\u00a0pandillas\u00a0que controlan gran parte de la capital haitiana amenazaran con atacar a la polic\u00eda, en respuesta a una operaci\u00f3n dirigida contra una de ellas.<\/span><\/p>\n<p id=\"m34009-34008-34010\" style=\"text-align: justify;\"><span style=\"color: #000000;\">Una aeronave de la Fuerza A\u00e9rea, TP-75 Dulus, sobrevol\u00f3 ayer la frontera por Dajab\u00f3n, la zona norte y luego se dirigi\u00f3 hacia la parte sur del pa\u00eds, en misiones de vigilancia, patrullaje, entre otras especificaciones.<\/span><\/p>\n<p id=\"m34014-34013-34015\" style=\"text-align: justify;\"><span style=\"color: #000000;\">Tras la amenaza que hiciera el l\u00edder pandillero\u00a0Jimmy Cherisier, \u201cBarbecue\u201d\u00a0al exhortar a la poblaci\u00f3n haitiana a no salir de sus casas, las fuerzas castrenses del pa\u00eds intensificaron la alerta en la\u00a0frontera\u00a0por aire y tierra ante cualquier eventualidad que pueda ocurrir.<\/span><\/p>\n<p id=\"m34019-34018-34020\" style=\"text-align: justify;\"><span style=\"color: #000000;\">C\u00e9sar Espinoza,\u00a0quien vive del comercio con los haitianos en la frontera, dijo que pese al despliegue militar, la zona se debe reforzar a\u00fan m\u00e1s tras entender que la situaci\u00f3n en\u00a0Hait\u00ed\u00a0es preocupante, debido a la amenaza, control e influencia que mantiene el\u00a0pandillero Barbecue.<\/span><\/p>\n<p id=\"m34024-34023-34025\" style=\"text-align: justify;\"><span style=\"color: #000000;\">Mientras que el religioso haitiano,\u00a0Pichelo Pitijo,\u00a0dijo que aunque \u201cmaten a Barbecue, eso no significar\u00e1 nada\u201d, tras considerar que el l\u00edder de la coalici\u00f3n \u201cVivir Juntos\u201d no es la ra\u00edz del problema, ya que hay patrocinadores detr\u00e1s de los pandilleros.<\/span><\/p>\n<p id=\"m34039-34038-34040\" style=\"text-align: justify;\"><span style=\"color: #000000;\">Ante la inseguridad en\u00a0Hait\u00ed, el\u00a0alcalde de Dajab\u00f3n, Santiago River\u00f3n, dijo que hay dominicanos cruzando a territorio haitiano de manera ilegal por lo que hizo un llamado a que se abstengan a cruzar al vecino pa\u00eds, y a su vez pidi\u00f3 al gobierno reforzar a\u00fan m\u00e1s la\u00a0zona fronteriza.<\/span><\/p>\n<h3 class=\"c-detail__destacado\" style=\"text-align: justify;\"><span style=\"color: #000000;\">Pandillas paralizan la capital de Hait\u00ed<\/span><\/h3>\n<p id=\"m34044-34043-34045\" style=\"text-align: justify;\"><span style=\"color: #000000;\">Puerto Pr\u00edncipe\u00a0despert\u00f3 este lunes con actividades al ralent\u00ed, constat\u00f3 un periodista de la AFP, despu\u00e9s de que las\u00a0pandillas\u00a0que controlan gran parte de la capital haitiana amenazaran con atacar a la polic\u00eda, en respuesta a una operaci\u00f3n dirigida contra una de ellas.<\/span><\/p>\n<p id=\"m34049-34048-34050\" style=\"text-align: justify;\"><span style=\"color: #000000;\">En un video publicado este fin de semana en redes sociales,\u00a0Jimmy Ch\u00e9risier\u00a0\u201cBarbecue\u201d, el l\u00edder de la coalici\u00f3n pandillera anunci\u00f3 que sus hombres iban a \u201csalir a las calles para enfrentarse a las fuerzas de seguridad\u201d y pidi\u00f3 a los habitantes que se quedaran en sus casas.<\/span><\/p>\n<p id=\"m34054-34053-34055\" style=\"text-align: justify;\"><span style=\"color: #000000;\">Gran parte de la poblaci\u00f3n se tom\u00f3 la amenaza en serio. La mayor\u00eda de las escuelas cerraron este lunes en la capital, y apenas circulan unos pocos transportes p\u00fablicos por las calles.<\/span><\/p>\n<p id=\"m34059-34058-34060\" style=\"text-align: justify;\"><span style=\"color: #000000;\">La amenaza de las pandillas llev\u00f3 a organismos internacionales a tomar medidas.<\/span><\/p>\n<p id=\"m34064-34063-34065\" style=\"text-align: justify;\"><span style=\"color: #000000;\">Naciones Unidas recomend\u00f3 a su personal en Puerto Pr\u00edncipe que teletrabaje, seg\u00fan un comunicado interno consultado por la AFP. La embajada de Francia anunci\u00f3 que permanecer\u00eda cerrada y la de Estados Unidos pidi\u00f3 a sus empleados que trabajen desde casa.<\/span><\/p>\n<p id=\"m34069-34068-34070\" style=\"text-align: justify;\"><span style=\"color: #000000;\">Tras las declaraciones de\u00a0Viv ansanm, la direcci\u00f3n general de la polic\u00eda ha suspendido las vacaciones y los permisos de sus agentes hasta nuevo aviso.<\/span><\/p>\n","protected":false},"excerpt":{"rendered":"<p>Las fuerzas castrenses del pa\u00eds intensificaron la vigilancia militar en la frontera por aire y tierra ante cualquier eventualidad que pueda ocurrir, debido a\u00a0la tensi\u00f3n que vive Hait\u00ed\u00a0despu\u00e9s de que las\u00a0pandillas\u00a0que controlan gran parte de la capital haitiana amenazaran con atacar a la polic\u00eda, en respuesta a una operaci\u00f3n dirigida contra una de ellas. Una [&hellip;]<\/p>\n","protected":false},"author":15,"featured_media":48708,"comment_status":"open","ping_status":"open","sticky":false,"template":"","format":"standard","meta":{"footnotes":""},"categories":[3913,29,3773],"tags":[],"class_list":["post-48707","post","type-post","status-publish","format-standard","has-post-thumbnail","category-nacionales","category-policiales","category-portada"],"yoast_head":"<!-- This site is optimized with the Yoast SEO plugin v27.6 - https:\/\/yoast.com\/product\/yoast-seo-wordpress\/ -->\n<title>Ante disturbios en Hait\u00ed establecen mayor vigilancia militar en la frontera dominicana - Conexi\u00f3n 23<\/title>\n<meta name=\"robots\" content=\"index, follow, max-snippet:-1, max-image-preview:large, max-video-preview:-1\" \/>\n<link rel=\"canonical\" href=\"https:\/\/conexion23.com\/?p=48707\" \/>\n<meta property=\"og:locale\" content=\"es_ES\" \/>\n<meta property=\"og:type\" content=\"article\" \/>\n<meta property=\"og:title\" content=\"Ante disturbios en Hait\u00ed establecen mayor vigilancia militar en la frontera dominicana - Conexi\u00f3n 23\" \/>\n<meta property=\"og:description\" content=\"Las fuerzas castrenses del pa\u00eds intensificaron la vigilancia militar en la frontera por aire y tierra ante cualquier eventualidad que pueda ocurrir, debido a\u00a0la tensi\u00f3n que vive Hait\u00ed\u00a0despu\u00e9s de que las\u00a0pandillas\u00a0que controlan gran parte de la capital haitiana amenazaran con atacar a la polic\u00eda, en respuesta a una operaci\u00f3n dirigida contra una de ellas. Una [&hellip;]\" \/>\n<meta property=\"og:url\" content=\"https:\/\/conexion23.com\/?p=48707\" \/>\n<meta property=\"og:site_name\" content=\"Conexi\u00f3n 23\" \/>\n<meta property=\"article:publisher\" content=\"https:\/\/www.facebook.com\/conexion23com\" \/>\n<meta property=\"article:published_time\" content=\"2025-11-18T13:00:32+00:00\" \/>\n<meta property=\"og:image\" content=\"https:\/\/conexion23.com\/wp-content\/uploads\/2025\/11\/691bc14f0be06.jpeg\" \/>\n\t<meta property=\"og:image:width\" content=\"800\" \/>\n\t<meta property=\"og:image:height\" content=\"533\" \/>\n\t<meta property=\"og:image:type\" content=\"image\/jpeg\" \/>\n<meta name=\"author\" content=\"Raffy Ben\u00edtez\" \/>\n<meta name=\"twitter:card\" content=\"summary_large_image\" \/>\n<meta name=\"twitter:label1\" content=\"Escrito por\" \/>\n\t<meta name=\"twitter:data1\" content=\"Raffy Ben\u00edtez\" \/>\n\t<meta name=\"twitter:label2\" content=\"Tiempo de lectura\" \/>\n\t<meta name=\"twitter:data2\" content=\"3 minutos\" \/>\n<script type=\"application\/ld+json\" class=\"yoast-schema-graph\">{\"@context\":\"https:\\\/\\\/schema.org\",\"@graph\":[{\"@type\":\"Article\",\"@id\":\"https:\\\/\\\/conexion23.com\\\/?p=48707#article\",\"isPartOf\":{\"@id\":\"https:\\\/\\\/conexion23.com\\\/?p=48707\"},\"author\":{\"name\":\"Raffy Ben\u00edtez\",\"@id\":\"https:\\\/\\\/conexion23.com\\\/#\\\/schema\\\/person\\\/03e36043331117e97a373299bbcd30a6\"},\"headline\":\"Ante disturbios en Hait\u00ed establecen mayor vigilancia militar en la frontera dominicana\",\"datePublished\":\"2025-11-18T13:00:32+00:00\",\"mainEntityOfPage\":{\"@id\":\"https:\\\/\\\/conexion23.com\\\/?p=48707\"},\"wordCount\":532,\"commentCount\":0,\"publisher\":{\"@id\":\"https:\\\/\\\/conexion23.com\\\/#organization\"},\"image\":{\"@id\":\"https:\\\/\\\/conexion23.com\\\/?p=48707#primaryimage\"},\"thumbnailUrl\":\"https:\\\/\\\/conexion23.com\\\/wp-content\\\/uploads\\\/2025\\\/11\\\/691bc14f0be06.jpeg\",\"articleSection\":[\"Nacionales\",\"Policiales\",\"Portada\"],\"inLanguage\":\"es\",\"potentialAction\":[{\"@type\":\"CommentAction\",\"name\":\"Comment\",\"target\":[\"https:\\\/\\\/conexion23.com\\\/?p=48707#respond\"]}]},{\"@type\":\"WebPage\",\"@id\":\"https:\\\/\\\/conexion23.com\\\/?p=48707\",\"url\":\"https:\\\/\\\/conexion23.com\\\/?p=48707\",\"name\":\"Ante disturbios en Hait\u00ed establecen mayor vigilancia militar en la frontera dominicana - Conexi\u00f3n 23\",\"isPartOf\":{\"@id\":\"https:\\\/\\\/conexion23.com\\\/#website\"},\"primaryImageOfPage\":{\"@id\":\"https:\\\/\\\/conexion23.com\\\/?p=48707#primaryimage\"},\"image\":{\"@id\":\"https:\\\/\\\/conexion23.com\\\/?p=48707#primaryimage\"},\"thumbnailUrl\":\"https:\\\/\\\/conexion23.com\\\/wp-content\\\/uploads\\\/2025\\\/11\\\/691bc14f0be06.jpeg\",\"datePublished\":\"2025-11-18T13:00:32+00:00\",\"breadcrumb\":{\"@id\":\"https:\\\/\\\/conexion23.com\\\/?p=48707#breadcrumb\"},\"inLanguage\":\"es\",\"potentialAction\":[{\"@type\":\"ReadAction\",\"target\":[\"https:\\\/\\\/conexion23.com\\\/?p=48707\"]}]},{\"@type\":\"ImageObject\",\"inLanguage\":\"es\",\"@id\":\"https:\\\/\\\/conexion23.com\\\/?p=48707#primaryimage\",\"url\":\"https:\\\/\\\/conexion23.com\\\/wp-content\\\/uploads\\\/2025\\\/11\\\/691bc14f0be06.jpeg\",\"contentUrl\":\"https:\\\/\\\/conexion23.com\\\/wp-content\\\/uploads\\\/2025\\\/11\\\/691bc14f0be06.jpeg\",\"width\":800,\"height\":533},{\"@type\":\"BreadcrumbList\",\"@id\":\"https:\\\/\\\/conexion23.com\\\/?p=48707#breadcrumb\",\"itemListElement\":[{\"@type\":\"ListItem\",\"position\":1,\"name\":\"Portada\",\"item\":\"https:\\\/\\\/conexion23.com\\\/\"},{\"@type\":\"ListItem\",\"position\":2,\"name\":\"Ante disturbios en Hait\u00ed establecen mayor vigilancia militar en la frontera dominicana\"}]},{\"@type\":\"WebSite\",\"@id\":\"https:\\\/\\\/conexion23.com\\\/#website\",\"url\":\"https:\\\/\\\/conexion23.com\\\/\",\"name\":\"Conexi\u00f3n 23\",\"description\":\"Peri\u00f3dico 100% Petromacorisano\",\"publisher\":{\"@id\":\"https:\\\/\\\/conexion23.com\\\/#organization\"},\"potentialAction\":[{\"@type\":\"SearchAction\",\"target\":{\"@type\":\"EntryPoint\",\"urlTemplate\":\"https:\\\/\\\/conexion23.com\\\/?s={search_term_string}\"},\"query-input\":{\"@type\":\"PropertyValueSpecification\",\"valueRequired\":true,\"valueName\":\"search_term_string\"}}],\"inLanguage\":\"es\"},{\"@type\":\"Organization\",\"@id\":\"https:\\\/\\\/conexion23.com\\\/#organization\",\"name\":\"Conexion 23\",\"url\":\"https:\\\/\\\/conexion23.com\\\/\",\"logo\":{\"@type\":\"ImageObject\",\"inLanguage\":\"es\",\"@id\":\"https:\\\/\\\/conexion23.com\\\/#\\\/schema\\\/logo\\\/image\\\/\",\"url\":\"https:\\\/\\\/conexion23.com\\\/wp-content\\\/uploads\\\/2021\\\/11\\\/Diseno-sin-titulo-2.png\",\"contentUrl\":\"https:\\\/\\\/conexion23.com\\\/wp-content\\\/uploads\\\/2021\\\/11\\\/Diseno-sin-titulo-2.png\",\"width\":541,\"height\":90,\"caption\":\"Conexion 23\"},\"image\":{\"@id\":\"https:\\\/\\\/conexion23.com\\\/#\\\/schema\\\/logo\\\/image\\\/\"},\"sameAs\":[\"https:\\\/\\\/www.facebook.com\\\/conexion23com\",\"https:\\\/\\\/www.instagram.com\\\/conexion23com\\\/\",\"https:\\\/\\\/www.youtube.com\\\/channel\\\/UCYc7vxxFZMYLIHNsHHxPZ3Q\"]},{\"@type\":\"Person\",\"@id\":\"https:\\\/\\\/conexion23.com\\\/#\\\/schema\\\/person\\\/03e36043331117e97a373299bbcd30a6\",\"name\":\"Raffy Ben\u00edtez\",\"image\":{\"@type\":\"ImageObject\",\"inLanguage\":\"es\",\"@id\":\"https:\\\/\\\/secure.gravatar.com\\\/avatar\\\/3190a6a6c5e1b0327500f7d6c56b6242472ee6cb974cf09b401ee6b3b0798f23?s=96&d=mm&r=g\",\"url\":\"https:\\\/\\\/secure.gravatar.com\\\/avatar\\\/3190a6a6c5e1b0327500f7d6c56b6242472ee6cb974cf09b401ee6b3b0798f23?s=96&d=mm&r=g\",\"contentUrl\":\"https:\\\/\\\/secure.gravatar.com\\\/avatar\\\/3190a6a6c5e1b0327500f7d6c56b6242472ee6cb974cf09b401ee6b3b0798f23?s=96&d=mm&r=g\",\"caption\":\"Raffy Ben\u00edtez\"},\"url\":\"https:\\\/\\\/conexion23.com\\\/?author=15\"}]}<\/script>\n<!-- \/ Yoast SEO plugin. -->","yoast_head_json":{"title":"Ante disturbios en Hait\u00ed establecen mayor vigilancia militar en la frontera dominicana - Conexi\u00f3n 23","robots":{"index":"index","follow":"follow","max-snippet":"max-snippet:-1","max-image-preview":"max-image-preview:large","max-video-preview":"max-video-preview:-1"},"canonical":"https:\/\/conexion23.com\/?p=48707","og_locale":"es_ES","og_type":"article","og_title":"Ante disturbios en Hait\u00ed establecen mayor vigilancia militar en la frontera dominicana - Conexi\u00f3n 23","og_description":"Las fuerzas castrenses del pa\u00eds intensificaron la vigilancia militar en la frontera por aire y tierra ante cualquier eventualidad que pueda ocurrir, debido a\u00a0la tensi\u00f3n que vive Hait\u00ed\u00a0despu\u00e9s de que las\u00a0pandillas\u00a0que controlan gran parte de la capital haitiana amenazaran con atacar a la polic\u00eda, en respuesta a una operaci\u00f3n dirigida contra una de ellas. Una [&hellip;]","og_url":"https:\/\/conexion23.com\/?p=48707","og_site_name":"Conexi\u00f3n 23","article_publisher":"https:\/\/www.facebook.com\/conexion23com","article_published_time":"2025-11-18T13:00:32+00:00","og_image":[{"width":800,"height":533,"url":"https:\/\/conexion23.com\/wp-content\/uploads\/2025\/11\/691bc14f0be06.jpeg","type":"image\/jpeg"}],"author":"Raffy Ben\u00edtez","twitter_card":"summary_large_image","twitter_misc":{"Escrito por":"Raffy Ben\u00edtez","Tiempo de lectura":"3 minutos"},"schema":{"@context":"https:\/\/schema.org","@graph":[{"@type":"Article","@id":"https:\/\/conexion23.com\/?p=48707#article","isPartOf":{"@id":"https:\/\/conexion23.com\/?p=48707"},"author":{"name":"Raffy Ben\u00edtez","@id":"https:\/\/conexion23.com\/#\/schema\/person\/03e36043331117e97a373299bbcd30a6"},"headline":"Ante disturbios en Hait\u00ed establecen mayor vigilancia militar en la frontera dominicana","datePublished":"2025-11-18T13:00:32+00:00","mainEntityOfPage":{"@id":"https:\/\/conexion23.com\/?p=48707"},"wordCount":532,"commentCount":0,"publisher":{"@id":"https:\/\/conexion23.com\/#organization"},"image":{"@id":"https:\/\/conexion23.com\/?p=48707#primaryimage"},"thumbnailUrl":"https:\/\/conexion23.com\/wp-content\/uploads\/2025\/11\/691bc14f0be06.jpeg","articleSection":["Nacionales","Policiales","Portada"],"inLanguage":"es","potentialAction":[{"@type":"CommentAction","name":"Comment","target":["https:\/\/conexion23.com\/?p=48707#respond"]}]},{"@type":"WebPage","@id":"https:\/\/conexion23.com\/?p=48707","url":"https:\/\/conexion23.com\/?p=48707","name":"Ante disturbios en Hait\u00ed establecen mayor vigilancia militar en la frontera dominicana - Conexi\u00f3n 23","isPartOf":{"@id":"https:\/\/conexion23.com\/#website"},"primaryImageOfPage":{"@id":"https:\/\/conexion23.com\/?p=48707#primaryimage"},"image":{"@id":"https:\/\/conexion23.com\/?p=48707#primaryimage"},"thumbnailUrl":"https:\/\/conexion23.com\/wp-content\/uploads\/2025\/11\/691bc14f0be06.jpeg","datePublished":"2025-11-18T13:00:32+00:00","breadcrumb":{"@id":"https:\/\/conexion23.com\/?p=48707#breadcrumb"},"inLanguage":"es","potentialAction":[{"@type":"ReadAction","target":["https:\/\/conexion23.com\/?p=48707"]}]},{"@type":"ImageObject","inLanguage":"es","@id":"https:\/\/conexion23.com\/?p=48707#primaryimage","url":"https:\/\/conexion23.com\/wp-content\/uploads\/2025\/11\/691bc14f0be06.jpeg","contentUrl":"https:\/\/conexion23.com\/wp-content\/uploads\/2025\/11\/691bc14f0be06.jpeg","width":800,"height":533},{"@type":"BreadcrumbList","@id":"https:\/\/conexion23.com\/?p=48707#breadcrumb","itemListElement":[{"@type":"ListItem","position":1,"name":"Portada","item":"https:\/\/conexion23.com\/"},{"@type":"ListItem","position":2,"name":"Ante disturbios en Hait\u00ed establecen mayor vigilancia militar en la frontera dominicana"}]},{"@type":"WebSite","@id":"https:\/\/conexion23.com\/#website","url":"https:\/\/conexion23.com\/","name":"Conexi\u00f3n 23","description":"Peri\u00f3dico 100% Petromacorisano","publisher":{"@id":"https:\/\/conexion23.com\/#organization"},"potentialAction":[{"@type":"SearchAction","target":{"@type":"EntryPoint","urlTemplate":"https:\/\/conexion23.com\/?s={search_term_string}"},"query-input":{"@type":"PropertyValueSpecification","valueRequired":true,"valueName":"search_term_string"}}],"inLanguage":"es"},{"@type":"Organization","@id":"https:\/\/conexion23.com\/#organization","name":"Conexion 23","url":"https:\/\/conexion23.com\/","logo":{"@type":"ImageObject","inLanguage":"es","@id":"https:\/\/conexion23.com\/#\/schema\/logo\/image\/","url":"https:\/\/conexion23.com\/wp-content\/uploads\/2021\/11\/Diseno-sin-titulo-2.png","contentUrl":"https:\/\/conexion23.com\/wp-content\/uploads\/2021\/11\/Diseno-sin-titulo-2.png","width":541,"height":90,"caption":"Conexion 23"},"image":{"@id":"https:\/\/conexion23.com\/#\/schema\/logo\/image\/"},"sameAs":["https:\/\/www.facebook.com\/conexion23com","https:\/\/www.instagram.com\/conexion23com\/","https:\/\/www.youtube.com\/channel\/UCYc7vxxFZMYLIHNsHHxPZ3Q"]},{"@type":"Person","@id":"https:\/\/conexion23.com\/#\/schema\/person\/03e36043331117e97a373299bbcd30a6","name":"Raffy Ben\u00edtez","image":{"@type":"ImageObject","inLanguage":"es","@id":"https:\/\/secure.gravatar.com\/avatar\/3190a6a6c5e1b0327500f7d6c56b6242472ee6cb974cf09b401ee6b3b0798f23?s=96&d=mm&r=g","url":"https:\/\/secure.gravatar.com\/avatar\/3190a6a6c5e1b0327500f7d6c56b6242472ee6cb974cf09b401ee6b3b0798f23?s=96&d=mm&r=g","contentUrl":"https:\/\/secure.gravatar.com\/avatar\/3190a6a6c5e1b0327500f7d6c56b6242472ee6cb974cf09b401ee6b3b0798f23?s=96&d=mm&r=g","caption":"Raffy Ben\u00edtez"},"url":"https:\/\/conexion23.com\/?author=15"}]}},"_links":{"self":[{"href":"https:\/\/conexion23.com\/index.php?rest_route=\/wp\/v2\/posts\/48707","targetHints":{"allow":["GET"]}}],"collection":[{"href":"https:\/\/conexion23.com\/index.php?rest_route=\/wp\/v2\/posts"}],"about":[{"href":"https:\/\/conexion23.com\/index.php?rest_route=\/wp\/v2\/types\/post"}],"author":[{"embeddable":true,"href":"https:\/\/conexion23.com\/index.php?rest_route=\/wp\/v2\/users\/15"}],"replies":[{"embeddable":true,"href":"https:\/\/conexion23.com\/index.php?rest_route=%2Fwp%2Fv2%2Fcomments&post=48707"}],"version-history":[{"count":2,"href":"https:\/\/conexion23.com\/index.php?rest_route=\/wp\/v2\/posts\/48707\/revisions"}],"predecessor-version":[{"id":48710,"href":"https:\/\/conexion23.com\/index.php?rest_route=\/wp\/v2\/posts\/48707\/revisions\/48710"}],"wp:featuredmedia":[{"embeddable":true,"href":"https:\/\/conexion23.com\/index.php?rest_route=\/wp\/v2\/media\/48708"}],"wp:attachment":[{"href":"https:\/\/conexion23.com\/index.php?rest_route=%2Fwp%2Fv2%2Fmedia&parent=48707"}],"wp:term":[{"taxonomy":"category","embeddable":true,"href":"https:\/\/conexion23.com\/index.php?rest_route=%2Fwp%2Fv2%2Fcategories&post=48707"},{"taxonomy":"post_tag","embeddable":true,"href":"https:\/\/conexion23.com\/index.php?rest_route=%2Fwp%2Fv2%2Ftags&post=48707"}],"curies":[{"name":"wp","href":"https:\/\/api.w.org\/{rel}","templated":true}]}}