{"id":48723,"date":"2025-11-19T07:00:54","date_gmt":"2025-11-19T11:00:54","guid":{"rendered":"https:\/\/conexion23.com\/?p=48723"},"modified":"2025-11-19T07:00:54","modified_gmt":"2025-11-19T11:00:54","slug":"delegacion-del-congreso-de-ee-uu-visitara-rd-para-tratar-crisis-haitiana-y-otros-temas-clave","status":"publish","type":"post","link":"https:\/\/conexion23.com\/?p=48723","title":{"rendered":"Delegaci\u00f3n del Congreso de EE. UU. visitar\u00e1 RD para tratar crisis haitiana y otros temas clave"},"content":{"rendered":"<p style=\"text-align: justify;\">El presidente\u00a0Luis Abinader\u00a0confirm\u00f3 que este s\u00e1bado llegar\u00e1 al pa\u00eds una delegaci\u00f3n compuesta por\u00a012 a 14 congresistas\u00a0del Comit\u00e9 de Relaciones Exteriores de la C\u00e1mara de Representantes de los Estados Unidos, con el objetivo de abordar varios temas de inter\u00e9s bilateral y regional, incluyendo la situaci\u00f3n en\u00a0Hait\u00ed.<\/p>\n<p style=\"text-align: justify;\">El mandatario explic\u00f3 que la agenda contempla discusiones sobre\u00a0seguridad,\u00a0cooperaci\u00f3n internacional,\u00a0migraci\u00f3n\u00a0y otros desaf\u00edos compartidos entre ambas naciones. La reuni\u00f3n se realizar\u00e1 en el\u00a0Palacio Nacional, donde se explorar\u00e1n nuevas v\u00edas de colaboraci\u00f3n para enfrentar la crisis haitiana y reforzar la estabilidad en el Caribe.<\/p>\n<p style=\"text-align: justify;\">La visita representa un paso importante en el di\u00e1logo directo entre Rep\u00fablica Dominicana y el Congreso estadounidense, en un momento en que la comunidad internacional busca alternativas para enfrentar el deterioro institucional y humanitario en Hait\u00ed.<\/p>\n","protected":false},"excerpt":{"rendered":"<p>El presidente\u00a0Luis Abinader\u00a0confirm\u00f3 que este s\u00e1bado llegar\u00e1 al pa\u00eds una delegaci\u00f3n compuesta por\u00a012 a 14 congresistas\u00a0del Comit\u00e9 de Relaciones Exteriores de la C\u00e1mara de Representantes de los Estados Unidos, con el objetivo de abordar varios temas de inter\u00e9s bilateral y regional, incluyendo la situaci\u00f3n en\u00a0Hait\u00ed. El mandatario explic\u00f3 que la agenda contempla discusiones sobre\u00a0seguridad,\u00a0cooperaci\u00f3n internacional,\u00a0migraci\u00f3n\u00a0y [&hellip;]<\/p>\n","protected":false},"author":15,"featured_media":48724,"comment_status":"open","ping_status":"open","sticky":false,"template":"","format":"standard","meta":{"footnotes":""},"categories":[3881],"tags":[],"class_list":["post-48723","post","type-post","status-publish","format-standard","has-post-thumbnail","category-internacionales"],"yoast_head":"<!-- This site is optimized with the Yoast SEO plugin v27.6 - https:\/\/yoast.com\/product\/yoast-seo-wordpress\/ -->\n<title>Delegaci\u00f3n del Congreso de EE. UU. visitar\u00e1 RD para tratar crisis haitiana y otros temas clave - Conexi\u00f3n 23<\/title>\n<meta name=\"robots\" content=\"index, follow, max-snippet:-1, max-image-preview:large, max-video-preview:-1\" \/>\n<link rel=\"canonical\" href=\"https:\/\/conexion23.com\/?p=48723\" \/>\n<meta property=\"og:locale\" content=\"es_ES\" \/>\n<meta property=\"og:type\" content=\"article\" \/>\n<meta property=\"og:title\" content=\"Delegaci\u00f3n del Congreso de EE. UU. visitar\u00e1 RD para tratar crisis haitiana y otros temas clave - Conexi\u00f3n 23\" \/>\n<meta property=\"og:description\" content=\"El presidente\u00a0Luis Abinader\u00a0confirm\u00f3 que este s\u00e1bado llegar\u00e1 al pa\u00eds una delegaci\u00f3n compuesta por\u00a012 a 14 congresistas\u00a0del Comit\u00e9 de Relaciones Exteriores de la C\u00e1mara de Representantes de los Estados Unidos, con el objetivo de abordar varios temas de inter\u00e9s bilateral y regional, incluyendo la situaci\u00f3n en\u00a0Hait\u00ed. El mandatario explic\u00f3 que la agenda contempla discusiones sobre\u00a0seguridad,\u00a0cooperaci\u00f3n internacional,\u00a0migraci\u00f3n\u00a0y [&hellip;]\" \/>\n<meta property=\"og:url\" content=\"https:\/\/conexion23.com\/?p=48723\" \/>\n<meta property=\"og:site_name\" content=\"Conexi\u00f3n 23\" \/>\n<meta property=\"article:publisher\" content=\"https:\/\/www.facebook.com\/conexion23com\" \/>\n<meta property=\"article:published_time\" content=\"2025-11-19T11:00:54+00:00\" \/>\n<meta property=\"og:image\" content=\"https:\/\/conexion23.com\/wp-content\/uploads\/2025\/11\/445336733456343545675577667569769798-1024x576-1.webp\" \/>\n\t<meta property=\"og:image:width\" content=\"1024\" \/>\n\t<meta property=\"og:image:height\" content=\"576\" \/>\n\t<meta property=\"og:image:type\" content=\"image\/webp\" \/>\n<meta name=\"author\" content=\"Raffy Ben\u00edtez\" \/>\n<meta name=\"twitter:card\" content=\"summary_large_image\" \/>\n<meta name=\"twitter:label1\" content=\"Escrito por\" \/>\n\t<meta name=\"twitter:data1\" content=\"Raffy Ben\u00edtez\" \/>\n\t<meta name=\"twitter:label2\" content=\"Tiempo de lectura\" \/>\n\t<meta name=\"twitter:data2\" content=\"1 minuto\" \/>\n<script type=\"application\/ld+json\" class=\"yoast-schema-graph\">{\"@context\":\"https:\\\/\\\/schema.org\",\"@graph\":[{\"@type\":\"Article\",\"@id\":\"https:\\\/\\\/conexion23.com\\\/?p=48723#article\",\"isPartOf\":{\"@id\":\"https:\\\/\\\/conexion23.com\\\/?p=48723\"},\"author\":{\"name\":\"Raffy Ben\u00edtez\",\"@id\":\"https:\\\/\\\/conexion23.com\\\/#\\\/schema\\\/person\\\/03e36043331117e97a373299bbcd30a6\"},\"headline\":\"Delegaci\u00f3n del Congreso de EE. UU. visitar\u00e1 RD para tratar crisis haitiana y otros temas clave\",\"datePublished\":\"2025-11-19T11:00:54+00:00\",\"mainEntityOfPage\":{\"@id\":\"https:\\\/\\\/conexion23.com\\\/?p=48723\"},\"wordCount\":163,\"commentCount\":0,\"publisher\":{\"@id\":\"https:\\\/\\\/conexion23.com\\\/#organization\"},\"image\":{\"@id\":\"https:\\\/\\\/conexion23.com\\\/?p=48723#primaryimage\"},\"thumbnailUrl\":\"https:\\\/\\\/conexion23.com\\\/wp-content\\\/uploads\\\/2025\\\/11\\\/445336733456343545675577667569769798-1024x576-1.webp\",\"articleSection\":[\"Internacionales\"],\"inLanguage\":\"es\",\"potentialAction\":[{\"@type\":\"CommentAction\",\"name\":\"Comment\",\"target\":[\"https:\\\/\\\/conexion23.com\\\/?p=48723#respond\"]}]},{\"@type\":\"WebPage\",\"@id\":\"https:\\\/\\\/conexion23.com\\\/?p=48723\",\"url\":\"https:\\\/\\\/conexion23.com\\\/?p=48723\",\"name\":\"Delegaci\u00f3n del Congreso de EE. UU. visitar\u00e1 RD para tratar crisis haitiana y otros temas clave - Conexi\u00f3n 23\",\"isPartOf\":{\"@id\":\"https:\\\/\\\/conexion23.com\\\/#website\"},\"primaryImageOfPage\":{\"@id\":\"https:\\\/\\\/conexion23.com\\\/?p=48723#primaryimage\"},\"image\":{\"@id\":\"https:\\\/\\\/conexion23.com\\\/?p=48723#primaryimage\"},\"thumbnailUrl\":\"https:\\\/\\\/conexion23.com\\\/wp-content\\\/uploads\\\/2025\\\/11\\\/445336733456343545675577667569769798-1024x576-1.webp\",\"datePublished\":\"2025-11-19T11:00:54+00:00\",\"breadcrumb\":{\"@id\":\"https:\\\/\\\/conexion23.com\\\/?p=48723#breadcrumb\"},\"inLanguage\":\"es\",\"potentialAction\":[{\"@type\":\"ReadAction\",\"target\":[\"https:\\\/\\\/conexion23.com\\\/?p=48723\"]}]},{\"@type\":\"ImageObject\",\"inLanguage\":\"es\",\"@id\":\"https:\\\/\\\/conexion23.com\\\/?p=48723#primaryimage\",\"url\":\"https:\\\/\\\/conexion23.com\\\/wp-content\\\/uploads\\\/2025\\\/11\\\/445336733456343545675577667569769798-1024x576-1.webp\",\"contentUrl\":\"https:\\\/\\\/conexion23.com\\\/wp-content\\\/uploads\\\/2025\\\/11\\\/445336733456343545675577667569769798-1024x576-1.webp\",\"width\":1024,\"height\":576},{\"@type\":\"BreadcrumbList\",\"@id\":\"https:\\\/\\\/conexion23.com\\\/?p=48723#breadcrumb\",\"itemListElement\":[{\"@type\":\"ListItem\",\"position\":1,\"name\":\"Portada\",\"item\":\"https:\\\/\\\/conexion23.com\\\/\"},{\"@type\":\"ListItem\",\"position\":2,\"name\":\"Delegaci\u00f3n del Congreso de EE. UU. visitar\u00e1 RD para tratar crisis haitiana y otros temas clave\"}]},{\"@type\":\"WebSite\",\"@id\":\"https:\\\/\\\/conexion23.com\\\/#website\",\"url\":\"https:\\\/\\\/conexion23.com\\\/\",\"name\":\"Conexi\u00f3n 23\",\"description\":\"Peri\u00f3dico 100% Petromacorisano\",\"publisher\":{\"@id\":\"https:\\\/\\\/conexion23.com\\\/#organization\"},\"potentialAction\":[{\"@type\":\"SearchAction\",\"target\":{\"@type\":\"EntryPoint\",\"urlTemplate\":\"https:\\\/\\\/conexion23.com\\\/?s={search_term_string}\"},\"query-input\":{\"@type\":\"PropertyValueSpecification\",\"valueRequired\":true,\"valueName\":\"search_term_string\"}}],\"inLanguage\":\"es\"},{\"@type\":\"Organization\",\"@id\":\"https:\\\/\\\/conexion23.com\\\/#organization\",\"name\":\"Conexion 23\",\"url\":\"https:\\\/\\\/conexion23.com\\\/\",\"logo\":{\"@type\":\"ImageObject\",\"inLanguage\":\"es\",\"@id\":\"https:\\\/\\\/conexion23.com\\\/#\\\/schema\\\/logo\\\/image\\\/\",\"url\":\"https:\\\/\\\/conexion23.com\\\/wp-content\\\/uploads\\\/2021\\\/11\\\/Diseno-sin-titulo-2.png\",\"contentUrl\":\"https:\\\/\\\/conexion23.com\\\/wp-content\\\/uploads\\\/2021\\\/11\\\/Diseno-sin-titulo-2.png\",\"width\":541,\"height\":90,\"caption\":\"Conexion 23\"},\"image\":{\"@id\":\"https:\\\/\\\/conexion23.com\\\/#\\\/schema\\\/logo\\\/image\\\/\"},\"sameAs\":[\"https:\\\/\\\/www.facebook.com\\\/conexion23com\",\"https:\\\/\\\/www.instagram.com\\\/conexion23com\\\/\",\"https:\\\/\\\/www.youtube.com\\\/channel\\\/UCYc7vxxFZMYLIHNsHHxPZ3Q\"]},{\"@type\":\"Person\",\"@id\":\"https:\\\/\\\/conexion23.com\\\/#\\\/schema\\\/person\\\/03e36043331117e97a373299bbcd30a6\",\"name\":\"Raffy Ben\u00edtez\",\"image\":{\"@type\":\"ImageObject\",\"inLanguage\":\"es\",\"@id\":\"https:\\\/\\\/secure.gravatar.com\\\/avatar\\\/3190a6a6c5e1b0327500f7d6c56b6242472ee6cb974cf09b401ee6b3b0798f23?s=96&d=mm&r=g\",\"url\":\"https:\\\/\\\/secure.gravatar.com\\\/avatar\\\/3190a6a6c5e1b0327500f7d6c56b6242472ee6cb974cf09b401ee6b3b0798f23?s=96&d=mm&r=g\",\"contentUrl\":\"https:\\\/\\\/secure.gravatar.com\\\/avatar\\\/3190a6a6c5e1b0327500f7d6c56b6242472ee6cb974cf09b401ee6b3b0798f23?s=96&d=mm&r=g\",\"caption\":\"Raffy Ben\u00edtez\"},\"url\":\"https:\\\/\\\/conexion23.com\\\/?author=15\"}]}<\/script>\n<!-- \/ Yoast SEO plugin. -->","yoast_head_json":{"title":"Delegaci\u00f3n del Congreso de EE. UU. visitar\u00e1 RD para tratar crisis haitiana y otros temas clave - Conexi\u00f3n 23","robots":{"index":"index","follow":"follow","max-snippet":"max-snippet:-1","max-image-preview":"max-image-preview:large","max-video-preview":"max-video-preview:-1"},"canonical":"https:\/\/conexion23.com\/?p=48723","og_locale":"es_ES","og_type":"article","og_title":"Delegaci\u00f3n del Congreso de EE. UU. visitar\u00e1 RD para tratar crisis haitiana y otros temas clave - Conexi\u00f3n 23","og_description":"El presidente\u00a0Luis Abinader\u00a0confirm\u00f3 que este s\u00e1bado llegar\u00e1 al pa\u00eds una delegaci\u00f3n compuesta por\u00a012 a 14 congresistas\u00a0del Comit\u00e9 de Relaciones Exteriores de la C\u00e1mara de Representantes de los Estados Unidos, con el objetivo de abordar varios temas de inter\u00e9s bilateral y regional, incluyendo la situaci\u00f3n en\u00a0Hait\u00ed. El mandatario explic\u00f3 que la agenda contempla discusiones sobre\u00a0seguridad,\u00a0cooperaci\u00f3n internacional,\u00a0migraci\u00f3n\u00a0y [&hellip;]","og_url":"https:\/\/conexion23.com\/?p=48723","og_site_name":"Conexi\u00f3n 23","article_publisher":"https:\/\/www.facebook.com\/conexion23com","article_published_time":"2025-11-19T11:00:54+00:00","og_image":[{"width":1024,"height":576,"url":"https:\/\/conexion23.com\/wp-content\/uploads\/2025\/11\/445336733456343545675577667569769798-1024x576-1.webp","type":"image\/webp"}],"author":"Raffy Ben\u00edtez","twitter_card":"summary_large_image","twitter_misc":{"Escrito por":"Raffy Ben\u00edtez","Tiempo de lectura":"1 minuto"},"schema":{"@context":"https:\/\/schema.org","@graph":[{"@type":"Article","@id":"https:\/\/conexion23.com\/?p=48723#article","isPartOf":{"@id":"https:\/\/conexion23.com\/?p=48723"},"author":{"name":"Raffy Ben\u00edtez","@id":"https:\/\/conexion23.com\/#\/schema\/person\/03e36043331117e97a373299bbcd30a6"},"headline":"Delegaci\u00f3n del Congreso de EE. UU. visitar\u00e1 RD para tratar crisis haitiana y otros temas clave","datePublished":"2025-11-19T11:00:54+00:00","mainEntityOfPage":{"@id":"https:\/\/conexion23.com\/?p=48723"},"wordCount":163,"commentCount":0,"publisher":{"@id":"https:\/\/conexion23.com\/#organization"},"image":{"@id":"https:\/\/conexion23.com\/?p=48723#primaryimage"},"thumbnailUrl":"https:\/\/conexion23.com\/wp-content\/uploads\/2025\/11\/445336733456343545675577667569769798-1024x576-1.webp","articleSection":["Internacionales"],"inLanguage":"es","potentialAction":[{"@type":"CommentAction","name":"Comment","target":["https:\/\/conexion23.com\/?p=48723#respond"]}]},{"@type":"WebPage","@id":"https:\/\/conexion23.com\/?p=48723","url":"https:\/\/conexion23.com\/?p=48723","name":"Delegaci\u00f3n del Congreso de EE. UU. visitar\u00e1 RD para tratar crisis haitiana y otros temas clave - Conexi\u00f3n 23","isPartOf":{"@id":"https:\/\/conexion23.com\/#website"},"primaryImageOfPage":{"@id":"https:\/\/conexion23.com\/?p=48723#primaryimage"},"image":{"@id":"https:\/\/conexion23.com\/?p=48723#primaryimage"},"thumbnailUrl":"https:\/\/conexion23.com\/wp-content\/uploads\/2025\/11\/445336733456343545675577667569769798-1024x576-1.webp","datePublished":"2025-11-19T11:00:54+00:00","breadcrumb":{"@id":"https:\/\/conexion23.com\/?p=48723#breadcrumb"},"inLanguage":"es","potentialAction":[{"@type":"ReadAction","target":["https:\/\/conexion23.com\/?p=48723"]}]},{"@type":"ImageObject","inLanguage":"es","@id":"https:\/\/conexion23.com\/?p=48723#primaryimage","url":"https:\/\/conexion23.com\/wp-content\/uploads\/2025\/11\/445336733456343545675577667569769798-1024x576-1.webp","contentUrl":"https:\/\/conexion23.com\/wp-content\/uploads\/2025\/11\/445336733456343545675577667569769798-1024x576-1.webp","width":1024,"height":576},{"@type":"BreadcrumbList","@id":"https:\/\/conexion23.com\/?p=48723#breadcrumb","itemListElement":[{"@type":"ListItem","position":1,"name":"Portada","item":"https:\/\/conexion23.com\/"},{"@type":"ListItem","position":2,"name":"Delegaci\u00f3n del Congreso de EE. UU. visitar\u00e1 RD para tratar crisis haitiana y otros temas clave"}]},{"@type":"WebSite","@id":"https:\/\/conexion23.com\/#website","url":"https:\/\/conexion23.com\/","name":"Conexi\u00f3n 23","description":"Peri\u00f3dico 100% Petromacorisano","publisher":{"@id":"https:\/\/conexion23.com\/#organization"},"potentialAction":[{"@type":"SearchAction","target":{"@type":"EntryPoint","urlTemplate":"https:\/\/conexion23.com\/?s={search_term_string}"},"query-input":{"@type":"PropertyValueSpecification","valueRequired":true,"valueName":"search_term_string"}}],"inLanguage":"es"},{"@type":"Organization","@id":"https:\/\/conexion23.com\/#organization","name":"Conexion 23","url":"https:\/\/conexion23.com\/","logo":{"@type":"ImageObject","inLanguage":"es","@id":"https:\/\/conexion23.com\/#\/schema\/logo\/image\/","url":"https:\/\/conexion23.com\/wp-content\/uploads\/2021\/11\/Diseno-sin-titulo-2.png","contentUrl":"https:\/\/conexion23.com\/wp-content\/uploads\/2021\/11\/Diseno-sin-titulo-2.png","width":541,"height":90,"caption":"Conexion 23"},"image":{"@id":"https:\/\/conexion23.com\/#\/schema\/logo\/image\/"},"sameAs":["https:\/\/www.facebook.com\/conexion23com","https:\/\/www.instagram.com\/conexion23com\/","https:\/\/www.youtube.com\/channel\/UCYc7vxxFZMYLIHNsHHxPZ3Q"]},{"@type":"Person","@id":"https:\/\/conexion23.com\/#\/schema\/person\/03e36043331117e97a373299bbcd30a6","name":"Raffy Ben\u00edtez","image":{"@type":"ImageObject","inLanguage":"es","@id":"https:\/\/secure.gravatar.com\/avatar\/3190a6a6c5e1b0327500f7d6c56b6242472ee6cb974cf09b401ee6b3b0798f23?s=96&d=mm&r=g","url":"https:\/\/secure.gravatar.com\/avatar\/3190a6a6c5e1b0327500f7d6c56b6242472ee6cb974cf09b401ee6b3b0798f23?s=96&d=mm&r=g","contentUrl":"https:\/\/secure.gravatar.com\/avatar\/3190a6a6c5e1b0327500f7d6c56b6242472ee6cb974cf09b401ee6b3b0798f23?s=96&d=mm&r=g","caption":"Raffy Ben\u00edtez"},"url":"https:\/\/conexion23.com\/?author=15"}]}},"_links":{"self":[{"href":"https:\/\/conexion23.com\/index.php?rest_route=\/wp\/v2\/posts\/48723","targetHints":{"allow":["GET"]}}],"collection":[{"href":"https:\/\/conexion23.com\/index.php?rest_route=\/wp\/v2\/posts"}],"about":[{"href":"https:\/\/conexion23.com\/index.php?rest_route=\/wp\/v2\/types\/post"}],"author":[{"embeddable":true,"href":"https:\/\/conexion23.com\/index.php?rest_route=\/wp\/v2\/users\/15"}],"replies":[{"embeddable":true,"href":"https:\/\/conexion23.com\/index.php?rest_route=%2Fwp%2Fv2%2Fcomments&post=48723"}],"version-history":[{"count":1,"href":"https:\/\/conexion23.com\/index.php?rest_route=\/wp\/v2\/posts\/48723\/revisions"}],"predecessor-version":[{"id":48725,"href":"https:\/\/conexion23.com\/index.php?rest_route=\/wp\/v2\/posts\/48723\/revisions\/48725"}],"wp:featuredmedia":[{"embeddable":true,"href":"https:\/\/conexion23.com\/index.php?rest_route=\/wp\/v2\/media\/48724"}],"wp:attachment":[{"href":"https:\/\/conexion23.com\/index.php?rest_route=%2Fwp%2Fv2%2Fmedia&parent=48723"}],"wp:term":[{"taxonomy":"category","embeddable":true,"href":"https:\/\/conexion23.com\/index.php?rest_route=%2Fwp%2Fv2%2Fcategories&post=48723"},{"taxonomy":"post_tag","embeddable":true,"href":"https:\/\/conexion23.com\/index.php?rest_route=%2Fwp%2Fv2%2Ftags&post=48723"}],"curies":[{"name":"wp","href":"https:\/\/api.w.org\/{rel}","templated":true}]}}