{"id":50034,"date":"2025-12-16T18:05:02","date_gmt":"2025-12-16T22:05:02","guid":{"rendered":"https:\/\/conexion23.com\/?p=50034"},"modified":"2025-12-16T18:08:26","modified_gmt":"2025-12-16T22:08:26","slug":"juez-se-reserva-fallo-sobre-desalojo-en-sector-la-fruta-barahona","status":"publish","type":"post","link":"https:\/\/conexion23.com\/?p=50034","title":{"rendered":"Juez se reserva fallo sobre desalojo en sector La Fruta, Barahona"},"content":{"rendered":"<p style=\"text-align: justify;\"><strong>El juez presidente de la Segunda Sala Civil y Comercial del Distrito Judicial de Barahona, Manuel Emilio Gonzales Castillo, se reserv\u00f3 este martes el fallo que determinar\u00e1 si los residentes del sector La Fruta ser\u00e1n desalojados de los terrenos en disputa o podr\u00e1n permanecer en ellos.<\/strong><\/p>\n<p style=\"text-align: justify;\">Carlos Gonz\u00e1les, representante legal de los afectados, denunci\u00f3 que a pesar de una demanda interpuesta para detener los desalojos, maquinaria pesada contin\u00faa ingresando al sector, destruyendo viviendas e intensificando la incertidumbre entre los residentes.<\/p>\n<p style=\"text-align: justify;\">Mientras que V\u00edctor Manuel Feliz D\u00edaz, presidente de la Asociaci\u00f3n Manuel Mateo, destac\u00f3 que la comunidad ha luchado por m\u00e1s de 20 a\u00f1os por el derecho a permanecer en los terrenos que habitan.<\/p>\n<p style=\"text-align: justify;\">Critic\u00f3 adem\u00e1s el silencio del presidente Luis Abinader ante el conflicto judicial entre la familia D\u00edaz y los residentes de La Fruta.<\/p>\n<div id=\"mc_embed_shell\" class=\"border mb-3 boletin-noticias\">\n<div id=\"mc_embed_signup\">\n<form id=\"mc-embedded-subscribe-form\" class=\"validate\" action=\"https:\/\/elnuevodiario.us12.list-manage.com\/subscribe\/post?u=adc4b96bf0fc459309c352607&amp;id=7c6f789feb&amp;f_id=0046bce0f0\" method=\"post\" name=\"mc-embedded-subscribe-form\" novalidate=\"\" target=\"_self\">\n<div id=\"mc_embed_signup_scroll\">\n<p style=\"text-align: justify;\">\u00abBarahona es conocida como La Perla del Sur, pero con este maltrato y abuso de poder no puede llevar ese nombre. Se\u00f1or presidente, haga algo por nosotros. Se puede decir que es en su gobierno donde se est\u00e1n cometiendo estos atropellos contra familias humildes\u201d, lament\u00f3 Feliz D\u00edaz.<\/p>\n<p style=\"text-align: justify;\">El sector La Fruta, ubicado en el municipio Villa Central, ha sido hogar de sus habitantes por aproximadamente 30 a\u00f1os, tras el abandono de los terrenos por ciudadanos estadounidenses a principios de la d\u00e9cada de 1990.<\/p>\n<p style=\"text-align: justify;\"><img loading=\"lazy\" decoding=\"async\" class=\"alignnone size-full wp-image-2937965 not-transparent\" src=\"https:\/\/i0.wp.com\/nuevodiario-assets.s3.us-east-2.amazonaws.com\/wp-content\/uploads\/2025\/12\/Comunitarios-del-sector-La-Fruta-en-el-Placio-de-Justicia-de-Barahona-Foto-Genaro-Moreta-Jr-2-scaled.jpeg?resize=640%2C480&amp;quality=100&amp;ssl=1\" sizes=\"auto\" srcset=\"https:\/\/nuevodiario-assets.s3.us-east-2.amazonaws.com\/wp-content\/uploads\/2025\/12\/Comunitarios-del-sector-La-Fruta-en-el-Placio-de-Justicia-de-Barahona-Foto-Genaro-Moreta-Jr-2-scaled.jpeg 2560w, https:\/\/nuevodiario-assets.s3.us-east-2.amazonaws.com\/wp-content\/uploads\/2025\/12\/Comunitarios-del-sector-La-Fruta-en-el-Placio-de-Justicia-de-Barahona-Foto-Genaro-Moreta-Jr-2-scaled.jpeg 400w, https:\/\/nuevodiario-assets.s3.us-east-2.amazonaws.com\/wp-content\/uploads\/2025\/12\/Comunitarios-del-sector-La-Fruta-en-el-Placio-de-Justicia-de-Barahona-Foto-Genaro-Moreta-Jr-2-scaled.jpeg 800w, https:\/\/nuevodiario-assets.s3.us-east-2.amazonaws.com\/wp-content\/uploads\/2025\/12\/Comunitarios-del-sector-La-Fruta-en-el-Placio-de-Justicia-de-Barahona-Foto-Genaro-Moreta-Jr-2-scaled.jpeg 768w, https:\/\/nuevodiario-assets.s3.us-east-2.amazonaws.com\/wp-content\/uploads\/2025\/12\/Comunitarios-del-sector-La-Fruta-en-el-Placio-de-Justicia-de-Barahona-Foto-Genaro-Moreta-Jr-2-scaled.jpeg 1536w, https:\/\/nuevodiario-assets.s3.us-east-2.amazonaws.com\/wp-content\/uploads\/2025\/12\/Comunitarios-del-sector-La-Fruta-en-el-Placio-de-Justicia-de-Barahona-Foto-Genaro-Moreta-Jr-2-scaled.jpeg 2048w, https:\/\/nuevodiario-assets.s3.us-east-2.amazonaws.com\/wp-content\/uploads\/2025\/12\/Comunitarios-del-sector-La-Fruta-en-el-Placio-de-Justicia-de-Barahona-Foto-Genaro-Moreta-Jr-2-scaled.jpeg 600w, https:\/\/nuevodiario-assets.s3.us-east-2.amazonaws.com\/wp-content\/uploads\/2025\/12\/Comunitarios-del-sector-La-Fruta-en-el-Placio-de-Justicia-de-Barahona-Foto-Genaro-Moreta-Jr-2-scaled.jpeg 1280w, https:\/\/nuevodiario-assets.s3.us-east-2.amazonaws.com\/wp-content\/uploads\/2025\/12\/Comunitarios-del-sector-La-Fruta-en-el-Placio-de-Justicia-de-Barahona-Foto-Genaro-Moreta-Jr-2-scaled.jpeg 1920w,https:\/\/i0.wp.com\/nuevodiario-assets.s3.us-east-2.amazonaws.com\/wp-content\/uploads\/2025\/12\/Comunitarios-del-sector-La-Fruta-en-el-Placio-de-Justicia-de-Barahona-Foto-Genaro-Moreta-Jr-2-scaled.jpeg?resize=920%2C690&amp;quality=100&amp;ssl=1&amp;_jb=custom 1910w\" alt=\"\" width=\"640\" height=\"480\" data-recalc-dims=\"1\" data-dominant-color=\"908171\" data-has-transparency=\"false\" \/><\/p>\n<p style=\"text-align: justify;\">La parcela 21-C es reclamada por la familia D\u00edaz, representada por Fredy Vargas. Las demoliciones de cientos de viviendas, construidas con diversos materiales, comenzaron en agosto de este a\u00f1o.<\/p>\n<\/div>\n<\/form>\n<\/div>\n<\/div>\n","protected":false},"excerpt":{"rendered":"<p>El juez presidente de la Segunda Sala Civil y Comercial del Distrito Judicial de Barahona, Manuel Emilio Gonzales Castillo, se reserv\u00f3 este martes el fallo que determinar\u00e1 si los residentes del sector La Fruta ser\u00e1n desalojados de los terrenos en disputa o podr\u00e1n permanecer en ellos. Carlos Gonz\u00e1les, representante legal de los afectados, denunci\u00f3 que [&hellip;]<\/p>\n","protected":false},"author":18,"featured_media":50035,"comment_status":"open","ping_status":"open","sticky":false,"template":"","format":"standard","meta":{"footnotes":""},"categories":[12],"tags":[413,5009,5008],"class_list":["post-50034","post","type-post","status-publish","format-standard","has-post-thumbnail","category-municipales","tag-barahona","tag-la-fruta","tag-segunda-sala-civil"],"yoast_head":"<!-- This site is optimized with the Yoast SEO plugin v27.6 - https:\/\/yoast.com\/product\/yoast-seo-wordpress\/ -->\n<title>Juez se reserva fallo sobre desalojo en sector La Fruta, Barahona - Conexi\u00f3n 23<\/title>\n<meta name=\"robots\" content=\"index, follow, max-snippet:-1, max-image-preview:large, max-video-preview:-1\" \/>\n<link rel=\"canonical\" href=\"https:\/\/conexion23.com\/?p=50034\" \/>\n<meta property=\"og:locale\" content=\"es_ES\" \/>\n<meta property=\"og:type\" content=\"article\" \/>\n<meta property=\"og:title\" content=\"Juez se reserva fallo sobre desalojo en sector La Fruta, Barahona - Conexi\u00f3n 23\" \/>\n<meta property=\"og:description\" content=\"El juez presidente de la Segunda Sala Civil y Comercial del Distrito Judicial de Barahona, Manuel Emilio Gonzales Castillo, se reserv\u00f3 este martes el fallo que determinar\u00e1 si los residentes del sector La Fruta ser\u00e1n desalojados de los terrenos en disputa o podr\u00e1n permanecer en ellos. Carlos Gonz\u00e1les, representante legal de los afectados, denunci\u00f3 que [&hellip;]\" \/>\n<meta property=\"og:url\" content=\"https:\/\/conexion23.com\/?p=50034\" \/>\n<meta property=\"og:site_name\" content=\"Conexi\u00f3n 23\" \/>\n<meta property=\"article:publisher\" content=\"https:\/\/www.facebook.com\/conexion23com\" \/>\n<meta property=\"article:published_time\" content=\"2025-12-16T22:05:02+00:00\" \/>\n<meta property=\"article:modified_time\" content=\"2025-12-16T22:08:26+00:00\" \/>\n<meta property=\"og:image\" content=\"https:\/\/conexion23.com\/wp-content\/uploads\/2025\/12\/La-Fruta-Barahona-1024x768.webp\" \/>\n\t<meta property=\"og:image:width\" content=\"1024\" \/>\n\t<meta property=\"og:image:height\" content=\"768\" \/>\n\t<meta property=\"og:image:type\" content=\"image\/webp\" \/>\n<meta name=\"author\" content=\"Redacci\u00f3n\" \/>\n<meta name=\"twitter:card\" content=\"summary_large_image\" \/>\n<meta name=\"twitter:label1\" content=\"Escrito por\" \/>\n\t<meta name=\"twitter:data1\" content=\"Redacci\u00f3n\" \/>\n\t<meta name=\"twitter:label2\" content=\"Tiempo de lectura\" \/>\n\t<meta name=\"twitter:data2\" content=\"2 minutos\" \/>\n<script type=\"application\/ld+json\" class=\"yoast-schema-graph\">{\"@context\":\"https:\\\/\\\/schema.org\",\"@graph\":[{\"@type\":\"Article\",\"@id\":\"https:\\\/\\\/conexion23.com\\\/?p=50034#article\",\"isPartOf\":{\"@id\":\"https:\\\/\\\/conexion23.com\\\/?p=50034\"},\"author\":{\"name\":\"Redacci\u00f3n\",\"@id\":\"https:\\\/\\\/conexion23.com\\\/#\\\/schema\\\/person\\\/0a860802b17d01ad2a278f53c507c296\"},\"headline\":\"Juez se reserva fallo sobre desalojo en sector La Fruta, Barahona\",\"datePublished\":\"2025-12-16T22:05:02+00:00\",\"dateModified\":\"2025-12-16T22:08:26+00:00\",\"mainEntityOfPage\":{\"@id\":\"https:\\\/\\\/conexion23.com\\\/?p=50034\"},\"wordCount\":273,\"commentCount\":0,\"publisher\":{\"@id\":\"https:\\\/\\\/conexion23.com\\\/#organization\"},\"image\":{\"@id\":\"https:\\\/\\\/conexion23.com\\\/?p=50034#primaryimage\"},\"thumbnailUrl\":\"https:\\\/\\\/conexion23.com\\\/wp-content\\\/uploads\\\/2025\\\/12\\\/La-Fruta-Barahona.webp\",\"keywords\":[\"Barahona\",\"La Fruta\",\"Segunda Sala Civil\"],\"articleSection\":[\"Municipales\"],\"inLanguage\":\"es\",\"potentialAction\":[{\"@type\":\"CommentAction\",\"name\":\"Comment\",\"target\":[\"https:\\\/\\\/conexion23.com\\\/?p=50034#respond\"]}]},{\"@type\":\"WebPage\",\"@id\":\"https:\\\/\\\/conexion23.com\\\/?p=50034\",\"url\":\"https:\\\/\\\/conexion23.com\\\/?p=50034\",\"name\":\"Juez se reserva fallo sobre desalojo en sector La Fruta, Barahona - Conexi\u00f3n 23\",\"isPartOf\":{\"@id\":\"https:\\\/\\\/conexion23.com\\\/#website\"},\"primaryImageOfPage\":{\"@id\":\"https:\\\/\\\/conexion23.com\\\/?p=50034#primaryimage\"},\"image\":{\"@id\":\"https:\\\/\\\/conexion23.com\\\/?p=50034#primaryimage\"},\"thumbnailUrl\":\"https:\\\/\\\/conexion23.com\\\/wp-content\\\/uploads\\\/2025\\\/12\\\/La-Fruta-Barahona.webp\",\"datePublished\":\"2025-12-16T22:05:02+00:00\",\"dateModified\":\"2025-12-16T22:08:26+00:00\",\"breadcrumb\":{\"@id\":\"https:\\\/\\\/conexion23.com\\\/?p=50034#breadcrumb\"},\"inLanguage\":\"es\",\"potentialAction\":[{\"@type\":\"ReadAction\",\"target\":[\"https:\\\/\\\/conexion23.com\\\/?p=50034\"]}]},{\"@type\":\"ImageObject\",\"inLanguage\":\"es\",\"@id\":\"https:\\\/\\\/conexion23.com\\\/?p=50034#primaryimage\",\"url\":\"https:\\\/\\\/conexion23.com\\\/wp-content\\\/uploads\\\/2025\\\/12\\\/La-Fruta-Barahona.webp\",\"contentUrl\":\"https:\\\/\\\/conexion23.com\\\/wp-content\\\/uploads\\\/2025\\\/12\\\/La-Fruta-Barahona.webp\",\"width\":1920,\"height\":1440},{\"@type\":\"BreadcrumbList\",\"@id\":\"https:\\\/\\\/conexion23.com\\\/?p=50034#breadcrumb\",\"itemListElement\":[{\"@type\":\"ListItem\",\"position\":1,\"name\":\"Portada\",\"item\":\"https:\\\/\\\/conexion23.com\\\/\"},{\"@type\":\"ListItem\",\"position\":2,\"name\":\"Juez se reserva fallo sobre desalojo en sector La Fruta, Barahona\"}]},{\"@type\":\"WebSite\",\"@id\":\"https:\\\/\\\/conexion23.com\\\/#website\",\"url\":\"https:\\\/\\\/conexion23.com\\\/\",\"name\":\"Conexi\u00f3n 23\",\"description\":\"Peri\u00f3dico 100% Petromacorisano\",\"publisher\":{\"@id\":\"https:\\\/\\\/conexion23.com\\\/#organization\"},\"potentialAction\":[{\"@type\":\"SearchAction\",\"target\":{\"@type\":\"EntryPoint\",\"urlTemplate\":\"https:\\\/\\\/conexion23.com\\\/?s={search_term_string}\"},\"query-input\":{\"@type\":\"PropertyValueSpecification\",\"valueRequired\":true,\"valueName\":\"search_term_string\"}}],\"inLanguage\":\"es\"},{\"@type\":\"Organization\",\"@id\":\"https:\\\/\\\/conexion23.com\\\/#organization\",\"name\":\"Conexion 23\",\"url\":\"https:\\\/\\\/conexion23.com\\\/\",\"logo\":{\"@type\":\"ImageObject\",\"inLanguage\":\"es\",\"@id\":\"https:\\\/\\\/conexion23.com\\\/#\\\/schema\\\/logo\\\/image\\\/\",\"url\":\"https:\\\/\\\/conexion23.com\\\/wp-content\\\/uploads\\\/2021\\\/11\\\/Diseno-sin-titulo-2.png\",\"contentUrl\":\"https:\\\/\\\/conexion23.com\\\/wp-content\\\/uploads\\\/2021\\\/11\\\/Diseno-sin-titulo-2.png\",\"width\":541,\"height\":90,\"caption\":\"Conexion 23\"},\"image\":{\"@id\":\"https:\\\/\\\/conexion23.com\\\/#\\\/schema\\\/logo\\\/image\\\/\"},\"sameAs\":[\"https:\\\/\\\/www.facebook.com\\\/conexion23com\",\"https:\\\/\\\/www.instagram.com\\\/conexion23com\\\/\",\"https:\\\/\\\/www.youtube.com\\\/channel\\\/UCYc7vxxFZMYLIHNsHHxPZ3Q\"]},{\"@type\":\"Person\",\"@id\":\"https:\\\/\\\/conexion23.com\\\/#\\\/schema\\\/person\\\/0a860802b17d01ad2a278f53c507c296\",\"name\":\"Redacci\u00f3n\",\"image\":{\"@type\":\"ImageObject\",\"inLanguage\":\"es\",\"@id\":\"https:\\\/\\\/secure.gravatar.com\\\/avatar\\\/ec9d84b79c776aa1994e5893944465db9974b17b884155623da51b7b62c02845?s=96&d=mm&r=g\",\"url\":\"https:\\\/\\\/secure.gravatar.com\\\/avatar\\\/ec9d84b79c776aa1994e5893944465db9974b17b884155623da51b7b62c02845?s=96&d=mm&r=g\",\"contentUrl\":\"https:\\\/\\\/secure.gravatar.com\\\/avatar\\\/ec9d84b79c776aa1994e5893944465db9974b17b884155623da51b7b62c02845?s=96&d=mm&r=g\",\"caption\":\"Redacci\u00f3n\"},\"url\":\"https:\\\/\\\/conexion23.com\\\/?author=18\"}]}<\/script>\n<!-- \/ Yoast SEO plugin. -->","yoast_head_json":{"title":"Juez se reserva fallo sobre desalojo en sector La Fruta, Barahona - Conexi\u00f3n 23","robots":{"index":"index","follow":"follow","max-snippet":"max-snippet:-1","max-image-preview":"max-image-preview:large","max-video-preview":"max-video-preview:-1"},"canonical":"https:\/\/conexion23.com\/?p=50034","og_locale":"es_ES","og_type":"article","og_title":"Juez se reserva fallo sobre desalojo en sector La Fruta, Barahona - Conexi\u00f3n 23","og_description":"El juez presidente de la Segunda Sala Civil y Comercial del Distrito Judicial de Barahona, Manuel Emilio Gonzales Castillo, se reserv\u00f3 este martes el fallo que determinar\u00e1 si los residentes del sector La Fruta ser\u00e1n desalojados de los terrenos en disputa o podr\u00e1n permanecer en ellos. Carlos Gonz\u00e1les, representante legal de los afectados, denunci\u00f3 que [&hellip;]","og_url":"https:\/\/conexion23.com\/?p=50034","og_site_name":"Conexi\u00f3n 23","article_publisher":"https:\/\/www.facebook.com\/conexion23com","article_published_time":"2025-12-16T22:05:02+00:00","article_modified_time":"2025-12-16T22:08:26+00:00","og_image":[{"width":1024,"height":768,"url":"https:\/\/conexion23.com\/wp-content\/uploads\/2025\/12\/La-Fruta-Barahona-1024x768.webp","type":"image\/webp"}],"author":"Redacci\u00f3n","twitter_card":"summary_large_image","twitter_misc":{"Escrito por":"Redacci\u00f3n","Tiempo de lectura":"2 minutos"},"schema":{"@context":"https:\/\/schema.org","@graph":[{"@type":"Article","@id":"https:\/\/conexion23.com\/?p=50034#article","isPartOf":{"@id":"https:\/\/conexion23.com\/?p=50034"},"author":{"name":"Redacci\u00f3n","@id":"https:\/\/conexion23.com\/#\/schema\/person\/0a860802b17d01ad2a278f53c507c296"},"headline":"Juez se reserva fallo sobre desalojo en sector La Fruta, Barahona","datePublished":"2025-12-16T22:05:02+00:00","dateModified":"2025-12-16T22:08:26+00:00","mainEntityOfPage":{"@id":"https:\/\/conexion23.com\/?p=50034"},"wordCount":273,"commentCount":0,"publisher":{"@id":"https:\/\/conexion23.com\/#organization"},"image":{"@id":"https:\/\/conexion23.com\/?p=50034#primaryimage"},"thumbnailUrl":"https:\/\/conexion23.com\/wp-content\/uploads\/2025\/12\/La-Fruta-Barahona.webp","keywords":["Barahona","La Fruta","Segunda Sala Civil"],"articleSection":["Municipales"],"inLanguage":"es","potentialAction":[{"@type":"CommentAction","name":"Comment","target":["https:\/\/conexion23.com\/?p=50034#respond"]}]},{"@type":"WebPage","@id":"https:\/\/conexion23.com\/?p=50034","url":"https:\/\/conexion23.com\/?p=50034","name":"Juez se reserva fallo sobre desalojo en sector La Fruta, Barahona - Conexi\u00f3n 23","isPartOf":{"@id":"https:\/\/conexion23.com\/#website"},"primaryImageOfPage":{"@id":"https:\/\/conexion23.com\/?p=50034#primaryimage"},"image":{"@id":"https:\/\/conexion23.com\/?p=50034#primaryimage"},"thumbnailUrl":"https:\/\/conexion23.com\/wp-content\/uploads\/2025\/12\/La-Fruta-Barahona.webp","datePublished":"2025-12-16T22:05:02+00:00","dateModified":"2025-12-16T22:08:26+00:00","breadcrumb":{"@id":"https:\/\/conexion23.com\/?p=50034#breadcrumb"},"inLanguage":"es","potentialAction":[{"@type":"ReadAction","target":["https:\/\/conexion23.com\/?p=50034"]}]},{"@type":"ImageObject","inLanguage":"es","@id":"https:\/\/conexion23.com\/?p=50034#primaryimage","url":"https:\/\/conexion23.com\/wp-content\/uploads\/2025\/12\/La-Fruta-Barahona.webp","contentUrl":"https:\/\/conexion23.com\/wp-content\/uploads\/2025\/12\/La-Fruta-Barahona.webp","width":1920,"height":1440},{"@type":"BreadcrumbList","@id":"https:\/\/conexion23.com\/?p=50034#breadcrumb","itemListElement":[{"@type":"ListItem","position":1,"name":"Portada","item":"https:\/\/conexion23.com\/"},{"@type":"ListItem","position":2,"name":"Juez se reserva fallo sobre desalojo en sector La Fruta, Barahona"}]},{"@type":"WebSite","@id":"https:\/\/conexion23.com\/#website","url":"https:\/\/conexion23.com\/","name":"Conexi\u00f3n 23","description":"Peri\u00f3dico 100% Petromacorisano","publisher":{"@id":"https:\/\/conexion23.com\/#organization"},"potentialAction":[{"@type":"SearchAction","target":{"@type":"EntryPoint","urlTemplate":"https:\/\/conexion23.com\/?s={search_term_string}"},"query-input":{"@type":"PropertyValueSpecification","valueRequired":true,"valueName":"search_term_string"}}],"inLanguage":"es"},{"@type":"Organization","@id":"https:\/\/conexion23.com\/#organization","name":"Conexion 23","url":"https:\/\/conexion23.com\/","logo":{"@type":"ImageObject","inLanguage":"es","@id":"https:\/\/conexion23.com\/#\/schema\/logo\/image\/","url":"https:\/\/conexion23.com\/wp-content\/uploads\/2021\/11\/Diseno-sin-titulo-2.png","contentUrl":"https:\/\/conexion23.com\/wp-content\/uploads\/2021\/11\/Diseno-sin-titulo-2.png","width":541,"height":90,"caption":"Conexion 23"},"image":{"@id":"https:\/\/conexion23.com\/#\/schema\/logo\/image\/"},"sameAs":["https:\/\/www.facebook.com\/conexion23com","https:\/\/www.instagram.com\/conexion23com\/","https:\/\/www.youtube.com\/channel\/UCYc7vxxFZMYLIHNsHHxPZ3Q"]},{"@type":"Person","@id":"https:\/\/conexion23.com\/#\/schema\/person\/0a860802b17d01ad2a278f53c507c296","name":"Redacci\u00f3n","image":{"@type":"ImageObject","inLanguage":"es","@id":"https:\/\/secure.gravatar.com\/avatar\/ec9d84b79c776aa1994e5893944465db9974b17b884155623da51b7b62c02845?s=96&d=mm&r=g","url":"https:\/\/secure.gravatar.com\/avatar\/ec9d84b79c776aa1994e5893944465db9974b17b884155623da51b7b62c02845?s=96&d=mm&r=g","contentUrl":"https:\/\/secure.gravatar.com\/avatar\/ec9d84b79c776aa1994e5893944465db9974b17b884155623da51b7b62c02845?s=96&d=mm&r=g","caption":"Redacci\u00f3n"},"url":"https:\/\/conexion23.com\/?author=18"}]}},"_links":{"self":[{"href":"https:\/\/conexion23.com\/index.php?rest_route=\/wp\/v2\/posts\/50034","targetHints":{"allow":["GET"]}}],"collection":[{"href":"https:\/\/conexion23.com\/index.php?rest_route=\/wp\/v2\/posts"}],"about":[{"href":"https:\/\/conexion23.com\/index.php?rest_route=\/wp\/v2\/types\/post"}],"author":[{"embeddable":true,"href":"https:\/\/conexion23.com\/index.php?rest_route=\/wp\/v2\/users\/18"}],"replies":[{"embeddable":true,"href":"https:\/\/conexion23.com\/index.php?rest_route=%2Fwp%2Fv2%2Fcomments&post=50034"}],"version-history":[{"count":2,"href":"https:\/\/conexion23.com\/index.php?rest_route=\/wp\/v2\/posts\/50034\/revisions"}],"predecessor-version":[{"id":50037,"href":"https:\/\/conexion23.com\/index.php?rest_route=\/wp\/v2\/posts\/50034\/revisions\/50037"}],"wp:featuredmedia":[{"embeddable":true,"href":"https:\/\/conexion23.com\/index.php?rest_route=\/wp\/v2\/media\/50035"}],"wp:attachment":[{"href":"https:\/\/conexion23.com\/index.php?rest_route=%2Fwp%2Fv2%2Fmedia&parent=50034"}],"wp:term":[{"taxonomy":"category","embeddable":true,"href":"https:\/\/conexion23.com\/index.php?rest_route=%2Fwp%2Fv2%2Fcategories&post=50034"},{"taxonomy":"post_tag","embeddable":true,"href":"https:\/\/conexion23.com\/index.php?rest_route=%2Fwp%2Fv2%2Ftags&post=50034"}],"curies":[{"name":"wp","href":"https:\/\/api.w.org\/{rel}","templated":true}]}}