{"id":51147,"date":"2026-01-13T10:35:54","date_gmt":"2026-01-13T14:35:54","guid":{"rendered":"https:\/\/conexion23.com\/?p=51147"},"modified":"2026-01-13T09:49:19","modified_gmt":"2026-01-13T13:49:19","slug":"fallece-joven-tras-choque-de-motocicletas-en-los-hatillos-hato-mayor","status":"publish","type":"post","link":"https:\/\/conexion23.com\/?p=51147","title":{"rendered":"Fallece joven tras choque de motocicletas en Los Hatillos, Hato Mayor"},"content":{"rendered":"<div class=\"xdj266r x14z9mp xat24cr x1lziwak x1vvkbs x126k92a\">\n<div dir=\"auto\" style=\"text-align: justify;\"><strong>Por: Victor L\u00f3pez<\/strong><\/div>\n<div dir=\"auto\"><\/div>\n<\/div>\n<div class=\"x14z9mp xat24cr x1lziwak x1vvkbs xtlvy1s x126k92a\" style=\"text-align: justify;\">\n<div dir=\"auto\" style=\"text-align: justify;\"><strong>Falleci\u00f3 la ma\u00f1ana de hoy el joven Oliberto Mart\u00ednez Vilorio, de 20 a\u00f1os, quien permanec\u00eda en estado cr\u00edtico tras resultar gravemente herido en un accidente de tr\u00e1nsito ocurrido la tarde del viernes en la comunidad Los Hatillos, distrito municipal Guayabo Dulce.<\/strong><\/div>\n<div dir=\"auto\" style=\"text-align: justify;\"><\/div>\n<\/div>\n<div class=\"x14z9mp xat24cr x1lziwak x1vvkbs xtlvy1s x126k92a\" style=\"text-align: justify;\">\n<div dir=\"auto\">Mart\u00ednez Vilorio hab\u00eda sido trasladado de emergencia al Hospital Dar\u00edo Contreras, en Santo Domingo, debido a la gravedad de las lesiones que presentaba. Lamentablemente, pese a los esfuerzos del personal m\u00e9dico, el joven perdi\u00f3 la vida a causa de un politraumatismo severo y m\u00faltiples laceraciones.<\/div>\n<\/div>\n<div class=\"x14z9mp xat24cr x1lziwak x1vvkbs xtlvy1s x126k92a\" style=\"text-align: justify;\">\n<div dir=\"auto\"><\/div>\n<div dir=\"auto\">El accidente se produjo cuando dos motocicletas colisionaron, resultando tambi\u00e9n herido otro joven, cuya identidad a\u00fan no ha sido ofrecida por las autoridades. Ambos fueron asistidos inicialmente por unidades del Sistema Nacional de Emergencias 9-1-1.<\/div>\n<div dir=\"auto\"><\/div>\n<\/div>\n<div class=\"x14z9mp xat24cr x1lziwak x1vvkbs xtlvy1s x126k92a\">\n<div dir=\"auto\" style=\"text-align: justify;\">El hecho qued\u00f3 captado en una c\u00e1mara de seguridad y contin\u00faa bajo investigaci\u00f3n por parte de las autoridades de tr\u00e1nsito. La tr\u00e1gica noticia ha causado profunda consternaci\u00f3n entre familiares, amigos y comunitarios de la zona.<\/div>\n<\/div>\n","protected":false},"excerpt":{"rendered":"<p>Por: Victor L\u00f3pez Falleci\u00f3 la ma\u00f1ana de hoy el joven Oliberto Mart\u00ednez Vilorio, de 20 a\u00f1os, quien permanec\u00eda en estado cr\u00edtico tras resultar gravemente herido en un accidente de tr\u00e1nsito ocurrido la tarde del viernes en la comunidad Los Hatillos, distrito municipal Guayabo Dulce. Mart\u00ednez Vilorio hab\u00eda sido trasladado de emergencia al Hospital Dar\u00edo Contreras, [&hellip;]<\/p>\n","protected":false},"author":18,"featured_media":51148,"comment_status":"open","ping_status":"open","sticky":false,"template":"","format":"standard","meta":{"footnotes":""},"categories":[3773],"tags":[5627,310,5629,5115,5628],"class_list":{"0":"post-51147","1":"post","2":"type-post","3":"status-publish","4":"format-standard","5":"has-post-thumbnail","7":"category-portada","8":"tag-emergencias-9-1-1","9":"tag-hato-mayor","10":"tag-hospital-dario-contreras","11":"tag-los-hatillos","12":"tag-oliberto-martinez-vilorio"},"yoast_head":"<!-- This site is optimized with the Yoast SEO plugin v27.1.1 - https:\/\/yoast.com\/product\/yoast-seo-wordpress\/ -->\n<title>Fallece joven tras choque de motocicletas en Los Hatillos, Hato Mayor - Conexi\u00f3n 23<\/title>\n<meta name=\"robots\" content=\"index, follow, max-snippet:-1, max-image-preview:large, max-video-preview:-1\" \/>\n<link rel=\"canonical\" href=\"https:\/\/conexion23.com\/?p=51147\" \/>\n<meta property=\"og:locale\" content=\"es_ES\" \/>\n<meta property=\"og:type\" content=\"article\" \/>\n<meta property=\"og:title\" content=\"Fallece joven tras choque de motocicletas en Los Hatillos, Hato Mayor - Conexi\u00f3n 23\" \/>\n<meta property=\"og:description\" content=\"Por: Victor L\u00f3pez Falleci\u00f3 la ma\u00f1ana de hoy el joven Oliberto Mart\u00ednez Vilorio, de 20 a\u00f1os, quien permanec\u00eda en estado cr\u00edtico tras resultar gravemente herido en un accidente de tr\u00e1nsito ocurrido la tarde del viernes en la comunidad Los Hatillos, distrito municipal Guayabo Dulce. Mart\u00ednez Vilorio hab\u00eda sido trasladado de emergencia al Hospital Dar\u00edo Contreras, [&hellip;]\" \/>\n<meta property=\"og:url\" content=\"https:\/\/conexion23.com\/?p=51147\" \/>\n<meta property=\"og:site_name\" content=\"Conexi\u00f3n 23\" \/>\n<meta property=\"article:publisher\" content=\"https:\/\/www.facebook.com\/conexion23com\" \/>\n<meta property=\"article:published_time\" content=\"2026-01-13T14:35:54+00:00\" \/>\n<meta property=\"og:image\" content=\"https:\/\/conexion23.com\/wp-content\/uploads\/2026\/01\/Fallece-joven-tras-choque-de-motocicletas-en-Los-Hatillos-Hato-Mayor.jpg\" \/>\n\t<meta property=\"og:image:width\" content=\"828\" \/>\n\t<meta property=\"og:image:height\" content=\"1035\" \/>\n\t<meta property=\"og:image:type\" content=\"image\/jpeg\" \/>\n<meta name=\"author\" content=\"Redacci\u00f3n\" \/>\n<meta name=\"twitter:card\" content=\"summary_large_image\" \/>\n<meta name=\"twitter:label1\" content=\"Escrito por\" \/>\n\t<meta name=\"twitter:data1\" content=\"Redacci\u00f3n\" \/>\n\t<meta name=\"twitter:label2\" content=\"Tiempo de lectura\" \/>\n\t<meta name=\"twitter:data2\" content=\"1 minuto\" \/>\n<script type=\"application\/ld+json\" class=\"yoast-schema-graph\">{\"@context\":\"https:\/\/schema.org\",\"@graph\":[{\"@type\":\"Article\",\"@id\":\"https:\/\/conexion23.com\/?p=51147#article\",\"isPartOf\":{\"@id\":\"https:\/\/conexion23.com\/?p=51147\"},\"author\":{\"name\":\"Redacci\u00f3n\",\"@id\":\"https:\/\/conexion23.com\/#\/schema\/person\/0a860802b17d01ad2a278f53c507c296\"},\"headline\":\"Fallece joven tras choque de motocicletas en Los Hatillos, Hato Mayor\",\"datePublished\":\"2026-01-13T14:35:54+00:00\",\"mainEntityOfPage\":{\"@id\":\"https:\/\/conexion23.com\/?p=51147\"},\"wordCount\":190,\"commentCount\":0,\"publisher\":{\"@id\":\"https:\/\/conexion23.com\/#organization\"},\"image\":{\"@id\":\"https:\/\/conexion23.com\/?p=51147#primaryimage\"},\"thumbnailUrl\":\"https:\/\/conexion23.com\/wp-content\/uploads\/2026\/01\/Fallece-joven-tras-choque-de-motocicletas-en-Los-Hatillos-Hato-Mayor.jpg\",\"keywords\":[\"Emergencias 9-1-1\",\"hato mayor\",\"Hospital Dar\u00edo Contreras\",\"los hatillos\",\"Oliberto Mart\u00ednez Vilorio\"],\"articleSection\":[\"Portada\"],\"inLanguage\":\"es\",\"potentialAction\":[{\"@type\":\"CommentAction\",\"name\":\"Comment\",\"target\":[\"https:\/\/conexion23.com\/?p=51147#respond\"]}]},{\"@type\":\"WebPage\",\"@id\":\"https:\/\/conexion23.com\/?p=51147\",\"url\":\"https:\/\/conexion23.com\/?p=51147\",\"name\":\"Fallece joven tras choque de motocicletas en Los Hatillos, Hato Mayor - Conexi\u00f3n 23\",\"isPartOf\":{\"@id\":\"https:\/\/conexion23.com\/#website\"},\"primaryImageOfPage\":{\"@id\":\"https:\/\/conexion23.com\/?p=51147#primaryimage\"},\"image\":{\"@id\":\"https:\/\/conexion23.com\/?p=51147#primaryimage\"},\"thumbnailUrl\":\"https:\/\/conexion23.com\/wp-content\/uploads\/2026\/01\/Fallece-joven-tras-choque-de-motocicletas-en-Los-Hatillos-Hato-Mayor.jpg\",\"datePublished\":\"2026-01-13T14:35:54+00:00\",\"breadcrumb\":{\"@id\":\"https:\/\/conexion23.com\/?p=51147#breadcrumb\"},\"inLanguage\":\"es\",\"potentialAction\":[{\"@type\":\"ReadAction\",\"target\":[\"https:\/\/conexion23.com\/?p=51147\"]}]},{\"@type\":\"ImageObject\",\"inLanguage\":\"es\",\"@id\":\"https:\/\/conexion23.com\/?p=51147#primaryimage\",\"url\":\"https:\/\/conexion23.com\/wp-content\/uploads\/2026\/01\/Fallece-joven-tras-choque-de-motocicletas-en-Los-Hatillos-Hato-Mayor.jpg\",\"contentUrl\":\"https:\/\/conexion23.com\/wp-content\/uploads\/2026\/01\/Fallece-joven-tras-choque-de-motocicletas-en-Los-Hatillos-Hato-Mayor.jpg\",\"width\":828,\"height\":1035},{\"@type\":\"BreadcrumbList\",\"@id\":\"https:\/\/conexion23.com\/?p=51147#breadcrumb\",\"itemListElement\":[{\"@type\":\"ListItem\",\"position\":1,\"name\":\"Portada\",\"item\":\"https:\/\/conexion23.com\/\"},{\"@type\":\"ListItem\",\"position\":2,\"name\":\"Fallece joven tras choque de motocicletas en Los Hatillos, Hato Mayor\"}]},{\"@type\":\"WebSite\",\"@id\":\"https:\/\/conexion23.com\/#website\",\"url\":\"https:\/\/conexion23.com\/\",\"name\":\"Conexi\u00f3n 23\",\"description\":\"Peri\u00f3dico 100% Petromacorisano\",\"publisher\":{\"@id\":\"https:\/\/conexion23.com\/#organization\"},\"potentialAction\":[{\"@type\":\"SearchAction\",\"target\":{\"@type\":\"EntryPoint\",\"urlTemplate\":\"https:\/\/conexion23.com\/?s={search_term_string}\"},\"query-input\":{\"@type\":\"PropertyValueSpecification\",\"valueRequired\":true,\"valueName\":\"search_term_string\"}}],\"inLanguage\":\"es\"},{\"@type\":\"Organization\",\"@id\":\"https:\/\/conexion23.com\/#organization\",\"name\":\"Conexion 23\",\"url\":\"https:\/\/conexion23.com\/\",\"logo\":{\"@type\":\"ImageObject\",\"inLanguage\":\"es\",\"@id\":\"https:\/\/conexion23.com\/#\/schema\/logo\/image\/\",\"url\":\"https:\/\/conexion23.com\/wp-content\/uploads\/2021\/11\/Diseno-sin-titulo-2.png\",\"contentUrl\":\"https:\/\/conexion23.com\/wp-content\/uploads\/2021\/11\/Diseno-sin-titulo-2.png\",\"width\":541,\"height\":90,\"caption\":\"Conexion 23\"},\"image\":{\"@id\":\"https:\/\/conexion23.com\/#\/schema\/logo\/image\/\"},\"sameAs\":[\"https:\/\/www.facebook.com\/conexion23com\",\"https:\/\/www.instagram.com\/conexion23com\/\",\"https:\/\/www.youtube.com\/channel\/UCYc7vxxFZMYLIHNsHHxPZ3Q\"]},{\"@type\":\"Person\",\"@id\":\"https:\/\/conexion23.com\/#\/schema\/person\/0a860802b17d01ad2a278f53c507c296\",\"name\":\"Redacci\u00f3n\",\"image\":{\"@type\":\"ImageObject\",\"inLanguage\":\"es\",\"@id\":\"https:\/\/conexion23.com\/#\/schema\/person\/image\/\",\"url\":\"https:\/\/secure.gravatar.com\/avatar\/ec9d84b79c776aa1994e5893944465db9974b17b884155623da51b7b62c02845?s=96&d=mm&r=g\",\"contentUrl\":\"https:\/\/secure.gravatar.com\/avatar\/ec9d84b79c776aa1994e5893944465db9974b17b884155623da51b7b62c02845?s=96&d=mm&r=g\",\"caption\":\"Redacci\u00f3n\"},\"url\":\"https:\/\/conexion23.com\/?author=18\"}]}<\/script>\n<!-- \/ Yoast SEO plugin. -->","yoast_head_json":{"title":"Fallece joven tras choque de motocicletas en Los Hatillos, Hato Mayor - Conexi\u00f3n 23","robots":{"index":"index","follow":"follow","max-snippet":"max-snippet:-1","max-image-preview":"max-image-preview:large","max-video-preview":"max-video-preview:-1"},"canonical":"https:\/\/conexion23.com\/?p=51147","og_locale":"es_ES","og_type":"article","og_title":"Fallece joven tras choque de motocicletas en Los Hatillos, Hato Mayor - Conexi\u00f3n 23","og_description":"Por: Victor L\u00f3pez Falleci\u00f3 la ma\u00f1ana de hoy el joven Oliberto Mart\u00ednez Vilorio, de 20 a\u00f1os, quien permanec\u00eda en estado cr\u00edtico tras resultar gravemente herido en un accidente de tr\u00e1nsito ocurrido la tarde del viernes en la comunidad Los Hatillos, distrito municipal Guayabo Dulce. Mart\u00ednez Vilorio hab\u00eda sido trasladado de emergencia al Hospital Dar\u00edo Contreras, [&hellip;]","og_url":"https:\/\/conexion23.com\/?p=51147","og_site_name":"Conexi\u00f3n 23","article_publisher":"https:\/\/www.facebook.com\/conexion23com","article_published_time":"2026-01-13T14:35:54+00:00","og_image":[{"width":828,"height":1035,"url":"https:\/\/conexion23.com\/wp-content\/uploads\/2026\/01\/Fallece-joven-tras-choque-de-motocicletas-en-Los-Hatillos-Hato-Mayor.jpg","type":"image\/jpeg"}],"author":"Redacci\u00f3n","twitter_card":"summary_large_image","twitter_misc":{"Escrito por":"Redacci\u00f3n","Tiempo de lectura":"1 minuto"},"schema":{"@context":"https:\/\/schema.org","@graph":[{"@type":"Article","@id":"https:\/\/conexion23.com\/?p=51147#article","isPartOf":{"@id":"https:\/\/conexion23.com\/?p=51147"},"author":{"name":"Redacci\u00f3n","@id":"https:\/\/conexion23.com\/#\/schema\/person\/0a860802b17d01ad2a278f53c507c296"},"headline":"Fallece joven tras choque de motocicletas en Los Hatillos, Hato Mayor","datePublished":"2026-01-13T14:35:54+00:00","mainEntityOfPage":{"@id":"https:\/\/conexion23.com\/?p=51147"},"wordCount":190,"commentCount":0,"publisher":{"@id":"https:\/\/conexion23.com\/#organization"},"image":{"@id":"https:\/\/conexion23.com\/?p=51147#primaryimage"},"thumbnailUrl":"https:\/\/conexion23.com\/wp-content\/uploads\/2026\/01\/Fallece-joven-tras-choque-de-motocicletas-en-Los-Hatillos-Hato-Mayor.jpg","keywords":["Emergencias 9-1-1","hato mayor","Hospital Dar\u00edo Contreras","los hatillos","Oliberto Mart\u00ednez Vilorio"],"articleSection":["Portada"],"inLanguage":"es","potentialAction":[{"@type":"CommentAction","name":"Comment","target":["https:\/\/conexion23.com\/?p=51147#respond"]}]},{"@type":"WebPage","@id":"https:\/\/conexion23.com\/?p=51147","url":"https:\/\/conexion23.com\/?p=51147","name":"Fallece joven tras choque de motocicletas en Los Hatillos, Hato Mayor - Conexi\u00f3n 23","isPartOf":{"@id":"https:\/\/conexion23.com\/#website"},"primaryImageOfPage":{"@id":"https:\/\/conexion23.com\/?p=51147#primaryimage"},"image":{"@id":"https:\/\/conexion23.com\/?p=51147#primaryimage"},"thumbnailUrl":"https:\/\/conexion23.com\/wp-content\/uploads\/2026\/01\/Fallece-joven-tras-choque-de-motocicletas-en-Los-Hatillos-Hato-Mayor.jpg","datePublished":"2026-01-13T14:35:54+00:00","breadcrumb":{"@id":"https:\/\/conexion23.com\/?p=51147#breadcrumb"},"inLanguage":"es","potentialAction":[{"@type":"ReadAction","target":["https:\/\/conexion23.com\/?p=51147"]}]},{"@type":"ImageObject","inLanguage":"es","@id":"https:\/\/conexion23.com\/?p=51147#primaryimage","url":"https:\/\/conexion23.com\/wp-content\/uploads\/2026\/01\/Fallece-joven-tras-choque-de-motocicletas-en-Los-Hatillos-Hato-Mayor.jpg","contentUrl":"https:\/\/conexion23.com\/wp-content\/uploads\/2026\/01\/Fallece-joven-tras-choque-de-motocicletas-en-Los-Hatillos-Hato-Mayor.jpg","width":828,"height":1035},{"@type":"BreadcrumbList","@id":"https:\/\/conexion23.com\/?p=51147#breadcrumb","itemListElement":[{"@type":"ListItem","position":1,"name":"Portada","item":"https:\/\/conexion23.com\/"},{"@type":"ListItem","position":2,"name":"Fallece joven tras choque de motocicletas en Los Hatillos, Hato Mayor"}]},{"@type":"WebSite","@id":"https:\/\/conexion23.com\/#website","url":"https:\/\/conexion23.com\/","name":"Conexi\u00f3n 23","description":"Peri\u00f3dico 100% Petromacorisano","publisher":{"@id":"https:\/\/conexion23.com\/#organization"},"potentialAction":[{"@type":"SearchAction","target":{"@type":"EntryPoint","urlTemplate":"https:\/\/conexion23.com\/?s={search_term_string}"},"query-input":{"@type":"PropertyValueSpecification","valueRequired":true,"valueName":"search_term_string"}}],"inLanguage":"es"},{"@type":"Organization","@id":"https:\/\/conexion23.com\/#organization","name":"Conexion 23","url":"https:\/\/conexion23.com\/","logo":{"@type":"ImageObject","inLanguage":"es","@id":"https:\/\/conexion23.com\/#\/schema\/logo\/image\/","url":"https:\/\/conexion23.com\/wp-content\/uploads\/2021\/11\/Diseno-sin-titulo-2.png","contentUrl":"https:\/\/conexion23.com\/wp-content\/uploads\/2021\/11\/Diseno-sin-titulo-2.png","width":541,"height":90,"caption":"Conexion 23"},"image":{"@id":"https:\/\/conexion23.com\/#\/schema\/logo\/image\/"},"sameAs":["https:\/\/www.facebook.com\/conexion23com","https:\/\/www.instagram.com\/conexion23com\/","https:\/\/www.youtube.com\/channel\/UCYc7vxxFZMYLIHNsHHxPZ3Q"]},{"@type":"Person","@id":"https:\/\/conexion23.com\/#\/schema\/person\/0a860802b17d01ad2a278f53c507c296","name":"Redacci\u00f3n","image":{"@type":"ImageObject","inLanguage":"es","@id":"https:\/\/conexion23.com\/#\/schema\/person\/image\/","url":"https:\/\/secure.gravatar.com\/avatar\/ec9d84b79c776aa1994e5893944465db9974b17b884155623da51b7b62c02845?s=96&d=mm&r=g","contentUrl":"https:\/\/secure.gravatar.com\/avatar\/ec9d84b79c776aa1994e5893944465db9974b17b884155623da51b7b62c02845?s=96&d=mm&r=g","caption":"Redacci\u00f3n"},"url":"https:\/\/conexion23.com\/?author=18"}]}},"_links":{"self":[{"href":"https:\/\/conexion23.com\/index.php?rest_route=\/wp\/v2\/posts\/51147","targetHints":{"allow":["GET"]}}],"collection":[{"href":"https:\/\/conexion23.com\/index.php?rest_route=\/wp\/v2\/posts"}],"about":[{"href":"https:\/\/conexion23.com\/index.php?rest_route=\/wp\/v2\/types\/post"}],"author":[{"embeddable":true,"href":"https:\/\/conexion23.com\/index.php?rest_route=\/wp\/v2\/users\/18"}],"replies":[{"embeddable":true,"href":"https:\/\/conexion23.com\/index.php?rest_route=%2Fwp%2Fv2%2Fcomments&post=51147"}],"version-history":[{"count":1,"href":"https:\/\/conexion23.com\/index.php?rest_route=\/wp\/v2\/posts\/51147\/revisions"}],"predecessor-version":[{"id":51149,"href":"https:\/\/conexion23.com\/index.php?rest_route=\/wp\/v2\/posts\/51147\/revisions\/51149"}],"wp:featuredmedia":[{"embeddable":true,"href":"https:\/\/conexion23.com\/index.php?rest_route=\/wp\/v2\/media\/51148"}],"wp:attachment":[{"href":"https:\/\/conexion23.com\/index.php?rest_route=%2Fwp%2Fv2%2Fmedia&parent=51147"}],"wp:term":[{"taxonomy":"category","embeddable":true,"href":"https:\/\/conexion23.com\/index.php?rest_route=%2Fwp%2Fv2%2Fcategories&post=51147"},{"taxonomy":"post_tag","embeddable":true,"href":"https:\/\/conexion23.com\/index.php?rest_route=%2Fwp%2Fv2%2Ftags&post=51147"}],"curies":[{"name":"wp","href":"https:\/\/api.w.org\/{rel}","templated":true}]}}