{"id":51827,"date":"2026-01-26T17:28:56","date_gmt":"2026-01-26T21:28:56","guid":{"rendered":"https:\/\/conexion23.com\/?p=51827"},"modified":"2026-01-26T17:28:56","modified_gmt":"2026-01-26T21:28:56","slug":"joven-muere-tras-colision-con-vehiculo-que-huyo-en-barahona","status":"publish","type":"post","link":"https:\/\/conexion23.com\/?p=51827","title":{"rendered":"Joven muere tras colisi\u00f3n con veh\u00edculo que huy\u00f3 en Barahona"},"content":{"rendered":"<p class=\"has-text-align-justify has-text-align-justify\" style=\"text-align: justify;\">Un joven de\u00a020 a\u00f1os\u00a0perdi\u00f3 la vida y otro result\u00f3 herido tras una colisi\u00f3n registrada la noche del s\u00e1bado en un tramo de la\u00a0carretera Vuelta de Gabino\u2013Cruce de Santa Elena, en esta provincia, seg\u00fan informaciones ofrecidas por las autoridades de tr\u00e1nsito.<\/p>\n<p class=\"has-text-align-justify has-text-align-justify\" style=\"text-align: justify;\">La v\u00edctima fue identificada como\u00a0Xavier Acosta Franco, residente en el barrio Don Bosco, quien falleci\u00f3 mientras recib\u00eda atenciones m\u00e9dicas en el\u00a0Hospital Regional Universitario Jaime Mota, a donde fue trasladado por transe\u00fantes luego del accidente. De acuerdo con el diagn\u00f3stico m\u00e9dico, el joven present\u00f3\u00a0politraumatismos severos\u00a0lo q ue le provoco la muerte.<\/p>\n<p class=\"has-text-align-justify has-text-align-justify\" style=\"text-align: justify;\">En el mismo hecho result\u00f3 herido\u00a0Oreste Rom\u00e1n Gonz\u00e1lez, tambi\u00e9n residente en Barahona, quien fue atendido por presentar\u00a0traumas y heridas m\u00faltiples en la mano izquierda y la rodilla izquierda.<\/p>\n<p class=\"has-text-align-justify has-text-align-justify\" style=\"text-align: justify;\">Seg\u00fan el reporte preliminar, ambos se desplazaban a bordo de una\u00a0motocicleta Xpress 125, color rojo, conducida por el hoy fallecido, cuando fueron impactados por un\u00a0veh\u00edculo hasta el momento no identificado, cuyo conductor\u00a0abandon\u00f3 la escena\u00a0tras el choque.<\/p>\n<p class=\"has-text-align-justify has-text-align-justify\" style=\"text-align: justify;\">Las autoridades indicaron que el accidente ocurri\u00f3 alrededor de las\u00a08:00 de la noche, y que el caso fue notificado a la\u00a0DIGESETT\u00a0y al\u00a0Sistema Nacional de Atenci\u00f3n a Emergencias y Seguridad 9-1-1.<\/p>\n<p class=\"has-text-align-justify has-text-align-justify\" style=\"text-align: justify;\">El hecho se encuentra bajo investigaci\u00f3n para dar con el paradero del veh\u00edculo involucrado y establecer responsabilidades conforme a la ley.<\/p>\n","protected":false},"excerpt":{"rendered":"<p>Un joven de\u00a020 a\u00f1os\u00a0perdi\u00f3 la vida y otro result\u00f3 herido tras una colisi\u00f3n registrada la noche del s\u00e1bado en un tramo de la\u00a0carretera Vuelta de Gabino\u2013Cruce de Santa Elena, en esta provincia, seg\u00fan informaciones ofrecidas por las autoridades de tr\u00e1nsito. La v\u00edctima fue identificada como\u00a0Xavier Acosta Franco, residente en el barrio Don Bosco, quien falleci\u00f3 [&hellip;]<\/p>\n","protected":false},"author":15,"featured_media":51828,"comment_status":"open","ping_status":"open","sticky":false,"template":"","format":"standard","meta":{"footnotes":""},"categories":[3913],"tags":[413,6004,6007,6006,5108,6005,753],"class_list":{"0":"post-51827","1":"post","2":"type-post","3":"status-publish","4":"format-standard","5":"has-post-thumbnail","7":"category-nacionales","8":"tag-barahona","9":"tag-colision","10":"tag-gabino","11":"tag-huyo","12":"tag-joven-muerto","13":"tag-tramo-vial","14":"tag-vehiculo"},"yoast_head":"<!-- This site is optimized with the Yoast SEO plugin v27.1.1 - https:\/\/yoast.com\/product\/yoast-seo-wordpress\/ -->\n<title>Joven muere tras colisi\u00f3n con veh\u00edculo que huy\u00f3 en Barahona - Conexi\u00f3n 23<\/title>\n<meta name=\"robots\" content=\"index, follow, max-snippet:-1, max-image-preview:large, max-video-preview:-1\" \/>\n<link rel=\"canonical\" href=\"https:\/\/conexion23.com\/?p=51827\" \/>\n<meta property=\"og:locale\" content=\"es_ES\" \/>\n<meta property=\"og:type\" content=\"article\" \/>\n<meta property=\"og:title\" content=\"Joven muere tras colisi\u00f3n con veh\u00edculo que huy\u00f3 en Barahona - Conexi\u00f3n 23\" \/>\n<meta property=\"og:description\" content=\"Un joven de\u00a020 a\u00f1os\u00a0perdi\u00f3 la vida y otro result\u00f3 herido tras una colisi\u00f3n registrada la noche del s\u00e1bado en un tramo de la\u00a0carretera Vuelta de Gabino\u2013Cruce de Santa Elena, en esta provincia, seg\u00fan informaciones ofrecidas por las autoridades de tr\u00e1nsito. La v\u00edctima fue identificada como\u00a0Xavier Acosta Franco, residente en el barrio Don Bosco, quien falleci\u00f3 [&hellip;]\" \/>\n<meta property=\"og:url\" content=\"https:\/\/conexion23.com\/?p=51827\" \/>\n<meta property=\"og:site_name\" content=\"Conexi\u00f3n 23\" \/>\n<meta property=\"article:publisher\" content=\"https:\/\/www.facebook.com\/conexion23com\" \/>\n<meta property=\"article:published_time\" content=\"2026-01-26T21:28:56+00:00\" \/>\n<meta property=\"og:image\" content=\"https:\/\/conexion23.com\/wp-content\/uploads\/2026\/01\/descarga-42.jpg\" \/>\n\t<meta property=\"og:image:width\" content=\"1024\" \/>\n\t<meta property=\"og:image:height\" content=\"628\" \/>\n\t<meta property=\"og:image:type\" content=\"image\/jpeg\" \/>\n<meta name=\"author\" content=\"Raffy Ben\u00edtez\" \/>\n<meta name=\"twitter:card\" content=\"summary_large_image\" \/>\n<meta name=\"twitter:label1\" content=\"Escrito por\" \/>\n\t<meta name=\"twitter:data1\" content=\"Raffy Ben\u00edtez\" \/>\n\t<meta name=\"twitter:label2\" content=\"Tiempo de lectura\" \/>\n\t<meta name=\"twitter:data2\" content=\"2 minutos\" \/>\n<script type=\"application\/ld+json\" class=\"yoast-schema-graph\">{\"@context\":\"https:\/\/schema.org\",\"@graph\":[{\"@type\":\"Article\",\"@id\":\"https:\/\/conexion23.com\/?p=51827#article\",\"isPartOf\":{\"@id\":\"https:\/\/conexion23.com\/?p=51827\"},\"author\":{\"name\":\"Raffy Ben\u00edtez\",\"@id\":\"https:\/\/conexion23.com\/#\/schema\/person\/03e36043331117e97a373299bbcd30a6\"},\"headline\":\"Joven muere tras colisi\u00f3n con veh\u00edculo que huy\u00f3 en Barahona\",\"datePublished\":\"2026-01-26T21:28:56+00:00\",\"mainEntityOfPage\":{\"@id\":\"https:\/\/conexion23.com\/?p=51827\"},\"wordCount\":253,\"commentCount\":0,\"publisher\":{\"@id\":\"https:\/\/conexion23.com\/#organization\"},\"image\":{\"@id\":\"https:\/\/conexion23.com\/?p=51827#primaryimage\"},\"thumbnailUrl\":\"https:\/\/conexion23.com\/wp-content\/uploads\/2026\/01\/descarga-42.jpg\",\"keywords\":[\"Barahona\",\"colisi\u00f3n\",\"Gabino\",\"huy\u00f3\",\"joven muerto\",\"tramo vial\",\"Vehiculo\"],\"articleSection\":[\"Nacionales\"],\"inLanguage\":\"es\",\"potentialAction\":[{\"@type\":\"CommentAction\",\"name\":\"Comment\",\"target\":[\"https:\/\/conexion23.com\/?p=51827#respond\"]}]},{\"@type\":\"WebPage\",\"@id\":\"https:\/\/conexion23.com\/?p=51827\",\"url\":\"https:\/\/conexion23.com\/?p=51827\",\"name\":\"Joven muere tras colisi\u00f3n con veh\u00edculo que huy\u00f3 en Barahona - Conexi\u00f3n 23\",\"isPartOf\":{\"@id\":\"https:\/\/conexion23.com\/#website\"},\"primaryImageOfPage\":{\"@id\":\"https:\/\/conexion23.com\/?p=51827#primaryimage\"},\"image\":{\"@id\":\"https:\/\/conexion23.com\/?p=51827#primaryimage\"},\"thumbnailUrl\":\"https:\/\/conexion23.com\/wp-content\/uploads\/2026\/01\/descarga-42.jpg\",\"datePublished\":\"2026-01-26T21:28:56+00:00\",\"breadcrumb\":{\"@id\":\"https:\/\/conexion23.com\/?p=51827#breadcrumb\"},\"inLanguage\":\"es\",\"potentialAction\":[{\"@type\":\"ReadAction\",\"target\":[\"https:\/\/conexion23.com\/?p=51827\"]}]},{\"@type\":\"ImageObject\",\"inLanguage\":\"es\",\"@id\":\"https:\/\/conexion23.com\/?p=51827#primaryimage\",\"url\":\"https:\/\/conexion23.com\/wp-content\/uploads\/2026\/01\/descarga-42.jpg\",\"contentUrl\":\"https:\/\/conexion23.com\/wp-content\/uploads\/2026\/01\/descarga-42.jpg\",\"width\":1024,\"height\":628},{\"@type\":\"BreadcrumbList\",\"@id\":\"https:\/\/conexion23.com\/?p=51827#breadcrumb\",\"itemListElement\":[{\"@type\":\"ListItem\",\"position\":1,\"name\":\"Portada\",\"item\":\"https:\/\/conexion23.com\/\"},{\"@type\":\"ListItem\",\"position\":2,\"name\":\"Joven muere tras colisi\u00f3n con veh\u00edculo que huy\u00f3 en Barahona\"}]},{\"@type\":\"WebSite\",\"@id\":\"https:\/\/conexion23.com\/#website\",\"url\":\"https:\/\/conexion23.com\/\",\"name\":\"Conexi\u00f3n 23\",\"description\":\"Peri\u00f3dico 100% Petromacorisano\",\"publisher\":{\"@id\":\"https:\/\/conexion23.com\/#organization\"},\"potentialAction\":[{\"@type\":\"SearchAction\",\"target\":{\"@type\":\"EntryPoint\",\"urlTemplate\":\"https:\/\/conexion23.com\/?s={search_term_string}\"},\"query-input\":{\"@type\":\"PropertyValueSpecification\",\"valueRequired\":true,\"valueName\":\"search_term_string\"}}],\"inLanguage\":\"es\"},{\"@type\":\"Organization\",\"@id\":\"https:\/\/conexion23.com\/#organization\",\"name\":\"Conexion 23\",\"url\":\"https:\/\/conexion23.com\/\",\"logo\":{\"@type\":\"ImageObject\",\"inLanguage\":\"es\",\"@id\":\"https:\/\/conexion23.com\/#\/schema\/logo\/image\/\",\"url\":\"https:\/\/conexion23.com\/wp-content\/uploads\/2021\/11\/Diseno-sin-titulo-2.png\",\"contentUrl\":\"https:\/\/conexion23.com\/wp-content\/uploads\/2021\/11\/Diseno-sin-titulo-2.png\",\"width\":541,\"height\":90,\"caption\":\"Conexion 23\"},\"image\":{\"@id\":\"https:\/\/conexion23.com\/#\/schema\/logo\/image\/\"},\"sameAs\":[\"https:\/\/www.facebook.com\/conexion23com\",\"https:\/\/www.instagram.com\/conexion23com\/\",\"https:\/\/www.youtube.com\/channel\/UCYc7vxxFZMYLIHNsHHxPZ3Q\"]},{\"@type\":\"Person\",\"@id\":\"https:\/\/conexion23.com\/#\/schema\/person\/03e36043331117e97a373299bbcd30a6\",\"name\":\"Raffy Ben\u00edtez\",\"image\":{\"@type\":\"ImageObject\",\"inLanguage\":\"es\",\"@id\":\"https:\/\/conexion23.com\/#\/schema\/person\/image\/\",\"url\":\"https:\/\/secure.gravatar.com\/avatar\/3190a6a6c5e1b0327500f7d6c56b6242472ee6cb974cf09b401ee6b3b0798f23?s=96&d=mm&r=g\",\"contentUrl\":\"https:\/\/secure.gravatar.com\/avatar\/3190a6a6c5e1b0327500f7d6c56b6242472ee6cb974cf09b401ee6b3b0798f23?s=96&d=mm&r=g\",\"caption\":\"Raffy Ben\u00edtez\"},\"url\":\"https:\/\/conexion23.com\/?author=15\"}]}<\/script>\n<!-- \/ Yoast SEO plugin. -->","yoast_head_json":{"title":"Joven muere tras colisi\u00f3n con veh\u00edculo que huy\u00f3 en Barahona - Conexi\u00f3n 23","robots":{"index":"index","follow":"follow","max-snippet":"max-snippet:-1","max-image-preview":"max-image-preview:large","max-video-preview":"max-video-preview:-1"},"canonical":"https:\/\/conexion23.com\/?p=51827","og_locale":"es_ES","og_type":"article","og_title":"Joven muere tras colisi\u00f3n con veh\u00edculo que huy\u00f3 en Barahona - Conexi\u00f3n 23","og_description":"Un joven de\u00a020 a\u00f1os\u00a0perdi\u00f3 la vida y otro result\u00f3 herido tras una colisi\u00f3n registrada la noche del s\u00e1bado en un tramo de la\u00a0carretera Vuelta de Gabino\u2013Cruce de Santa Elena, en esta provincia, seg\u00fan informaciones ofrecidas por las autoridades de tr\u00e1nsito. La v\u00edctima fue identificada como\u00a0Xavier Acosta Franco, residente en el barrio Don Bosco, quien falleci\u00f3 [&hellip;]","og_url":"https:\/\/conexion23.com\/?p=51827","og_site_name":"Conexi\u00f3n 23","article_publisher":"https:\/\/www.facebook.com\/conexion23com","article_published_time":"2026-01-26T21:28:56+00:00","og_image":[{"width":1024,"height":628,"url":"https:\/\/conexion23.com\/wp-content\/uploads\/2026\/01\/descarga-42.jpg","type":"image\/jpeg"}],"author":"Raffy Ben\u00edtez","twitter_card":"summary_large_image","twitter_misc":{"Escrito por":"Raffy Ben\u00edtez","Tiempo de lectura":"2 minutos"},"schema":{"@context":"https:\/\/schema.org","@graph":[{"@type":"Article","@id":"https:\/\/conexion23.com\/?p=51827#article","isPartOf":{"@id":"https:\/\/conexion23.com\/?p=51827"},"author":{"name":"Raffy Ben\u00edtez","@id":"https:\/\/conexion23.com\/#\/schema\/person\/03e36043331117e97a373299bbcd30a6"},"headline":"Joven muere tras colisi\u00f3n con veh\u00edculo que huy\u00f3 en Barahona","datePublished":"2026-01-26T21:28:56+00:00","mainEntityOfPage":{"@id":"https:\/\/conexion23.com\/?p=51827"},"wordCount":253,"commentCount":0,"publisher":{"@id":"https:\/\/conexion23.com\/#organization"},"image":{"@id":"https:\/\/conexion23.com\/?p=51827#primaryimage"},"thumbnailUrl":"https:\/\/conexion23.com\/wp-content\/uploads\/2026\/01\/descarga-42.jpg","keywords":["Barahona","colisi\u00f3n","Gabino","huy\u00f3","joven muerto","tramo vial","Vehiculo"],"articleSection":["Nacionales"],"inLanguage":"es","potentialAction":[{"@type":"CommentAction","name":"Comment","target":["https:\/\/conexion23.com\/?p=51827#respond"]}]},{"@type":"WebPage","@id":"https:\/\/conexion23.com\/?p=51827","url":"https:\/\/conexion23.com\/?p=51827","name":"Joven muere tras colisi\u00f3n con veh\u00edculo que huy\u00f3 en Barahona - Conexi\u00f3n 23","isPartOf":{"@id":"https:\/\/conexion23.com\/#website"},"primaryImageOfPage":{"@id":"https:\/\/conexion23.com\/?p=51827#primaryimage"},"image":{"@id":"https:\/\/conexion23.com\/?p=51827#primaryimage"},"thumbnailUrl":"https:\/\/conexion23.com\/wp-content\/uploads\/2026\/01\/descarga-42.jpg","datePublished":"2026-01-26T21:28:56+00:00","breadcrumb":{"@id":"https:\/\/conexion23.com\/?p=51827#breadcrumb"},"inLanguage":"es","potentialAction":[{"@type":"ReadAction","target":["https:\/\/conexion23.com\/?p=51827"]}]},{"@type":"ImageObject","inLanguage":"es","@id":"https:\/\/conexion23.com\/?p=51827#primaryimage","url":"https:\/\/conexion23.com\/wp-content\/uploads\/2026\/01\/descarga-42.jpg","contentUrl":"https:\/\/conexion23.com\/wp-content\/uploads\/2026\/01\/descarga-42.jpg","width":1024,"height":628},{"@type":"BreadcrumbList","@id":"https:\/\/conexion23.com\/?p=51827#breadcrumb","itemListElement":[{"@type":"ListItem","position":1,"name":"Portada","item":"https:\/\/conexion23.com\/"},{"@type":"ListItem","position":2,"name":"Joven muere tras colisi\u00f3n con veh\u00edculo que huy\u00f3 en Barahona"}]},{"@type":"WebSite","@id":"https:\/\/conexion23.com\/#website","url":"https:\/\/conexion23.com\/","name":"Conexi\u00f3n 23","description":"Peri\u00f3dico 100% Petromacorisano","publisher":{"@id":"https:\/\/conexion23.com\/#organization"},"potentialAction":[{"@type":"SearchAction","target":{"@type":"EntryPoint","urlTemplate":"https:\/\/conexion23.com\/?s={search_term_string}"},"query-input":{"@type":"PropertyValueSpecification","valueRequired":true,"valueName":"search_term_string"}}],"inLanguage":"es"},{"@type":"Organization","@id":"https:\/\/conexion23.com\/#organization","name":"Conexion 23","url":"https:\/\/conexion23.com\/","logo":{"@type":"ImageObject","inLanguage":"es","@id":"https:\/\/conexion23.com\/#\/schema\/logo\/image\/","url":"https:\/\/conexion23.com\/wp-content\/uploads\/2021\/11\/Diseno-sin-titulo-2.png","contentUrl":"https:\/\/conexion23.com\/wp-content\/uploads\/2021\/11\/Diseno-sin-titulo-2.png","width":541,"height":90,"caption":"Conexion 23"},"image":{"@id":"https:\/\/conexion23.com\/#\/schema\/logo\/image\/"},"sameAs":["https:\/\/www.facebook.com\/conexion23com","https:\/\/www.instagram.com\/conexion23com\/","https:\/\/www.youtube.com\/channel\/UCYc7vxxFZMYLIHNsHHxPZ3Q"]},{"@type":"Person","@id":"https:\/\/conexion23.com\/#\/schema\/person\/03e36043331117e97a373299bbcd30a6","name":"Raffy Ben\u00edtez","image":{"@type":"ImageObject","inLanguage":"es","@id":"https:\/\/conexion23.com\/#\/schema\/person\/image\/","url":"https:\/\/secure.gravatar.com\/avatar\/3190a6a6c5e1b0327500f7d6c56b6242472ee6cb974cf09b401ee6b3b0798f23?s=96&d=mm&r=g","contentUrl":"https:\/\/secure.gravatar.com\/avatar\/3190a6a6c5e1b0327500f7d6c56b6242472ee6cb974cf09b401ee6b3b0798f23?s=96&d=mm&r=g","caption":"Raffy Ben\u00edtez"},"url":"https:\/\/conexion23.com\/?author=15"}]}},"_links":{"self":[{"href":"https:\/\/conexion23.com\/index.php?rest_route=\/wp\/v2\/posts\/51827","targetHints":{"allow":["GET"]}}],"collection":[{"href":"https:\/\/conexion23.com\/index.php?rest_route=\/wp\/v2\/posts"}],"about":[{"href":"https:\/\/conexion23.com\/index.php?rest_route=\/wp\/v2\/types\/post"}],"author":[{"embeddable":true,"href":"https:\/\/conexion23.com\/index.php?rest_route=\/wp\/v2\/users\/15"}],"replies":[{"embeddable":true,"href":"https:\/\/conexion23.com\/index.php?rest_route=%2Fwp%2Fv2%2Fcomments&post=51827"}],"version-history":[{"count":1,"href":"https:\/\/conexion23.com\/index.php?rest_route=\/wp\/v2\/posts\/51827\/revisions"}],"predecessor-version":[{"id":51829,"href":"https:\/\/conexion23.com\/index.php?rest_route=\/wp\/v2\/posts\/51827\/revisions\/51829"}],"wp:featuredmedia":[{"embeddable":true,"href":"https:\/\/conexion23.com\/index.php?rest_route=\/wp\/v2\/media\/51828"}],"wp:attachment":[{"href":"https:\/\/conexion23.com\/index.php?rest_route=%2Fwp%2Fv2%2Fmedia&parent=51827"}],"wp:term":[{"taxonomy":"category","embeddable":true,"href":"https:\/\/conexion23.com\/index.php?rest_route=%2Fwp%2Fv2%2Fcategories&post=51827"},{"taxonomy":"post_tag","embeddable":true,"href":"https:\/\/conexion23.com\/index.php?rest_route=%2Fwp%2Fv2%2Ftags&post=51827"}],"curies":[{"name":"wp","href":"https:\/\/api.w.org\/{rel}","templated":true}]}}