{"id":51830,"date":"2026-01-26T17:45:14","date_gmt":"2026-01-26T21:45:14","guid":{"rendered":"https:\/\/conexion23.com\/?p=51830"},"modified":"2026-01-26T17:45:14","modified_gmt":"2026-01-26T21:45:14","slug":"jce-entrega-primera-cedula-en-el-nuevo-formato-al-presidente-y-la-primera-dama","status":"publish","type":"post","link":"https:\/\/conexion23.com\/?p=51830","title":{"rendered":"JCE entrega primera c\u00e9dula en el nuevo formato al presidente y la primera dama"},"content":{"rendered":"<p style=\"font-weight: 400; text-align: justify;\"><strong>La Junta Central Electoral (JCE) entreg\u00f3 formalmente este lunes la primera c\u00e9dula de identidad y electoral en el nuevo formato al presidente de la Rep\u00fablica, Luis Abinader, y\u00a0\u00a0a la primera dama Raquel Arbaje, fecha en que se conmemora el natalicio del padre de la patria, Juan Pablo Duarte.<\/strong><\/p>\n<p style=\"font-weight: 400; text-align: justify;\">Durante el acto, celebrado en el Auditorio de la sede central, el mandatario complet\u00f3 el proceso de captura de datos biom\u00e9tricos y personales para convertirse en el primer ciudadano en obtener la c\u00e9dula de identidad y electoral y luego se procedi\u00f3 con la entrega a la primera dama Raquel Arbaje.<\/p>\n<p style=\"font-weight: 400; text-align: justify;\">La actividad fue encabezada por el Pleno de la JCE, integrado por su presidente, Rom\u00e1n Andr\u00e9s J\u00e1quez Liranzo, los miembros titulares Dolores Fern\u00e1ndez S\u00e1nchez, Samir Chami Isa, Hirayda Marcelle Fern\u00e1ndez Guzm\u00e1n y Rafael Armando Vallejo Santelises; as\u00ed como el secretario general Sonne Beltr\u00e9.<\/p>\n<p style=\"font-weight: 400; text-align: justify;\">Asimismo, estuvieron presentes los miembros suplentes Prado L\u00f3pez Cornielle, Cristian Perdomo, Mar\u00eda Estela de Le\u00f3n, Anibelca Rosario y Tony Tejada, junto a directores y directoras de la instituci\u00f3n.<\/p>\n<p style=\"font-weight: 400; text-align: justify;\">Durante el acto el presidente de la JCE destac\u00f3 que \u201choy asistimos a un acto que marca el inicio formal de un proceso concebido como un proyecto de Estado orientado al fortalecimiento de la identidad nacional y a la integridad democr\u00e1tica\u201d.<\/p>\n<p><img loading=\"lazy\" decoding=\"async\" class=\"alignnone  wp-image-51831\" src=\"https:\/\/conexion23.com\/wp-content\/uploads\/2026\/01\/Entregan-cedula-al-presidente-1-300x196.jpeg\" alt=\"\" width=\"690\" height=\"451\" srcset=\"https:\/\/conexion23.com\/wp-content\/uploads\/2026\/01\/Entregan-cedula-al-presidente-1-300x196.jpeg 300w, https:\/\/conexion23.com\/wp-content\/uploads\/2026\/01\/Entregan-cedula-al-presidente-1-1024x668.jpeg 1024w, https:\/\/conexion23.com\/wp-content\/uploads\/2026\/01\/Entregan-cedula-al-presidente-1-768x501.jpeg 768w, https:\/\/conexion23.com\/wp-content\/uploads\/2026\/01\/Entregan-cedula-al-presidente-1-1536x1002.jpeg 1536w, https:\/\/conexion23.com\/wp-content\/uploads\/2026\/01\/Entregan-cedula-al-presidente-1-644x420.jpeg 644w, https:\/\/conexion23.com\/wp-content\/uploads\/2026\/01\/Entregan-cedula-al-presidente-1-1288x840.jpeg 1288w, https:\/\/conexion23.com\/wp-content\/uploads\/2026\/01\/Entregan-cedula-al-presidente-1-150x98.jpeg 150w, https:\/\/conexion23.com\/wp-content\/uploads\/2026\/01\/Entregan-cedula-al-presidente-1-600x391.jpeg 600w, https:\/\/conexion23.com\/wp-content\/uploads\/2026\/01\/Entregan-cedula-al-presidente-1-696x454.jpeg 696w, https:\/\/conexion23.com\/wp-content\/uploads\/2026\/01\/Entregan-cedula-al-presidente-1-1392x908.jpeg 1392w, https:\/\/conexion23.com\/wp-content\/uploads\/2026\/01\/Entregan-cedula-al-presidente-1-1068x696.jpeg 1068w, https:\/\/conexion23.com\/wp-content\/uploads\/2026\/01\/Entregan-cedula-al-presidente-1.jpeg 1920w\" sizes=\"auto, (max-width: 690px) 100vw, 690px\" \/><\/p>\n<p style=\"font-weight: 400; text-align: justify;\">Manifest\u00f3 que este proceso de renovaci\u00f3n implica de manera transversal la depuraci\u00f3n m\u00e1s rigurosa y transparente del registro civil y del padr\u00f3n electoral, tanto en el \u00e1mbito nacional como en el exterior.<\/p>\n<p style=\"font-weight: 400; text-align: justify;\">\u201cEl cambio de la nueva c\u00e9dula no se realizar\u00e1 sustituyendo c\u00e9dula por c\u00e9dula sin control, sino que la Junta Central Electoral ha estado trabajando de forma proactiva en la depuraci\u00f3n del registro civil desde diciembre de 2024 en procura de que \u00fanicamente los ciudadanos con derecho a ello reciban el nuevo documento\u201d, enfatiz\u00f3 J\u00e1quez Liranzo.<\/p>\n<p style=\"font-weight: 400; text-align: justify;\"><strong>Una c\u00e9dula con est\u00e1ndares internacionales de seguridad<\/strong><\/p>\n<p style=\"font-weight: 400; text-align: justify;\">El presidente de la JCE manifest\u00f3 que, adem\u00e1s, \u201cavanzamos hacia una c\u00e9dula acorde con los avances tecnol\u00f3gicos y con los est\u00e1ndares internacionales de seguridad, una c\u00e9dula inteligente con oportunidades de uso digital que facilita la interoperabilidad institucional y contribuye a la modernizaci\u00f3n de los servicios p\u00fablicos\u201d.<\/p>\n<p style=\"font-weight: 400; text-align: justify;\">\u201cDesde una perspectiva de sostenibilidad, este proyecto permitir\u00e1 una optimizaci\u00f3n de los recursos del Estado a mediano y largo plazo, al tratarse de una c\u00e9dula con altos niveles de resistencia y durabilidad que no requerir\u00e1 sustituciones frecuentes\u201d, se\u00f1al\u00f3.<\/p>\n<p style=\"font-weight: 400; text-align: justify;\">Otro aspecto que detall\u00f3 como de suma importancia e innovador, es que la c\u00e9dula en el nuevo formato permitir\u00e1 ahorros, ya que no se vencer\u00e1 en un mismo a\u00f1o a todos y a todas a la vez.<\/p>\n<p style=\"font-weight: 400; text-align: justify;\">\n","protected":false},"excerpt":{"rendered":"<p>La Junta Central Electoral (JCE) entreg\u00f3 formalmente este lunes la primera c\u00e9dula de identidad y electoral en el nuevo formato al presidente de la Rep\u00fablica, Luis Abinader, y\u00a0\u00a0a la primera dama Raquel Arbaje, fecha en que se conmemora el natalicio del padre de la patria, Juan Pablo Duarte. Durante el acto, celebrado en el Auditorio [&hellip;]<\/p>\n","protected":false},"author":18,"featured_media":51832,"comment_status":"open","ping_status":"open","sticky":false,"template":"","format":"standard","meta":{"footnotes":""},"categories":[3913,3773],"tags":[3708,3709,5842],"class_list":{"0":"post-51830","1":"post","2":"type-post","3":"status-publish","4":"format-standard","5":"has-post-thumbnail","7":"category-nacionales","8":"category-portada","9":"tag-cedula","10":"tag-junta-central-electoral","11":"tag-raquel-arbaje"},"yoast_head":"<!-- This site is optimized with the Yoast SEO plugin v27.1.1 - https:\/\/yoast.com\/product\/yoast-seo-wordpress\/ -->\n<title>JCE entrega primera c\u00e9dula en el nuevo formato al presidente y la primera dama - Conexi\u00f3n 23<\/title>\n<meta name=\"robots\" content=\"index, follow, max-snippet:-1, max-image-preview:large, max-video-preview:-1\" \/>\n<link rel=\"canonical\" href=\"https:\/\/conexion23.com\/?p=51830\" \/>\n<meta property=\"og:locale\" content=\"es_ES\" \/>\n<meta property=\"og:type\" content=\"article\" \/>\n<meta property=\"og:title\" content=\"JCE entrega primera c\u00e9dula en el nuevo formato al presidente y la primera dama - Conexi\u00f3n 23\" \/>\n<meta property=\"og:description\" content=\"La Junta Central Electoral (JCE) entreg\u00f3 formalmente este lunes la primera c\u00e9dula de identidad y electoral en el nuevo formato al presidente de la Rep\u00fablica, Luis Abinader, y\u00a0\u00a0a la primera dama Raquel Arbaje, fecha en que se conmemora el natalicio del padre de la patria, Juan Pablo Duarte. Durante el acto, celebrado en el Auditorio [&hellip;]\" \/>\n<meta property=\"og:url\" content=\"https:\/\/conexion23.com\/?p=51830\" \/>\n<meta property=\"og:site_name\" content=\"Conexi\u00f3n 23\" \/>\n<meta property=\"article:publisher\" content=\"https:\/\/www.facebook.com\/conexion23com\" \/>\n<meta property=\"article:published_time\" content=\"2026-01-26T21:45:14+00:00\" \/>\n<meta property=\"og:image\" content=\"https:\/\/conexion23.com\/wp-content\/uploads\/2026\/01\/Entregan-cedula-al-presidente-2.jpeg\" \/>\n\t<meta property=\"og:image:width\" content=\"1920\" \/>\n\t<meta property=\"og:image:height\" content=\"1200\" \/>\n\t<meta property=\"og:image:type\" content=\"image\/jpeg\" \/>\n<meta name=\"author\" content=\"Redacci\u00f3n\" \/>\n<meta name=\"twitter:card\" content=\"summary_large_image\" \/>\n<meta name=\"twitter:label1\" content=\"Escrito por\" \/>\n\t<meta name=\"twitter:data1\" content=\"Redacci\u00f3n\" \/>\n\t<meta name=\"twitter:label2\" content=\"Tiempo de lectura\" \/>\n\t<meta name=\"twitter:data2\" content=\"3 minutos\" \/>\n<script type=\"application\/ld+json\" class=\"yoast-schema-graph\">{\"@context\":\"https:\/\/schema.org\",\"@graph\":[{\"@type\":\"Article\",\"@id\":\"https:\/\/conexion23.com\/?p=51830#article\",\"isPartOf\":{\"@id\":\"https:\/\/conexion23.com\/?p=51830\"},\"author\":{\"name\":\"Redacci\u00f3n\",\"@id\":\"https:\/\/conexion23.com\/#\/schema\/person\/0a860802b17d01ad2a278f53c507c296\"},\"headline\":\"JCE entrega primera c\u00e9dula en el nuevo formato al presidente y la primera dama\",\"datePublished\":\"2026-01-26T21:45:14+00:00\",\"mainEntityOfPage\":{\"@id\":\"https:\/\/conexion23.com\/?p=51830\"},\"wordCount\":479,\"commentCount\":0,\"publisher\":{\"@id\":\"https:\/\/conexion23.com\/#organization\"},\"image\":{\"@id\":\"https:\/\/conexion23.com\/?p=51830#primaryimage\"},\"thumbnailUrl\":\"https:\/\/conexion23.com\/wp-content\/uploads\/2026\/01\/Entregan-cedula-al-presidente-2.jpeg\",\"keywords\":[\"cedula\",\"Junta Central Electoral\",\"Raquel Arbaje\"],\"articleSection\":[\"Nacionales\",\"Portada\"],\"inLanguage\":\"es\",\"potentialAction\":[{\"@type\":\"CommentAction\",\"name\":\"Comment\",\"target\":[\"https:\/\/conexion23.com\/?p=51830#respond\"]}]},{\"@type\":\"WebPage\",\"@id\":\"https:\/\/conexion23.com\/?p=51830\",\"url\":\"https:\/\/conexion23.com\/?p=51830\",\"name\":\"JCE entrega primera c\u00e9dula en el nuevo formato al presidente y la primera dama - Conexi\u00f3n 23\",\"isPartOf\":{\"@id\":\"https:\/\/conexion23.com\/#website\"},\"primaryImageOfPage\":{\"@id\":\"https:\/\/conexion23.com\/?p=51830#primaryimage\"},\"image\":{\"@id\":\"https:\/\/conexion23.com\/?p=51830#primaryimage\"},\"thumbnailUrl\":\"https:\/\/conexion23.com\/wp-content\/uploads\/2026\/01\/Entregan-cedula-al-presidente-2.jpeg\",\"datePublished\":\"2026-01-26T21:45:14+00:00\",\"breadcrumb\":{\"@id\":\"https:\/\/conexion23.com\/?p=51830#breadcrumb\"},\"inLanguage\":\"es\",\"potentialAction\":[{\"@type\":\"ReadAction\",\"target\":[\"https:\/\/conexion23.com\/?p=51830\"]}]},{\"@type\":\"ImageObject\",\"inLanguage\":\"es\",\"@id\":\"https:\/\/conexion23.com\/?p=51830#primaryimage\",\"url\":\"https:\/\/conexion23.com\/wp-content\/uploads\/2026\/01\/Entregan-cedula-al-presidente-2.jpeg\",\"contentUrl\":\"https:\/\/conexion23.com\/wp-content\/uploads\/2026\/01\/Entregan-cedula-al-presidente-2.jpeg\",\"width\":1920,\"height\":1200},{\"@type\":\"BreadcrumbList\",\"@id\":\"https:\/\/conexion23.com\/?p=51830#breadcrumb\",\"itemListElement\":[{\"@type\":\"ListItem\",\"position\":1,\"name\":\"Portada\",\"item\":\"https:\/\/conexion23.com\/\"},{\"@type\":\"ListItem\",\"position\":2,\"name\":\"JCE entrega primera c\u00e9dula en el nuevo formato al presidente y la primera dama\"}]},{\"@type\":\"WebSite\",\"@id\":\"https:\/\/conexion23.com\/#website\",\"url\":\"https:\/\/conexion23.com\/\",\"name\":\"Conexi\u00f3n 23\",\"description\":\"Peri\u00f3dico 100% Petromacorisano\",\"publisher\":{\"@id\":\"https:\/\/conexion23.com\/#organization\"},\"potentialAction\":[{\"@type\":\"SearchAction\",\"target\":{\"@type\":\"EntryPoint\",\"urlTemplate\":\"https:\/\/conexion23.com\/?s={search_term_string}\"},\"query-input\":{\"@type\":\"PropertyValueSpecification\",\"valueRequired\":true,\"valueName\":\"search_term_string\"}}],\"inLanguage\":\"es\"},{\"@type\":\"Organization\",\"@id\":\"https:\/\/conexion23.com\/#organization\",\"name\":\"Conexion 23\",\"url\":\"https:\/\/conexion23.com\/\",\"logo\":{\"@type\":\"ImageObject\",\"inLanguage\":\"es\",\"@id\":\"https:\/\/conexion23.com\/#\/schema\/logo\/image\/\",\"url\":\"https:\/\/conexion23.com\/wp-content\/uploads\/2021\/11\/Diseno-sin-titulo-2.png\",\"contentUrl\":\"https:\/\/conexion23.com\/wp-content\/uploads\/2021\/11\/Diseno-sin-titulo-2.png\",\"width\":541,\"height\":90,\"caption\":\"Conexion 23\"},\"image\":{\"@id\":\"https:\/\/conexion23.com\/#\/schema\/logo\/image\/\"},\"sameAs\":[\"https:\/\/www.facebook.com\/conexion23com\",\"https:\/\/www.instagram.com\/conexion23com\/\",\"https:\/\/www.youtube.com\/channel\/UCYc7vxxFZMYLIHNsHHxPZ3Q\"]},{\"@type\":\"Person\",\"@id\":\"https:\/\/conexion23.com\/#\/schema\/person\/0a860802b17d01ad2a278f53c507c296\",\"name\":\"Redacci\u00f3n\",\"image\":{\"@type\":\"ImageObject\",\"inLanguage\":\"es\",\"@id\":\"https:\/\/conexion23.com\/#\/schema\/person\/image\/\",\"url\":\"https:\/\/secure.gravatar.com\/avatar\/ec9d84b79c776aa1994e5893944465db9974b17b884155623da51b7b62c02845?s=96&d=mm&r=g\",\"contentUrl\":\"https:\/\/secure.gravatar.com\/avatar\/ec9d84b79c776aa1994e5893944465db9974b17b884155623da51b7b62c02845?s=96&d=mm&r=g\",\"caption\":\"Redacci\u00f3n\"},\"url\":\"https:\/\/conexion23.com\/?author=18\"}]}<\/script>\n<!-- \/ Yoast SEO plugin. -->","yoast_head_json":{"title":"JCE entrega primera c\u00e9dula en el nuevo formato al presidente y la primera dama - Conexi\u00f3n 23","robots":{"index":"index","follow":"follow","max-snippet":"max-snippet:-1","max-image-preview":"max-image-preview:large","max-video-preview":"max-video-preview:-1"},"canonical":"https:\/\/conexion23.com\/?p=51830","og_locale":"es_ES","og_type":"article","og_title":"JCE entrega primera c\u00e9dula en el nuevo formato al presidente y la primera dama - Conexi\u00f3n 23","og_description":"La Junta Central Electoral (JCE) entreg\u00f3 formalmente este lunes la primera c\u00e9dula de identidad y electoral en el nuevo formato al presidente de la Rep\u00fablica, Luis Abinader, y\u00a0\u00a0a la primera dama Raquel Arbaje, fecha en que se conmemora el natalicio del padre de la patria, Juan Pablo Duarte. Durante el acto, celebrado en el Auditorio [&hellip;]","og_url":"https:\/\/conexion23.com\/?p=51830","og_site_name":"Conexi\u00f3n 23","article_publisher":"https:\/\/www.facebook.com\/conexion23com","article_published_time":"2026-01-26T21:45:14+00:00","og_image":[{"width":1920,"height":1200,"url":"https:\/\/conexion23.com\/wp-content\/uploads\/2026\/01\/Entregan-cedula-al-presidente-2.jpeg","type":"image\/jpeg"}],"author":"Redacci\u00f3n","twitter_card":"summary_large_image","twitter_misc":{"Escrito por":"Redacci\u00f3n","Tiempo de lectura":"3 minutos"},"schema":{"@context":"https:\/\/schema.org","@graph":[{"@type":"Article","@id":"https:\/\/conexion23.com\/?p=51830#article","isPartOf":{"@id":"https:\/\/conexion23.com\/?p=51830"},"author":{"name":"Redacci\u00f3n","@id":"https:\/\/conexion23.com\/#\/schema\/person\/0a860802b17d01ad2a278f53c507c296"},"headline":"JCE entrega primera c\u00e9dula en el nuevo formato al presidente y la primera dama","datePublished":"2026-01-26T21:45:14+00:00","mainEntityOfPage":{"@id":"https:\/\/conexion23.com\/?p=51830"},"wordCount":479,"commentCount":0,"publisher":{"@id":"https:\/\/conexion23.com\/#organization"},"image":{"@id":"https:\/\/conexion23.com\/?p=51830#primaryimage"},"thumbnailUrl":"https:\/\/conexion23.com\/wp-content\/uploads\/2026\/01\/Entregan-cedula-al-presidente-2.jpeg","keywords":["cedula","Junta Central Electoral","Raquel Arbaje"],"articleSection":["Nacionales","Portada"],"inLanguage":"es","potentialAction":[{"@type":"CommentAction","name":"Comment","target":["https:\/\/conexion23.com\/?p=51830#respond"]}]},{"@type":"WebPage","@id":"https:\/\/conexion23.com\/?p=51830","url":"https:\/\/conexion23.com\/?p=51830","name":"JCE entrega primera c\u00e9dula en el nuevo formato al presidente y la primera dama - Conexi\u00f3n 23","isPartOf":{"@id":"https:\/\/conexion23.com\/#website"},"primaryImageOfPage":{"@id":"https:\/\/conexion23.com\/?p=51830#primaryimage"},"image":{"@id":"https:\/\/conexion23.com\/?p=51830#primaryimage"},"thumbnailUrl":"https:\/\/conexion23.com\/wp-content\/uploads\/2026\/01\/Entregan-cedula-al-presidente-2.jpeg","datePublished":"2026-01-26T21:45:14+00:00","breadcrumb":{"@id":"https:\/\/conexion23.com\/?p=51830#breadcrumb"},"inLanguage":"es","potentialAction":[{"@type":"ReadAction","target":["https:\/\/conexion23.com\/?p=51830"]}]},{"@type":"ImageObject","inLanguage":"es","@id":"https:\/\/conexion23.com\/?p=51830#primaryimage","url":"https:\/\/conexion23.com\/wp-content\/uploads\/2026\/01\/Entregan-cedula-al-presidente-2.jpeg","contentUrl":"https:\/\/conexion23.com\/wp-content\/uploads\/2026\/01\/Entregan-cedula-al-presidente-2.jpeg","width":1920,"height":1200},{"@type":"BreadcrumbList","@id":"https:\/\/conexion23.com\/?p=51830#breadcrumb","itemListElement":[{"@type":"ListItem","position":1,"name":"Portada","item":"https:\/\/conexion23.com\/"},{"@type":"ListItem","position":2,"name":"JCE entrega primera c\u00e9dula en el nuevo formato al presidente y la primera dama"}]},{"@type":"WebSite","@id":"https:\/\/conexion23.com\/#website","url":"https:\/\/conexion23.com\/","name":"Conexi\u00f3n 23","description":"Peri\u00f3dico 100% Petromacorisano","publisher":{"@id":"https:\/\/conexion23.com\/#organization"},"potentialAction":[{"@type":"SearchAction","target":{"@type":"EntryPoint","urlTemplate":"https:\/\/conexion23.com\/?s={search_term_string}"},"query-input":{"@type":"PropertyValueSpecification","valueRequired":true,"valueName":"search_term_string"}}],"inLanguage":"es"},{"@type":"Organization","@id":"https:\/\/conexion23.com\/#organization","name":"Conexion 23","url":"https:\/\/conexion23.com\/","logo":{"@type":"ImageObject","inLanguage":"es","@id":"https:\/\/conexion23.com\/#\/schema\/logo\/image\/","url":"https:\/\/conexion23.com\/wp-content\/uploads\/2021\/11\/Diseno-sin-titulo-2.png","contentUrl":"https:\/\/conexion23.com\/wp-content\/uploads\/2021\/11\/Diseno-sin-titulo-2.png","width":541,"height":90,"caption":"Conexion 23"},"image":{"@id":"https:\/\/conexion23.com\/#\/schema\/logo\/image\/"},"sameAs":["https:\/\/www.facebook.com\/conexion23com","https:\/\/www.instagram.com\/conexion23com\/","https:\/\/www.youtube.com\/channel\/UCYc7vxxFZMYLIHNsHHxPZ3Q"]},{"@type":"Person","@id":"https:\/\/conexion23.com\/#\/schema\/person\/0a860802b17d01ad2a278f53c507c296","name":"Redacci\u00f3n","image":{"@type":"ImageObject","inLanguage":"es","@id":"https:\/\/conexion23.com\/#\/schema\/person\/image\/","url":"https:\/\/secure.gravatar.com\/avatar\/ec9d84b79c776aa1994e5893944465db9974b17b884155623da51b7b62c02845?s=96&d=mm&r=g","contentUrl":"https:\/\/secure.gravatar.com\/avatar\/ec9d84b79c776aa1994e5893944465db9974b17b884155623da51b7b62c02845?s=96&d=mm&r=g","caption":"Redacci\u00f3n"},"url":"https:\/\/conexion23.com\/?author=18"}]}},"_links":{"self":[{"href":"https:\/\/conexion23.com\/index.php?rest_route=\/wp\/v2\/posts\/51830","targetHints":{"allow":["GET"]}}],"collection":[{"href":"https:\/\/conexion23.com\/index.php?rest_route=\/wp\/v2\/posts"}],"about":[{"href":"https:\/\/conexion23.com\/index.php?rest_route=\/wp\/v2\/types\/post"}],"author":[{"embeddable":true,"href":"https:\/\/conexion23.com\/index.php?rest_route=\/wp\/v2\/users\/18"}],"replies":[{"embeddable":true,"href":"https:\/\/conexion23.com\/index.php?rest_route=%2Fwp%2Fv2%2Fcomments&post=51830"}],"version-history":[{"count":1,"href":"https:\/\/conexion23.com\/index.php?rest_route=\/wp\/v2\/posts\/51830\/revisions"}],"predecessor-version":[{"id":51833,"href":"https:\/\/conexion23.com\/index.php?rest_route=\/wp\/v2\/posts\/51830\/revisions\/51833"}],"wp:featuredmedia":[{"embeddable":true,"href":"https:\/\/conexion23.com\/index.php?rest_route=\/wp\/v2\/media\/51832"}],"wp:attachment":[{"href":"https:\/\/conexion23.com\/index.php?rest_route=%2Fwp%2Fv2%2Fmedia&parent=51830"}],"wp:term":[{"taxonomy":"category","embeddable":true,"href":"https:\/\/conexion23.com\/index.php?rest_route=%2Fwp%2Fv2%2Fcategories&post=51830"},{"taxonomy":"post_tag","embeddable":true,"href":"https:\/\/conexion23.com\/index.php?rest_route=%2Fwp%2Fv2%2Ftags&post=51830"}],"curies":[{"name":"wp","href":"https:\/\/api.w.org\/{rel}","templated":true}]}}