{"id":51834,"date":"2026-01-26T17:52:10","date_gmt":"2026-01-26T21:52:10","guid":{"rendered":"https:\/\/conexion23.com\/?p=51834"},"modified":"2026-01-26T17:52:10","modified_gmt":"2026-01-26T21:52:10","slug":"autoridades-civiles-conmemoran-natalicio-de-juan-pablo-duarte","status":"publish","type":"post","link":"https:\/\/conexion23.com\/?p=51834","title":{"rendered":"Autoridades civiles conmemoran natalicio de Juan Pablo Duarte"},"content":{"rendered":"<p style=\"text-align: justify;\"><strong>Con motivo de la conmemoraci\u00f3n del natalicio del Padre de la Patria, Juan Pablo Duarte, nacido el 26 de enero de 1813, la gobernadora provincial de San Crist\u00f3bal, licenciada Pura Casilla, encabez\u00f3 un emotivo acto patri\u00f3tico realizado en la sede de la Gobernaci\u00f3n Provincial, con la participaci\u00f3n de autoridades civiles, militares, educativas y religiosas.<\/strong><\/p>\n<p style=\"text-align: justify;\">En representaci\u00f3n de la Polic\u00eda Nacional, particip\u00f3 el coronel Ram\u00f3n O. Hern\u00e1ndez Peralta, director regional San Crist\u00f3bal, reafirmando el compromiso institucional con la preservaci\u00f3n de los valores patrios y el respeto a los s\u00edmbolos nacionales. La actividad inici\u00f3 con el izamiento de las banderas nacional y provincial frente a la Gobernaci\u00f3n, como gesto solemne de honor a los ideales duartianos y a la memoria hist\u00f3rica de la naci\u00f3n.<\/p>\n<p style=\"text-align: justify;\">Posteriormente, la gobernadora Casilla, acompa\u00f1ada de las autoridades presentes, realiz\u00f3 una ofrenda floral al busto de Juan Pablo Duarte, ubicado frente al Ayuntamiento Municipal, destacando la vigencia de los principios de libertad, patriotismo y compromiso ciudadano.<\/p>\n<p style=\"text-align: justify;\">En el acto estuvieron presentes, adem\u00e1s, el subdirector regional de la DICRIM, as\u00ed como el coronel Alejandro Cabrera Manzueta, director regional San Crist\u00f3bal de la DIGESETT, junto a otras autoridades militares y civiles de la provincia, quienes resaltaron la importancia de fortalecer la educaci\u00f3n c\u00edvica y el respeto a la institucionalidad democr\u00e1tica.<\/p>\n<p style=\"text-align: justify;\">Como parte del programa conmemorativo, se llev\u00f3 a cabo un desfile estudiantil con la participaci\u00f3n de alumnos de diversas escuelas y colegios, quienes demostraron entusiasmo y civismo al rendir homenaje a Juan Pablo Duarte (1813\u20131876), fortaleciendo el amor a la patria en las nuevas generaciones. Los actos concluyeron con una misa solemne en la Catedral Nuestra Se\u00f1ora de la Consolaci\u00f3n de San Crist\u00f3bal, oficiada por el p\u00e1rroco Cruz Mar\u00eda Echeverr\u00eda Mart\u00ednez, quien en su homil\u00eda destac\u00f3 la vida, obra e ideales del patricio, elevando plegarias por la paz, la unidad y la soberan\u00eda de la Rep\u00fablica Dominicana.<\/p>\n","protected":false},"excerpt":{"rendered":"<p>Con motivo de la conmemoraci\u00f3n del natalicio del Padre de la Patria, Juan Pablo Duarte, nacido el 26 de enero de 1813, la gobernadora provincial de San Crist\u00f3bal, licenciada Pura Casilla, encabez\u00f3 un emotivo acto patri\u00f3tico realizado en la sede de la Gobernaci\u00f3n Provincial, con la participaci\u00f3n de autoridades civiles, militares, educativas y religiosas. En [&hellip;]<\/p>\n","protected":false},"author":18,"featured_media":51835,"comment_status":"open","ping_status":"open","sticky":false,"template":"","format":"standard","meta":{"footnotes":""},"categories":[12,3773],"tags":[562,5154,6008,6009],"class_list":["post-51834","post","type-post","status-publish","format-standard","has-post-thumbnail","category-municipales","category-portada","tag-digesett","tag-juan-pablo-duarte","tag-padre-de-la-patria","tag-san-crsitobal"],"yoast_head":"<!-- This site is optimized with the Yoast SEO plugin v27.6 - https:\/\/yoast.com\/product\/yoast-seo-wordpress\/ -->\n<title>Autoridades civiles conmemoran natalicio de Juan Pablo Duarte - Conexi\u00f3n 23<\/title>\n<meta name=\"robots\" content=\"index, follow, max-snippet:-1, max-image-preview:large, max-video-preview:-1\" \/>\n<link rel=\"canonical\" href=\"https:\/\/conexion23.com\/?p=51834\" \/>\n<meta property=\"og:locale\" content=\"es_ES\" \/>\n<meta property=\"og:type\" content=\"article\" \/>\n<meta property=\"og:title\" content=\"Autoridades civiles conmemoran natalicio de Juan Pablo Duarte - Conexi\u00f3n 23\" \/>\n<meta property=\"og:description\" content=\"Con motivo de la conmemoraci\u00f3n del natalicio del Padre de la Patria, Juan Pablo Duarte, nacido el 26 de enero de 1813, la gobernadora provincial de San Crist\u00f3bal, licenciada Pura Casilla, encabez\u00f3 un emotivo acto patri\u00f3tico realizado en la sede de la Gobernaci\u00f3n Provincial, con la participaci\u00f3n de autoridades civiles, militares, educativas y religiosas. En [&hellip;]\" \/>\n<meta property=\"og:url\" content=\"https:\/\/conexion23.com\/?p=51834\" \/>\n<meta property=\"og:site_name\" content=\"Conexi\u00f3n 23\" \/>\n<meta property=\"article:publisher\" content=\"https:\/\/www.facebook.com\/conexion23com\" \/>\n<meta property=\"article:published_time\" content=\"2026-01-26T21:52:10+00:00\" \/>\n<meta property=\"og:image\" content=\"https:\/\/conexion23.com\/wp-content\/uploads\/2026\/01\/Autoridades-civiles-y-policiales-conmemoran-natalicio-de-Juan-Pablo-Duarte-con-solemne-acto-patriotico.webp\" \/>\n\t<meta property=\"og:image:width\" content=\"1280\" \/>\n\t<meta property=\"og:image:height\" content=\"720\" \/>\n\t<meta property=\"og:image:type\" content=\"image\/webp\" \/>\n<meta name=\"author\" content=\"Redacci\u00f3n\" \/>\n<meta name=\"twitter:card\" content=\"summary_large_image\" \/>\n<meta name=\"twitter:label1\" content=\"Escrito por\" \/>\n\t<meta name=\"twitter:data1\" content=\"Redacci\u00f3n\" \/>\n\t<meta name=\"twitter:label2\" content=\"Tiempo de lectura\" \/>\n\t<meta name=\"twitter:data2\" content=\"2 minutos\" \/>\n<script type=\"application\/ld+json\" class=\"yoast-schema-graph\">{\"@context\":\"https:\\\/\\\/schema.org\",\"@graph\":[{\"@type\":\"Article\",\"@id\":\"https:\\\/\\\/conexion23.com\\\/?p=51834#article\",\"isPartOf\":{\"@id\":\"https:\\\/\\\/conexion23.com\\\/?p=51834\"},\"author\":{\"name\":\"Redacci\u00f3n\",\"@id\":\"http:\\\/\\\/conexion23.com\\\/#\\\/schema\\\/person\\\/0a860802b17d01ad2a278f53c507c296\"},\"headline\":\"Autoridades civiles conmemoran natalicio de Juan Pablo Duarte\",\"datePublished\":\"2026-01-26T21:52:10+00:00\",\"mainEntityOfPage\":{\"@id\":\"https:\\\/\\\/conexion23.com\\\/?p=51834\"},\"wordCount\":344,\"commentCount\":0,\"publisher\":{\"@id\":\"http:\\\/\\\/conexion23.com\\\/#organization\"},\"image\":{\"@id\":\"https:\\\/\\\/conexion23.com\\\/?p=51834#primaryimage\"},\"thumbnailUrl\":\"https:\\\/\\\/conexion23.com\\\/wp-content\\\/uploads\\\/2026\\\/01\\\/Autoridades-civiles-y-policiales-conmemoran-natalicio-de-Juan-Pablo-Duarte-con-solemne-acto-patriotico.webp\",\"keywords\":[\"digesett\",\"Juan Pablo Duarte\",\"Padre de la Patria\",\"san crsit\u00f3bal\"],\"articleSection\":[\"Municipales\",\"Portada\"],\"inLanguage\":\"es\",\"potentialAction\":[{\"@type\":\"CommentAction\",\"name\":\"Comment\",\"target\":[\"https:\\\/\\\/conexion23.com\\\/?p=51834#respond\"]}]},{\"@type\":\"WebPage\",\"@id\":\"https:\\\/\\\/conexion23.com\\\/?p=51834\",\"url\":\"https:\\\/\\\/conexion23.com\\\/?p=51834\",\"name\":\"Autoridades civiles conmemoran natalicio de Juan Pablo Duarte - Conexi\u00f3n 23\",\"isPartOf\":{\"@id\":\"http:\\\/\\\/conexion23.com\\\/#website\"},\"primaryImageOfPage\":{\"@id\":\"https:\\\/\\\/conexion23.com\\\/?p=51834#primaryimage\"},\"image\":{\"@id\":\"https:\\\/\\\/conexion23.com\\\/?p=51834#primaryimage\"},\"thumbnailUrl\":\"https:\\\/\\\/conexion23.com\\\/wp-content\\\/uploads\\\/2026\\\/01\\\/Autoridades-civiles-y-policiales-conmemoran-natalicio-de-Juan-Pablo-Duarte-con-solemne-acto-patriotico.webp\",\"datePublished\":\"2026-01-26T21:52:10+00:00\",\"breadcrumb\":{\"@id\":\"https:\\\/\\\/conexion23.com\\\/?p=51834#breadcrumb\"},\"inLanguage\":\"es\",\"potentialAction\":[{\"@type\":\"ReadAction\",\"target\":[\"https:\\\/\\\/conexion23.com\\\/?p=51834\"]}]},{\"@type\":\"ImageObject\",\"inLanguage\":\"es\",\"@id\":\"https:\\\/\\\/conexion23.com\\\/?p=51834#primaryimage\",\"url\":\"https:\\\/\\\/conexion23.com\\\/wp-content\\\/uploads\\\/2026\\\/01\\\/Autoridades-civiles-y-policiales-conmemoran-natalicio-de-Juan-Pablo-Duarte-con-solemne-acto-patriotico.webp\",\"contentUrl\":\"https:\\\/\\\/conexion23.com\\\/wp-content\\\/uploads\\\/2026\\\/01\\\/Autoridades-civiles-y-policiales-conmemoran-natalicio-de-Juan-Pablo-Duarte-con-solemne-acto-patriotico.webp\",\"width\":1280,\"height\":720},{\"@type\":\"BreadcrumbList\",\"@id\":\"https:\\\/\\\/conexion23.com\\\/?p=51834#breadcrumb\",\"itemListElement\":[{\"@type\":\"ListItem\",\"position\":1,\"name\":\"Portada\",\"item\":\"http:\\\/\\\/conexion23.com\\\/\"},{\"@type\":\"ListItem\",\"position\":2,\"name\":\"Autoridades civiles conmemoran natalicio de Juan Pablo Duarte\"}]},{\"@type\":\"WebSite\",\"@id\":\"http:\\\/\\\/conexion23.com\\\/#website\",\"url\":\"http:\\\/\\\/conexion23.com\\\/\",\"name\":\"Conexi\u00f3n 23\",\"description\":\"Peri\u00f3dico 100% Petromacorisano\",\"publisher\":{\"@id\":\"http:\\\/\\\/conexion23.com\\\/#organization\"},\"potentialAction\":[{\"@type\":\"SearchAction\",\"target\":{\"@type\":\"EntryPoint\",\"urlTemplate\":\"http:\\\/\\\/conexion23.com\\\/?s={search_term_string}\"},\"query-input\":{\"@type\":\"PropertyValueSpecification\",\"valueRequired\":true,\"valueName\":\"search_term_string\"}}],\"inLanguage\":\"es\"},{\"@type\":\"Organization\",\"@id\":\"http:\\\/\\\/conexion23.com\\\/#organization\",\"name\":\"Conexion 23\",\"url\":\"http:\\\/\\\/conexion23.com\\\/\",\"logo\":{\"@type\":\"ImageObject\",\"inLanguage\":\"es\",\"@id\":\"http:\\\/\\\/conexion23.com\\\/#\\\/schema\\\/logo\\\/image\\\/\",\"url\":\"https:\\\/\\\/conexion23.com\\\/wp-content\\\/uploads\\\/2021\\\/11\\\/Diseno-sin-titulo-2.png\",\"contentUrl\":\"https:\\\/\\\/conexion23.com\\\/wp-content\\\/uploads\\\/2021\\\/11\\\/Diseno-sin-titulo-2.png\",\"width\":541,\"height\":90,\"caption\":\"Conexion 23\"},\"image\":{\"@id\":\"http:\\\/\\\/conexion23.com\\\/#\\\/schema\\\/logo\\\/image\\\/\"},\"sameAs\":[\"https:\\\/\\\/www.facebook.com\\\/conexion23com\",\"https:\\\/\\\/www.instagram.com\\\/conexion23com\\\/\",\"https:\\\/\\\/www.youtube.com\\\/channel\\\/UCYc7vxxFZMYLIHNsHHxPZ3Q\"]},{\"@type\":\"Person\",\"@id\":\"http:\\\/\\\/conexion23.com\\\/#\\\/schema\\\/person\\\/0a860802b17d01ad2a278f53c507c296\",\"name\":\"Redacci\u00f3n\",\"image\":{\"@type\":\"ImageObject\",\"inLanguage\":\"es\",\"@id\":\"https:\\\/\\\/secure.gravatar.com\\\/avatar\\\/ec9d84b79c776aa1994e5893944465db9974b17b884155623da51b7b62c02845?s=96&d=mm&r=g\",\"url\":\"https:\\\/\\\/secure.gravatar.com\\\/avatar\\\/ec9d84b79c776aa1994e5893944465db9974b17b884155623da51b7b62c02845?s=96&d=mm&r=g\",\"contentUrl\":\"https:\\\/\\\/secure.gravatar.com\\\/avatar\\\/ec9d84b79c776aa1994e5893944465db9974b17b884155623da51b7b62c02845?s=96&d=mm&r=g\",\"caption\":\"Redacci\u00f3n\"},\"url\":\"https:\\\/\\\/conexion23.com\\\/?author=18\"}]}<\/script>\n<!-- \/ Yoast SEO plugin. -->","yoast_head_json":{"title":"Autoridades civiles conmemoran natalicio de Juan Pablo Duarte - Conexi\u00f3n 23","robots":{"index":"index","follow":"follow","max-snippet":"max-snippet:-1","max-image-preview":"max-image-preview:large","max-video-preview":"max-video-preview:-1"},"canonical":"https:\/\/conexion23.com\/?p=51834","og_locale":"es_ES","og_type":"article","og_title":"Autoridades civiles conmemoran natalicio de Juan Pablo Duarte - Conexi\u00f3n 23","og_description":"Con motivo de la conmemoraci\u00f3n del natalicio del Padre de la Patria, Juan Pablo Duarte, nacido el 26 de enero de 1813, la gobernadora provincial de San Crist\u00f3bal, licenciada Pura Casilla, encabez\u00f3 un emotivo acto patri\u00f3tico realizado en la sede de la Gobernaci\u00f3n Provincial, con la participaci\u00f3n de autoridades civiles, militares, educativas y religiosas. En [&hellip;]","og_url":"https:\/\/conexion23.com\/?p=51834","og_site_name":"Conexi\u00f3n 23","article_publisher":"https:\/\/www.facebook.com\/conexion23com","article_published_time":"2026-01-26T21:52:10+00:00","og_image":[{"width":1280,"height":720,"url":"https:\/\/conexion23.com\/wp-content\/uploads\/2026\/01\/Autoridades-civiles-y-policiales-conmemoran-natalicio-de-Juan-Pablo-Duarte-con-solemne-acto-patriotico.webp","type":"image\/webp"}],"author":"Redacci\u00f3n","twitter_card":"summary_large_image","twitter_misc":{"Escrito por":"Redacci\u00f3n","Tiempo de lectura":"2 minutos"},"schema":{"@context":"https:\/\/schema.org","@graph":[{"@type":"Article","@id":"https:\/\/conexion23.com\/?p=51834#article","isPartOf":{"@id":"https:\/\/conexion23.com\/?p=51834"},"author":{"name":"Redacci\u00f3n","@id":"http:\/\/conexion23.com\/#\/schema\/person\/0a860802b17d01ad2a278f53c507c296"},"headline":"Autoridades civiles conmemoran natalicio de Juan Pablo Duarte","datePublished":"2026-01-26T21:52:10+00:00","mainEntityOfPage":{"@id":"https:\/\/conexion23.com\/?p=51834"},"wordCount":344,"commentCount":0,"publisher":{"@id":"http:\/\/conexion23.com\/#organization"},"image":{"@id":"https:\/\/conexion23.com\/?p=51834#primaryimage"},"thumbnailUrl":"https:\/\/conexion23.com\/wp-content\/uploads\/2026\/01\/Autoridades-civiles-y-policiales-conmemoran-natalicio-de-Juan-Pablo-Duarte-con-solemne-acto-patriotico.webp","keywords":["digesett","Juan Pablo Duarte","Padre de la Patria","san crsit\u00f3bal"],"articleSection":["Municipales","Portada"],"inLanguage":"es","potentialAction":[{"@type":"CommentAction","name":"Comment","target":["https:\/\/conexion23.com\/?p=51834#respond"]}]},{"@type":"WebPage","@id":"https:\/\/conexion23.com\/?p=51834","url":"https:\/\/conexion23.com\/?p=51834","name":"Autoridades civiles conmemoran natalicio de Juan Pablo Duarte - Conexi\u00f3n 23","isPartOf":{"@id":"http:\/\/conexion23.com\/#website"},"primaryImageOfPage":{"@id":"https:\/\/conexion23.com\/?p=51834#primaryimage"},"image":{"@id":"https:\/\/conexion23.com\/?p=51834#primaryimage"},"thumbnailUrl":"https:\/\/conexion23.com\/wp-content\/uploads\/2026\/01\/Autoridades-civiles-y-policiales-conmemoran-natalicio-de-Juan-Pablo-Duarte-con-solemne-acto-patriotico.webp","datePublished":"2026-01-26T21:52:10+00:00","breadcrumb":{"@id":"https:\/\/conexion23.com\/?p=51834#breadcrumb"},"inLanguage":"es","potentialAction":[{"@type":"ReadAction","target":["https:\/\/conexion23.com\/?p=51834"]}]},{"@type":"ImageObject","inLanguage":"es","@id":"https:\/\/conexion23.com\/?p=51834#primaryimage","url":"https:\/\/conexion23.com\/wp-content\/uploads\/2026\/01\/Autoridades-civiles-y-policiales-conmemoran-natalicio-de-Juan-Pablo-Duarte-con-solemne-acto-patriotico.webp","contentUrl":"https:\/\/conexion23.com\/wp-content\/uploads\/2026\/01\/Autoridades-civiles-y-policiales-conmemoran-natalicio-de-Juan-Pablo-Duarte-con-solemne-acto-patriotico.webp","width":1280,"height":720},{"@type":"BreadcrumbList","@id":"https:\/\/conexion23.com\/?p=51834#breadcrumb","itemListElement":[{"@type":"ListItem","position":1,"name":"Portada","item":"http:\/\/conexion23.com\/"},{"@type":"ListItem","position":2,"name":"Autoridades civiles conmemoran natalicio de Juan Pablo Duarte"}]},{"@type":"WebSite","@id":"http:\/\/conexion23.com\/#website","url":"http:\/\/conexion23.com\/","name":"Conexi\u00f3n 23","description":"Peri\u00f3dico 100% Petromacorisano","publisher":{"@id":"http:\/\/conexion23.com\/#organization"},"potentialAction":[{"@type":"SearchAction","target":{"@type":"EntryPoint","urlTemplate":"http:\/\/conexion23.com\/?s={search_term_string}"},"query-input":{"@type":"PropertyValueSpecification","valueRequired":true,"valueName":"search_term_string"}}],"inLanguage":"es"},{"@type":"Organization","@id":"http:\/\/conexion23.com\/#organization","name":"Conexion 23","url":"http:\/\/conexion23.com\/","logo":{"@type":"ImageObject","inLanguage":"es","@id":"http:\/\/conexion23.com\/#\/schema\/logo\/image\/","url":"https:\/\/conexion23.com\/wp-content\/uploads\/2021\/11\/Diseno-sin-titulo-2.png","contentUrl":"https:\/\/conexion23.com\/wp-content\/uploads\/2021\/11\/Diseno-sin-titulo-2.png","width":541,"height":90,"caption":"Conexion 23"},"image":{"@id":"http:\/\/conexion23.com\/#\/schema\/logo\/image\/"},"sameAs":["https:\/\/www.facebook.com\/conexion23com","https:\/\/www.instagram.com\/conexion23com\/","https:\/\/www.youtube.com\/channel\/UCYc7vxxFZMYLIHNsHHxPZ3Q"]},{"@type":"Person","@id":"http:\/\/conexion23.com\/#\/schema\/person\/0a860802b17d01ad2a278f53c507c296","name":"Redacci\u00f3n","image":{"@type":"ImageObject","inLanguage":"es","@id":"https:\/\/secure.gravatar.com\/avatar\/ec9d84b79c776aa1994e5893944465db9974b17b884155623da51b7b62c02845?s=96&d=mm&r=g","url":"https:\/\/secure.gravatar.com\/avatar\/ec9d84b79c776aa1994e5893944465db9974b17b884155623da51b7b62c02845?s=96&d=mm&r=g","contentUrl":"https:\/\/secure.gravatar.com\/avatar\/ec9d84b79c776aa1994e5893944465db9974b17b884155623da51b7b62c02845?s=96&d=mm&r=g","caption":"Redacci\u00f3n"},"url":"https:\/\/conexion23.com\/?author=18"}]}},"_links":{"self":[{"href":"https:\/\/conexion23.com\/index.php?rest_route=\/wp\/v2\/posts\/51834","targetHints":{"allow":["GET"]}}],"collection":[{"href":"https:\/\/conexion23.com\/index.php?rest_route=\/wp\/v2\/posts"}],"about":[{"href":"https:\/\/conexion23.com\/index.php?rest_route=\/wp\/v2\/types\/post"}],"author":[{"embeddable":true,"href":"https:\/\/conexion23.com\/index.php?rest_route=\/wp\/v2\/users\/18"}],"replies":[{"embeddable":true,"href":"https:\/\/conexion23.com\/index.php?rest_route=%2Fwp%2Fv2%2Fcomments&post=51834"}],"version-history":[{"count":1,"href":"https:\/\/conexion23.com\/index.php?rest_route=\/wp\/v2\/posts\/51834\/revisions"}],"predecessor-version":[{"id":51836,"href":"https:\/\/conexion23.com\/index.php?rest_route=\/wp\/v2\/posts\/51834\/revisions\/51836"}],"wp:featuredmedia":[{"embeddable":true,"href":"https:\/\/conexion23.com\/index.php?rest_route=\/wp\/v2\/media\/51835"}],"wp:attachment":[{"href":"https:\/\/conexion23.com\/index.php?rest_route=%2Fwp%2Fv2%2Fmedia&parent=51834"}],"wp:term":[{"taxonomy":"category","embeddable":true,"href":"https:\/\/conexion23.com\/index.php?rest_route=%2Fwp%2Fv2%2Fcategories&post=51834"},{"taxonomy":"post_tag","embeddable":true,"href":"https:\/\/conexion23.com\/index.php?rest_route=%2Fwp%2Fv2%2Ftags&post=51834"}],"curies":[{"name":"wp","href":"https:\/\/api.w.org\/{rel}","templated":true}]}}