{"id":52069,"date":"2026-01-29T19:35:15","date_gmt":"2026-01-29T23:35:15","guid":{"rendered":"https:\/\/conexion23.com\/?p=52069"},"modified":"2026-01-29T18:31:23","modified_gmt":"2026-01-29T22:31:23","slug":"productores-reclaman-terminacion-de-carretera-en-la-guazuma-peralvillo","status":"publish","type":"post","link":"https:\/\/conexion23.com\/?p=52069","title":{"rendered":"Productores reclaman terminaci\u00f3n de carretera en La Gu\u00e1zuma, Peralvillo"},"content":{"rendered":"<p style=\"text-align: justify;\"><strong>Comunitarios, agricultores y dirigentes sociales de La Gu\u00e1zuma realizaron este jueves una parada pac\u00edfica para exigir al presidente Luis Abinader la terminaci\u00f3n inmediata de los cinco kil\u00f3metros de la carretera La Melliza\u2013La Gu\u00e1zuma, una obra aprobada, iniciada y posteriormente paralizada sin explicaci\u00f3n clara.<\/strong><\/p>\n<p style=\"text-align: justify;\">El dirigente pol\u00edtico y comunitario Anderson de los Santos, junto a productores, comunitarios y comerciantes denunciaron que, pese a m\u00faltiples reuniones con el Ministerio de Obras P\u00fablicas y otras autoridades, el presupuesto asignado a la carretera fue desviado, y ahora se pretende ejecutar solo un kil\u00f3metro, en violaci\u00f3n al compromiso original asumido con la comunidad.<\/p>\n<p style=\"text-align: justify;\">La v\u00eda es clave para m\u00e1s de 20 mil personas y para el desarrollo econ\u00f3mico de la provincia de Monte Plata, ya que conecta comunidades altamente productivas como La Gu\u00e1zuma, Loma de la Gallina, Corozo, La Jag\u00fcita, Pens\u00f3n, Bohuco Colorao, El Mate, entre otras zonas aleda\u00f1as, donde se produce cacao org\u00e1nico de exportaci\u00f3n, pl\u00e1tano y diversos rubros agr\u00edcolas.<\/p>\n<p style=\"text-align: justify;\">Los agricultores advirtieron que cada lluvia deja a la zona incomunicada por el desbordamiento del r\u00edo Ozama, lo que provoca p\u00e9rdidas econ\u00f3micas, encarece el transporte y causa da\u00f1os constantes a los veh\u00edculos.<\/p>\n<div id=\"mc_embed_shell\" class=\"border mb-3 boletin-noticias\">\n<div id=\"mc_embed_signup\">\n<form id=\"mc-embedded-subscribe-form\" class=\"validate\" action=\"https:\/\/elnuevodiario.us12.list-manage.com\/subscribe\/post?u=adc4b96bf0fc459309c352607&amp;id=7c6f789feb&amp;f_id=0046bce0f0\" method=\"post\" name=\"mc-embedded-subscribe-form\" novalidate=\"\" target=\"_self\">\n<div id=\"mc_embed_signup_scroll\">\n<p style=\"text-align: justify;\">\u201cSomos productores y gente trabajadora. Sin esta carretera no hay desarrollo. Exigimos lo que ya fue aprobado: los cinco kil\u00f3metros completos\u201d, expresaron los manifestantes.<\/p>\n<p style=\"text-align: justify;\">Asimismo, recordaron que el propio presidente Abinader conoce esta carretera desde antes de asumir la Presidencia, por lo que esperan su intervenci\u00f3n directa para que la obra sea concluida.<\/p>\n<p style=\"text-align: justify;\">La comunidad reiter\u00f3 su disposici\u00f3n al di\u00e1logo, pero advirti\u00f3 que, de no recibir una respuesta concreta, las protestas se intensificar\u00e1n de manera pac\u00edfica, hasta que se respete el derecho al desarrollo de esta zona hist\u00f3ricamente olvidada.<\/p>\n<\/div>\n<\/form>\n<\/div>\n<\/div>\n","protected":false},"excerpt":{"rendered":"<p>Comunitarios, agricultores y dirigentes sociales de La Gu\u00e1zuma realizaron este jueves una parada pac\u00edfica para exigir al presidente Luis Abinader la terminaci\u00f3n inmediata de los cinco kil\u00f3metros de la carretera La Melliza\u2013La Gu\u00e1zuma, una obra aprobada, iniciada y posteriormente paralizada sin explicaci\u00f3n clara. El dirigente pol\u00edtico y comunitario Anderson de los Santos, junto a productores, [&hellip;]<\/p>\n","protected":false},"author":18,"featured_media":52070,"comment_status":"open","ping_status":"open","sticky":false,"template":"","format":"standard","meta":{"footnotes":""},"categories":[12,3773],"tags":[6159,6160,3394],"class_list":["post-52069","post","type-post","status-publish","format-standard","has-post-thumbnail","category-municipales","category-portada","tag-carretera-la-melliza","tag-la-guazuma","tag-productores"],"yoast_head":"<!-- This site is optimized with the Yoast SEO plugin v27.6 - https:\/\/yoast.com\/product\/yoast-seo-wordpress\/ -->\n<title>Productores reclaman terminaci\u00f3n de carretera en La Gu\u00e1zuma, Peralvillo - Conexi\u00f3n 23<\/title>\n<meta name=\"robots\" content=\"index, follow, max-snippet:-1, max-image-preview:large, max-video-preview:-1\" \/>\n<link rel=\"canonical\" href=\"http:\/\/conexion23.com\/?p=52069\" \/>\n<meta property=\"og:locale\" content=\"es_ES\" \/>\n<meta property=\"og:type\" content=\"article\" \/>\n<meta property=\"og:title\" content=\"Productores reclaman terminaci\u00f3n de carretera en La Gu\u00e1zuma, Peralvillo - Conexi\u00f3n 23\" \/>\n<meta property=\"og:description\" content=\"Comunitarios, agricultores y dirigentes sociales de La Gu\u00e1zuma realizaron este jueves una parada pac\u00edfica para exigir al presidente Luis Abinader la terminaci\u00f3n inmediata de los cinco kil\u00f3metros de la carretera La Melliza\u2013La Gu\u00e1zuma, una obra aprobada, iniciada y posteriormente paralizada sin explicaci\u00f3n clara. El dirigente pol\u00edtico y comunitario Anderson de los Santos, junto a productores, [&hellip;]\" \/>\n<meta property=\"og:url\" content=\"http:\/\/conexion23.com\/?p=52069\" \/>\n<meta property=\"og:site_name\" content=\"Conexi\u00f3n 23\" \/>\n<meta property=\"article:publisher\" content=\"https:\/\/www.facebook.com\/conexion23com\" \/>\n<meta property=\"article:published_time\" content=\"2026-01-29T23:35:15+00:00\" \/>\n<meta property=\"og:image\" content=\"http:\/\/conexion23.com\/wp-content\/uploads\/2026\/01\/Productores-reclaman-terminacion-de-carretera-en-La-Guazuma-Peralvillo.webp\" \/>\n\t<meta property=\"og:image:width\" content=\"1599\" \/>\n\t<meta property=\"og:image:height\" content=\"1066\" \/>\n\t<meta property=\"og:image:type\" content=\"image\/webp\" \/>\n<meta name=\"author\" content=\"Redacci\u00f3n\" \/>\n<meta name=\"twitter:card\" content=\"summary_large_image\" \/>\n<meta name=\"twitter:label1\" content=\"Escrito por\" \/>\n\t<meta name=\"twitter:data1\" content=\"Redacci\u00f3n\" \/>\n\t<meta name=\"twitter:label2\" content=\"Tiempo de lectura\" \/>\n\t<meta name=\"twitter:data2\" content=\"2 minutos\" \/>\n<script type=\"application\/ld+json\" class=\"yoast-schema-graph\">{\"@context\":\"https:\\\/\\\/schema.org\",\"@graph\":[{\"@type\":\"Article\",\"@id\":\"http:\\\/\\\/conexion23.com\\\/?p=52069#article\",\"isPartOf\":{\"@id\":\"http:\\\/\\\/conexion23.com\\\/?p=52069\"},\"author\":{\"name\":\"Redacci\u00f3n\",\"@id\":\"http:\\\/\\\/conexion23.com\\\/#\\\/schema\\\/person\\\/0a860802b17d01ad2a278f53c507c296\"},\"headline\":\"Productores reclaman terminaci\u00f3n de carretera en La Gu\u00e1zuma, Peralvillo\",\"datePublished\":\"2026-01-29T23:35:15+00:00\",\"mainEntityOfPage\":{\"@id\":\"http:\\\/\\\/conexion23.com\\\/?p=52069\"},\"wordCount\":322,\"commentCount\":0,\"publisher\":{\"@id\":\"http:\\\/\\\/conexion23.com\\\/#organization\"},\"image\":{\"@id\":\"http:\\\/\\\/conexion23.com\\\/?p=52069#primaryimage\"},\"thumbnailUrl\":\"https:\\\/\\\/conexion23.com\\\/wp-content\\\/uploads\\\/2026\\\/01\\\/Productores-reclaman-terminacion-de-carretera-en-La-Guazuma-Peralvillo.webp\",\"keywords\":[\"carretera La Melliza\",\"La Gu\u00e1zuma\",\"productores\"],\"articleSection\":[\"Municipales\",\"Portada\"],\"inLanguage\":\"es\",\"potentialAction\":[{\"@type\":\"CommentAction\",\"name\":\"Comment\",\"target\":[\"http:\\\/\\\/conexion23.com\\\/?p=52069#respond\"]}]},{\"@type\":\"WebPage\",\"@id\":\"http:\\\/\\\/conexion23.com\\\/?p=52069\",\"url\":\"http:\\\/\\\/conexion23.com\\\/?p=52069\",\"name\":\"Productores reclaman terminaci\u00f3n de carretera en La Gu\u00e1zuma, Peralvillo - Conexi\u00f3n 23\",\"isPartOf\":{\"@id\":\"http:\\\/\\\/conexion23.com\\\/#website\"},\"primaryImageOfPage\":{\"@id\":\"http:\\\/\\\/conexion23.com\\\/?p=52069#primaryimage\"},\"image\":{\"@id\":\"http:\\\/\\\/conexion23.com\\\/?p=52069#primaryimage\"},\"thumbnailUrl\":\"https:\\\/\\\/conexion23.com\\\/wp-content\\\/uploads\\\/2026\\\/01\\\/Productores-reclaman-terminacion-de-carretera-en-La-Guazuma-Peralvillo.webp\",\"datePublished\":\"2026-01-29T23:35:15+00:00\",\"breadcrumb\":{\"@id\":\"http:\\\/\\\/conexion23.com\\\/?p=52069#breadcrumb\"},\"inLanguage\":\"es\",\"potentialAction\":[{\"@type\":\"ReadAction\",\"target\":[\"http:\\\/\\\/conexion23.com\\\/?p=52069\"]}]},{\"@type\":\"ImageObject\",\"inLanguage\":\"es\",\"@id\":\"http:\\\/\\\/conexion23.com\\\/?p=52069#primaryimage\",\"url\":\"https:\\\/\\\/conexion23.com\\\/wp-content\\\/uploads\\\/2026\\\/01\\\/Productores-reclaman-terminacion-de-carretera-en-La-Guazuma-Peralvillo.webp\",\"contentUrl\":\"https:\\\/\\\/conexion23.com\\\/wp-content\\\/uploads\\\/2026\\\/01\\\/Productores-reclaman-terminacion-de-carretera-en-La-Guazuma-Peralvillo.webp\",\"width\":1599,\"height\":1066},{\"@type\":\"BreadcrumbList\",\"@id\":\"http:\\\/\\\/conexion23.com\\\/?p=52069#breadcrumb\",\"itemListElement\":[{\"@type\":\"ListItem\",\"position\":1,\"name\":\"Portada\",\"item\":\"http:\\\/\\\/conexion23.com\\\/\"},{\"@type\":\"ListItem\",\"position\":2,\"name\":\"Productores reclaman terminaci\u00f3n de carretera en La Gu\u00e1zuma, Peralvillo\"}]},{\"@type\":\"WebSite\",\"@id\":\"http:\\\/\\\/conexion23.com\\\/#website\",\"url\":\"http:\\\/\\\/conexion23.com\\\/\",\"name\":\"Conexi\u00f3n 23\",\"description\":\"Peri\u00f3dico 100% Petromacorisano\",\"publisher\":{\"@id\":\"http:\\\/\\\/conexion23.com\\\/#organization\"},\"potentialAction\":[{\"@type\":\"SearchAction\",\"target\":{\"@type\":\"EntryPoint\",\"urlTemplate\":\"http:\\\/\\\/conexion23.com\\\/?s={search_term_string}\"},\"query-input\":{\"@type\":\"PropertyValueSpecification\",\"valueRequired\":true,\"valueName\":\"search_term_string\"}}],\"inLanguage\":\"es\"},{\"@type\":\"Organization\",\"@id\":\"http:\\\/\\\/conexion23.com\\\/#organization\",\"name\":\"Conexion 23\",\"url\":\"http:\\\/\\\/conexion23.com\\\/\",\"logo\":{\"@type\":\"ImageObject\",\"inLanguage\":\"es\",\"@id\":\"http:\\\/\\\/conexion23.com\\\/#\\\/schema\\\/logo\\\/image\\\/\",\"url\":\"https:\\\/\\\/conexion23.com\\\/wp-content\\\/uploads\\\/2021\\\/11\\\/Diseno-sin-titulo-2.png\",\"contentUrl\":\"https:\\\/\\\/conexion23.com\\\/wp-content\\\/uploads\\\/2021\\\/11\\\/Diseno-sin-titulo-2.png\",\"width\":541,\"height\":90,\"caption\":\"Conexion 23\"},\"image\":{\"@id\":\"http:\\\/\\\/conexion23.com\\\/#\\\/schema\\\/logo\\\/image\\\/\"},\"sameAs\":[\"https:\\\/\\\/www.facebook.com\\\/conexion23com\",\"https:\\\/\\\/www.instagram.com\\\/conexion23com\\\/\",\"https:\\\/\\\/www.youtube.com\\\/channel\\\/UCYc7vxxFZMYLIHNsHHxPZ3Q\"]},{\"@type\":\"Person\",\"@id\":\"http:\\\/\\\/conexion23.com\\\/#\\\/schema\\\/person\\\/0a860802b17d01ad2a278f53c507c296\",\"name\":\"Redacci\u00f3n\",\"image\":{\"@type\":\"ImageObject\",\"inLanguage\":\"es\",\"@id\":\"https:\\\/\\\/secure.gravatar.com\\\/avatar\\\/ec9d84b79c776aa1994e5893944465db9974b17b884155623da51b7b62c02845?s=96&d=mm&r=g\",\"url\":\"https:\\\/\\\/secure.gravatar.com\\\/avatar\\\/ec9d84b79c776aa1994e5893944465db9974b17b884155623da51b7b62c02845?s=96&d=mm&r=g\",\"contentUrl\":\"https:\\\/\\\/secure.gravatar.com\\\/avatar\\\/ec9d84b79c776aa1994e5893944465db9974b17b884155623da51b7b62c02845?s=96&d=mm&r=g\",\"caption\":\"Redacci\u00f3n\"},\"url\":\"https:\\\/\\\/conexion23.com\\\/?author=18\"}]}<\/script>\n<!-- \/ Yoast SEO plugin. -->","yoast_head_json":{"title":"Productores reclaman terminaci\u00f3n de carretera en La Gu\u00e1zuma, Peralvillo - Conexi\u00f3n 23","robots":{"index":"index","follow":"follow","max-snippet":"max-snippet:-1","max-image-preview":"max-image-preview:large","max-video-preview":"max-video-preview:-1"},"canonical":"http:\/\/conexion23.com\/?p=52069","og_locale":"es_ES","og_type":"article","og_title":"Productores reclaman terminaci\u00f3n de carretera en La Gu\u00e1zuma, Peralvillo - Conexi\u00f3n 23","og_description":"Comunitarios, agricultores y dirigentes sociales de La Gu\u00e1zuma realizaron este jueves una parada pac\u00edfica para exigir al presidente Luis Abinader la terminaci\u00f3n inmediata de los cinco kil\u00f3metros de la carretera La Melliza\u2013La Gu\u00e1zuma, una obra aprobada, iniciada y posteriormente paralizada sin explicaci\u00f3n clara. El dirigente pol\u00edtico y comunitario Anderson de los Santos, junto a productores, [&hellip;]","og_url":"http:\/\/conexion23.com\/?p=52069","og_site_name":"Conexi\u00f3n 23","article_publisher":"https:\/\/www.facebook.com\/conexion23com","article_published_time":"2026-01-29T23:35:15+00:00","og_image":[{"width":1599,"height":1066,"url":"http:\/\/conexion23.com\/wp-content\/uploads\/2026\/01\/Productores-reclaman-terminacion-de-carretera-en-La-Guazuma-Peralvillo.webp","type":"image\/webp"}],"author":"Redacci\u00f3n","twitter_card":"summary_large_image","twitter_misc":{"Escrito por":"Redacci\u00f3n","Tiempo de lectura":"2 minutos"},"schema":{"@context":"https:\/\/schema.org","@graph":[{"@type":"Article","@id":"http:\/\/conexion23.com\/?p=52069#article","isPartOf":{"@id":"http:\/\/conexion23.com\/?p=52069"},"author":{"name":"Redacci\u00f3n","@id":"http:\/\/conexion23.com\/#\/schema\/person\/0a860802b17d01ad2a278f53c507c296"},"headline":"Productores reclaman terminaci\u00f3n de carretera en La Gu\u00e1zuma, Peralvillo","datePublished":"2026-01-29T23:35:15+00:00","mainEntityOfPage":{"@id":"http:\/\/conexion23.com\/?p=52069"},"wordCount":322,"commentCount":0,"publisher":{"@id":"http:\/\/conexion23.com\/#organization"},"image":{"@id":"http:\/\/conexion23.com\/?p=52069#primaryimage"},"thumbnailUrl":"https:\/\/conexion23.com\/wp-content\/uploads\/2026\/01\/Productores-reclaman-terminacion-de-carretera-en-La-Guazuma-Peralvillo.webp","keywords":["carretera La Melliza","La Gu\u00e1zuma","productores"],"articleSection":["Municipales","Portada"],"inLanguage":"es","potentialAction":[{"@type":"CommentAction","name":"Comment","target":["http:\/\/conexion23.com\/?p=52069#respond"]}]},{"@type":"WebPage","@id":"http:\/\/conexion23.com\/?p=52069","url":"http:\/\/conexion23.com\/?p=52069","name":"Productores reclaman terminaci\u00f3n de carretera en La Gu\u00e1zuma, Peralvillo - Conexi\u00f3n 23","isPartOf":{"@id":"http:\/\/conexion23.com\/#website"},"primaryImageOfPage":{"@id":"http:\/\/conexion23.com\/?p=52069#primaryimage"},"image":{"@id":"http:\/\/conexion23.com\/?p=52069#primaryimage"},"thumbnailUrl":"https:\/\/conexion23.com\/wp-content\/uploads\/2026\/01\/Productores-reclaman-terminacion-de-carretera-en-La-Guazuma-Peralvillo.webp","datePublished":"2026-01-29T23:35:15+00:00","breadcrumb":{"@id":"http:\/\/conexion23.com\/?p=52069#breadcrumb"},"inLanguage":"es","potentialAction":[{"@type":"ReadAction","target":["http:\/\/conexion23.com\/?p=52069"]}]},{"@type":"ImageObject","inLanguage":"es","@id":"http:\/\/conexion23.com\/?p=52069#primaryimage","url":"https:\/\/conexion23.com\/wp-content\/uploads\/2026\/01\/Productores-reclaman-terminacion-de-carretera-en-La-Guazuma-Peralvillo.webp","contentUrl":"https:\/\/conexion23.com\/wp-content\/uploads\/2026\/01\/Productores-reclaman-terminacion-de-carretera-en-La-Guazuma-Peralvillo.webp","width":1599,"height":1066},{"@type":"BreadcrumbList","@id":"http:\/\/conexion23.com\/?p=52069#breadcrumb","itemListElement":[{"@type":"ListItem","position":1,"name":"Portada","item":"http:\/\/conexion23.com\/"},{"@type":"ListItem","position":2,"name":"Productores reclaman terminaci\u00f3n de carretera en La Gu\u00e1zuma, Peralvillo"}]},{"@type":"WebSite","@id":"http:\/\/conexion23.com\/#website","url":"http:\/\/conexion23.com\/","name":"Conexi\u00f3n 23","description":"Peri\u00f3dico 100% Petromacorisano","publisher":{"@id":"http:\/\/conexion23.com\/#organization"},"potentialAction":[{"@type":"SearchAction","target":{"@type":"EntryPoint","urlTemplate":"http:\/\/conexion23.com\/?s={search_term_string}"},"query-input":{"@type":"PropertyValueSpecification","valueRequired":true,"valueName":"search_term_string"}}],"inLanguage":"es"},{"@type":"Organization","@id":"http:\/\/conexion23.com\/#organization","name":"Conexion 23","url":"http:\/\/conexion23.com\/","logo":{"@type":"ImageObject","inLanguage":"es","@id":"http:\/\/conexion23.com\/#\/schema\/logo\/image\/","url":"https:\/\/conexion23.com\/wp-content\/uploads\/2021\/11\/Diseno-sin-titulo-2.png","contentUrl":"https:\/\/conexion23.com\/wp-content\/uploads\/2021\/11\/Diseno-sin-titulo-2.png","width":541,"height":90,"caption":"Conexion 23"},"image":{"@id":"http:\/\/conexion23.com\/#\/schema\/logo\/image\/"},"sameAs":["https:\/\/www.facebook.com\/conexion23com","https:\/\/www.instagram.com\/conexion23com\/","https:\/\/www.youtube.com\/channel\/UCYc7vxxFZMYLIHNsHHxPZ3Q"]},{"@type":"Person","@id":"http:\/\/conexion23.com\/#\/schema\/person\/0a860802b17d01ad2a278f53c507c296","name":"Redacci\u00f3n","image":{"@type":"ImageObject","inLanguage":"es","@id":"https:\/\/secure.gravatar.com\/avatar\/ec9d84b79c776aa1994e5893944465db9974b17b884155623da51b7b62c02845?s=96&d=mm&r=g","url":"https:\/\/secure.gravatar.com\/avatar\/ec9d84b79c776aa1994e5893944465db9974b17b884155623da51b7b62c02845?s=96&d=mm&r=g","contentUrl":"https:\/\/secure.gravatar.com\/avatar\/ec9d84b79c776aa1994e5893944465db9974b17b884155623da51b7b62c02845?s=96&d=mm&r=g","caption":"Redacci\u00f3n"},"url":"https:\/\/conexion23.com\/?author=18"}]}},"_links":{"self":[{"href":"https:\/\/conexion23.com\/index.php?rest_route=\/wp\/v2\/posts\/52069","targetHints":{"allow":["GET"]}}],"collection":[{"href":"https:\/\/conexion23.com\/index.php?rest_route=\/wp\/v2\/posts"}],"about":[{"href":"https:\/\/conexion23.com\/index.php?rest_route=\/wp\/v2\/types\/post"}],"author":[{"embeddable":true,"href":"https:\/\/conexion23.com\/index.php?rest_route=\/wp\/v2\/users\/18"}],"replies":[{"embeddable":true,"href":"https:\/\/conexion23.com\/index.php?rest_route=%2Fwp%2Fv2%2Fcomments&post=52069"}],"version-history":[{"count":1,"href":"https:\/\/conexion23.com\/index.php?rest_route=\/wp\/v2\/posts\/52069\/revisions"}],"predecessor-version":[{"id":52071,"href":"https:\/\/conexion23.com\/index.php?rest_route=\/wp\/v2\/posts\/52069\/revisions\/52071"}],"wp:featuredmedia":[{"embeddable":true,"href":"https:\/\/conexion23.com\/index.php?rest_route=\/wp\/v2\/media\/52070"}],"wp:attachment":[{"href":"https:\/\/conexion23.com\/index.php?rest_route=%2Fwp%2Fv2%2Fmedia&parent=52069"}],"wp:term":[{"taxonomy":"category","embeddable":true,"href":"https:\/\/conexion23.com\/index.php?rest_route=%2Fwp%2Fv2%2Fcategories&post=52069"},{"taxonomy":"post_tag","embeddable":true,"href":"https:\/\/conexion23.com\/index.php?rest_route=%2Fwp%2Fv2%2Ftags&post=52069"}],"curies":[{"name":"wp","href":"https:\/\/api.w.org\/{rel}","templated":true}]}}