{"id":52942,"date":"2026-02-12T07:17:57","date_gmt":"2026-02-12T11:17:57","guid":{"rendered":"https:\/\/conexion23.com\/?p=52942"},"modified":"2026-02-12T07:17:57","modified_gmt":"2026-02-12T11:17:57","slug":"sala-capitular-de-consuelo-declara-duelo-municipal-desde-este-jueves-a-las-600-am-por-muerte-de-2-personas-que-fueron-envestidos-por-jeepeta","status":"publish","type":"post","link":"https:\/\/conexion23.com\/?p=52942","title":{"rendered":"Sala capitular de Consuelo declara duelo municipal desde este jueves a las 6:00 am por muerte de 2 personas que fueron envestidos por jeepeta"},"content":{"rendered":"<h5 class=\"post-title\" style=\"text-align: justify;\">La Sala Capitular del municipio Consuelo se reuni\u00f3 de emergencia al caer la tarde del mi\u00e9rcoles, para declarar como d\u00eda de duelo municipal este jueves 12 de febrero a partir de las seis de la ma\u00f1ana, hasta este viernes a la misma hora, por la tr\u00e1gica muerte de dos personas en esta comunidad, en accidente ocurrido ayer en la carretera Mella, a la entrada de la calle\u00a0 Las Mellizas.<\/h5>\n<h5 class=\"post-title\" style=\"text-align: justify;\">As\u00ed lo di\u00f3 a conocer\u00a0 Manuel Santana, Manol\u00edn, regidor de la sala capitular de la alcald\u00eda de este municipio, manifestando el pesar y dolor que recae en este pueblo por la muerte de la ni\u00f1a Kaily Messina Luis, de tres a\u00f1os de edad y del se\u00f1or Te\u00f3filo Lorenzo Donato, de 73, mejor conocido como Tele,\u00a0 miembro del Consejo de Transporte P\u00fablico del Municipio Consuelo, CONTRAPICO, quien se encontraba de turno en el control cerca\u00a0 la referida calle.<\/h5>\n<h5 style=\"text-align: justify;\">Se hace el llamado a los centros de diversi\u00f3n y a la ciudadan\u00eda en general a respetar el llamado a duelo, en memoria de los fallecidos.<\/h5>\n<h5 style=\"text-align: justify;\">En el hecho resultaron heridos el conductor de la Jeepeta involucrada, Adderly George Noyola, Leidy Moreta, Belkis Alexandra Luis, madre de la menor fallecida, y de la otra ni\u00f1a herida, Raisa Luis de once a\u00f1os de edad, quienes se encuentran recibiendo atenciones medicas en el Hospital Regional Docente Dr.\u00a0 Antonio Musa, de San Pedro de Macor\u00eds.<\/h5>\n<h5 style=\"text-align: justify;\"><\/h5>\n","protected":false},"excerpt":{"rendered":"<p>La Sala Capitular del municipio Consuelo se reuni\u00f3 de emergencia al caer la tarde del mi\u00e9rcoles, para declarar como d\u00eda de duelo municipal este jueves 12 de febrero a partir de las seis de la ma\u00f1ana, hasta este viernes a la misma hora, por la tr\u00e1gica muerte de dos personas en esta comunidad, en accidente [&hellip;]<\/p>\n","protected":false},"author":15,"featured_media":52943,"comment_status":"open","ping_status":"open","sticky":false,"template":"","format":"standard","meta":{"footnotes":""},"categories":[13,12,3773,2472],"tags":[140,6679,6680,876,6678],"class_list":["post-52942","post","type-post","status-publish","format-standard","has-post-thumbnail","category-consuelo","category-municipales","category-portada","category-provincias-del-este","tag-consuelo","tag-duelo-municipal","tag-envestidos","tag-jeepeta","tag-sala-capitular"],"yoast_head":"<!-- This site is optimized with the Yoast SEO plugin v27.6 - https:\/\/yoast.com\/product\/yoast-seo-wordpress\/ -->\n<title>Sala capitular de Consuelo declara duelo municipal desde este jueves a las 6:00 am por muerte de 2 personas que fueron envestidos por jeepeta - Conexi\u00f3n 23<\/title>\n<meta name=\"robots\" content=\"index, follow, max-snippet:-1, max-image-preview:large, max-video-preview:-1\" \/>\n<link rel=\"canonical\" href=\"https:\/\/conexion23.com\/?p=52942\" \/>\n<meta property=\"og:locale\" content=\"es_ES\" \/>\n<meta property=\"og:type\" content=\"article\" \/>\n<meta property=\"og:title\" content=\"Sala capitular de Consuelo declara duelo municipal desde este jueves a las 6:00 am por muerte de 2 personas que fueron envestidos por jeepeta - Conexi\u00f3n 23\" \/>\n<meta property=\"og:description\" content=\"La Sala Capitular del municipio Consuelo se reuni\u00f3 de emergencia al caer la tarde del mi\u00e9rcoles, para declarar como d\u00eda de duelo municipal este jueves 12 de febrero a partir de las seis de la ma\u00f1ana, hasta este viernes a la misma hora, por la tr\u00e1gica muerte de dos personas en esta comunidad, en accidente [&hellip;]\" \/>\n<meta property=\"og:url\" content=\"https:\/\/conexion23.com\/?p=52942\" \/>\n<meta property=\"og:site_name\" content=\"Conexi\u00f3n 23\" \/>\n<meta property=\"article:publisher\" content=\"https:\/\/www.facebook.com\/conexion23com\" \/>\n<meta property=\"article:published_time\" content=\"2026-02-12T11:17:57+00:00\" \/>\n<meta property=\"og:image\" content=\"https:\/\/conexion23.com\/wp-content\/uploads\/2026\/02\/descarga-33.jpg\" \/>\n\t<meta property=\"og:image:width\" content=\"960\" \/>\n\t<meta property=\"og:image:height\" content=\"630\" \/>\n\t<meta property=\"og:image:type\" content=\"image\/jpeg\" \/>\n<meta name=\"author\" content=\"Raffy Ben\u00edtez\" \/>\n<meta name=\"twitter:card\" content=\"summary_large_image\" \/>\n<meta name=\"twitter:label1\" content=\"Escrito por\" \/>\n\t<meta name=\"twitter:data1\" content=\"Raffy Ben\u00edtez\" \/>\n\t<meta name=\"twitter:label2\" content=\"Tiempo de lectura\" \/>\n\t<meta name=\"twitter:data2\" content=\"2 minutos\" \/>\n<script type=\"application\/ld+json\" class=\"yoast-schema-graph\">{\"@context\":\"https:\\\/\\\/schema.org\",\"@graph\":[{\"@type\":\"Article\",\"@id\":\"https:\\\/\\\/conexion23.com\\\/?p=52942#article\",\"isPartOf\":{\"@id\":\"https:\\\/\\\/conexion23.com\\\/?p=52942\"},\"author\":{\"name\":\"Raffy Ben\u00edtez\",\"@id\":\"http:\\\/\\\/conexion23.com\\\/#\\\/schema\\\/person\\\/03e36043331117e97a373299bbcd30a6\"},\"headline\":\"Sala capitular de Consuelo declara duelo municipal desde este jueves a las 6:00 am por muerte de 2 personas que fueron envestidos por jeepeta\",\"datePublished\":\"2026-02-12T11:17:57+00:00\",\"mainEntityOfPage\":{\"@id\":\"https:\\\/\\\/conexion23.com\\\/?p=52942\"},\"wordCount\":264,\"commentCount\":0,\"publisher\":{\"@id\":\"http:\\\/\\\/conexion23.com\\\/#organization\"},\"image\":{\"@id\":\"https:\\\/\\\/conexion23.com\\\/?p=52942#primaryimage\"},\"thumbnailUrl\":\"https:\\\/\\\/conexion23.com\\\/wp-content\\\/uploads\\\/2026\\\/02\\\/descarga-33.jpg\",\"keywords\":[\"consuelo\",\"duelo municipal\",\"envestidos\",\"jeepeta\",\"Sala capitular\"],\"articleSection\":[\"Consuelo\",\"Municipales\",\"Portada\",\"Provincias del Este\"],\"inLanguage\":\"es\",\"potentialAction\":[{\"@type\":\"CommentAction\",\"name\":\"Comment\",\"target\":[\"https:\\\/\\\/conexion23.com\\\/?p=52942#respond\"]}]},{\"@type\":\"WebPage\",\"@id\":\"https:\\\/\\\/conexion23.com\\\/?p=52942\",\"url\":\"https:\\\/\\\/conexion23.com\\\/?p=52942\",\"name\":\"Sala capitular de Consuelo declara duelo municipal desde este jueves a las 6:00 am por muerte de 2 personas que fueron envestidos por jeepeta - Conexi\u00f3n 23\",\"isPartOf\":{\"@id\":\"http:\\\/\\\/conexion23.com\\\/#website\"},\"primaryImageOfPage\":{\"@id\":\"https:\\\/\\\/conexion23.com\\\/?p=52942#primaryimage\"},\"image\":{\"@id\":\"https:\\\/\\\/conexion23.com\\\/?p=52942#primaryimage\"},\"thumbnailUrl\":\"https:\\\/\\\/conexion23.com\\\/wp-content\\\/uploads\\\/2026\\\/02\\\/descarga-33.jpg\",\"datePublished\":\"2026-02-12T11:17:57+00:00\",\"breadcrumb\":{\"@id\":\"https:\\\/\\\/conexion23.com\\\/?p=52942#breadcrumb\"},\"inLanguage\":\"es\",\"potentialAction\":[{\"@type\":\"ReadAction\",\"target\":[\"https:\\\/\\\/conexion23.com\\\/?p=52942\"]}]},{\"@type\":\"ImageObject\",\"inLanguage\":\"es\",\"@id\":\"https:\\\/\\\/conexion23.com\\\/?p=52942#primaryimage\",\"url\":\"https:\\\/\\\/conexion23.com\\\/wp-content\\\/uploads\\\/2026\\\/02\\\/descarga-33.jpg\",\"contentUrl\":\"https:\\\/\\\/conexion23.com\\\/wp-content\\\/uploads\\\/2026\\\/02\\\/descarga-33.jpg\",\"width\":960,\"height\":630},{\"@type\":\"BreadcrumbList\",\"@id\":\"https:\\\/\\\/conexion23.com\\\/?p=52942#breadcrumb\",\"itemListElement\":[{\"@type\":\"ListItem\",\"position\":1,\"name\":\"Portada\",\"item\":\"http:\\\/\\\/conexion23.com\\\/\"},{\"@type\":\"ListItem\",\"position\":2,\"name\":\"Sala capitular de Consuelo declara duelo municipal desde este jueves a las 6:00 am por muerte de 2 personas que fueron envestidos por jeepeta\"}]},{\"@type\":\"WebSite\",\"@id\":\"http:\\\/\\\/conexion23.com\\\/#website\",\"url\":\"http:\\\/\\\/conexion23.com\\\/\",\"name\":\"Conexi\u00f3n 23\",\"description\":\"Peri\u00f3dico 100% Petromacorisano\",\"publisher\":{\"@id\":\"http:\\\/\\\/conexion23.com\\\/#organization\"},\"potentialAction\":[{\"@type\":\"SearchAction\",\"target\":{\"@type\":\"EntryPoint\",\"urlTemplate\":\"http:\\\/\\\/conexion23.com\\\/?s={search_term_string}\"},\"query-input\":{\"@type\":\"PropertyValueSpecification\",\"valueRequired\":true,\"valueName\":\"search_term_string\"}}],\"inLanguage\":\"es\"},{\"@type\":\"Organization\",\"@id\":\"http:\\\/\\\/conexion23.com\\\/#organization\",\"name\":\"Conexion 23\",\"url\":\"http:\\\/\\\/conexion23.com\\\/\",\"logo\":{\"@type\":\"ImageObject\",\"inLanguage\":\"es\",\"@id\":\"http:\\\/\\\/conexion23.com\\\/#\\\/schema\\\/logo\\\/image\\\/\",\"url\":\"https:\\\/\\\/conexion23.com\\\/wp-content\\\/uploads\\\/2021\\\/11\\\/Diseno-sin-titulo-2.png\",\"contentUrl\":\"https:\\\/\\\/conexion23.com\\\/wp-content\\\/uploads\\\/2021\\\/11\\\/Diseno-sin-titulo-2.png\",\"width\":541,\"height\":90,\"caption\":\"Conexion 23\"},\"image\":{\"@id\":\"http:\\\/\\\/conexion23.com\\\/#\\\/schema\\\/logo\\\/image\\\/\"},\"sameAs\":[\"https:\\\/\\\/www.facebook.com\\\/conexion23com\",\"https:\\\/\\\/www.instagram.com\\\/conexion23com\\\/\",\"https:\\\/\\\/www.youtube.com\\\/channel\\\/UCYc7vxxFZMYLIHNsHHxPZ3Q\"]},{\"@type\":\"Person\",\"@id\":\"http:\\\/\\\/conexion23.com\\\/#\\\/schema\\\/person\\\/03e36043331117e97a373299bbcd30a6\",\"name\":\"Raffy Ben\u00edtez\",\"image\":{\"@type\":\"ImageObject\",\"inLanguage\":\"es\",\"@id\":\"https:\\\/\\\/secure.gravatar.com\\\/avatar\\\/3190a6a6c5e1b0327500f7d6c56b6242472ee6cb974cf09b401ee6b3b0798f23?s=96&d=mm&r=g\",\"url\":\"https:\\\/\\\/secure.gravatar.com\\\/avatar\\\/3190a6a6c5e1b0327500f7d6c56b6242472ee6cb974cf09b401ee6b3b0798f23?s=96&d=mm&r=g\",\"contentUrl\":\"https:\\\/\\\/secure.gravatar.com\\\/avatar\\\/3190a6a6c5e1b0327500f7d6c56b6242472ee6cb974cf09b401ee6b3b0798f23?s=96&d=mm&r=g\",\"caption\":\"Raffy Ben\u00edtez\"},\"url\":\"https:\\\/\\\/conexion23.com\\\/?author=15\"}]}<\/script>\n<!-- \/ Yoast SEO plugin. -->","yoast_head_json":{"title":"Sala capitular de Consuelo declara duelo municipal desde este jueves a las 6:00 am por muerte de 2 personas que fueron envestidos por jeepeta - Conexi\u00f3n 23","robots":{"index":"index","follow":"follow","max-snippet":"max-snippet:-1","max-image-preview":"max-image-preview:large","max-video-preview":"max-video-preview:-1"},"canonical":"https:\/\/conexion23.com\/?p=52942","og_locale":"es_ES","og_type":"article","og_title":"Sala capitular de Consuelo declara duelo municipal desde este jueves a las 6:00 am por muerte de 2 personas que fueron envestidos por jeepeta - Conexi\u00f3n 23","og_description":"La Sala Capitular del municipio Consuelo se reuni\u00f3 de emergencia al caer la tarde del mi\u00e9rcoles, para declarar como d\u00eda de duelo municipal este jueves 12 de febrero a partir de las seis de la ma\u00f1ana, hasta este viernes a la misma hora, por la tr\u00e1gica muerte de dos personas en esta comunidad, en accidente [&hellip;]","og_url":"https:\/\/conexion23.com\/?p=52942","og_site_name":"Conexi\u00f3n 23","article_publisher":"https:\/\/www.facebook.com\/conexion23com","article_published_time":"2026-02-12T11:17:57+00:00","og_image":[{"width":960,"height":630,"url":"https:\/\/conexion23.com\/wp-content\/uploads\/2026\/02\/descarga-33.jpg","type":"image\/jpeg"}],"author":"Raffy Ben\u00edtez","twitter_card":"summary_large_image","twitter_misc":{"Escrito por":"Raffy Ben\u00edtez","Tiempo de lectura":"2 minutos"},"schema":{"@context":"https:\/\/schema.org","@graph":[{"@type":"Article","@id":"https:\/\/conexion23.com\/?p=52942#article","isPartOf":{"@id":"https:\/\/conexion23.com\/?p=52942"},"author":{"name":"Raffy Ben\u00edtez","@id":"http:\/\/conexion23.com\/#\/schema\/person\/03e36043331117e97a373299bbcd30a6"},"headline":"Sala capitular de Consuelo declara duelo municipal desde este jueves a las 6:00 am por muerte de 2 personas que fueron envestidos por jeepeta","datePublished":"2026-02-12T11:17:57+00:00","mainEntityOfPage":{"@id":"https:\/\/conexion23.com\/?p=52942"},"wordCount":264,"commentCount":0,"publisher":{"@id":"http:\/\/conexion23.com\/#organization"},"image":{"@id":"https:\/\/conexion23.com\/?p=52942#primaryimage"},"thumbnailUrl":"https:\/\/conexion23.com\/wp-content\/uploads\/2026\/02\/descarga-33.jpg","keywords":["consuelo","duelo municipal","envestidos","jeepeta","Sala capitular"],"articleSection":["Consuelo","Municipales","Portada","Provincias del Este"],"inLanguage":"es","potentialAction":[{"@type":"CommentAction","name":"Comment","target":["https:\/\/conexion23.com\/?p=52942#respond"]}]},{"@type":"WebPage","@id":"https:\/\/conexion23.com\/?p=52942","url":"https:\/\/conexion23.com\/?p=52942","name":"Sala capitular de Consuelo declara duelo municipal desde este jueves a las 6:00 am por muerte de 2 personas que fueron envestidos por jeepeta - Conexi\u00f3n 23","isPartOf":{"@id":"http:\/\/conexion23.com\/#website"},"primaryImageOfPage":{"@id":"https:\/\/conexion23.com\/?p=52942#primaryimage"},"image":{"@id":"https:\/\/conexion23.com\/?p=52942#primaryimage"},"thumbnailUrl":"https:\/\/conexion23.com\/wp-content\/uploads\/2026\/02\/descarga-33.jpg","datePublished":"2026-02-12T11:17:57+00:00","breadcrumb":{"@id":"https:\/\/conexion23.com\/?p=52942#breadcrumb"},"inLanguage":"es","potentialAction":[{"@type":"ReadAction","target":["https:\/\/conexion23.com\/?p=52942"]}]},{"@type":"ImageObject","inLanguage":"es","@id":"https:\/\/conexion23.com\/?p=52942#primaryimage","url":"https:\/\/conexion23.com\/wp-content\/uploads\/2026\/02\/descarga-33.jpg","contentUrl":"https:\/\/conexion23.com\/wp-content\/uploads\/2026\/02\/descarga-33.jpg","width":960,"height":630},{"@type":"BreadcrumbList","@id":"https:\/\/conexion23.com\/?p=52942#breadcrumb","itemListElement":[{"@type":"ListItem","position":1,"name":"Portada","item":"http:\/\/conexion23.com\/"},{"@type":"ListItem","position":2,"name":"Sala capitular de Consuelo declara duelo municipal desde este jueves a las 6:00 am por muerte de 2 personas que fueron envestidos por jeepeta"}]},{"@type":"WebSite","@id":"http:\/\/conexion23.com\/#website","url":"http:\/\/conexion23.com\/","name":"Conexi\u00f3n 23","description":"Peri\u00f3dico 100% Petromacorisano","publisher":{"@id":"http:\/\/conexion23.com\/#organization"},"potentialAction":[{"@type":"SearchAction","target":{"@type":"EntryPoint","urlTemplate":"http:\/\/conexion23.com\/?s={search_term_string}"},"query-input":{"@type":"PropertyValueSpecification","valueRequired":true,"valueName":"search_term_string"}}],"inLanguage":"es"},{"@type":"Organization","@id":"http:\/\/conexion23.com\/#organization","name":"Conexion 23","url":"http:\/\/conexion23.com\/","logo":{"@type":"ImageObject","inLanguage":"es","@id":"http:\/\/conexion23.com\/#\/schema\/logo\/image\/","url":"https:\/\/conexion23.com\/wp-content\/uploads\/2021\/11\/Diseno-sin-titulo-2.png","contentUrl":"https:\/\/conexion23.com\/wp-content\/uploads\/2021\/11\/Diseno-sin-titulo-2.png","width":541,"height":90,"caption":"Conexion 23"},"image":{"@id":"http:\/\/conexion23.com\/#\/schema\/logo\/image\/"},"sameAs":["https:\/\/www.facebook.com\/conexion23com","https:\/\/www.instagram.com\/conexion23com\/","https:\/\/www.youtube.com\/channel\/UCYc7vxxFZMYLIHNsHHxPZ3Q"]},{"@type":"Person","@id":"http:\/\/conexion23.com\/#\/schema\/person\/03e36043331117e97a373299bbcd30a6","name":"Raffy Ben\u00edtez","image":{"@type":"ImageObject","inLanguage":"es","@id":"https:\/\/secure.gravatar.com\/avatar\/3190a6a6c5e1b0327500f7d6c56b6242472ee6cb974cf09b401ee6b3b0798f23?s=96&d=mm&r=g","url":"https:\/\/secure.gravatar.com\/avatar\/3190a6a6c5e1b0327500f7d6c56b6242472ee6cb974cf09b401ee6b3b0798f23?s=96&d=mm&r=g","contentUrl":"https:\/\/secure.gravatar.com\/avatar\/3190a6a6c5e1b0327500f7d6c56b6242472ee6cb974cf09b401ee6b3b0798f23?s=96&d=mm&r=g","caption":"Raffy Ben\u00edtez"},"url":"https:\/\/conexion23.com\/?author=15"}]}},"_links":{"self":[{"href":"https:\/\/conexion23.com\/index.php?rest_route=\/wp\/v2\/posts\/52942","targetHints":{"allow":["GET"]}}],"collection":[{"href":"https:\/\/conexion23.com\/index.php?rest_route=\/wp\/v2\/posts"}],"about":[{"href":"https:\/\/conexion23.com\/index.php?rest_route=\/wp\/v2\/types\/post"}],"author":[{"embeddable":true,"href":"https:\/\/conexion23.com\/index.php?rest_route=\/wp\/v2\/users\/15"}],"replies":[{"embeddable":true,"href":"https:\/\/conexion23.com\/index.php?rest_route=%2Fwp%2Fv2%2Fcomments&post=52942"}],"version-history":[{"count":1,"href":"https:\/\/conexion23.com\/index.php?rest_route=\/wp\/v2\/posts\/52942\/revisions"}],"predecessor-version":[{"id":52944,"href":"https:\/\/conexion23.com\/index.php?rest_route=\/wp\/v2\/posts\/52942\/revisions\/52944"}],"wp:featuredmedia":[{"embeddable":true,"href":"https:\/\/conexion23.com\/index.php?rest_route=\/wp\/v2\/media\/52943"}],"wp:attachment":[{"href":"https:\/\/conexion23.com\/index.php?rest_route=%2Fwp%2Fv2%2Fmedia&parent=52942"}],"wp:term":[{"taxonomy":"category","embeddable":true,"href":"https:\/\/conexion23.com\/index.php?rest_route=%2Fwp%2Fv2%2Fcategories&post=52942"},{"taxonomy":"post_tag","embeddable":true,"href":"https:\/\/conexion23.com\/index.php?rest_route=%2Fwp%2Fv2%2Ftags&post=52942"}],"curies":[{"name":"wp","href":"https:\/\/api.w.org\/{rel}","templated":true}]}}