{"id":53239,"date":"2026-02-17T07:00:59","date_gmt":"2026-02-17T11:00:59","guid":{"rendered":"https:\/\/conexion23.com\/?p=53239"},"modified":"2026-02-16T18:33:38","modified_gmt":"2026-02-16T22:33:38","slug":"muere-adolescente-de-13-anos-al-lanzarse-en-piscina-en-la-enea-provincia-la-altagracia","status":"publish","type":"post","link":"https:\/\/conexion23.com\/?p=53239","title":{"rendered":"Muere adolescente de 13 a\u00f1os al lanzarse en piscina en La Enea, provincia La Altagracia"},"content":{"rendered":"<p style=\"text-align: justify;\">Una adolescente de 16 a\u00f1os de edad perdi\u00f3 la vida luego de lanzarse a una piscina, en un hecho ocurrido este fin de semana en la comunidad La Enea, municipio Hig\u00fcey.<\/p>\n<p style=\"text-align: justify;\">La menor, cuyo nombre se omite por razones legales, es de nacionalidad haitiana y resid\u00eda en el sector San Francisco del citado municipio.<\/p>\n<p style=\"text-align: justify;\">De acuerdo a las informaciones obtenidas hasta el momento, la jovencita se encontraba en una villa donde se celebraba un cumplea\u00f1os, cuando se lanz\u00f3 a la piscina, donde tom\u00f3 mucha agua, por lo que fue llevada a un centro de salud, pero lleg\u00f3 sin signos vitales.<\/p>\n<p style=\"text-align: justify;\">Supuestamente el propietario de la finca no se encontraba en el lugar de los hechos.<\/p>\n","protected":false},"excerpt":{"rendered":"<p>Una adolescente de 16 a\u00f1os de edad perdi\u00f3 la vida luego de lanzarse a una piscina, en un hecho ocurrido este fin de semana en la comunidad La Enea, municipio Hig\u00fcey. La menor, cuyo nombre se omite por razones legales, es de nacionalidad haitiana y resid\u00eda en el sector San Francisco del citado municipio. De [&hellip;]<\/p>\n","protected":false},"author":15,"featured_media":53240,"comment_status":"open","ping_status":"open","sticky":false,"template":"","format":"standard","meta":{"footnotes":""},"categories":[2474,12,2472],"tags":[1732,631,4045,6802,638],"class_list":["post-53239","post","type-post","status-publish","format-standard","has-post-thumbnail","category-la-altagracia","category-municipales","category-provincias-del-este","tag-adolescente","tag-higuey","tag-la-altagracia","tag-la-enea","tag-muere"],"yoast_head":"<!-- This site is optimized with the Yoast SEO plugin v27.6 - https:\/\/yoast.com\/product\/yoast-seo-wordpress\/ -->\n<title>Muere adolescente de 13 a\u00f1os al lanzarse en piscina en La Enea, provincia La Altagracia - Conexi\u00f3n 23<\/title>\n<meta name=\"robots\" content=\"index, follow, max-snippet:-1, max-image-preview:large, max-video-preview:-1\" \/>\n<link rel=\"canonical\" href=\"https:\/\/conexion23.com\/?p=53239\" \/>\n<meta property=\"og:locale\" content=\"es_ES\" \/>\n<meta property=\"og:type\" content=\"article\" \/>\n<meta property=\"og:title\" content=\"Muere adolescente de 13 a\u00f1os al lanzarse en piscina en La Enea, provincia La Altagracia - Conexi\u00f3n 23\" \/>\n<meta property=\"og:description\" content=\"Una adolescente de 16 a\u00f1os de edad perdi\u00f3 la vida luego de lanzarse a una piscina, en un hecho ocurrido este fin de semana en la comunidad La Enea, municipio Hig\u00fcey. La menor, cuyo nombre se omite por razones legales, es de nacionalidad haitiana y resid\u00eda en el sector San Francisco del citado municipio. De [&hellip;]\" \/>\n<meta property=\"og:url\" content=\"https:\/\/conexion23.com\/?p=53239\" \/>\n<meta property=\"og:site_name\" content=\"Conexi\u00f3n 23\" \/>\n<meta property=\"article:publisher\" content=\"https:\/\/www.facebook.com\/conexion23com\" \/>\n<meta property=\"article:published_time\" content=\"2026-02-17T11:00:59+00:00\" \/>\n<meta property=\"og:image\" content=\"https:\/\/conexion23.com\/wp-content\/uploads\/2026\/02\/IMG_6374.webp\" \/>\n\t<meta property=\"og:image:width\" content=\"347\" \/>\n\t<meta property=\"og:image:height\" content=\"296\" \/>\n\t<meta property=\"og:image:type\" content=\"image\/webp\" \/>\n<meta name=\"author\" content=\"Raffy Ben\u00edtez\" \/>\n<meta name=\"twitter:card\" content=\"summary_large_image\" \/>\n<meta name=\"twitter:label1\" content=\"Escrito por\" \/>\n\t<meta name=\"twitter:data1\" content=\"Raffy Ben\u00edtez\" \/>\n\t<meta name=\"twitter:label2\" content=\"Tiempo de lectura\" \/>\n\t<meta name=\"twitter:data2\" content=\"1 minuto\" \/>\n<script type=\"application\/ld+json\" class=\"yoast-schema-graph\">{\"@context\":\"https:\\\/\\\/schema.org\",\"@graph\":[{\"@type\":\"Article\",\"@id\":\"https:\\\/\\\/conexion23.com\\\/?p=53239#article\",\"isPartOf\":{\"@id\":\"https:\\\/\\\/conexion23.com\\\/?p=53239\"},\"author\":{\"name\":\"Raffy Ben\u00edtez\",\"@id\":\"http:\\\/\\\/conexion23.com\\\/#\\\/schema\\\/person\\\/03e36043331117e97a373299bbcd30a6\"},\"headline\":\"Muere adolescente de 13 a\u00f1os al lanzarse en piscina en La Enea, provincia La Altagracia\",\"datePublished\":\"2026-02-17T11:00:59+00:00\",\"mainEntityOfPage\":{\"@id\":\"https:\\\/\\\/conexion23.com\\\/?p=53239\"},\"wordCount\":133,\"commentCount\":0,\"publisher\":{\"@id\":\"http:\\\/\\\/conexion23.com\\\/#organization\"},\"image\":{\"@id\":\"https:\\\/\\\/conexion23.com\\\/?p=53239#primaryimage\"},\"thumbnailUrl\":\"https:\\\/\\\/conexion23.com\\\/wp-content\\\/uploads\\\/2026\\\/02\\\/IMG_6374.webp\",\"keywords\":[\"adolescente\",\"Higuey\",\"la altagracia\",\"La Enea\",\"Muere\"],\"articleSection\":[\"La Altagracia\",\"Municipales\",\"Provincias del Este\"],\"inLanguage\":\"es\",\"potentialAction\":[{\"@type\":\"CommentAction\",\"name\":\"Comment\",\"target\":[\"https:\\\/\\\/conexion23.com\\\/?p=53239#respond\"]}]},{\"@type\":\"WebPage\",\"@id\":\"https:\\\/\\\/conexion23.com\\\/?p=53239\",\"url\":\"https:\\\/\\\/conexion23.com\\\/?p=53239\",\"name\":\"Muere adolescente de 13 a\u00f1os al lanzarse en piscina en La Enea, provincia La Altagracia - Conexi\u00f3n 23\",\"isPartOf\":{\"@id\":\"http:\\\/\\\/conexion23.com\\\/#website\"},\"primaryImageOfPage\":{\"@id\":\"https:\\\/\\\/conexion23.com\\\/?p=53239#primaryimage\"},\"image\":{\"@id\":\"https:\\\/\\\/conexion23.com\\\/?p=53239#primaryimage\"},\"thumbnailUrl\":\"https:\\\/\\\/conexion23.com\\\/wp-content\\\/uploads\\\/2026\\\/02\\\/IMG_6374.webp\",\"datePublished\":\"2026-02-17T11:00:59+00:00\",\"breadcrumb\":{\"@id\":\"https:\\\/\\\/conexion23.com\\\/?p=53239#breadcrumb\"},\"inLanguage\":\"es\",\"potentialAction\":[{\"@type\":\"ReadAction\",\"target\":[\"https:\\\/\\\/conexion23.com\\\/?p=53239\"]}]},{\"@type\":\"ImageObject\",\"inLanguage\":\"es\",\"@id\":\"https:\\\/\\\/conexion23.com\\\/?p=53239#primaryimage\",\"url\":\"https:\\\/\\\/conexion23.com\\\/wp-content\\\/uploads\\\/2026\\\/02\\\/IMG_6374.webp\",\"contentUrl\":\"https:\\\/\\\/conexion23.com\\\/wp-content\\\/uploads\\\/2026\\\/02\\\/IMG_6374.webp\",\"width\":347,\"height\":296},{\"@type\":\"BreadcrumbList\",\"@id\":\"https:\\\/\\\/conexion23.com\\\/?p=53239#breadcrumb\",\"itemListElement\":[{\"@type\":\"ListItem\",\"position\":1,\"name\":\"Portada\",\"item\":\"http:\\\/\\\/conexion23.com\\\/\"},{\"@type\":\"ListItem\",\"position\":2,\"name\":\"Muere adolescente de 13 a\u00f1os al lanzarse en piscina en La Enea, provincia La Altagracia\"}]},{\"@type\":\"WebSite\",\"@id\":\"http:\\\/\\\/conexion23.com\\\/#website\",\"url\":\"http:\\\/\\\/conexion23.com\\\/\",\"name\":\"Conexi\u00f3n 23\",\"description\":\"Peri\u00f3dico 100% Petromacorisano\",\"publisher\":{\"@id\":\"http:\\\/\\\/conexion23.com\\\/#organization\"},\"potentialAction\":[{\"@type\":\"SearchAction\",\"target\":{\"@type\":\"EntryPoint\",\"urlTemplate\":\"http:\\\/\\\/conexion23.com\\\/?s={search_term_string}\"},\"query-input\":{\"@type\":\"PropertyValueSpecification\",\"valueRequired\":true,\"valueName\":\"search_term_string\"}}],\"inLanguage\":\"es\"},{\"@type\":\"Organization\",\"@id\":\"http:\\\/\\\/conexion23.com\\\/#organization\",\"name\":\"Conexion 23\",\"url\":\"http:\\\/\\\/conexion23.com\\\/\",\"logo\":{\"@type\":\"ImageObject\",\"inLanguage\":\"es\",\"@id\":\"http:\\\/\\\/conexion23.com\\\/#\\\/schema\\\/logo\\\/image\\\/\",\"url\":\"https:\\\/\\\/conexion23.com\\\/wp-content\\\/uploads\\\/2021\\\/11\\\/Diseno-sin-titulo-2.png\",\"contentUrl\":\"https:\\\/\\\/conexion23.com\\\/wp-content\\\/uploads\\\/2021\\\/11\\\/Diseno-sin-titulo-2.png\",\"width\":541,\"height\":90,\"caption\":\"Conexion 23\"},\"image\":{\"@id\":\"http:\\\/\\\/conexion23.com\\\/#\\\/schema\\\/logo\\\/image\\\/\"},\"sameAs\":[\"https:\\\/\\\/www.facebook.com\\\/conexion23com\",\"https:\\\/\\\/www.instagram.com\\\/conexion23com\\\/\",\"https:\\\/\\\/www.youtube.com\\\/channel\\\/UCYc7vxxFZMYLIHNsHHxPZ3Q\"]},{\"@type\":\"Person\",\"@id\":\"http:\\\/\\\/conexion23.com\\\/#\\\/schema\\\/person\\\/03e36043331117e97a373299bbcd30a6\",\"name\":\"Raffy Ben\u00edtez\",\"image\":{\"@type\":\"ImageObject\",\"inLanguage\":\"es\",\"@id\":\"https:\\\/\\\/secure.gravatar.com\\\/avatar\\\/3190a6a6c5e1b0327500f7d6c56b6242472ee6cb974cf09b401ee6b3b0798f23?s=96&d=mm&r=g\",\"url\":\"https:\\\/\\\/secure.gravatar.com\\\/avatar\\\/3190a6a6c5e1b0327500f7d6c56b6242472ee6cb974cf09b401ee6b3b0798f23?s=96&d=mm&r=g\",\"contentUrl\":\"https:\\\/\\\/secure.gravatar.com\\\/avatar\\\/3190a6a6c5e1b0327500f7d6c56b6242472ee6cb974cf09b401ee6b3b0798f23?s=96&d=mm&r=g\",\"caption\":\"Raffy Ben\u00edtez\"},\"url\":\"https:\\\/\\\/conexion23.com\\\/?author=15\"}]}<\/script>\n<!-- \/ Yoast SEO plugin. -->","yoast_head_json":{"title":"Muere adolescente de 13 a\u00f1os al lanzarse en piscina en La Enea, provincia La Altagracia - Conexi\u00f3n 23","robots":{"index":"index","follow":"follow","max-snippet":"max-snippet:-1","max-image-preview":"max-image-preview:large","max-video-preview":"max-video-preview:-1"},"canonical":"https:\/\/conexion23.com\/?p=53239","og_locale":"es_ES","og_type":"article","og_title":"Muere adolescente de 13 a\u00f1os al lanzarse en piscina en La Enea, provincia La Altagracia - Conexi\u00f3n 23","og_description":"Una adolescente de 16 a\u00f1os de edad perdi\u00f3 la vida luego de lanzarse a una piscina, en un hecho ocurrido este fin de semana en la comunidad La Enea, municipio Hig\u00fcey. La menor, cuyo nombre se omite por razones legales, es de nacionalidad haitiana y resid\u00eda en el sector San Francisco del citado municipio. De [&hellip;]","og_url":"https:\/\/conexion23.com\/?p=53239","og_site_name":"Conexi\u00f3n 23","article_publisher":"https:\/\/www.facebook.com\/conexion23com","article_published_time":"2026-02-17T11:00:59+00:00","og_image":[{"width":347,"height":296,"url":"https:\/\/conexion23.com\/wp-content\/uploads\/2026\/02\/IMG_6374.webp","type":"image\/webp"}],"author":"Raffy Ben\u00edtez","twitter_card":"summary_large_image","twitter_misc":{"Escrito por":"Raffy Ben\u00edtez","Tiempo de lectura":"1 minuto"},"schema":{"@context":"https:\/\/schema.org","@graph":[{"@type":"Article","@id":"https:\/\/conexion23.com\/?p=53239#article","isPartOf":{"@id":"https:\/\/conexion23.com\/?p=53239"},"author":{"name":"Raffy Ben\u00edtez","@id":"http:\/\/conexion23.com\/#\/schema\/person\/03e36043331117e97a373299bbcd30a6"},"headline":"Muere adolescente de 13 a\u00f1os al lanzarse en piscina en La Enea, provincia La Altagracia","datePublished":"2026-02-17T11:00:59+00:00","mainEntityOfPage":{"@id":"https:\/\/conexion23.com\/?p=53239"},"wordCount":133,"commentCount":0,"publisher":{"@id":"http:\/\/conexion23.com\/#organization"},"image":{"@id":"https:\/\/conexion23.com\/?p=53239#primaryimage"},"thumbnailUrl":"https:\/\/conexion23.com\/wp-content\/uploads\/2026\/02\/IMG_6374.webp","keywords":["adolescente","Higuey","la altagracia","La Enea","Muere"],"articleSection":["La Altagracia","Municipales","Provincias del Este"],"inLanguage":"es","potentialAction":[{"@type":"CommentAction","name":"Comment","target":["https:\/\/conexion23.com\/?p=53239#respond"]}]},{"@type":"WebPage","@id":"https:\/\/conexion23.com\/?p=53239","url":"https:\/\/conexion23.com\/?p=53239","name":"Muere adolescente de 13 a\u00f1os al lanzarse en piscina en La Enea, provincia La Altagracia - Conexi\u00f3n 23","isPartOf":{"@id":"http:\/\/conexion23.com\/#website"},"primaryImageOfPage":{"@id":"https:\/\/conexion23.com\/?p=53239#primaryimage"},"image":{"@id":"https:\/\/conexion23.com\/?p=53239#primaryimage"},"thumbnailUrl":"https:\/\/conexion23.com\/wp-content\/uploads\/2026\/02\/IMG_6374.webp","datePublished":"2026-02-17T11:00:59+00:00","breadcrumb":{"@id":"https:\/\/conexion23.com\/?p=53239#breadcrumb"},"inLanguage":"es","potentialAction":[{"@type":"ReadAction","target":["https:\/\/conexion23.com\/?p=53239"]}]},{"@type":"ImageObject","inLanguage":"es","@id":"https:\/\/conexion23.com\/?p=53239#primaryimage","url":"https:\/\/conexion23.com\/wp-content\/uploads\/2026\/02\/IMG_6374.webp","contentUrl":"https:\/\/conexion23.com\/wp-content\/uploads\/2026\/02\/IMG_6374.webp","width":347,"height":296},{"@type":"BreadcrumbList","@id":"https:\/\/conexion23.com\/?p=53239#breadcrumb","itemListElement":[{"@type":"ListItem","position":1,"name":"Portada","item":"http:\/\/conexion23.com\/"},{"@type":"ListItem","position":2,"name":"Muere adolescente de 13 a\u00f1os al lanzarse en piscina en La Enea, provincia La Altagracia"}]},{"@type":"WebSite","@id":"http:\/\/conexion23.com\/#website","url":"http:\/\/conexion23.com\/","name":"Conexi\u00f3n 23","description":"Peri\u00f3dico 100% Petromacorisano","publisher":{"@id":"http:\/\/conexion23.com\/#organization"},"potentialAction":[{"@type":"SearchAction","target":{"@type":"EntryPoint","urlTemplate":"http:\/\/conexion23.com\/?s={search_term_string}"},"query-input":{"@type":"PropertyValueSpecification","valueRequired":true,"valueName":"search_term_string"}}],"inLanguage":"es"},{"@type":"Organization","@id":"http:\/\/conexion23.com\/#organization","name":"Conexion 23","url":"http:\/\/conexion23.com\/","logo":{"@type":"ImageObject","inLanguage":"es","@id":"http:\/\/conexion23.com\/#\/schema\/logo\/image\/","url":"https:\/\/conexion23.com\/wp-content\/uploads\/2021\/11\/Diseno-sin-titulo-2.png","contentUrl":"https:\/\/conexion23.com\/wp-content\/uploads\/2021\/11\/Diseno-sin-titulo-2.png","width":541,"height":90,"caption":"Conexion 23"},"image":{"@id":"http:\/\/conexion23.com\/#\/schema\/logo\/image\/"},"sameAs":["https:\/\/www.facebook.com\/conexion23com","https:\/\/www.instagram.com\/conexion23com\/","https:\/\/www.youtube.com\/channel\/UCYc7vxxFZMYLIHNsHHxPZ3Q"]},{"@type":"Person","@id":"http:\/\/conexion23.com\/#\/schema\/person\/03e36043331117e97a373299bbcd30a6","name":"Raffy Ben\u00edtez","image":{"@type":"ImageObject","inLanguage":"es","@id":"https:\/\/secure.gravatar.com\/avatar\/3190a6a6c5e1b0327500f7d6c56b6242472ee6cb974cf09b401ee6b3b0798f23?s=96&d=mm&r=g","url":"https:\/\/secure.gravatar.com\/avatar\/3190a6a6c5e1b0327500f7d6c56b6242472ee6cb974cf09b401ee6b3b0798f23?s=96&d=mm&r=g","contentUrl":"https:\/\/secure.gravatar.com\/avatar\/3190a6a6c5e1b0327500f7d6c56b6242472ee6cb974cf09b401ee6b3b0798f23?s=96&d=mm&r=g","caption":"Raffy Ben\u00edtez"},"url":"https:\/\/conexion23.com\/?author=15"}]}},"_links":{"self":[{"href":"https:\/\/conexion23.com\/index.php?rest_route=\/wp\/v2\/posts\/53239","targetHints":{"allow":["GET"]}}],"collection":[{"href":"https:\/\/conexion23.com\/index.php?rest_route=\/wp\/v2\/posts"}],"about":[{"href":"https:\/\/conexion23.com\/index.php?rest_route=\/wp\/v2\/types\/post"}],"author":[{"embeddable":true,"href":"https:\/\/conexion23.com\/index.php?rest_route=\/wp\/v2\/users\/15"}],"replies":[{"embeddable":true,"href":"https:\/\/conexion23.com\/index.php?rest_route=%2Fwp%2Fv2%2Fcomments&post=53239"}],"version-history":[{"count":1,"href":"https:\/\/conexion23.com\/index.php?rest_route=\/wp\/v2\/posts\/53239\/revisions"}],"predecessor-version":[{"id":53241,"href":"https:\/\/conexion23.com\/index.php?rest_route=\/wp\/v2\/posts\/53239\/revisions\/53241"}],"wp:featuredmedia":[{"embeddable":true,"href":"https:\/\/conexion23.com\/index.php?rest_route=\/wp\/v2\/media\/53240"}],"wp:attachment":[{"href":"https:\/\/conexion23.com\/index.php?rest_route=%2Fwp%2Fv2%2Fmedia&parent=53239"}],"wp:term":[{"taxonomy":"category","embeddable":true,"href":"https:\/\/conexion23.com\/index.php?rest_route=%2Fwp%2Fv2%2Fcategories&post=53239"},{"taxonomy":"post_tag","embeddable":true,"href":"https:\/\/conexion23.com\/index.php?rest_route=%2Fwp%2Fv2%2Ftags&post=53239"}],"curies":[{"name":"wp","href":"https:\/\/api.w.org\/{rel}","templated":true}]}}