{"id":53267,"date":"2026-02-17T10:50:53","date_gmt":"2026-02-17T14:50:53","guid":{"rendered":"https:\/\/conexion23.com\/?p=53267"},"modified":"2026-02-17T10:11:44","modified_gmt":"2026-02-17T14:11:44","slug":"a-ritmo-de-marcha-patriotica-inician-juegos-escolares-miguel-infante-en-la-romana","status":"publish","type":"post","link":"https:\/\/conexion23.com\/?p=53267","title":{"rendered":"A ritmo de marcha patri\u00f3tica inician Juegos Escolares Miguel Infante en La Romana"},"content":{"rendered":"<p><strong><u>Aprovechando el mes de la patria, la regional educativa de La Romana y el Inefi dieron apertura a los emblem\u00e1ticos Juegos Escolares Miguel Infante junto a autoridades de la provincia.<\/u><\/strong><\/p>\n<p style=\"font-weight: 400; text-align: justify;\">En el marco del Mes de la Patria y en un ambiente cargado de entusiasmo, civismo y esp\u00edritu deportivo, la Regional de Educaci\u00f3n 05 de La Romana, en coordinaci\u00f3n con el Instituto Nacional de Educaci\u00f3n F\u00edsica (INEFI), dej\u00f3 formalmente inaugurados los emblem\u00e1ticos Juegos Escolares Miguel Infante, con la participaci\u00f3n de autoridades provinciales, directores de centros educativos, docentes, padres y cientos de estudiantes atletas.<\/p>\n<p style=\"font-weight: 400; text-align: justify;\">El acto de apertura, celebrado en el polideportivo del Centro Educativo Inmaculada Coraz\u00f3n \u2014instituci\u00f3n cat\u00f3lica con m\u00e1s de cincuenta a\u00f1os formando generaciones en el este del pa\u00eds\u2014 reuni\u00f3 a veinte centros educativos y m\u00e1s de quinientos estudiantes, quienes desfilaron al ritmo de marchas patri\u00f3ticas, resaltando los valores de identidad nacional, disciplina y sana competencia.<\/p>\n<p><img loading=\"lazy\" decoding=\"async\" class=\"alignnone  wp-image-53269\" src=\"https:\/\/conexion23.com\/wp-content\/uploads\/2026\/02\/Juegos-Escolares-Miguel-Infante-en-La-Romana-3-300x200.jpg\" alt=\"\" width=\"690\" height=\"460\" srcset=\"https:\/\/conexion23.com\/wp-content\/uploads\/2026\/02\/Juegos-Escolares-Miguel-Infante-en-La-Romana-3-300x200.jpg 300w, https:\/\/conexion23.com\/wp-content\/uploads\/2026\/02\/Juegos-Escolares-Miguel-Infante-en-La-Romana-3-1024x682.jpg 1024w, https:\/\/conexion23.com\/wp-content\/uploads\/2026\/02\/Juegos-Escolares-Miguel-Infante-en-La-Romana-3-768x512.jpg 768w, https:\/\/conexion23.com\/wp-content\/uploads\/2026\/02\/Juegos-Escolares-Miguel-Infante-en-La-Romana-3-630x420.jpg 630w, https:\/\/conexion23.com\/wp-content\/uploads\/2026\/02\/Juegos-Escolares-Miguel-Infante-en-La-Romana-3-1260x840.jpg 1260w, https:\/\/conexion23.com\/wp-content\/uploads\/2026\/02\/Juegos-Escolares-Miguel-Infante-en-La-Romana-3-150x100.jpg 150w, https:\/\/conexion23.com\/wp-content\/uploads\/2026\/02\/Juegos-Escolares-Miguel-Infante-en-La-Romana-3-600x400.jpg 600w, https:\/\/conexion23.com\/wp-content\/uploads\/2026\/02\/Juegos-Escolares-Miguel-Infante-en-La-Romana-3-696x464.jpg 696w, https:\/\/conexion23.com\/wp-content\/uploads\/2026\/02\/Juegos-Escolares-Miguel-Infante-en-La-Romana-3-1068x712.jpg 1068w, https:\/\/conexion23.com\/wp-content\/uploads\/2026\/02\/Juegos-Escolares-Miguel-Infante-en-La-Romana-3.jpg 1280w\" sizes=\"auto, (max-width: 690px) 100vw, 690px\" \/><\/p>\n<p style=\"font-weight: 400; text-align: justify;\">Los juegos est\u00e1n dedicados al profesor Miguel Infante, destacado educador f\u00edsico romanense que dedic\u00f3 su vida a la formaci\u00f3n integral de ni\u00f1os y j\u00f3venes a trav\u00e9s del deporte. Sus hijos y su viuda estuvieron presentes en la ceremonia y agradecieron a las autoridades el reconocimiento al legado de quien sembr\u00f3 valores y pasi\u00f3n por la educaci\u00f3n f\u00edsica en m\u00faltiples generaciones.<\/p>\n<p style=\"font-weight: 400; text-align: justify;\">El director ejecutivo del INEFI, Alberto Rodr\u00edguez, destac\u00f3 la importancia de seguir fortaleciendo el deporte escolar como herramienta de transformaci\u00f3n social.<\/p>\n<p style=\"font-weight: 400; text-align: justify;\">\u201cPara nosotros es un gran compromiso auspiciar y respaldar este tipo de iniciativas que impactan directamente a nuestra juventud. Desde el INEFI, siguiendo las directrices del presidente Luis Abinader, continuamos trabajando para que cada estudiante del pa\u00eds tenga acceso a instalaciones dignas, competencias organizadas y entrenadores capacitados. Estos juegos representan una oportunidad para descubrir talentos, pero sobre todo para fortalecer la formaci\u00f3n integral de nuestros j\u00f3venes\u201d, expres\u00f3 Rodr\u00edguez.<\/p>\n<p><img loading=\"lazy\" decoding=\"async\" class=\"alignnone  wp-image-53268\" src=\"https:\/\/conexion23.com\/wp-content\/uploads\/2026\/02\/Juegos-Escolares-Miguel-Infante-en-La-Romana-2-300x200.jpg\" alt=\"\" width=\"690\" height=\"460\" srcset=\"https:\/\/conexion23.com\/wp-content\/uploads\/2026\/02\/Juegos-Escolares-Miguel-Infante-en-La-Romana-2-300x200.jpg 300w, https:\/\/conexion23.com\/wp-content\/uploads\/2026\/02\/Juegos-Escolares-Miguel-Infante-en-La-Romana-2-1024x682.jpg 1024w, https:\/\/conexion23.com\/wp-content\/uploads\/2026\/02\/Juegos-Escolares-Miguel-Infante-en-La-Romana-2-768x512.jpg 768w, https:\/\/conexion23.com\/wp-content\/uploads\/2026\/02\/Juegos-Escolares-Miguel-Infante-en-La-Romana-2-630x420.jpg 630w, https:\/\/conexion23.com\/wp-content\/uploads\/2026\/02\/Juegos-Escolares-Miguel-Infante-en-La-Romana-2-1260x840.jpg 1260w, https:\/\/conexion23.com\/wp-content\/uploads\/2026\/02\/Juegos-Escolares-Miguel-Infante-en-La-Romana-2-150x100.jpg 150w, https:\/\/conexion23.com\/wp-content\/uploads\/2026\/02\/Juegos-Escolares-Miguel-Infante-en-La-Romana-2-600x400.jpg 600w, https:\/\/conexion23.com\/wp-content\/uploads\/2026\/02\/Juegos-Escolares-Miguel-Infante-en-La-Romana-2-696x464.jpg 696w, https:\/\/conexion23.com\/wp-content\/uploads\/2026\/02\/Juegos-Escolares-Miguel-Infante-en-La-Romana-2-1068x712.jpg 1068w, https:\/\/conexion23.com\/wp-content\/uploads\/2026\/02\/Juegos-Escolares-Miguel-Infante-en-La-Romana-2.jpg 1280w\" sizes=\"auto, (max-width: 690px) 100vw, 690px\" \/><\/p>\n<p style=\"font-weight: 400; text-align: justify;\">Las competencias se desarrollar\u00e1n en diversas disciplinas deportivas, promoviendo la participaci\u00f3n activa, la integraci\u00f3n entre centros educativos y el desarrollo f\u00edsico y emocional de los estudiantes.<\/p>\n","protected":false},"excerpt":{"rendered":"<p>Aprovechando el mes de la patria, la regional educativa de La Romana y el Inefi dieron apertura a los emblem\u00e1ticos Juegos Escolares Miguel Infante junto a autoridades de la provincia. En el marco del Mes de la Patria y en un ambiente cargado de entusiasmo, civismo y esp\u00edritu deportivo, la Regional de Educaci\u00f3n 05 de [&hellip;]<\/p>\n","protected":false},"author":18,"featured_media":53270,"comment_status":"open","ping_status":"open","sticky":false,"template":"","format":"standard","meta":{"footnotes":""},"categories":[6,2473,3773,2472],"tags":[109,6817,152,6818],"class_list":["post-53267","post","type-post","status-publish","format-standard","has-post-thumbnail","category-deportes","category-la-romana","category-portada","category-provincias-del-este","tag-deporte","tag-juegosescolares","tag-la-romana","tag-miguel-infante"],"yoast_head":"<!-- This site is optimized with the Yoast SEO plugin v27.6 - https:\/\/yoast.com\/product\/yoast-seo-wordpress\/ -->\n<title>A ritmo de marcha patri\u00f3tica inician Juegos Escolares Miguel Infante en La Romana - Conexi\u00f3n 23<\/title>\n<meta name=\"robots\" content=\"index, follow, max-snippet:-1, max-image-preview:large, max-video-preview:-1\" \/>\n<link rel=\"canonical\" href=\"https:\/\/conexion23.com\/?p=53267\" \/>\n<meta property=\"og:locale\" content=\"es_ES\" \/>\n<meta property=\"og:type\" content=\"article\" \/>\n<meta property=\"og:title\" content=\"A ritmo de marcha patri\u00f3tica inician Juegos Escolares Miguel Infante en La Romana - Conexi\u00f3n 23\" \/>\n<meta property=\"og:description\" content=\"Aprovechando el mes de la patria, la regional educativa de La Romana y el Inefi dieron apertura a los emblem\u00e1ticos Juegos Escolares Miguel Infante junto a autoridades de la provincia. En el marco del Mes de la Patria y en un ambiente cargado de entusiasmo, civismo y esp\u00edritu deportivo, la Regional de Educaci\u00f3n 05 de [&hellip;]\" \/>\n<meta property=\"og:url\" content=\"https:\/\/conexion23.com\/?p=53267\" \/>\n<meta property=\"og:site_name\" content=\"Conexi\u00f3n 23\" \/>\n<meta property=\"article:publisher\" content=\"https:\/\/www.facebook.com\/conexion23com\" \/>\n<meta property=\"article:published_time\" content=\"2026-02-17T14:50:53+00:00\" \/>\n<meta property=\"og:image\" content=\"https:\/\/conexion23.com\/wp-content\/uploads\/2026\/02\/Juegos-Escolares-Miguel-Infante-en-La-Romana-1.jpg\" \/>\n\t<meta property=\"og:image:width\" content=\"1280\" \/>\n\t<meta property=\"og:image:height\" content=\"853\" \/>\n\t<meta property=\"og:image:type\" content=\"image\/jpeg\" \/>\n<meta name=\"author\" content=\"Redacci\u00f3n\" \/>\n<meta name=\"twitter:card\" content=\"summary_large_image\" \/>\n<meta name=\"twitter:label1\" content=\"Escrito por\" \/>\n\t<meta name=\"twitter:data1\" content=\"Redacci\u00f3n\" \/>\n\t<meta name=\"twitter:label2\" content=\"Tiempo de lectura\" \/>\n\t<meta name=\"twitter:data2\" content=\"3 minutos\" \/>\n<script type=\"application\/ld+json\" class=\"yoast-schema-graph\">{\"@context\":\"https:\\\/\\\/schema.org\",\"@graph\":[{\"@type\":\"Article\",\"@id\":\"https:\\\/\\\/conexion23.com\\\/?p=53267#article\",\"isPartOf\":{\"@id\":\"https:\\\/\\\/conexion23.com\\\/?p=53267\"},\"author\":{\"name\":\"Redacci\u00f3n\",\"@id\":\"http:\\\/\\\/conexion23.com\\\/#\\\/schema\\\/person\\\/0a860802b17d01ad2a278f53c507c296\"},\"headline\":\"A ritmo de marcha patri\u00f3tica inician Juegos Escolares Miguel Infante en La Romana\",\"datePublished\":\"2026-02-17T14:50:53+00:00\",\"mainEntityOfPage\":{\"@id\":\"https:\\\/\\\/conexion23.com\\\/?p=53267\"},\"wordCount\":371,\"commentCount\":0,\"publisher\":{\"@id\":\"http:\\\/\\\/conexion23.com\\\/#organization\"},\"image\":{\"@id\":\"https:\\\/\\\/conexion23.com\\\/?p=53267#primaryimage\"},\"thumbnailUrl\":\"https:\\\/\\\/conexion23.com\\\/wp-content\\\/uploads\\\/2026\\\/02\\\/Juegos-Escolares-Miguel-Infante-en-La-Romana-1.jpg\",\"keywords\":[\"deporte\",\"JuegosEscolares\",\"la romana\",\"Miguel Infante\"],\"articleSection\":[\"Deportes\",\"La Romana\",\"Portada\",\"Provincias del Este\"],\"inLanguage\":\"es\",\"potentialAction\":[{\"@type\":\"CommentAction\",\"name\":\"Comment\",\"target\":[\"https:\\\/\\\/conexion23.com\\\/?p=53267#respond\"]}]},{\"@type\":\"WebPage\",\"@id\":\"https:\\\/\\\/conexion23.com\\\/?p=53267\",\"url\":\"https:\\\/\\\/conexion23.com\\\/?p=53267\",\"name\":\"A ritmo de marcha patri\u00f3tica inician Juegos Escolares Miguel Infante en La Romana - Conexi\u00f3n 23\",\"isPartOf\":{\"@id\":\"http:\\\/\\\/conexion23.com\\\/#website\"},\"primaryImageOfPage\":{\"@id\":\"https:\\\/\\\/conexion23.com\\\/?p=53267#primaryimage\"},\"image\":{\"@id\":\"https:\\\/\\\/conexion23.com\\\/?p=53267#primaryimage\"},\"thumbnailUrl\":\"https:\\\/\\\/conexion23.com\\\/wp-content\\\/uploads\\\/2026\\\/02\\\/Juegos-Escolares-Miguel-Infante-en-La-Romana-1.jpg\",\"datePublished\":\"2026-02-17T14:50:53+00:00\",\"breadcrumb\":{\"@id\":\"https:\\\/\\\/conexion23.com\\\/?p=53267#breadcrumb\"},\"inLanguage\":\"es\",\"potentialAction\":[{\"@type\":\"ReadAction\",\"target\":[\"https:\\\/\\\/conexion23.com\\\/?p=53267\"]}]},{\"@type\":\"ImageObject\",\"inLanguage\":\"es\",\"@id\":\"https:\\\/\\\/conexion23.com\\\/?p=53267#primaryimage\",\"url\":\"https:\\\/\\\/conexion23.com\\\/wp-content\\\/uploads\\\/2026\\\/02\\\/Juegos-Escolares-Miguel-Infante-en-La-Romana-1.jpg\",\"contentUrl\":\"https:\\\/\\\/conexion23.com\\\/wp-content\\\/uploads\\\/2026\\\/02\\\/Juegos-Escolares-Miguel-Infante-en-La-Romana-1.jpg\",\"width\":1280,\"height\":853},{\"@type\":\"BreadcrumbList\",\"@id\":\"https:\\\/\\\/conexion23.com\\\/?p=53267#breadcrumb\",\"itemListElement\":[{\"@type\":\"ListItem\",\"position\":1,\"name\":\"Portada\",\"item\":\"http:\\\/\\\/conexion23.com\\\/\"},{\"@type\":\"ListItem\",\"position\":2,\"name\":\"A ritmo de marcha patri\u00f3tica inician Juegos Escolares Miguel Infante en La Romana\"}]},{\"@type\":\"WebSite\",\"@id\":\"http:\\\/\\\/conexion23.com\\\/#website\",\"url\":\"http:\\\/\\\/conexion23.com\\\/\",\"name\":\"Conexi\u00f3n 23\",\"description\":\"Peri\u00f3dico 100% Petromacorisano\",\"publisher\":{\"@id\":\"http:\\\/\\\/conexion23.com\\\/#organization\"},\"potentialAction\":[{\"@type\":\"SearchAction\",\"target\":{\"@type\":\"EntryPoint\",\"urlTemplate\":\"http:\\\/\\\/conexion23.com\\\/?s={search_term_string}\"},\"query-input\":{\"@type\":\"PropertyValueSpecification\",\"valueRequired\":true,\"valueName\":\"search_term_string\"}}],\"inLanguage\":\"es\"},{\"@type\":\"Organization\",\"@id\":\"http:\\\/\\\/conexion23.com\\\/#organization\",\"name\":\"Conexion 23\",\"url\":\"http:\\\/\\\/conexion23.com\\\/\",\"logo\":{\"@type\":\"ImageObject\",\"inLanguage\":\"es\",\"@id\":\"http:\\\/\\\/conexion23.com\\\/#\\\/schema\\\/logo\\\/image\\\/\",\"url\":\"https:\\\/\\\/conexion23.com\\\/wp-content\\\/uploads\\\/2021\\\/11\\\/Diseno-sin-titulo-2.png\",\"contentUrl\":\"https:\\\/\\\/conexion23.com\\\/wp-content\\\/uploads\\\/2021\\\/11\\\/Diseno-sin-titulo-2.png\",\"width\":541,\"height\":90,\"caption\":\"Conexion 23\"},\"image\":{\"@id\":\"http:\\\/\\\/conexion23.com\\\/#\\\/schema\\\/logo\\\/image\\\/\"},\"sameAs\":[\"https:\\\/\\\/www.facebook.com\\\/conexion23com\",\"https:\\\/\\\/www.instagram.com\\\/conexion23com\\\/\",\"https:\\\/\\\/www.youtube.com\\\/channel\\\/UCYc7vxxFZMYLIHNsHHxPZ3Q\"]},{\"@type\":\"Person\",\"@id\":\"http:\\\/\\\/conexion23.com\\\/#\\\/schema\\\/person\\\/0a860802b17d01ad2a278f53c507c296\",\"name\":\"Redacci\u00f3n\",\"image\":{\"@type\":\"ImageObject\",\"inLanguage\":\"es\",\"@id\":\"https:\\\/\\\/secure.gravatar.com\\\/avatar\\\/ec9d84b79c776aa1994e5893944465db9974b17b884155623da51b7b62c02845?s=96&d=mm&r=g\",\"url\":\"https:\\\/\\\/secure.gravatar.com\\\/avatar\\\/ec9d84b79c776aa1994e5893944465db9974b17b884155623da51b7b62c02845?s=96&d=mm&r=g\",\"contentUrl\":\"https:\\\/\\\/secure.gravatar.com\\\/avatar\\\/ec9d84b79c776aa1994e5893944465db9974b17b884155623da51b7b62c02845?s=96&d=mm&r=g\",\"caption\":\"Redacci\u00f3n\"},\"url\":\"https:\\\/\\\/conexion23.com\\\/?author=18\"}]}<\/script>\n<!-- \/ Yoast SEO plugin. -->","yoast_head_json":{"title":"A ritmo de marcha patri\u00f3tica inician Juegos Escolares Miguel Infante en La Romana - Conexi\u00f3n 23","robots":{"index":"index","follow":"follow","max-snippet":"max-snippet:-1","max-image-preview":"max-image-preview:large","max-video-preview":"max-video-preview:-1"},"canonical":"https:\/\/conexion23.com\/?p=53267","og_locale":"es_ES","og_type":"article","og_title":"A ritmo de marcha patri\u00f3tica inician Juegos Escolares Miguel Infante en La Romana - Conexi\u00f3n 23","og_description":"Aprovechando el mes de la patria, la regional educativa de La Romana y el Inefi dieron apertura a los emblem\u00e1ticos Juegos Escolares Miguel Infante junto a autoridades de la provincia. En el marco del Mes de la Patria y en un ambiente cargado de entusiasmo, civismo y esp\u00edritu deportivo, la Regional de Educaci\u00f3n 05 de [&hellip;]","og_url":"https:\/\/conexion23.com\/?p=53267","og_site_name":"Conexi\u00f3n 23","article_publisher":"https:\/\/www.facebook.com\/conexion23com","article_published_time":"2026-02-17T14:50:53+00:00","og_image":[{"width":1280,"height":853,"url":"https:\/\/conexion23.com\/wp-content\/uploads\/2026\/02\/Juegos-Escolares-Miguel-Infante-en-La-Romana-1.jpg","type":"image\/jpeg"}],"author":"Redacci\u00f3n","twitter_card":"summary_large_image","twitter_misc":{"Escrito por":"Redacci\u00f3n","Tiempo de lectura":"3 minutos"},"schema":{"@context":"https:\/\/schema.org","@graph":[{"@type":"Article","@id":"https:\/\/conexion23.com\/?p=53267#article","isPartOf":{"@id":"https:\/\/conexion23.com\/?p=53267"},"author":{"name":"Redacci\u00f3n","@id":"http:\/\/conexion23.com\/#\/schema\/person\/0a860802b17d01ad2a278f53c507c296"},"headline":"A ritmo de marcha patri\u00f3tica inician Juegos Escolares Miguel Infante en La Romana","datePublished":"2026-02-17T14:50:53+00:00","mainEntityOfPage":{"@id":"https:\/\/conexion23.com\/?p=53267"},"wordCount":371,"commentCount":0,"publisher":{"@id":"http:\/\/conexion23.com\/#organization"},"image":{"@id":"https:\/\/conexion23.com\/?p=53267#primaryimage"},"thumbnailUrl":"https:\/\/conexion23.com\/wp-content\/uploads\/2026\/02\/Juegos-Escolares-Miguel-Infante-en-La-Romana-1.jpg","keywords":["deporte","JuegosEscolares","la romana","Miguel Infante"],"articleSection":["Deportes","La Romana","Portada","Provincias del Este"],"inLanguage":"es","potentialAction":[{"@type":"CommentAction","name":"Comment","target":["https:\/\/conexion23.com\/?p=53267#respond"]}]},{"@type":"WebPage","@id":"https:\/\/conexion23.com\/?p=53267","url":"https:\/\/conexion23.com\/?p=53267","name":"A ritmo de marcha patri\u00f3tica inician Juegos Escolares Miguel Infante en La Romana - Conexi\u00f3n 23","isPartOf":{"@id":"http:\/\/conexion23.com\/#website"},"primaryImageOfPage":{"@id":"https:\/\/conexion23.com\/?p=53267#primaryimage"},"image":{"@id":"https:\/\/conexion23.com\/?p=53267#primaryimage"},"thumbnailUrl":"https:\/\/conexion23.com\/wp-content\/uploads\/2026\/02\/Juegos-Escolares-Miguel-Infante-en-La-Romana-1.jpg","datePublished":"2026-02-17T14:50:53+00:00","breadcrumb":{"@id":"https:\/\/conexion23.com\/?p=53267#breadcrumb"},"inLanguage":"es","potentialAction":[{"@type":"ReadAction","target":["https:\/\/conexion23.com\/?p=53267"]}]},{"@type":"ImageObject","inLanguage":"es","@id":"https:\/\/conexion23.com\/?p=53267#primaryimage","url":"https:\/\/conexion23.com\/wp-content\/uploads\/2026\/02\/Juegos-Escolares-Miguel-Infante-en-La-Romana-1.jpg","contentUrl":"https:\/\/conexion23.com\/wp-content\/uploads\/2026\/02\/Juegos-Escolares-Miguel-Infante-en-La-Romana-1.jpg","width":1280,"height":853},{"@type":"BreadcrumbList","@id":"https:\/\/conexion23.com\/?p=53267#breadcrumb","itemListElement":[{"@type":"ListItem","position":1,"name":"Portada","item":"http:\/\/conexion23.com\/"},{"@type":"ListItem","position":2,"name":"A ritmo de marcha patri\u00f3tica inician Juegos Escolares Miguel Infante en La Romana"}]},{"@type":"WebSite","@id":"http:\/\/conexion23.com\/#website","url":"http:\/\/conexion23.com\/","name":"Conexi\u00f3n 23","description":"Peri\u00f3dico 100% Petromacorisano","publisher":{"@id":"http:\/\/conexion23.com\/#organization"},"potentialAction":[{"@type":"SearchAction","target":{"@type":"EntryPoint","urlTemplate":"http:\/\/conexion23.com\/?s={search_term_string}"},"query-input":{"@type":"PropertyValueSpecification","valueRequired":true,"valueName":"search_term_string"}}],"inLanguage":"es"},{"@type":"Organization","@id":"http:\/\/conexion23.com\/#organization","name":"Conexion 23","url":"http:\/\/conexion23.com\/","logo":{"@type":"ImageObject","inLanguage":"es","@id":"http:\/\/conexion23.com\/#\/schema\/logo\/image\/","url":"https:\/\/conexion23.com\/wp-content\/uploads\/2021\/11\/Diseno-sin-titulo-2.png","contentUrl":"https:\/\/conexion23.com\/wp-content\/uploads\/2021\/11\/Diseno-sin-titulo-2.png","width":541,"height":90,"caption":"Conexion 23"},"image":{"@id":"http:\/\/conexion23.com\/#\/schema\/logo\/image\/"},"sameAs":["https:\/\/www.facebook.com\/conexion23com","https:\/\/www.instagram.com\/conexion23com\/","https:\/\/www.youtube.com\/channel\/UCYc7vxxFZMYLIHNsHHxPZ3Q"]},{"@type":"Person","@id":"http:\/\/conexion23.com\/#\/schema\/person\/0a860802b17d01ad2a278f53c507c296","name":"Redacci\u00f3n","image":{"@type":"ImageObject","inLanguage":"es","@id":"https:\/\/secure.gravatar.com\/avatar\/ec9d84b79c776aa1994e5893944465db9974b17b884155623da51b7b62c02845?s=96&d=mm&r=g","url":"https:\/\/secure.gravatar.com\/avatar\/ec9d84b79c776aa1994e5893944465db9974b17b884155623da51b7b62c02845?s=96&d=mm&r=g","contentUrl":"https:\/\/secure.gravatar.com\/avatar\/ec9d84b79c776aa1994e5893944465db9974b17b884155623da51b7b62c02845?s=96&d=mm&r=g","caption":"Redacci\u00f3n"},"url":"https:\/\/conexion23.com\/?author=18"}]}},"_links":{"self":[{"href":"https:\/\/conexion23.com\/index.php?rest_route=\/wp\/v2\/posts\/53267","targetHints":{"allow":["GET"]}}],"collection":[{"href":"https:\/\/conexion23.com\/index.php?rest_route=\/wp\/v2\/posts"}],"about":[{"href":"https:\/\/conexion23.com\/index.php?rest_route=\/wp\/v2\/types\/post"}],"author":[{"embeddable":true,"href":"https:\/\/conexion23.com\/index.php?rest_route=\/wp\/v2\/users\/18"}],"replies":[{"embeddable":true,"href":"https:\/\/conexion23.com\/index.php?rest_route=%2Fwp%2Fv2%2Fcomments&post=53267"}],"version-history":[{"count":1,"href":"https:\/\/conexion23.com\/index.php?rest_route=\/wp\/v2\/posts\/53267\/revisions"}],"predecessor-version":[{"id":53271,"href":"https:\/\/conexion23.com\/index.php?rest_route=\/wp\/v2\/posts\/53267\/revisions\/53271"}],"wp:featuredmedia":[{"embeddable":true,"href":"https:\/\/conexion23.com\/index.php?rest_route=\/wp\/v2\/media\/53270"}],"wp:attachment":[{"href":"https:\/\/conexion23.com\/index.php?rest_route=%2Fwp%2Fv2%2Fmedia&parent=53267"}],"wp:term":[{"taxonomy":"category","embeddable":true,"href":"https:\/\/conexion23.com\/index.php?rest_route=%2Fwp%2Fv2%2Fcategories&post=53267"},{"taxonomy":"post_tag","embeddable":true,"href":"https:\/\/conexion23.com\/index.php?rest_route=%2Fwp%2Fv2%2Ftags&post=53267"}],"curies":[{"name":"wp","href":"https:\/\/api.w.org\/{rel}","templated":true}]}}