{"id":53474,"date":"2026-02-20T10:45:41","date_gmt":"2026-02-20T14:45:41","guid":{"rendered":"https:\/\/conexion23.com\/?p=53474"},"modified":"2026-02-20T10:01:21","modified_gmt":"2026-02-20T14:01:21","slug":"abinader-afirma-puerto-digital-de-google-convertira-a-rd-en-hub-tecnologico-regional","status":"publish","type":"post","link":"https:\/\/conexion23.com\/?p=53474","title":{"rendered":"Abinader afirma Puerto Digital de Google convertir\u00e1 a RD en hub tecnol\u00f3gico regional"},"content":{"rendered":"<p style=\"text-align: justify;\"><strong>El presidente Luis Abinader afirm\u00f3 este jueves que la Rep\u00fablica Dominicana apuesta a convertirse en protagonista de la econom\u00eda digital global, al presentar el Proyecto Puerto de Intercambio Digital impulsado por Google.<\/strong><\/p>\n<p style=\"text-align: justify;\">\u201cLa Rep\u00fablica Dominicana no quiere ser solo usuaria de tecnolog\u00eda; quiere ser protagonista en su desarrollo\u201d, expres\u00f3 el mandatario, al destacar que la iniciativa posiciona al pa\u00eds como una plataforma estrat\u00e9gica regional en un entorno donde las naciones compiten por liderar la econom\u00eda digital.<\/p>\n<p style=\"text-align: justify;\">En su discurso, el jefe de Estado sostuvo que el proyecto coloca a la naci\u00f3n en el mapa no solo como un punto geogr\u00e1fico, sino como un centro clave de conectividad e intercambio tecnol\u00f3gico, consolidando una visi\u00f3n de pa\u00eds moderno, competitivo y preparado para los desaf\u00edos de la inteligencia artificial, la transformaci\u00f3n digital y la nueva econom\u00eda global.<\/p>\n<p style=\"text-align: justify;\">Abinader afirm\u00f3 que la construcci\u00f3n del Puerto de Intercambio Digital de Google en la Rep\u00fablica Dominicana marcar\u00e1 \u201cun antes y un despu\u00e9s\u201d en la infraestructura tecnol\u00f3gica nacional y posicionar\u00e1 al pa\u00eds como nodo estrat\u00e9gico en el flujo de informaci\u00f3n del continente.<\/p>\n<p style=\"text-align: justify;\">El mandatario calific\u00f3 la iniciativa como un d\u00eda importante para el presente y sobre todo para el futuro de la Rep\u00fablica Dominicana, y expres\u00f3 que la inversi\u00f3n le genera una profunda satisfacci\u00f3n, no solo como presidente, sino como ciudadano dominicano.<\/p>\n<p style=\"text-align: justify;\">Explic\u00f3, adem\u00e1s, que la construcci\u00f3n iniciar\u00e1 el pr\u00f3ximo mes de marzo e incluir\u00e1 en su primera fase, la instalaci\u00f3n de dos cables submarinos ya programados dentro del plan de despliegue.<\/p>\n<p style=\"text-align: justify;\">Seg\u00fan detall\u00f3, esta infraestructura incrementar\u00e1 significativamente la capacidad de transmisi\u00f3n de datos del pa\u00eds, mejorar\u00e1 la redundancia de la conectividad y reducir\u00e1 la latencia en los servicios digitales.<\/p>\n<p style=\"text-align: justify;\">\u201cLo que esto significa es simple y poderoso: m\u00e1s velocidad, m\u00e1s seguridad, m\u00e1s resiliencia y m\u00e1s oportunidades para nuestro pa\u00eds\u201d, enfatiz\u00f3.<\/p>\n<p style=\"text-align: justify;\">El presidente se\u00f1al\u00f3 que el Puerto de Intercambio Digital colocar\u00e1 a la Rep\u00fablica Dominicana en el centro del flujo de informaci\u00f3n entre Am\u00e9rica del Norte, Centroam\u00e9rica y Sudam\u00e9rica. \u201cNo estamos solo conect\u00e1ndonos al mundo; estamos convirti\u00e9ndonos en un nodo estrat\u00e9gico del mundo digital\u201d, sostuvo.<\/p>\n<p style=\"text-align: justify;\">Abinader indic\u00f3 que la experiencia internacional demuestra que cuando un pa\u00eds consolida infraestructuras de conectividad de alta capacidad, se activa un c\u00edrculo virtuoso que atrae centros de datos, empresas de servicios digitales y proyectos vinculados a la econom\u00eda del conocimiento.<\/p>\n<p style=\"text-align: justify;\">En ese sentido, resalt\u00f3 que el impacto m\u00e1s importante ser\u00e1 la generaci\u00f3n de empleos especializados y el impulso al talento dominicano, as\u00ed como la apertura de nuevas oportunidades para la juventud. Asimismo, destac\u00f3 que la apuesta de Google reafirma el posicionamiento de la Rep\u00fablica Dominicana como actor emergente en la infraestructura digital del Caribe y Am\u00e9rica Latina.<\/p>\n","protected":false},"excerpt":{"rendered":"<p>El presidente Luis Abinader afirm\u00f3 este jueves que la Rep\u00fablica Dominicana apuesta a convertirse en protagonista de la econom\u00eda digital global, al presentar el Proyecto Puerto de Intercambio Digital impulsado por Google. \u201cLa Rep\u00fablica Dominicana no quiere ser solo usuaria de tecnolog\u00eda; quiere ser protagonista en su desarrollo\u201d, expres\u00f3 el mandatario, al destacar que la [&hellip;]<\/p>\n","protected":false},"author":18,"featured_media":53480,"comment_status":"open","ping_status":"open","sticky":false,"template":"","format":"standard","meta":{"footnotes":""},"categories":[3913],"tags":[6915,119,971,6916],"class_list":{"0":"post-53474","1":"post","2":"type-post","3":"status-publish","4":"format-standard","5":"has-post-thumbnail","7":"category-nacionales","8":"tag-digital","9":"tag-gobierno","10":"tag-google","11":"tag-puerto-digital-de-google"},"yoast_head":"<!-- This site is optimized with the Yoast SEO plugin v27.1.1 - https:\/\/yoast.com\/product\/yoast-seo-wordpress\/ -->\n<title>Abinader afirma Puerto Digital de Google convertir\u00e1 a RD en hub tecnol\u00f3gico regional - Conexi\u00f3n 23<\/title>\n<meta name=\"robots\" content=\"index, follow, max-snippet:-1, max-image-preview:large, max-video-preview:-1\" \/>\n<link rel=\"canonical\" href=\"http:\/\/conexion23.com\/?p=53474\" \/>\n<meta property=\"og:locale\" content=\"es_ES\" \/>\n<meta property=\"og:type\" content=\"article\" \/>\n<meta property=\"og:title\" content=\"Abinader afirma Puerto Digital de Google convertir\u00e1 a RD en hub tecnol\u00f3gico regional - Conexi\u00f3n 23\" \/>\n<meta property=\"og:description\" content=\"El presidente Luis Abinader afirm\u00f3 este jueves que la Rep\u00fablica Dominicana apuesta a convertirse en protagonista de la econom\u00eda digital global, al presentar el Proyecto Puerto de Intercambio Digital impulsado por Google. \u201cLa Rep\u00fablica Dominicana no quiere ser solo usuaria de tecnolog\u00eda; quiere ser protagonista en su desarrollo\u201d, expres\u00f3 el mandatario, al destacar que la [&hellip;]\" \/>\n<meta property=\"og:url\" content=\"http:\/\/conexion23.com\/?p=53474\" \/>\n<meta property=\"og:site_name\" content=\"Conexi\u00f3n 23\" \/>\n<meta property=\"article:publisher\" content=\"https:\/\/www.facebook.com\/conexion23com\" \/>\n<meta property=\"article:published_time\" content=\"2026-02-20T14:45:41+00:00\" \/>\n<meta property=\"og:image\" content=\"http:\/\/conexion23.com\/wp-content\/uploads\/2026\/02\/Abinader-afirma-Puerto-Digital-de-Google-convertira-a-RD-en-hub-tecnologico-regional.webp\" \/>\n\t<meta property=\"og:image:width\" content=\"1280\" \/>\n\t<meta property=\"og:image:height\" content=\"853\" \/>\n\t<meta property=\"og:image:type\" content=\"image\/webp\" \/>\n<meta name=\"author\" content=\"Redacci\u00f3n\" \/>\n<meta name=\"twitter:card\" content=\"summary_large_image\" \/>\n<meta name=\"twitter:label1\" content=\"Escrito por\" \/>\n\t<meta name=\"twitter:data1\" content=\"Redacci\u00f3n\" \/>\n\t<meta name=\"twitter:label2\" content=\"Tiempo de lectura\" \/>\n\t<meta name=\"twitter:data2\" content=\"3 minutos\" \/>\n<script type=\"application\/ld+json\" class=\"yoast-schema-graph\">{\"@context\":\"https:\/\/schema.org\",\"@graph\":[{\"@type\":\"Article\",\"@id\":\"http:\/\/conexion23.com\/?p=53474#article\",\"isPartOf\":{\"@id\":\"http:\/\/conexion23.com\/?p=53474\"},\"author\":{\"name\":\"Redacci\u00f3n\",\"@id\":\"https:\/\/conexion23.com\/#\/schema\/person\/0a860802b17d01ad2a278f53c507c296\"},\"headline\":\"Abinader afirma Puerto Digital de Google convertir\u00e1 a RD en hub tecnol\u00f3gico regional\",\"datePublished\":\"2026-02-20T14:45:41+00:00\",\"mainEntityOfPage\":{\"@id\":\"http:\/\/conexion23.com\/?p=53474\"},\"wordCount\":503,\"commentCount\":0,\"publisher\":{\"@id\":\"https:\/\/conexion23.com\/#organization\"},\"image\":{\"@id\":\"http:\/\/conexion23.com\/?p=53474#primaryimage\"},\"thumbnailUrl\":\"https:\/\/conexion23.com\/wp-content\/uploads\/2026\/02\/Abinader-afirma-Puerto-Digital-de-Google-convertira-a-RD-en-hub-tecnologico-regional.webp\",\"keywords\":[\"digital\",\"gobierno\",\"google\",\"Puerto Digital de Google\"],\"articleSection\":[\"Nacionales\"],\"inLanguage\":\"es\",\"potentialAction\":[{\"@type\":\"CommentAction\",\"name\":\"Comment\",\"target\":[\"http:\/\/conexion23.com\/?p=53474#respond\"]}]},{\"@type\":\"WebPage\",\"@id\":\"http:\/\/conexion23.com\/?p=53474\",\"url\":\"http:\/\/conexion23.com\/?p=53474\",\"name\":\"Abinader afirma Puerto Digital de Google convertir\u00e1 a RD en hub tecnol\u00f3gico regional - Conexi\u00f3n 23\",\"isPartOf\":{\"@id\":\"https:\/\/conexion23.com\/#website\"},\"primaryImageOfPage\":{\"@id\":\"http:\/\/conexion23.com\/?p=53474#primaryimage\"},\"image\":{\"@id\":\"http:\/\/conexion23.com\/?p=53474#primaryimage\"},\"thumbnailUrl\":\"https:\/\/conexion23.com\/wp-content\/uploads\/2026\/02\/Abinader-afirma-Puerto-Digital-de-Google-convertira-a-RD-en-hub-tecnologico-regional.webp\",\"datePublished\":\"2026-02-20T14:45:41+00:00\",\"breadcrumb\":{\"@id\":\"http:\/\/conexion23.com\/?p=53474#breadcrumb\"},\"inLanguage\":\"es\",\"potentialAction\":[{\"@type\":\"ReadAction\",\"target\":[\"http:\/\/conexion23.com\/?p=53474\"]}]},{\"@type\":\"ImageObject\",\"inLanguage\":\"es\",\"@id\":\"http:\/\/conexion23.com\/?p=53474#primaryimage\",\"url\":\"https:\/\/conexion23.com\/wp-content\/uploads\/2026\/02\/Abinader-afirma-Puerto-Digital-de-Google-convertira-a-RD-en-hub-tecnologico-regional.webp\",\"contentUrl\":\"https:\/\/conexion23.com\/wp-content\/uploads\/2026\/02\/Abinader-afirma-Puerto-Digital-de-Google-convertira-a-RD-en-hub-tecnologico-regional.webp\",\"width\":1280,\"height\":853},{\"@type\":\"BreadcrumbList\",\"@id\":\"http:\/\/conexion23.com\/?p=53474#breadcrumb\",\"itemListElement\":[{\"@type\":\"ListItem\",\"position\":1,\"name\":\"Portada\",\"item\":\"https:\/\/conexion23.com\/\"},{\"@type\":\"ListItem\",\"position\":2,\"name\":\"Abinader afirma Puerto Digital de Google convertir\u00e1 a RD en hub tecnol\u00f3gico regional\"}]},{\"@type\":\"WebSite\",\"@id\":\"https:\/\/conexion23.com\/#website\",\"url\":\"https:\/\/conexion23.com\/\",\"name\":\"Conexi\u00f3n 23\",\"description\":\"Peri\u00f3dico 100% Petromacorisano\",\"publisher\":{\"@id\":\"https:\/\/conexion23.com\/#organization\"},\"potentialAction\":[{\"@type\":\"SearchAction\",\"target\":{\"@type\":\"EntryPoint\",\"urlTemplate\":\"https:\/\/conexion23.com\/?s={search_term_string}\"},\"query-input\":{\"@type\":\"PropertyValueSpecification\",\"valueRequired\":true,\"valueName\":\"search_term_string\"}}],\"inLanguage\":\"es\"},{\"@type\":\"Organization\",\"@id\":\"https:\/\/conexion23.com\/#organization\",\"name\":\"Conexion 23\",\"url\":\"https:\/\/conexion23.com\/\",\"logo\":{\"@type\":\"ImageObject\",\"inLanguage\":\"es\",\"@id\":\"https:\/\/conexion23.com\/#\/schema\/logo\/image\/\",\"url\":\"https:\/\/conexion23.com\/wp-content\/uploads\/2021\/11\/Diseno-sin-titulo-2.png\",\"contentUrl\":\"https:\/\/conexion23.com\/wp-content\/uploads\/2021\/11\/Diseno-sin-titulo-2.png\",\"width\":541,\"height\":90,\"caption\":\"Conexion 23\"},\"image\":{\"@id\":\"https:\/\/conexion23.com\/#\/schema\/logo\/image\/\"},\"sameAs\":[\"https:\/\/www.facebook.com\/conexion23com\",\"https:\/\/www.instagram.com\/conexion23com\/\",\"https:\/\/www.youtube.com\/channel\/UCYc7vxxFZMYLIHNsHHxPZ3Q\"]},{\"@type\":\"Person\",\"@id\":\"https:\/\/conexion23.com\/#\/schema\/person\/0a860802b17d01ad2a278f53c507c296\",\"name\":\"Redacci\u00f3n\",\"image\":{\"@type\":\"ImageObject\",\"inLanguage\":\"es\",\"@id\":\"https:\/\/conexion23.com\/#\/schema\/person\/image\/\",\"url\":\"https:\/\/secure.gravatar.com\/avatar\/ec9d84b79c776aa1994e5893944465db9974b17b884155623da51b7b62c02845?s=96&d=mm&r=g\",\"contentUrl\":\"https:\/\/secure.gravatar.com\/avatar\/ec9d84b79c776aa1994e5893944465db9974b17b884155623da51b7b62c02845?s=96&d=mm&r=g\",\"caption\":\"Redacci\u00f3n\"},\"url\":\"https:\/\/conexion23.com\/?author=18\"}]}<\/script>\n<!-- \/ Yoast SEO plugin. -->","yoast_head_json":{"title":"Abinader afirma Puerto Digital de Google convertir\u00e1 a RD en hub tecnol\u00f3gico regional - Conexi\u00f3n 23","robots":{"index":"index","follow":"follow","max-snippet":"max-snippet:-1","max-image-preview":"max-image-preview:large","max-video-preview":"max-video-preview:-1"},"canonical":"http:\/\/conexion23.com\/?p=53474","og_locale":"es_ES","og_type":"article","og_title":"Abinader afirma Puerto Digital de Google convertir\u00e1 a RD en hub tecnol\u00f3gico regional - Conexi\u00f3n 23","og_description":"El presidente Luis Abinader afirm\u00f3 este jueves que la Rep\u00fablica Dominicana apuesta a convertirse en protagonista de la econom\u00eda digital global, al presentar el Proyecto Puerto de Intercambio Digital impulsado por Google. \u201cLa Rep\u00fablica Dominicana no quiere ser solo usuaria de tecnolog\u00eda; quiere ser protagonista en su desarrollo\u201d, expres\u00f3 el mandatario, al destacar que la [&hellip;]","og_url":"http:\/\/conexion23.com\/?p=53474","og_site_name":"Conexi\u00f3n 23","article_publisher":"https:\/\/www.facebook.com\/conexion23com","article_published_time":"2026-02-20T14:45:41+00:00","og_image":[{"width":1280,"height":853,"url":"http:\/\/conexion23.com\/wp-content\/uploads\/2026\/02\/Abinader-afirma-Puerto-Digital-de-Google-convertira-a-RD-en-hub-tecnologico-regional.webp","type":"image\/webp"}],"author":"Redacci\u00f3n","twitter_card":"summary_large_image","twitter_misc":{"Escrito por":"Redacci\u00f3n","Tiempo de lectura":"3 minutos"},"schema":{"@context":"https:\/\/schema.org","@graph":[{"@type":"Article","@id":"http:\/\/conexion23.com\/?p=53474#article","isPartOf":{"@id":"http:\/\/conexion23.com\/?p=53474"},"author":{"name":"Redacci\u00f3n","@id":"https:\/\/conexion23.com\/#\/schema\/person\/0a860802b17d01ad2a278f53c507c296"},"headline":"Abinader afirma Puerto Digital de Google convertir\u00e1 a RD en hub tecnol\u00f3gico regional","datePublished":"2026-02-20T14:45:41+00:00","mainEntityOfPage":{"@id":"http:\/\/conexion23.com\/?p=53474"},"wordCount":503,"commentCount":0,"publisher":{"@id":"https:\/\/conexion23.com\/#organization"},"image":{"@id":"http:\/\/conexion23.com\/?p=53474#primaryimage"},"thumbnailUrl":"https:\/\/conexion23.com\/wp-content\/uploads\/2026\/02\/Abinader-afirma-Puerto-Digital-de-Google-convertira-a-RD-en-hub-tecnologico-regional.webp","keywords":["digital","gobierno","google","Puerto Digital de Google"],"articleSection":["Nacionales"],"inLanguage":"es","potentialAction":[{"@type":"CommentAction","name":"Comment","target":["http:\/\/conexion23.com\/?p=53474#respond"]}]},{"@type":"WebPage","@id":"http:\/\/conexion23.com\/?p=53474","url":"http:\/\/conexion23.com\/?p=53474","name":"Abinader afirma Puerto Digital de Google convertir\u00e1 a RD en hub tecnol\u00f3gico regional - Conexi\u00f3n 23","isPartOf":{"@id":"https:\/\/conexion23.com\/#website"},"primaryImageOfPage":{"@id":"http:\/\/conexion23.com\/?p=53474#primaryimage"},"image":{"@id":"http:\/\/conexion23.com\/?p=53474#primaryimage"},"thumbnailUrl":"https:\/\/conexion23.com\/wp-content\/uploads\/2026\/02\/Abinader-afirma-Puerto-Digital-de-Google-convertira-a-RD-en-hub-tecnologico-regional.webp","datePublished":"2026-02-20T14:45:41+00:00","breadcrumb":{"@id":"http:\/\/conexion23.com\/?p=53474#breadcrumb"},"inLanguage":"es","potentialAction":[{"@type":"ReadAction","target":["http:\/\/conexion23.com\/?p=53474"]}]},{"@type":"ImageObject","inLanguage":"es","@id":"http:\/\/conexion23.com\/?p=53474#primaryimage","url":"https:\/\/conexion23.com\/wp-content\/uploads\/2026\/02\/Abinader-afirma-Puerto-Digital-de-Google-convertira-a-RD-en-hub-tecnologico-regional.webp","contentUrl":"https:\/\/conexion23.com\/wp-content\/uploads\/2026\/02\/Abinader-afirma-Puerto-Digital-de-Google-convertira-a-RD-en-hub-tecnologico-regional.webp","width":1280,"height":853},{"@type":"BreadcrumbList","@id":"http:\/\/conexion23.com\/?p=53474#breadcrumb","itemListElement":[{"@type":"ListItem","position":1,"name":"Portada","item":"https:\/\/conexion23.com\/"},{"@type":"ListItem","position":2,"name":"Abinader afirma Puerto Digital de Google convertir\u00e1 a RD en hub tecnol\u00f3gico regional"}]},{"@type":"WebSite","@id":"https:\/\/conexion23.com\/#website","url":"https:\/\/conexion23.com\/","name":"Conexi\u00f3n 23","description":"Peri\u00f3dico 100% Petromacorisano","publisher":{"@id":"https:\/\/conexion23.com\/#organization"},"potentialAction":[{"@type":"SearchAction","target":{"@type":"EntryPoint","urlTemplate":"https:\/\/conexion23.com\/?s={search_term_string}"},"query-input":{"@type":"PropertyValueSpecification","valueRequired":true,"valueName":"search_term_string"}}],"inLanguage":"es"},{"@type":"Organization","@id":"https:\/\/conexion23.com\/#organization","name":"Conexion 23","url":"https:\/\/conexion23.com\/","logo":{"@type":"ImageObject","inLanguage":"es","@id":"https:\/\/conexion23.com\/#\/schema\/logo\/image\/","url":"https:\/\/conexion23.com\/wp-content\/uploads\/2021\/11\/Diseno-sin-titulo-2.png","contentUrl":"https:\/\/conexion23.com\/wp-content\/uploads\/2021\/11\/Diseno-sin-titulo-2.png","width":541,"height":90,"caption":"Conexion 23"},"image":{"@id":"https:\/\/conexion23.com\/#\/schema\/logo\/image\/"},"sameAs":["https:\/\/www.facebook.com\/conexion23com","https:\/\/www.instagram.com\/conexion23com\/","https:\/\/www.youtube.com\/channel\/UCYc7vxxFZMYLIHNsHHxPZ3Q"]},{"@type":"Person","@id":"https:\/\/conexion23.com\/#\/schema\/person\/0a860802b17d01ad2a278f53c507c296","name":"Redacci\u00f3n","image":{"@type":"ImageObject","inLanguage":"es","@id":"https:\/\/conexion23.com\/#\/schema\/person\/image\/","url":"https:\/\/secure.gravatar.com\/avatar\/ec9d84b79c776aa1994e5893944465db9974b17b884155623da51b7b62c02845?s=96&d=mm&r=g","contentUrl":"https:\/\/secure.gravatar.com\/avatar\/ec9d84b79c776aa1994e5893944465db9974b17b884155623da51b7b62c02845?s=96&d=mm&r=g","caption":"Redacci\u00f3n"},"url":"https:\/\/conexion23.com\/?author=18"}]}},"_links":{"self":[{"href":"https:\/\/conexion23.com\/index.php?rest_route=\/wp\/v2\/posts\/53474","targetHints":{"allow":["GET"]}}],"collection":[{"href":"https:\/\/conexion23.com\/index.php?rest_route=\/wp\/v2\/posts"}],"about":[{"href":"https:\/\/conexion23.com\/index.php?rest_route=\/wp\/v2\/types\/post"}],"author":[{"embeddable":true,"href":"https:\/\/conexion23.com\/index.php?rest_route=\/wp\/v2\/users\/18"}],"replies":[{"embeddable":true,"href":"https:\/\/conexion23.com\/index.php?rest_route=%2Fwp%2Fv2%2Fcomments&post=53474"}],"version-history":[{"count":1,"href":"https:\/\/conexion23.com\/index.php?rest_route=\/wp\/v2\/posts\/53474\/revisions"}],"predecessor-version":[{"id":53481,"href":"https:\/\/conexion23.com\/index.php?rest_route=\/wp\/v2\/posts\/53474\/revisions\/53481"}],"wp:featuredmedia":[{"embeddable":true,"href":"https:\/\/conexion23.com\/index.php?rest_route=\/wp\/v2\/media\/53480"}],"wp:attachment":[{"href":"https:\/\/conexion23.com\/index.php?rest_route=%2Fwp%2Fv2%2Fmedia&parent=53474"}],"wp:term":[{"taxonomy":"category","embeddable":true,"href":"https:\/\/conexion23.com\/index.php?rest_route=%2Fwp%2Fv2%2Fcategories&post=53474"},{"taxonomy":"post_tag","embeddable":true,"href":"https:\/\/conexion23.com\/index.php?rest_route=%2Fwp%2Fv2%2Ftags&post=53474"}],"curies":[{"name":"wp","href":"https:\/\/api.w.org\/{rel}","templated":true}]}}