{"id":53483,"date":"2026-02-20T12:40:50","date_gmt":"2026-02-20T16:40:50","guid":{"rendered":"https:\/\/conexion23.com\/?p=53483"},"modified":"2026-02-20T11:47:41","modified_gmt":"2026-02-20T15:47:41","slug":"mescyt-impulsa-la-cooperacion-academica-internacional-en-el-foro-dominico-hungaro-de-rectores","status":"publish","type":"post","link":"https:\/\/conexion23.com\/?p=53483","title":{"rendered":"MESCyT impulsa la cooperaci\u00f3n acad\u00e9mica internacional en el Foro Dominico-H\u00fangaro de Rectores"},"content":{"rendered":"<p style=\"font-weight: 400; text-align: justify;\"><strong>El ministro de Educaci\u00f3n Superior, Ciencia y Tecnolog\u00eda (MESCyT), Rafael Evaristo Santos Bad\u00eda, afirm\u00f3 que la humanidad vive una \u00e9poca de profundos cambios, se\u00f1alando que el siglo XXI podr\u00eda definirse no solo como el siglo del algoritmo, sino tambi\u00e9n como el siglo del humanismo, durante su participaci\u00f3n en el Foro Dominico-H\u00fangaro, realizado en coordinaci\u00f3n con la Asociaci\u00f3n Dominicana de Universidades (ADOU) y la Conferencia de Rectores de Hungr\u00eda (HRC).<\/strong><\/p>\n<p style=\"font-weight: 400; text-align: justify;\">Durante el acto, celebrado en la Universidad Federico Henr\u00edquez y Carvajal (UFHEC), el funcionario destac\u00f3 que la quinta revoluci\u00f3n industrial plantea el desaf\u00edo de garantizar que el ser humano contin\u00fae dirigiendo el destino del planeta, manteniendo el control sobre las m\u00e1quinas mediante su programaci\u00f3n y orientaci\u00f3n \u00e9tica.<\/p>\n<p style=\"font-weight: 400; text-align: justify;\">El ministro se\u00f1al\u00f3 que el mundo atraviesa una etapa de transformaci\u00f3n laboral significativa, con proyecciones internacionales que estiman la desaparici\u00f3n de millones de empleos tradicionales, aunque tambi\u00e9n prev\u00e9n la creaci\u00f3n de nuevas ocupaciones, lo que representa un desaf\u00edo para las instituciones de educaci\u00f3n superior en la formaci\u00f3n del talento humano.<\/p>\n<p style=\"font-weight: 400; text-align: justify;\">Santos Bad\u00eda explic\u00f3 que, hist\u00f3ricamente, desde la revoluci\u00f3n del vapor hasta el desarrollo de la inteligencia artificial, las transformaciones cient\u00edficas han contribuido a mejorar la calidad de vida, aumentar la esperanza de vida y modernizar los sistemas productivos, por lo que asegur\u00f3 que la actual revoluci\u00f3n tecnol\u00f3gica tambi\u00e9n generar\u00e1 mayores oportunidades de desarrollo.<\/p>\n<p style=\"font-weight: 400; text-align: justify;\">Asimismo, enfatiz\u00f3 la necesidad de impulsar una profunda reforma curricular en las universidades, orientada a responder a los nuevos contextos sociales y tecnol\u00f3gicos, tomando en cuenta los distintos ritmos de aprendizaje y garantizando el acceso equitativo al conocimiento.<\/p>\n<p style=\"font-weight: 400; text-align: justify;\">El funcionario subray\u00f3 que uno de los principales retos consiste en desarrollar procesos formativos m\u00e1s flexibles, con programas acad\u00e9micos m\u00e1s eficientes y una adecuada articulaci\u00f3n entre la formaci\u00f3n cient\u00edfica, t\u00e9cnica y human\u00edstica.<\/p>\n<p style=\"font-weight: 400; text-align: justify;\">Al dirigirse a los rectores h\u00fangaros presentes, el ministro valor\u00f3 la tradici\u00f3n hist\u00f3rica y democr\u00e1tica de Hungr\u00eda y destac\u00f3 su capacidad de transici\u00f3n hacia un sistema multipartidario basado en el libre pensamiento. En nombre del pueblo dominicano y del presidente de la Rep\u00fablica, Luis Abinader, expres\u00f3 su bienvenida a los participantes y les dese\u00f3 \u00e9xitos en el desarrollo del foro.<\/p>\n<p style=\"font-weight: 400; text-align: justify;\"><strong>Cooperaci\u00f3n acad\u00e9mica y fortalecimiento institucional<\/strong><\/p>\n<p style=\"font-weight: 400; text-align: justify;\">El anfitri\u00f3n del Foro de Rectores H\u00fangaro-Dominicano, Alberto Ram\u00edrez Cabral, expres\u00f3 la admiraci\u00f3n de la comunidad acad\u00e9mica dominicana hacia Hungr\u00eda por sus aportes a la cultura, la ciencia y el pensamiento europeo, destacando a Budapest como una ciudad emblem\u00e1tica por su riqueza hist\u00f3rica y arquitect\u00f3nica.<\/p>\n<p style=\"font-weight: 400; text-align: justify;\">Indic\u00f3 que el encuentro se realiza en el Campus Metropolitano de la UFHEC, edificio que anteriormente alberg\u00f3 el Consulado de los Estados Unidos y donde actualmente se desarrollan programas avanzados de posgrado en odontolog\u00eda y otras \u00e1reas, as\u00ed como iniciativas cient\u00edficas como el Laboratorio de Investigaci\u00f3n en Sustentabilidad Ambiental (LISA). Manifest\u00f3 adem\u00e1s su expectativa de que el foro fortalezca las relaciones acad\u00e9micas entre ambas naciones.<\/p>\n<p style=\"font-weight: 400; text-align: justify;\">De su lado, el presidente de la Asociaci\u00f3n Dominicana de Universidades (ADOU), Wady Ram\u00edrez, explic\u00f3 que el objetivo del foro es fortalecer la cooperaci\u00f3n estrat\u00e9gica entre las instituciones de educaci\u00f3n superior de la Rep\u00fablica Dominicana y Hungr\u00eda mediante alianzas acad\u00e9micas, cient\u00edficas y culturales.<\/p>\n<p style=\"font-weight: 400; text-align: justify;\">Destac\u00f3 que el sistema dominicano de educaci\u00f3n superior se caracteriza por su diversidad y complementariedad, con universidades especializadas en distintas \u00e1reas del conocimiento que contribuyen al desarrollo nacional, respaldadas por un s\u00f3lido marco legal, procesos de aseguramiento de la calidad y mecanismos permanentes de evaluaci\u00f3n.<\/p>\n<p style=\"font-weight: 400; text-align: justify;\">Asimismo, resalt\u00f3 que en los \u00faltimos a\u00f1os las universidades dominicanas han fortalecido sus v\u00ednculos con el sector productivo, ampliado los programas de pr\u00e1cticas profesionales e impulsado la modernizaci\u00f3n de laboratorios y entornos de aprendizaje.<\/p>\n<p style=\"font-weight: 400; text-align: justify;\"><strong>Intercambio acad\u00e9mico e internacionalizaci\u00f3n<\/strong><\/p>\n<p style=\"font-weight: 400; text-align: justify;\">Como parte de la agenda del encuentro, los representantes h\u00fangaros realizaron visitas culturales y participaron en espacios de intercambio acad\u00e9mico orientados al an\u00e1lisis de tendencias del sector educativo, as\u00ed como reuniones bilaterales entre rectores para promover proyectos de cooperaci\u00f3n e iniciativas de internacionalizaci\u00f3n.<\/p>\n<p style=\"font-weight: 400; text-align: justify;\">En el acto participaron viceministros del Ministerio de Educaci\u00f3n Superior, Ciencia y Tecnolog\u00eda (MESCyT), rectores y representantes de universidades dominicanas, delegados de Hungr\u00eda, miembros de la Asociaci\u00f3n Dominicana de Universidades (ADOU) y el embajador de Hungr\u00eda en la Rep\u00fablica Dominicana.<\/p>\n","protected":false},"excerpt":{"rendered":"<p>El ministro de Educaci\u00f3n Superior, Ciencia y Tecnolog\u00eda (MESCyT), Rafael Evaristo Santos Bad\u00eda, afirm\u00f3 que la humanidad vive una \u00e9poca de profundos cambios, se\u00f1alando que el siglo XXI podr\u00eda definirse no solo como el siglo del algoritmo, sino tambi\u00e9n como el siglo del humanismo, durante su participaci\u00f3n en el Foro Dominico-H\u00fangaro, realizado en coordinaci\u00f3n con [&hellip;]<\/p>\n","protected":false},"author":18,"featured_media":53484,"comment_status":"open","ping_status":"open","sticky":false,"template":"","format":"standard","meta":{"footnotes":""},"categories":[3883],"tags":[6919,6917,6918,3678],"class_list":{"0":"post-53483","1":"post","2":"type-post","3":"status-publish","4":"format-standard","5":"has-post-thumbnail","7":"category-ultramar","8":"tag-adou","9":"tag-foro-dominico-hungaro-de-rectores","10":"tag-hungria","11":"tag-mescyt"},"yoast_head":"<!-- This site is optimized with the Yoast SEO plugin v27.1.1 - https:\/\/yoast.com\/product\/yoast-seo-wordpress\/ -->\n<title>MESCyT impulsa la cooperaci\u00f3n acad\u00e9mica internacional en el Foro Dominico-H\u00fangaro de Rectores - Conexi\u00f3n 23<\/title>\n<meta name=\"robots\" content=\"index, follow, max-snippet:-1, max-image-preview:large, max-video-preview:-1\" \/>\n<link rel=\"canonical\" href=\"https:\/\/conexion23.com\/?p=53483\" \/>\n<meta property=\"og:locale\" content=\"es_ES\" \/>\n<meta property=\"og:type\" content=\"article\" \/>\n<meta property=\"og:title\" content=\"MESCyT impulsa la cooperaci\u00f3n acad\u00e9mica internacional en el Foro Dominico-H\u00fangaro de Rectores - Conexi\u00f3n 23\" \/>\n<meta property=\"og:description\" content=\"El ministro de Educaci\u00f3n Superior, Ciencia y Tecnolog\u00eda (MESCyT), Rafael Evaristo Santos Bad\u00eda, afirm\u00f3 que la humanidad vive una \u00e9poca de profundos cambios, se\u00f1alando que el siglo XXI podr\u00eda definirse no solo como el siglo del algoritmo, sino tambi\u00e9n como el siglo del humanismo, durante su participaci\u00f3n en el Foro Dominico-H\u00fangaro, realizado en coordinaci\u00f3n con [&hellip;]\" \/>\n<meta property=\"og:url\" content=\"https:\/\/conexion23.com\/?p=53483\" \/>\n<meta property=\"og:site_name\" content=\"Conexi\u00f3n 23\" \/>\n<meta property=\"article:publisher\" content=\"https:\/\/www.facebook.com\/conexion23com\" \/>\n<meta property=\"article:published_time\" content=\"2026-02-20T16:40:50+00:00\" \/>\n<meta property=\"og:image\" content=\"https:\/\/conexion23.com\/wp-content\/uploads\/2026\/02\/Hungria.jpeg\" \/>\n\t<meta property=\"og:image:width\" content=\"1600\" \/>\n\t<meta property=\"og:image:height\" content=\"1066\" \/>\n\t<meta property=\"og:image:type\" content=\"image\/jpeg\" \/>\n<meta name=\"author\" content=\"Redacci\u00f3n\" \/>\n<meta name=\"twitter:card\" content=\"summary_large_image\" \/>\n<meta name=\"twitter:label1\" content=\"Escrito por\" \/>\n\t<meta name=\"twitter:data1\" content=\"Redacci\u00f3n\" \/>\n\t<meta name=\"twitter:label2\" content=\"Tiempo de lectura\" \/>\n\t<meta name=\"twitter:data2\" content=\"4 minutos\" \/>\n<script type=\"application\/ld+json\" class=\"yoast-schema-graph\">{\"@context\":\"https:\/\/schema.org\",\"@graph\":[{\"@type\":\"Article\",\"@id\":\"https:\/\/conexion23.com\/?p=53483#article\",\"isPartOf\":{\"@id\":\"https:\/\/conexion23.com\/?p=53483\"},\"author\":{\"name\":\"Redacci\u00f3n\",\"@id\":\"https:\/\/conexion23.com\/#\/schema\/person\/0a860802b17d01ad2a278f53c507c296\"},\"headline\":\"MESCyT impulsa la cooperaci\u00f3n acad\u00e9mica internacional en el Foro Dominico-H\u00fangaro de Rectores\",\"datePublished\":\"2026-02-20T16:40:50+00:00\",\"mainEntityOfPage\":{\"@id\":\"https:\/\/conexion23.com\/?p=53483\"},\"wordCount\":783,\"commentCount\":0,\"publisher\":{\"@id\":\"https:\/\/conexion23.com\/#organization\"},\"image\":{\"@id\":\"https:\/\/conexion23.com\/?p=53483#primaryimage\"},\"thumbnailUrl\":\"https:\/\/conexion23.com\/wp-content\/uploads\/2026\/02\/Hungria.jpeg\",\"keywords\":[\"ADOU\",\"Foro Dominico-H\u00fangaro de Rectores\",\"Hungr\u00eda\",\"mescyt\"],\"articleSection\":[\"Ultramar\"],\"inLanguage\":\"es\",\"potentialAction\":[{\"@type\":\"CommentAction\",\"name\":\"Comment\",\"target\":[\"https:\/\/conexion23.com\/?p=53483#respond\"]}]},{\"@type\":\"WebPage\",\"@id\":\"https:\/\/conexion23.com\/?p=53483\",\"url\":\"https:\/\/conexion23.com\/?p=53483\",\"name\":\"MESCyT impulsa la cooperaci\u00f3n acad\u00e9mica internacional en el Foro Dominico-H\u00fangaro de Rectores - Conexi\u00f3n 23\",\"isPartOf\":{\"@id\":\"https:\/\/conexion23.com\/#website\"},\"primaryImageOfPage\":{\"@id\":\"https:\/\/conexion23.com\/?p=53483#primaryimage\"},\"image\":{\"@id\":\"https:\/\/conexion23.com\/?p=53483#primaryimage\"},\"thumbnailUrl\":\"https:\/\/conexion23.com\/wp-content\/uploads\/2026\/02\/Hungria.jpeg\",\"datePublished\":\"2026-02-20T16:40:50+00:00\",\"breadcrumb\":{\"@id\":\"https:\/\/conexion23.com\/?p=53483#breadcrumb\"},\"inLanguage\":\"es\",\"potentialAction\":[{\"@type\":\"ReadAction\",\"target\":[\"https:\/\/conexion23.com\/?p=53483\"]}]},{\"@type\":\"ImageObject\",\"inLanguage\":\"es\",\"@id\":\"https:\/\/conexion23.com\/?p=53483#primaryimage\",\"url\":\"https:\/\/conexion23.com\/wp-content\/uploads\/2026\/02\/Hungria.jpeg\",\"contentUrl\":\"https:\/\/conexion23.com\/wp-content\/uploads\/2026\/02\/Hungria.jpeg\",\"width\":1600,\"height\":1066},{\"@type\":\"BreadcrumbList\",\"@id\":\"https:\/\/conexion23.com\/?p=53483#breadcrumb\",\"itemListElement\":[{\"@type\":\"ListItem\",\"position\":1,\"name\":\"Portada\",\"item\":\"https:\/\/conexion23.com\/\"},{\"@type\":\"ListItem\",\"position\":2,\"name\":\"MESCyT impulsa la cooperaci\u00f3n acad\u00e9mica internacional en el Foro Dominico-H\u00fangaro de Rectores\"}]},{\"@type\":\"WebSite\",\"@id\":\"https:\/\/conexion23.com\/#website\",\"url\":\"https:\/\/conexion23.com\/\",\"name\":\"Conexi\u00f3n 23\",\"description\":\"Peri\u00f3dico 100% Petromacorisano\",\"publisher\":{\"@id\":\"https:\/\/conexion23.com\/#organization\"},\"potentialAction\":[{\"@type\":\"SearchAction\",\"target\":{\"@type\":\"EntryPoint\",\"urlTemplate\":\"https:\/\/conexion23.com\/?s={search_term_string}\"},\"query-input\":{\"@type\":\"PropertyValueSpecification\",\"valueRequired\":true,\"valueName\":\"search_term_string\"}}],\"inLanguage\":\"es\"},{\"@type\":\"Organization\",\"@id\":\"https:\/\/conexion23.com\/#organization\",\"name\":\"Conexion 23\",\"url\":\"https:\/\/conexion23.com\/\",\"logo\":{\"@type\":\"ImageObject\",\"inLanguage\":\"es\",\"@id\":\"https:\/\/conexion23.com\/#\/schema\/logo\/image\/\",\"url\":\"https:\/\/conexion23.com\/wp-content\/uploads\/2021\/11\/Diseno-sin-titulo-2.png\",\"contentUrl\":\"https:\/\/conexion23.com\/wp-content\/uploads\/2021\/11\/Diseno-sin-titulo-2.png\",\"width\":541,\"height\":90,\"caption\":\"Conexion 23\"},\"image\":{\"@id\":\"https:\/\/conexion23.com\/#\/schema\/logo\/image\/\"},\"sameAs\":[\"https:\/\/www.facebook.com\/conexion23com\",\"https:\/\/www.instagram.com\/conexion23com\/\",\"https:\/\/www.youtube.com\/channel\/UCYc7vxxFZMYLIHNsHHxPZ3Q\"]},{\"@type\":\"Person\",\"@id\":\"https:\/\/conexion23.com\/#\/schema\/person\/0a860802b17d01ad2a278f53c507c296\",\"name\":\"Redacci\u00f3n\",\"image\":{\"@type\":\"ImageObject\",\"inLanguage\":\"es\",\"@id\":\"https:\/\/conexion23.com\/#\/schema\/person\/image\/\",\"url\":\"https:\/\/secure.gravatar.com\/avatar\/ec9d84b79c776aa1994e5893944465db9974b17b884155623da51b7b62c02845?s=96&d=mm&r=g\",\"contentUrl\":\"https:\/\/secure.gravatar.com\/avatar\/ec9d84b79c776aa1994e5893944465db9974b17b884155623da51b7b62c02845?s=96&d=mm&r=g\",\"caption\":\"Redacci\u00f3n\"},\"url\":\"https:\/\/conexion23.com\/?author=18\"}]}<\/script>\n<!-- \/ Yoast SEO plugin. -->","yoast_head_json":{"title":"MESCyT impulsa la cooperaci\u00f3n acad\u00e9mica internacional en el Foro Dominico-H\u00fangaro de Rectores - Conexi\u00f3n 23","robots":{"index":"index","follow":"follow","max-snippet":"max-snippet:-1","max-image-preview":"max-image-preview:large","max-video-preview":"max-video-preview:-1"},"canonical":"https:\/\/conexion23.com\/?p=53483","og_locale":"es_ES","og_type":"article","og_title":"MESCyT impulsa la cooperaci\u00f3n acad\u00e9mica internacional en el Foro Dominico-H\u00fangaro de Rectores - Conexi\u00f3n 23","og_description":"El ministro de Educaci\u00f3n Superior, Ciencia y Tecnolog\u00eda (MESCyT), Rafael Evaristo Santos Bad\u00eda, afirm\u00f3 que la humanidad vive una \u00e9poca de profundos cambios, se\u00f1alando que el siglo XXI podr\u00eda definirse no solo como el siglo del algoritmo, sino tambi\u00e9n como el siglo del humanismo, durante su participaci\u00f3n en el Foro Dominico-H\u00fangaro, realizado en coordinaci\u00f3n con [&hellip;]","og_url":"https:\/\/conexion23.com\/?p=53483","og_site_name":"Conexi\u00f3n 23","article_publisher":"https:\/\/www.facebook.com\/conexion23com","article_published_time":"2026-02-20T16:40:50+00:00","og_image":[{"width":1600,"height":1066,"url":"https:\/\/conexion23.com\/wp-content\/uploads\/2026\/02\/Hungria.jpeg","type":"image\/jpeg"}],"author":"Redacci\u00f3n","twitter_card":"summary_large_image","twitter_misc":{"Escrito por":"Redacci\u00f3n","Tiempo de lectura":"4 minutos"},"schema":{"@context":"https:\/\/schema.org","@graph":[{"@type":"Article","@id":"https:\/\/conexion23.com\/?p=53483#article","isPartOf":{"@id":"https:\/\/conexion23.com\/?p=53483"},"author":{"name":"Redacci\u00f3n","@id":"https:\/\/conexion23.com\/#\/schema\/person\/0a860802b17d01ad2a278f53c507c296"},"headline":"MESCyT impulsa la cooperaci\u00f3n acad\u00e9mica internacional en el Foro Dominico-H\u00fangaro de Rectores","datePublished":"2026-02-20T16:40:50+00:00","mainEntityOfPage":{"@id":"https:\/\/conexion23.com\/?p=53483"},"wordCount":783,"commentCount":0,"publisher":{"@id":"https:\/\/conexion23.com\/#organization"},"image":{"@id":"https:\/\/conexion23.com\/?p=53483#primaryimage"},"thumbnailUrl":"https:\/\/conexion23.com\/wp-content\/uploads\/2026\/02\/Hungria.jpeg","keywords":["ADOU","Foro Dominico-H\u00fangaro de Rectores","Hungr\u00eda","mescyt"],"articleSection":["Ultramar"],"inLanguage":"es","potentialAction":[{"@type":"CommentAction","name":"Comment","target":["https:\/\/conexion23.com\/?p=53483#respond"]}]},{"@type":"WebPage","@id":"https:\/\/conexion23.com\/?p=53483","url":"https:\/\/conexion23.com\/?p=53483","name":"MESCyT impulsa la cooperaci\u00f3n acad\u00e9mica internacional en el Foro Dominico-H\u00fangaro de Rectores - Conexi\u00f3n 23","isPartOf":{"@id":"https:\/\/conexion23.com\/#website"},"primaryImageOfPage":{"@id":"https:\/\/conexion23.com\/?p=53483#primaryimage"},"image":{"@id":"https:\/\/conexion23.com\/?p=53483#primaryimage"},"thumbnailUrl":"https:\/\/conexion23.com\/wp-content\/uploads\/2026\/02\/Hungria.jpeg","datePublished":"2026-02-20T16:40:50+00:00","breadcrumb":{"@id":"https:\/\/conexion23.com\/?p=53483#breadcrumb"},"inLanguage":"es","potentialAction":[{"@type":"ReadAction","target":["https:\/\/conexion23.com\/?p=53483"]}]},{"@type":"ImageObject","inLanguage":"es","@id":"https:\/\/conexion23.com\/?p=53483#primaryimage","url":"https:\/\/conexion23.com\/wp-content\/uploads\/2026\/02\/Hungria.jpeg","contentUrl":"https:\/\/conexion23.com\/wp-content\/uploads\/2026\/02\/Hungria.jpeg","width":1600,"height":1066},{"@type":"BreadcrumbList","@id":"https:\/\/conexion23.com\/?p=53483#breadcrumb","itemListElement":[{"@type":"ListItem","position":1,"name":"Portada","item":"https:\/\/conexion23.com\/"},{"@type":"ListItem","position":2,"name":"MESCyT impulsa la cooperaci\u00f3n acad\u00e9mica internacional en el Foro Dominico-H\u00fangaro de Rectores"}]},{"@type":"WebSite","@id":"https:\/\/conexion23.com\/#website","url":"https:\/\/conexion23.com\/","name":"Conexi\u00f3n 23","description":"Peri\u00f3dico 100% Petromacorisano","publisher":{"@id":"https:\/\/conexion23.com\/#organization"},"potentialAction":[{"@type":"SearchAction","target":{"@type":"EntryPoint","urlTemplate":"https:\/\/conexion23.com\/?s={search_term_string}"},"query-input":{"@type":"PropertyValueSpecification","valueRequired":true,"valueName":"search_term_string"}}],"inLanguage":"es"},{"@type":"Organization","@id":"https:\/\/conexion23.com\/#organization","name":"Conexion 23","url":"https:\/\/conexion23.com\/","logo":{"@type":"ImageObject","inLanguage":"es","@id":"https:\/\/conexion23.com\/#\/schema\/logo\/image\/","url":"https:\/\/conexion23.com\/wp-content\/uploads\/2021\/11\/Diseno-sin-titulo-2.png","contentUrl":"https:\/\/conexion23.com\/wp-content\/uploads\/2021\/11\/Diseno-sin-titulo-2.png","width":541,"height":90,"caption":"Conexion 23"},"image":{"@id":"https:\/\/conexion23.com\/#\/schema\/logo\/image\/"},"sameAs":["https:\/\/www.facebook.com\/conexion23com","https:\/\/www.instagram.com\/conexion23com\/","https:\/\/www.youtube.com\/channel\/UCYc7vxxFZMYLIHNsHHxPZ3Q"]},{"@type":"Person","@id":"https:\/\/conexion23.com\/#\/schema\/person\/0a860802b17d01ad2a278f53c507c296","name":"Redacci\u00f3n","image":{"@type":"ImageObject","inLanguage":"es","@id":"https:\/\/conexion23.com\/#\/schema\/person\/image\/","url":"https:\/\/secure.gravatar.com\/avatar\/ec9d84b79c776aa1994e5893944465db9974b17b884155623da51b7b62c02845?s=96&d=mm&r=g","contentUrl":"https:\/\/secure.gravatar.com\/avatar\/ec9d84b79c776aa1994e5893944465db9974b17b884155623da51b7b62c02845?s=96&d=mm&r=g","caption":"Redacci\u00f3n"},"url":"https:\/\/conexion23.com\/?author=18"}]}},"_links":{"self":[{"href":"https:\/\/conexion23.com\/index.php?rest_route=\/wp\/v2\/posts\/53483","targetHints":{"allow":["GET"]}}],"collection":[{"href":"https:\/\/conexion23.com\/index.php?rest_route=\/wp\/v2\/posts"}],"about":[{"href":"https:\/\/conexion23.com\/index.php?rest_route=\/wp\/v2\/types\/post"}],"author":[{"embeddable":true,"href":"https:\/\/conexion23.com\/index.php?rest_route=\/wp\/v2\/users\/18"}],"replies":[{"embeddable":true,"href":"https:\/\/conexion23.com\/index.php?rest_route=%2Fwp%2Fv2%2Fcomments&post=53483"}],"version-history":[{"count":1,"href":"https:\/\/conexion23.com\/index.php?rest_route=\/wp\/v2\/posts\/53483\/revisions"}],"predecessor-version":[{"id":53485,"href":"https:\/\/conexion23.com\/index.php?rest_route=\/wp\/v2\/posts\/53483\/revisions\/53485"}],"wp:featuredmedia":[{"embeddable":true,"href":"https:\/\/conexion23.com\/index.php?rest_route=\/wp\/v2\/media\/53484"}],"wp:attachment":[{"href":"https:\/\/conexion23.com\/index.php?rest_route=%2Fwp%2Fv2%2Fmedia&parent=53483"}],"wp:term":[{"taxonomy":"category","embeddable":true,"href":"https:\/\/conexion23.com\/index.php?rest_route=%2Fwp%2Fv2%2Fcategories&post=53483"},{"taxonomy":"post_tag","embeddable":true,"href":"https:\/\/conexion23.com\/index.php?rest_route=%2Fwp%2Fv2%2Ftags&post=53483"}],"curies":[{"name":"wp","href":"https:\/\/api.w.org\/{rel}","templated":true}]}}