{"id":53710,"date":"2026-02-24T17:00:04","date_gmt":"2026-02-24T21:00:04","guid":{"rendered":"https:\/\/conexion23.com\/?p=53710"},"modified":"2026-02-24T08:36:49","modified_gmt":"2026-02-24T12:36:49","slug":"fallece-agente-policial-junior-orlando-de-los-santos-tras-varios-dias-con-problemas-de-salud","status":"publish","type":"post","link":"https:\/\/conexion23.com\/?p=53710","title":{"rendered":"Fallece agente policial Junior Orlando de los Santos tras varios d\u00edas con problemas de salud"},"content":{"rendered":"<p style=\"text-align: justify;\">Falleci\u00f3 el agente de la Polic\u00eda Nacional, Junior Orlando de los Santos, luego de permanecer varios d\u00edas aquejado de problemas de salud.<\/p>\n<p style=\"text-align: justify;\">El alistado, quien resid\u00eda en esta provincia de San Pedro de Macor\u00eds, prestaba servicios en la Direcci\u00f3n Regional Sureste de la Polic\u00eda Nacional, cuyos miembros han expresado su profundo pesar por su partida f\u00edsica, destacando su responsabilidad, compa\u00f1erismo y calidad humana durante el tiempo que form\u00f3 parte de la instituci\u00f3n.<\/p>\n<p style=\"text-align: justify;\">Seg\u00fan informaciones ofrecidas, el cuerpo sin vida del agente ser\u00e1 trasladado al municipio de Salcedo, lugar donde reside su madre, y donde ser\u00e1n realizados los actos f\u00fanebres.<\/p>\n<p style=\"text-align: justify;\">Desde esta plataforma nos unimos al dolor que embarga a sus familiares, amigos y compa\u00f1eros de labores, elevando oraciones por el eterno descanso de su alma. Siempre ser\u00e1 recordado por su sonrisa y por el servicio brindado a la sociedad.<\/p>\n","protected":false},"excerpt":{"rendered":"<p>Falleci\u00f3 el agente de la Polic\u00eda Nacional, Junior Orlando de los Santos, luego de permanecer varios d\u00edas aquejado de problemas de salud. El alistado, quien resid\u00eda en esta provincia de San Pedro de Macor\u00eds, prestaba servicios en la Direcci\u00f3n Regional Sureste de la Polic\u00eda Nacional, cuyos miembros han expresado su profundo pesar por su partida [&hellip;]<\/p>\n","protected":false},"author":15,"featured_media":53711,"comment_status":"open","ping_status":"open","sticky":false,"template":"","format":"standard","meta":{"footnotes":""},"categories":[3773,35],"tags":[7031,500,7033,7032],"class_list":{"0":"post-53710","1":"post","2":"type-post","3":"status-publish","4":"format-standard","5":"has-post-thumbnail","7":"category-portada","8":"category-spm","9":"tag-agente-policial","10":"tag-fallece","11":"tag-junior-orlando-de-los-santos","12":"tag-problemas-de-salud"},"yoast_head":"<!-- This site is optimized with the Yoast SEO plugin v27.1.1 - https:\/\/yoast.com\/product\/yoast-seo-wordpress\/ -->\n<title>Fallece agente policial Junior Orlando de los Santos tras varios d\u00edas con problemas de salud - Conexi\u00f3n 23<\/title>\n<meta name=\"robots\" content=\"index, follow, max-snippet:-1, max-image-preview:large, max-video-preview:-1\" \/>\n<link rel=\"canonical\" href=\"https:\/\/conexion23.com\/?p=53710\" \/>\n<meta property=\"og:locale\" content=\"es_ES\" \/>\n<meta property=\"og:type\" content=\"article\" \/>\n<meta property=\"og:title\" content=\"Fallece agente policial Junior Orlando de los Santos tras varios d\u00edas con problemas de salud - Conexi\u00f3n 23\" \/>\n<meta property=\"og:description\" content=\"Falleci\u00f3 el agente de la Polic\u00eda Nacional, Junior Orlando de los Santos, luego de permanecer varios d\u00edas aquejado de problemas de salud. El alistado, quien resid\u00eda en esta provincia de San Pedro de Macor\u00eds, prestaba servicios en la Direcci\u00f3n Regional Sureste de la Polic\u00eda Nacional, cuyos miembros han expresado su profundo pesar por su partida [&hellip;]\" \/>\n<meta property=\"og:url\" content=\"https:\/\/conexion23.com\/?p=53710\" \/>\n<meta property=\"og:site_name\" content=\"Conexi\u00f3n 23\" \/>\n<meta property=\"article:publisher\" content=\"https:\/\/www.facebook.com\/conexion23com\" \/>\n<meta property=\"article:published_time\" content=\"2026-02-24T21:00:04+00:00\" \/>\n<meta property=\"og:image\" content=\"https:\/\/conexion23.com\/wp-content\/uploads\/2026\/02\/31607a6f-3ad3-432b-ab1f-5d408ec371d6.jpg\" \/>\n\t<meta property=\"og:image:width\" content=\"1024\" \/>\n\t<meta property=\"og:image:height\" content=\"1536\" \/>\n\t<meta property=\"og:image:type\" content=\"image\/jpeg\" \/>\n<meta name=\"author\" content=\"Raffy Ben\u00edtez\" \/>\n<meta name=\"twitter:card\" content=\"summary_large_image\" \/>\n<meta name=\"twitter:label1\" content=\"Escrito por\" \/>\n\t<meta name=\"twitter:data1\" content=\"Raffy Ben\u00edtez\" \/>\n\t<meta name=\"twitter:label2\" content=\"Tiempo de lectura\" \/>\n\t<meta name=\"twitter:data2\" content=\"1 minuto\" \/>\n<script type=\"application\/ld+json\" class=\"yoast-schema-graph\">{\"@context\":\"https:\/\/schema.org\",\"@graph\":[{\"@type\":\"Article\",\"@id\":\"https:\/\/conexion23.com\/?p=53710#article\",\"isPartOf\":{\"@id\":\"https:\/\/conexion23.com\/?p=53710\"},\"author\":{\"name\":\"Raffy Ben\u00edtez\",\"@id\":\"https:\/\/conexion23.com\/#\/schema\/person\/03e36043331117e97a373299bbcd30a6\"},\"headline\":\"Fallece agente policial Junior Orlando de los Santos tras varios d\u00edas con problemas de salud\",\"datePublished\":\"2026-02-24T21:00:04+00:00\",\"mainEntityOfPage\":{\"@id\":\"https:\/\/conexion23.com\/?p=53710\"},\"wordCount\":168,\"commentCount\":0,\"publisher\":{\"@id\":\"https:\/\/conexion23.com\/#organization\"},\"image\":{\"@id\":\"https:\/\/conexion23.com\/?p=53710#primaryimage\"},\"thumbnailUrl\":\"https:\/\/conexion23.com\/wp-content\/uploads\/2026\/02\/31607a6f-3ad3-432b-ab1f-5d408ec371d6.jpg\",\"keywords\":[\"agente policial\",\"fallece\",\"Junior Orlando de los Santos\",\"problemas de salud\"],\"articleSection\":[\"Portada\",\"SPM\"],\"inLanguage\":\"es\",\"potentialAction\":[{\"@type\":\"CommentAction\",\"name\":\"Comment\",\"target\":[\"https:\/\/conexion23.com\/?p=53710#respond\"]}]},{\"@type\":\"WebPage\",\"@id\":\"https:\/\/conexion23.com\/?p=53710\",\"url\":\"https:\/\/conexion23.com\/?p=53710\",\"name\":\"Fallece agente policial Junior Orlando de los Santos tras varios d\u00edas con problemas de salud - Conexi\u00f3n 23\",\"isPartOf\":{\"@id\":\"https:\/\/conexion23.com\/#website\"},\"primaryImageOfPage\":{\"@id\":\"https:\/\/conexion23.com\/?p=53710#primaryimage\"},\"image\":{\"@id\":\"https:\/\/conexion23.com\/?p=53710#primaryimage\"},\"thumbnailUrl\":\"https:\/\/conexion23.com\/wp-content\/uploads\/2026\/02\/31607a6f-3ad3-432b-ab1f-5d408ec371d6.jpg\",\"datePublished\":\"2026-02-24T21:00:04+00:00\",\"breadcrumb\":{\"@id\":\"https:\/\/conexion23.com\/?p=53710#breadcrumb\"},\"inLanguage\":\"es\",\"potentialAction\":[{\"@type\":\"ReadAction\",\"target\":[\"https:\/\/conexion23.com\/?p=53710\"]}]},{\"@type\":\"ImageObject\",\"inLanguage\":\"es\",\"@id\":\"https:\/\/conexion23.com\/?p=53710#primaryimage\",\"url\":\"https:\/\/conexion23.com\/wp-content\/uploads\/2026\/02\/31607a6f-3ad3-432b-ab1f-5d408ec371d6.jpg\",\"contentUrl\":\"https:\/\/conexion23.com\/wp-content\/uploads\/2026\/02\/31607a6f-3ad3-432b-ab1f-5d408ec371d6.jpg\",\"width\":1024,\"height\":1536},{\"@type\":\"BreadcrumbList\",\"@id\":\"https:\/\/conexion23.com\/?p=53710#breadcrumb\",\"itemListElement\":[{\"@type\":\"ListItem\",\"position\":1,\"name\":\"Portada\",\"item\":\"https:\/\/conexion23.com\/\"},{\"@type\":\"ListItem\",\"position\":2,\"name\":\"Fallece agente policial Junior Orlando de los Santos tras varios d\u00edas con problemas de salud\"}]},{\"@type\":\"WebSite\",\"@id\":\"https:\/\/conexion23.com\/#website\",\"url\":\"https:\/\/conexion23.com\/\",\"name\":\"Conexi\u00f3n 23\",\"description\":\"Peri\u00f3dico 100% Petromacorisano\",\"publisher\":{\"@id\":\"https:\/\/conexion23.com\/#organization\"},\"potentialAction\":[{\"@type\":\"SearchAction\",\"target\":{\"@type\":\"EntryPoint\",\"urlTemplate\":\"https:\/\/conexion23.com\/?s={search_term_string}\"},\"query-input\":{\"@type\":\"PropertyValueSpecification\",\"valueRequired\":true,\"valueName\":\"search_term_string\"}}],\"inLanguage\":\"es\"},{\"@type\":\"Organization\",\"@id\":\"https:\/\/conexion23.com\/#organization\",\"name\":\"Conexion 23\",\"url\":\"https:\/\/conexion23.com\/\",\"logo\":{\"@type\":\"ImageObject\",\"inLanguage\":\"es\",\"@id\":\"https:\/\/conexion23.com\/#\/schema\/logo\/image\/\",\"url\":\"https:\/\/conexion23.com\/wp-content\/uploads\/2021\/11\/Diseno-sin-titulo-2.png\",\"contentUrl\":\"https:\/\/conexion23.com\/wp-content\/uploads\/2021\/11\/Diseno-sin-titulo-2.png\",\"width\":541,\"height\":90,\"caption\":\"Conexion 23\"},\"image\":{\"@id\":\"https:\/\/conexion23.com\/#\/schema\/logo\/image\/\"},\"sameAs\":[\"https:\/\/www.facebook.com\/conexion23com\",\"https:\/\/www.instagram.com\/conexion23com\/\",\"https:\/\/www.youtube.com\/channel\/UCYc7vxxFZMYLIHNsHHxPZ3Q\"]},{\"@type\":\"Person\",\"@id\":\"https:\/\/conexion23.com\/#\/schema\/person\/03e36043331117e97a373299bbcd30a6\",\"name\":\"Raffy Ben\u00edtez\",\"image\":{\"@type\":\"ImageObject\",\"inLanguage\":\"es\",\"@id\":\"https:\/\/conexion23.com\/#\/schema\/person\/image\/\",\"url\":\"https:\/\/secure.gravatar.com\/avatar\/3190a6a6c5e1b0327500f7d6c56b6242472ee6cb974cf09b401ee6b3b0798f23?s=96&d=mm&r=g\",\"contentUrl\":\"https:\/\/secure.gravatar.com\/avatar\/3190a6a6c5e1b0327500f7d6c56b6242472ee6cb974cf09b401ee6b3b0798f23?s=96&d=mm&r=g\",\"caption\":\"Raffy Ben\u00edtez\"},\"url\":\"https:\/\/conexion23.com\/?author=15\"}]}<\/script>\n<!-- \/ Yoast SEO plugin. -->","yoast_head_json":{"title":"Fallece agente policial Junior Orlando de los Santos tras varios d\u00edas con problemas de salud - Conexi\u00f3n 23","robots":{"index":"index","follow":"follow","max-snippet":"max-snippet:-1","max-image-preview":"max-image-preview:large","max-video-preview":"max-video-preview:-1"},"canonical":"https:\/\/conexion23.com\/?p=53710","og_locale":"es_ES","og_type":"article","og_title":"Fallece agente policial Junior Orlando de los Santos tras varios d\u00edas con problemas de salud - Conexi\u00f3n 23","og_description":"Falleci\u00f3 el agente de la Polic\u00eda Nacional, Junior Orlando de los Santos, luego de permanecer varios d\u00edas aquejado de problemas de salud. El alistado, quien resid\u00eda en esta provincia de San Pedro de Macor\u00eds, prestaba servicios en la Direcci\u00f3n Regional Sureste de la Polic\u00eda Nacional, cuyos miembros han expresado su profundo pesar por su partida [&hellip;]","og_url":"https:\/\/conexion23.com\/?p=53710","og_site_name":"Conexi\u00f3n 23","article_publisher":"https:\/\/www.facebook.com\/conexion23com","article_published_time":"2026-02-24T21:00:04+00:00","og_image":[{"width":1024,"height":1536,"url":"https:\/\/conexion23.com\/wp-content\/uploads\/2026\/02\/31607a6f-3ad3-432b-ab1f-5d408ec371d6.jpg","type":"image\/jpeg"}],"author":"Raffy Ben\u00edtez","twitter_card":"summary_large_image","twitter_misc":{"Escrito por":"Raffy Ben\u00edtez","Tiempo de lectura":"1 minuto"},"schema":{"@context":"https:\/\/schema.org","@graph":[{"@type":"Article","@id":"https:\/\/conexion23.com\/?p=53710#article","isPartOf":{"@id":"https:\/\/conexion23.com\/?p=53710"},"author":{"name":"Raffy Ben\u00edtez","@id":"https:\/\/conexion23.com\/#\/schema\/person\/03e36043331117e97a373299bbcd30a6"},"headline":"Fallece agente policial Junior Orlando de los Santos tras varios d\u00edas con problemas de salud","datePublished":"2026-02-24T21:00:04+00:00","mainEntityOfPage":{"@id":"https:\/\/conexion23.com\/?p=53710"},"wordCount":168,"commentCount":0,"publisher":{"@id":"https:\/\/conexion23.com\/#organization"},"image":{"@id":"https:\/\/conexion23.com\/?p=53710#primaryimage"},"thumbnailUrl":"https:\/\/conexion23.com\/wp-content\/uploads\/2026\/02\/31607a6f-3ad3-432b-ab1f-5d408ec371d6.jpg","keywords":["agente policial","fallece","Junior Orlando de los Santos","problemas de salud"],"articleSection":["Portada","SPM"],"inLanguage":"es","potentialAction":[{"@type":"CommentAction","name":"Comment","target":["https:\/\/conexion23.com\/?p=53710#respond"]}]},{"@type":"WebPage","@id":"https:\/\/conexion23.com\/?p=53710","url":"https:\/\/conexion23.com\/?p=53710","name":"Fallece agente policial Junior Orlando de los Santos tras varios d\u00edas con problemas de salud - Conexi\u00f3n 23","isPartOf":{"@id":"https:\/\/conexion23.com\/#website"},"primaryImageOfPage":{"@id":"https:\/\/conexion23.com\/?p=53710#primaryimage"},"image":{"@id":"https:\/\/conexion23.com\/?p=53710#primaryimage"},"thumbnailUrl":"https:\/\/conexion23.com\/wp-content\/uploads\/2026\/02\/31607a6f-3ad3-432b-ab1f-5d408ec371d6.jpg","datePublished":"2026-02-24T21:00:04+00:00","breadcrumb":{"@id":"https:\/\/conexion23.com\/?p=53710#breadcrumb"},"inLanguage":"es","potentialAction":[{"@type":"ReadAction","target":["https:\/\/conexion23.com\/?p=53710"]}]},{"@type":"ImageObject","inLanguage":"es","@id":"https:\/\/conexion23.com\/?p=53710#primaryimage","url":"https:\/\/conexion23.com\/wp-content\/uploads\/2026\/02\/31607a6f-3ad3-432b-ab1f-5d408ec371d6.jpg","contentUrl":"https:\/\/conexion23.com\/wp-content\/uploads\/2026\/02\/31607a6f-3ad3-432b-ab1f-5d408ec371d6.jpg","width":1024,"height":1536},{"@type":"BreadcrumbList","@id":"https:\/\/conexion23.com\/?p=53710#breadcrumb","itemListElement":[{"@type":"ListItem","position":1,"name":"Portada","item":"https:\/\/conexion23.com\/"},{"@type":"ListItem","position":2,"name":"Fallece agente policial Junior Orlando de los Santos tras varios d\u00edas con problemas de salud"}]},{"@type":"WebSite","@id":"https:\/\/conexion23.com\/#website","url":"https:\/\/conexion23.com\/","name":"Conexi\u00f3n 23","description":"Peri\u00f3dico 100% Petromacorisano","publisher":{"@id":"https:\/\/conexion23.com\/#organization"},"potentialAction":[{"@type":"SearchAction","target":{"@type":"EntryPoint","urlTemplate":"https:\/\/conexion23.com\/?s={search_term_string}"},"query-input":{"@type":"PropertyValueSpecification","valueRequired":true,"valueName":"search_term_string"}}],"inLanguage":"es"},{"@type":"Organization","@id":"https:\/\/conexion23.com\/#organization","name":"Conexion 23","url":"https:\/\/conexion23.com\/","logo":{"@type":"ImageObject","inLanguage":"es","@id":"https:\/\/conexion23.com\/#\/schema\/logo\/image\/","url":"https:\/\/conexion23.com\/wp-content\/uploads\/2021\/11\/Diseno-sin-titulo-2.png","contentUrl":"https:\/\/conexion23.com\/wp-content\/uploads\/2021\/11\/Diseno-sin-titulo-2.png","width":541,"height":90,"caption":"Conexion 23"},"image":{"@id":"https:\/\/conexion23.com\/#\/schema\/logo\/image\/"},"sameAs":["https:\/\/www.facebook.com\/conexion23com","https:\/\/www.instagram.com\/conexion23com\/","https:\/\/www.youtube.com\/channel\/UCYc7vxxFZMYLIHNsHHxPZ3Q"]},{"@type":"Person","@id":"https:\/\/conexion23.com\/#\/schema\/person\/03e36043331117e97a373299bbcd30a6","name":"Raffy Ben\u00edtez","image":{"@type":"ImageObject","inLanguage":"es","@id":"https:\/\/conexion23.com\/#\/schema\/person\/image\/","url":"https:\/\/secure.gravatar.com\/avatar\/3190a6a6c5e1b0327500f7d6c56b6242472ee6cb974cf09b401ee6b3b0798f23?s=96&d=mm&r=g","contentUrl":"https:\/\/secure.gravatar.com\/avatar\/3190a6a6c5e1b0327500f7d6c56b6242472ee6cb974cf09b401ee6b3b0798f23?s=96&d=mm&r=g","caption":"Raffy Ben\u00edtez"},"url":"https:\/\/conexion23.com\/?author=15"}]}},"_links":{"self":[{"href":"https:\/\/conexion23.com\/index.php?rest_route=\/wp\/v2\/posts\/53710","targetHints":{"allow":["GET"]}}],"collection":[{"href":"https:\/\/conexion23.com\/index.php?rest_route=\/wp\/v2\/posts"}],"about":[{"href":"https:\/\/conexion23.com\/index.php?rest_route=\/wp\/v2\/types\/post"}],"author":[{"embeddable":true,"href":"https:\/\/conexion23.com\/index.php?rest_route=\/wp\/v2\/users\/15"}],"replies":[{"embeddable":true,"href":"https:\/\/conexion23.com\/index.php?rest_route=%2Fwp%2Fv2%2Fcomments&post=53710"}],"version-history":[{"count":1,"href":"https:\/\/conexion23.com\/index.php?rest_route=\/wp\/v2\/posts\/53710\/revisions"}],"predecessor-version":[{"id":53712,"href":"https:\/\/conexion23.com\/index.php?rest_route=\/wp\/v2\/posts\/53710\/revisions\/53712"}],"wp:featuredmedia":[{"embeddable":true,"href":"https:\/\/conexion23.com\/index.php?rest_route=\/wp\/v2\/media\/53711"}],"wp:attachment":[{"href":"https:\/\/conexion23.com\/index.php?rest_route=%2Fwp%2Fv2%2Fmedia&parent=53710"}],"wp:term":[{"taxonomy":"category","embeddable":true,"href":"https:\/\/conexion23.com\/index.php?rest_route=%2Fwp%2Fv2%2Fcategories&post=53710"},{"taxonomy":"post_tag","embeddable":true,"href":"https:\/\/conexion23.com\/index.php?rest_route=%2Fwp%2Fv2%2Ftags&post=53710"}],"curies":[{"name":"wp","href":"https:\/\/api.w.org\/{rel}","templated":true}]}}