{"id":53977,"date":"2026-03-04T08:16:56","date_gmt":"2026-03-04T12:16:56","guid":{"rendered":"https:\/\/conexion23.com\/?p=53977"},"modified":"2026-03-04T08:17:25","modified_gmt":"2026-03-04T12:17:25","slug":"director-general-de-la-policia-dispone-mas-de-30-cambios-y-designaciones-en-direcciones-regionales","status":"publish","type":"post","link":"https:\/\/conexion23.com\/?p=53977","title":{"rendered":"Director General de la Polic\u00eda dispone m\u00e1s de 30 cambios y designaciones en direcciones regionales"},"content":{"rendered":"<p class=\"has-text-align-justify has-text-align-justify\" style=\"text-align: justify;\">El director general de la\u00a0<a href=\"chatgpt:\/\/generic-entity?number=0\">Polic\u00eda Nacional<\/a>, mayor general\u00a0<a href=\"chatgpt:\/\/generic-entity?number=1\">Andr\u00e9s Modesto Cruz Cruz<\/a>, dispuso este lunes m\u00e1s de 30 cambios y nuevas designaciones en direcciones regionales, especializadas y de \u00e1reas, como parte del proceso de fortalecimiento institucional y mejora continua de los niveles de seguridad en todo el territorio nacional.<\/p>\n<p class=\"has-text-align-justify has-text-align-justify\" style=\"text-align: justify;\">Las decisiones incluyen movimientos estrat\u00e9gicos en \u00e1reas clave como Recursos Humanos, Transformaci\u00f3n Policial, Tecnolog\u00eda, Asuntos Legales, Derechos Humanos y direcciones regionales en distintas provincias del pa\u00eds.<\/p>\n<p style=\"text-align: justify;\"><strong>Principales designaciones<\/strong><\/p>\n<p class=\"has-text-align-justify has-text-align-justify\" style=\"text-align: justify;\">Entre los cambios m\u00e1s relevantes figura la designaci\u00f3n del Subdirector General Policial, general Esteban Figuereo Garc\u00eda, quien adem\u00e1s de sus funciones asumir\u00e1 la Direcci\u00f3n Central de Transformaci\u00f3n Policial, en sustituci\u00f3n del general Juan Hilario Guzm\u00e1n Badia.<\/p>\n<p style=\"text-align: justify;\">Asimismo:<\/p>\n<ul class=\"wp-block-list\" style=\"text-align: justify;\">\n<li>El general Jorge Perdomo Sena asume como Director Central de Recursos Humanos.<\/li>\n<li>El general Jorge Luis Gal\u00e1n Guerrero fue designado director Regional La Altagracia.<\/li>\n<li class=\"has-text-color has-link-color wp-elements-75fba9e39f6623244c3057fe3cfd2f85\">El general Juan Pablo Ferreira Veras pasa a dirigir la Regional Sur.<\/li>\n<li class=\"has-vivid-red-color has-text-color has-link-color wp-elements-34c18b05c7e06f69f87adebc7f4ad1af\"><strong>El general Claudio Gonz\u00e1lez Moquete asume la Regional Este (La Romana).<\/strong><\/li>\n<li>El general Wandy Made Montilla dirigir\u00e1 la Regional Santo Domingo Este.<\/li>\n<li>El general Eddy Francisco P\u00e9rez Peralta pasa a la Regional Santo Domingo Oeste.<\/li>\n<li>El general Eduardo Escalante Alc\u00e1ntara fue designado en la Regional San Crist\u00f3bal.<\/li>\n<li>El general Miguel \u00c1ngel Pe\u00f1a V\u00e1squez asume la Regional Santo Domingo Norte.<\/li>\n<li>El general Julio C\u00e9sar Acosta F\u00e9lix dirigir\u00e1 la Regional Norte (Puerto Plata).<\/li>\n<li>El general Jes\u00fas R. Tejada Tejada asume la Regional Cibao Central.<\/li>\n<li>El general Pablo Francisco Ortega Brito fue designado en la Regional Mar\u00eda Trinidad S\u00e1nchez.<\/li>\n<li>El general Miguel Mata Rodr\u00edguez pasa a la Regional Cibao Sur (Bonao).<\/li>\n<li>El general Frank de los Santos Encarnaci\u00f3n dirigir\u00e1 la Regional Sureste (San Pedro de Macor\u00eds).<\/li>\n<li>El general Ram\u00f3n Ram\u00edrez Encarnaci\u00f3n asume la Regional Oeste (San Juan).<\/li>\n<li>El general Ram\u00f3n Samuel Azcona Reyes fue designado en la Regional Noroeste (Mao).<\/li>\n<\/ul>\n<p style=\"text-align: justify;\"><strong>Direcciones especializadas y de \u00e1rea<\/strong><\/p>\n<p style=\"text-align: justify;\">Los cambios tambi\u00e9n abarcan \u00e1reas estrat\u00e9gicas:<\/p>\n<ul class=\"wp-block-list\" style=\"text-align: justify;\">\n<li>Direcci\u00f3n Central de Asuntos Legales<\/li>\n<li>Direcci\u00f3n Central de Planificaci\u00f3n y Desarrollo (Diplan)<\/li>\n<li>Direcci\u00f3n de Tecnolog\u00eda de la Informaci\u00f3n y la Comunicaci\u00f3n<\/li>\n<li>Polic\u00eda Escolar<\/li>\n<li>Polic\u00eda Comunitaria<\/li>\n<li>Derechos Humanos<\/li>\n<li>Contrainteligencia<\/li>\n<li>Antipandillas<\/li>\n<li>Antirruidos y Contaminaci\u00f3n S\u00f3nica<\/li>\n<li>Intendencia de Armas<\/li>\n<li>Supervisi\u00f3n de C\u00e1rceles bajo control policial<\/li>\n<li>Comit\u00e9 de Retiro<\/li>\n<li>Servicios Especializados<\/li>\n<li>Recursos Humanos de la Polic\u00eda de Turismo<\/li>\n<\/ul>\n<p class=\"has-text-align-justify has-text-align-justify\" style=\"text-align: justify;\">Asimismo, se destaca la designaci\u00f3n de la coronel Ana Jim\u00e9nez Cruceta como Directora Regional Sur Central, con asiento en Ban\u00ed, consolidando la presencia femenina en posiciones de liderazgo dentro de la instituci\u00f3n.<\/p>\n","protected":false},"excerpt":{"rendered":"<p>El director general de la\u00a0Polic\u00eda Nacional, mayor general\u00a0Andr\u00e9s Modesto Cruz Cruz, dispuso este lunes m\u00e1s de 30 cambios y nuevas designaciones en direcciones regionales, especializadas y de \u00e1reas, como parte del proceso de fortalecimiento institucional y mejora continua de los niveles de seguridad en todo el territorio nacional. Las decisiones incluyen movimientos estrat\u00e9gicos en \u00e1reas [&hellip;]<\/p>\n","protected":false},"author":15,"featured_media":53978,"comment_status":"open","ping_status":"open","sticky":false,"template":"","format":"standard","meta":{"footnotes":""},"categories":[3913,29,3773],"tags":[1113,7144,7145,6839,177],"class_list":{"0":"post-53977","1":"post","2":"type-post","3":"status-publish","4":"format-standard","5":"has-post-thumbnail","7":"category-nacionales","8":"category-policiales","9":"category-portada","10":"tag-cambios","11":"tag-designaciones","12":"tag-direcciones-regionales","13":"tag-director-general","14":"tag-policia"},"yoast_head":"<!-- This site is optimized with the Yoast SEO plugin v27.1.1 - https:\/\/yoast.com\/product\/yoast-seo-wordpress\/ -->\n<title>Director General de la Polic\u00eda dispone m\u00e1s de 30 cambios y designaciones en direcciones regionales - Conexi\u00f3n 23<\/title>\n<meta name=\"robots\" content=\"index, follow, max-snippet:-1, max-image-preview:large, max-video-preview:-1\" \/>\n<link rel=\"canonical\" href=\"http:\/\/conexion23.com\/?p=53977\" \/>\n<meta property=\"og:locale\" content=\"es_ES\" \/>\n<meta property=\"og:type\" content=\"article\" \/>\n<meta property=\"og:title\" content=\"Director General de la Polic\u00eda dispone m\u00e1s de 30 cambios y designaciones en direcciones regionales - Conexi\u00f3n 23\" \/>\n<meta property=\"og:description\" content=\"El director general de la\u00a0Polic\u00eda Nacional, mayor general\u00a0Andr\u00e9s Modesto Cruz Cruz, dispuso este lunes m\u00e1s de 30 cambios y nuevas designaciones en direcciones regionales, especializadas y de \u00e1reas, como parte del proceso de fortalecimiento institucional y mejora continua de los niveles de seguridad en todo el territorio nacional. Las decisiones incluyen movimientos estrat\u00e9gicos en \u00e1reas [&hellip;]\" \/>\n<meta property=\"og:url\" content=\"http:\/\/conexion23.com\/?p=53977\" \/>\n<meta property=\"og:site_name\" content=\"Conexi\u00f3n 23\" \/>\n<meta property=\"article:publisher\" content=\"https:\/\/www.facebook.com\/conexion23com\" \/>\n<meta property=\"article:published_time\" content=\"2026-03-04T12:16:56+00:00\" \/>\n<meta property=\"article:modified_time\" content=\"2026-03-04T12:17:25+00:00\" \/>\n<meta property=\"og:image\" content=\"http:\/\/conexion23.com\/wp-content\/uploads\/2026\/03\/director-pn-investigan-agentes-por-falta-de-integridad-ef9bcdf5-focus-0-0-896-504.webp\" \/>\n\t<meta property=\"og:image:width\" content=\"896\" \/>\n\t<meta property=\"og:image:height\" content=\"504\" \/>\n\t<meta property=\"og:image:type\" content=\"image\/webp\" \/>\n<meta name=\"author\" content=\"Raffy Ben\u00edtez\" \/>\n<meta name=\"twitter:card\" content=\"summary_large_image\" \/>\n<meta name=\"twitter:label1\" content=\"Escrito por\" \/>\n\t<meta name=\"twitter:data1\" content=\"Raffy Ben\u00edtez\" \/>\n\t<meta name=\"twitter:label2\" content=\"Tiempo de lectura\" \/>\n\t<meta name=\"twitter:data2\" content=\"3 minutos\" \/>\n<script type=\"application\/ld+json\" class=\"yoast-schema-graph\">{\"@context\":\"https:\/\/schema.org\",\"@graph\":[{\"@type\":\"Article\",\"@id\":\"http:\/\/conexion23.com\/?p=53977#article\",\"isPartOf\":{\"@id\":\"http:\/\/conexion23.com\/?p=53977\"},\"author\":{\"name\":\"Raffy Ben\u00edtez\",\"@id\":\"https:\/\/conexion23.com\/#\/schema\/person\/03e36043331117e97a373299bbcd30a6\"},\"headline\":\"Director General de la Polic\u00eda dispone m\u00e1s de 30 cambios y designaciones en direcciones regionales\",\"datePublished\":\"2026-03-04T12:16:56+00:00\",\"dateModified\":\"2026-03-04T12:17:25+00:00\",\"mainEntityOfPage\":{\"@id\":\"http:\/\/conexion23.com\/?p=53977\"},\"wordCount\":463,\"commentCount\":0,\"publisher\":{\"@id\":\"https:\/\/conexion23.com\/#organization\"},\"image\":{\"@id\":\"http:\/\/conexion23.com\/?p=53977#primaryimage\"},\"thumbnailUrl\":\"https:\/\/conexion23.com\/wp-content\/uploads\/2026\/03\/director-pn-investigan-agentes-por-falta-de-integridad-ef9bcdf5-focus-0-0-896-504.webp\",\"keywords\":[\"cambios\",\"designaciones\",\"direcciones regionales\",\"director general\",\"policia\"],\"articleSection\":[\"Nacionales\",\"Policiales\",\"Portada\"],\"inLanguage\":\"es\",\"potentialAction\":[{\"@type\":\"CommentAction\",\"name\":\"Comment\",\"target\":[\"http:\/\/conexion23.com\/?p=53977#respond\"]}]},{\"@type\":\"WebPage\",\"@id\":\"http:\/\/conexion23.com\/?p=53977\",\"url\":\"http:\/\/conexion23.com\/?p=53977\",\"name\":\"Director General de la Polic\u00eda dispone m\u00e1s de 30 cambios y designaciones en direcciones regionales - Conexi\u00f3n 23\",\"isPartOf\":{\"@id\":\"https:\/\/conexion23.com\/#website\"},\"primaryImageOfPage\":{\"@id\":\"http:\/\/conexion23.com\/?p=53977#primaryimage\"},\"image\":{\"@id\":\"http:\/\/conexion23.com\/?p=53977#primaryimage\"},\"thumbnailUrl\":\"https:\/\/conexion23.com\/wp-content\/uploads\/2026\/03\/director-pn-investigan-agentes-por-falta-de-integridad-ef9bcdf5-focus-0-0-896-504.webp\",\"datePublished\":\"2026-03-04T12:16:56+00:00\",\"dateModified\":\"2026-03-04T12:17:25+00:00\",\"breadcrumb\":{\"@id\":\"http:\/\/conexion23.com\/?p=53977#breadcrumb\"},\"inLanguage\":\"es\",\"potentialAction\":[{\"@type\":\"ReadAction\",\"target\":[\"http:\/\/conexion23.com\/?p=53977\"]}]},{\"@type\":\"ImageObject\",\"inLanguage\":\"es\",\"@id\":\"http:\/\/conexion23.com\/?p=53977#primaryimage\",\"url\":\"https:\/\/conexion23.com\/wp-content\/uploads\/2026\/03\/director-pn-investigan-agentes-por-falta-de-integridad-ef9bcdf5-focus-0-0-896-504.webp\",\"contentUrl\":\"https:\/\/conexion23.com\/wp-content\/uploads\/2026\/03\/director-pn-investigan-agentes-por-falta-de-integridad-ef9bcdf5-focus-0-0-896-504.webp\",\"width\":896,\"height\":504},{\"@type\":\"BreadcrumbList\",\"@id\":\"http:\/\/conexion23.com\/?p=53977#breadcrumb\",\"itemListElement\":[{\"@type\":\"ListItem\",\"position\":1,\"name\":\"Portada\",\"item\":\"https:\/\/conexion23.com\/\"},{\"@type\":\"ListItem\",\"position\":2,\"name\":\"Director General de la Polic\u00eda dispone m\u00e1s de 30 cambios y designaciones en direcciones regionales\"}]},{\"@type\":\"WebSite\",\"@id\":\"https:\/\/conexion23.com\/#website\",\"url\":\"https:\/\/conexion23.com\/\",\"name\":\"Conexi\u00f3n 23\",\"description\":\"Peri\u00f3dico 100% Petromacorisano\",\"publisher\":{\"@id\":\"https:\/\/conexion23.com\/#organization\"},\"potentialAction\":[{\"@type\":\"SearchAction\",\"target\":{\"@type\":\"EntryPoint\",\"urlTemplate\":\"https:\/\/conexion23.com\/?s={search_term_string}\"},\"query-input\":{\"@type\":\"PropertyValueSpecification\",\"valueRequired\":true,\"valueName\":\"search_term_string\"}}],\"inLanguage\":\"es\"},{\"@type\":\"Organization\",\"@id\":\"https:\/\/conexion23.com\/#organization\",\"name\":\"Conexion 23\",\"url\":\"https:\/\/conexion23.com\/\",\"logo\":{\"@type\":\"ImageObject\",\"inLanguage\":\"es\",\"@id\":\"https:\/\/conexion23.com\/#\/schema\/logo\/image\/\",\"url\":\"https:\/\/conexion23.com\/wp-content\/uploads\/2021\/11\/Diseno-sin-titulo-2.png\",\"contentUrl\":\"https:\/\/conexion23.com\/wp-content\/uploads\/2021\/11\/Diseno-sin-titulo-2.png\",\"width\":541,\"height\":90,\"caption\":\"Conexion 23\"},\"image\":{\"@id\":\"https:\/\/conexion23.com\/#\/schema\/logo\/image\/\"},\"sameAs\":[\"https:\/\/www.facebook.com\/conexion23com\",\"https:\/\/www.instagram.com\/conexion23com\/\",\"https:\/\/www.youtube.com\/channel\/UCYc7vxxFZMYLIHNsHHxPZ3Q\"]},{\"@type\":\"Person\",\"@id\":\"https:\/\/conexion23.com\/#\/schema\/person\/03e36043331117e97a373299bbcd30a6\",\"name\":\"Raffy Ben\u00edtez\",\"image\":{\"@type\":\"ImageObject\",\"inLanguage\":\"es\",\"@id\":\"https:\/\/conexion23.com\/#\/schema\/person\/image\/\",\"url\":\"https:\/\/secure.gravatar.com\/avatar\/3190a6a6c5e1b0327500f7d6c56b6242472ee6cb974cf09b401ee6b3b0798f23?s=96&d=mm&r=g\",\"contentUrl\":\"https:\/\/secure.gravatar.com\/avatar\/3190a6a6c5e1b0327500f7d6c56b6242472ee6cb974cf09b401ee6b3b0798f23?s=96&d=mm&r=g\",\"caption\":\"Raffy Ben\u00edtez\"},\"url\":\"https:\/\/conexion23.com\/?author=15\"}]}<\/script>\n<!-- \/ Yoast SEO plugin. -->","yoast_head_json":{"title":"Director General de la Polic\u00eda dispone m\u00e1s de 30 cambios y designaciones en direcciones regionales - Conexi\u00f3n 23","robots":{"index":"index","follow":"follow","max-snippet":"max-snippet:-1","max-image-preview":"max-image-preview:large","max-video-preview":"max-video-preview:-1"},"canonical":"http:\/\/conexion23.com\/?p=53977","og_locale":"es_ES","og_type":"article","og_title":"Director General de la Polic\u00eda dispone m\u00e1s de 30 cambios y designaciones en direcciones regionales - Conexi\u00f3n 23","og_description":"El director general de la\u00a0Polic\u00eda Nacional, mayor general\u00a0Andr\u00e9s Modesto Cruz Cruz, dispuso este lunes m\u00e1s de 30 cambios y nuevas designaciones en direcciones regionales, especializadas y de \u00e1reas, como parte del proceso de fortalecimiento institucional y mejora continua de los niveles de seguridad en todo el territorio nacional. Las decisiones incluyen movimientos estrat\u00e9gicos en \u00e1reas [&hellip;]","og_url":"http:\/\/conexion23.com\/?p=53977","og_site_name":"Conexi\u00f3n 23","article_publisher":"https:\/\/www.facebook.com\/conexion23com","article_published_time":"2026-03-04T12:16:56+00:00","article_modified_time":"2026-03-04T12:17:25+00:00","og_image":[{"width":896,"height":504,"url":"http:\/\/conexion23.com\/wp-content\/uploads\/2026\/03\/director-pn-investigan-agentes-por-falta-de-integridad-ef9bcdf5-focus-0-0-896-504.webp","type":"image\/webp"}],"author":"Raffy Ben\u00edtez","twitter_card":"summary_large_image","twitter_misc":{"Escrito por":"Raffy Ben\u00edtez","Tiempo de lectura":"3 minutos"},"schema":{"@context":"https:\/\/schema.org","@graph":[{"@type":"Article","@id":"http:\/\/conexion23.com\/?p=53977#article","isPartOf":{"@id":"http:\/\/conexion23.com\/?p=53977"},"author":{"name":"Raffy Ben\u00edtez","@id":"https:\/\/conexion23.com\/#\/schema\/person\/03e36043331117e97a373299bbcd30a6"},"headline":"Director General de la Polic\u00eda dispone m\u00e1s de 30 cambios y designaciones en direcciones regionales","datePublished":"2026-03-04T12:16:56+00:00","dateModified":"2026-03-04T12:17:25+00:00","mainEntityOfPage":{"@id":"http:\/\/conexion23.com\/?p=53977"},"wordCount":463,"commentCount":0,"publisher":{"@id":"https:\/\/conexion23.com\/#organization"},"image":{"@id":"http:\/\/conexion23.com\/?p=53977#primaryimage"},"thumbnailUrl":"https:\/\/conexion23.com\/wp-content\/uploads\/2026\/03\/director-pn-investigan-agentes-por-falta-de-integridad-ef9bcdf5-focus-0-0-896-504.webp","keywords":["cambios","designaciones","direcciones regionales","director general","policia"],"articleSection":["Nacionales","Policiales","Portada"],"inLanguage":"es","potentialAction":[{"@type":"CommentAction","name":"Comment","target":["http:\/\/conexion23.com\/?p=53977#respond"]}]},{"@type":"WebPage","@id":"http:\/\/conexion23.com\/?p=53977","url":"http:\/\/conexion23.com\/?p=53977","name":"Director General de la Polic\u00eda dispone m\u00e1s de 30 cambios y designaciones en direcciones regionales - Conexi\u00f3n 23","isPartOf":{"@id":"https:\/\/conexion23.com\/#website"},"primaryImageOfPage":{"@id":"http:\/\/conexion23.com\/?p=53977#primaryimage"},"image":{"@id":"http:\/\/conexion23.com\/?p=53977#primaryimage"},"thumbnailUrl":"https:\/\/conexion23.com\/wp-content\/uploads\/2026\/03\/director-pn-investigan-agentes-por-falta-de-integridad-ef9bcdf5-focus-0-0-896-504.webp","datePublished":"2026-03-04T12:16:56+00:00","dateModified":"2026-03-04T12:17:25+00:00","breadcrumb":{"@id":"http:\/\/conexion23.com\/?p=53977#breadcrumb"},"inLanguage":"es","potentialAction":[{"@type":"ReadAction","target":["http:\/\/conexion23.com\/?p=53977"]}]},{"@type":"ImageObject","inLanguage":"es","@id":"http:\/\/conexion23.com\/?p=53977#primaryimage","url":"https:\/\/conexion23.com\/wp-content\/uploads\/2026\/03\/director-pn-investigan-agentes-por-falta-de-integridad-ef9bcdf5-focus-0-0-896-504.webp","contentUrl":"https:\/\/conexion23.com\/wp-content\/uploads\/2026\/03\/director-pn-investigan-agentes-por-falta-de-integridad-ef9bcdf5-focus-0-0-896-504.webp","width":896,"height":504},{"@type":"BreadcrumbList","@id":"http:\/\/conexion23.com\/?p=53977#breadcrumb","itemListElement":[{"@type":"ListItem","position":1,"name":"Portada","item":"https:\/\/conexion23.com\/"},{"@type":"ListItem","position":2,"name":"Director General de la Polic\u00eda dispone m\u00e1s de 30 cambios y designaciones en direcciones regionales"}]},{"@type":"WebSite","@id":"https:\/\/conexion23.com\/#website","url":"https:\/\/conexion23.com\/","name":"Conexi\u00f3n 23","description":"Peri\u00f3dico 100% Petromacorisano","publisher":{"@id":"https:\/\/conexion23.com\/#organization"},"potentialAction":[{"@type":"SearchAction","target":{"@type":"EntryPoint","urlTemplate":"https:\/\/conexion23.com\/?s={search_term_string}"},"query-input":{"@type":"PropertyValueSpecification","valueRequired":true,"valueName":"search_term_string"}}],"inLanguage":"es"},{"@type":"Organization","@id":"https:\/\/conexion23.com\/#organization","name":"Conexion 23","url":"https:\/\/conexion23.com\/","logo":{"@type":"ImageObject","inLanguage":"es","@id":"https:\/\/conexion23.com\/#\/schema\/logo\/image\/","url":"https:\/\/conexion23.com\/wp-content\/uploads\/2021\/11\/Diseno-sin-titulo-2.png","contentUrl":"https:\/\/conexion23.com\/wp-content\/uploads\/2021\/11\/Diseno-sin-titulo-2.png","width":541,"height":90,"caption":"Conexion 23"},"image":{"@id":"https:\/\/conexion23.com\/#\/schema\/logo\/image\/"},"sameAs":["https:\/\/www.facebook.com\/conexion23com","https:\/\/www.instagram.com\/conexion23com\/","https:\/\/www.youtube.com\/channel\/UCYc7vxxFZMYLIHNsHHxPZ3Q"]},{"@type":"Person","@id":"https:\/\/conexion23.com\/#\/schema\/person\/03e36043331117e97a373299bbcd30a6","name":"Raffy Ben\u00edtez","image":{"@type":"ImageObject","inLanguage":"es","@id":"https:\/\/conexion23.com\/#\/schema\/person\/image\/","url":"https:\/\/secure.gravatar.com\/avatar\/3190a6a6c5e1b0327500f7d6c56b6242472ee6cb974cf09b401ee6b3b0798f23?s=96&d=mm&r=g","contentUrl":"https:\/\/secure.gravatar.com\/avatar\/3190a6a6c5e1b0327500f7d6c56b6242472ee6cb974cf09b401ee6b3b0798f23?s=96&d=mm&r=g","caption":"Raffy Ben\u00edtez"},"url":"https:\/\/conexion23.com\/?author=15"}]}},"_links":{"self":[{"href":"https:\/\/conexion23.com\/index.php?rest_route=\/wp\/v2\/posts\/53977","targetHints":{"allow":["GET"]}}],"collection":[{"href":"https:\/\/conexion23.com\/index.php?rest_route=\/wp\/v2\/posts"}],"about":[{"href":"https:\/\/conexion23.com\/index.php?rest_route=\/wp\/v2\/types\/post"}],"author":[{"embeddable":true,"href":"https:\/\/conexion23.com\/index.php?rest_route=\/wp\/v2\/users\/15"}],"replies":[{"embeddable":true,"href":"https:\/\/conexion23.com\/index.php?rest_route=%2Fwp%2Fv2%2Fcomments&post=53977"}],"version-history":[{"count":1,"href":"https:\/\/conexion23.com\/index.php?rest_route=\/wp\/v2\/posts\/53977\/revisions"}],"predecessor-version":[{"id":53979,"href":"https:\/\/conexion23.com\/index.php?rest_route=\/wp\/v2\/posts\/53977\/revisions\/53979"}],"wp:featuredmedia":[{"embeddable":true,"href":"https:\/\/conexion23.com\/index.php?rest_route=\/wp\/v2\/media\/53978"}],"wp:attachment":[{"href":"https:\/\/conexion23.com\/index.php?rest_route=%2Fwp%2Fv2%2Fmedia&parent=53977"}],"wp:term":[{"taxonomy":"category","embeddable":true,"href":"https:\/\/conexion23.com\/index.php?rest_route=%2Fwp%2Fv2%2Fcategories&post=53977"},{"taxonomy":"post_tag","embeddable":true,"href":"https:\/\/conexion23.com\/index.php?rest_route=%2Fwp%2Fv2%2Ftags&post=53977"}],"curies":[{"name":"wp","href":"https:\/\/api.w.org\/{rel}","templated":true}]}}