{"id":54256,"date":"2026-03-10T09:00:19","date_gmt":"2026-03-10T13:00:19","guid":{"rendered":"https:\/\/conexion23.com\/?p=54256"},"modified":"2026-03-10T07:38:33","modified_gmt":"2026-03-10T11:38:33","slug":"fuerza-del-pueblo-presenta-nuevas-autoridades-en-la-altagracia","status":"publish","type":"post","link":"https:\/\/conexion23.com\/?p=54256","title":{"rendered":"Fuerza del Pueblo presenta nuevas autoridades en La Altagracia"},"content":{"rendered":"<p style=\"text-align: justify;\">El partido Fuerza del Pueblo (FP) present\u00f3 a sus nuevas autoridades en la provincia La Altagracia, durante una asamblea arrolladora que congreg\u00f3 a m\u00e1s de 700 dirigentes.<\/p>\n<p style=\"text-align: justify;\">Este encuentro logr\u00f3 reunir la estructura completa de la provincia, con una activa y entusiasta participaci\u00f3n de dirigentes provenientes de todos los territorios: Hig\u00fcey, La Otra Banda, Nisib\u00f3n, Bayahibe, San Rafael del Yuma, Boca de Yuma y el polo tur\u00edstico de Ver\u00f3n-B\u00e1varo-Punta Cana.<\/p>\n<p style=\"text-align: justify;\">El presidente provincial, Miguel Rojas, estuvo a cargo del trabajo pol\u00edtico y las gestiones estrat\u00e9gicas para realizar el evento.<\/p>\n<p style=\"text-align: justify;\">Uno de los momentos cumbres y m\u00e1s emotivos de la jornada fue el homenaje rendido al doctor Pedro Rojas Morillo. La alta dirigencia y los cientos de presentes reconocieron su intachable trayectoria c\u00edvica y pol\u00edtica, otorg\u00e1ndole una placa de reconocimiento en medio de una ovaci\u00f3n generalizada que destac\u00f3 su aporte hist\u00f3rico a la provincia.<\/p>\n<p style=\"text-align: justify;\">El acto de Juramentaci\u00f3n estuvo presidido por el vicepresidente nacional de la Fuerza del Pueblo, Radham\u00e9s Jim\u00e9nez. La c\u00fapula del partido mostr\u00f3 su respaldo absoluto a la nueva direcci\u00f3n Altagraciana con la presencia de destacados miembros de la Direcci\u00f3n Pol\u00edtica, entre ellos Alexandra Pe\u00f1a, Marcos Cross y Franklin Pe\u00f1a, quienes validaron el vigoroso avance de la organizaci\u00f3n de cara a los pr\u00f3ximos retos electorales.<\/p>\n","protected":false},"excerpt":{"rendered":"<p>El partido Fuerza del Pueblo (FP) present\u00f3 a sus nuevas autoridades en la provincia La Altagracia, durante una asamblea arrolladora que congreg\u00f3 a m\u00e1s de 700 dirigentes. Este encuentro logr\u00f3 reunir la estructura completa de la provincia, con una activa y entusiasta participaci\u00f3n de dirigentes provenientes de todos los territorios: Hig\u00fcey, La Otra Banda, Nisib\u00f3n, [&hellip;]<\/p>\n","protected":false},"author":15,"featured_media":54257,"comment_status":"open","ping_status":"open","sticky":false,"template":"","format":"standard","meta":{"footnotes":""},"categories":[12,3882,3773,2472],"tags":[171,4045,7276],"class_list":{"0":"post-54256","1":"post","2":"type-post","3":"status-publish","4":"format-standard","5":"has-post-thumbnail","7":"category-municipales","8":"category-politica","9":"category-portada","10":"category-provincias-del-este","11":"tag-fuerza-del-pueblo","12":"tag-la-altagracia","13":"tag-nuevas-autoridades"},"yoast_head":"<!-- This site is optimized with the Yoast SEO plugin v27.1.1 - https:\/\/yoast.com\/product\/yoast-seo-wordpress\/ -->\n<title>Fuerza del Pueblo presenta nuevas autoridades en La Altagracia - Conexi\u00f3n 23<\/title>\n<meta name=\"robots\" content=\"index, follow, max-snippet:-1, max-image-preview:large, max-video-preview:-1\" \/>\n<link rel=\"canonical\" href=\"http:\/\/conexion23.com\/?p=54256\" \/>\n<meta property=\"og:locale\" content=\"es_ES\" \/>\n<meta property=\"og:type\" content=\"article\" \/>\n<meta property=\"og:title\" content=\"Fuerza del Pueblo presenta nuevas autoridades en La Altagracia - Conexi\u00f3n 23\" \/>\n<meta property=\"og:description\" content=\"El partido Fuerza del Pueblo (FP) present\u00f3 a sus nuevas autoridades en la provincia La Altagracia, durante una asamblea arrolladora que congreg\u00f3 a m\u00e1s de 700 dirigentes. Este encuentro logr\u00f3 reunir la estructura completa de la provincia, con una activa y entusiasta participaci\u00f3n de dirigentes provenientes de todos los territorios: Hig\u00fcey, La Otra Banda, Nisib\u00f3n, [&hellip;]\" \/>\n<meta property=\"og:url\" content=\"http:\/\/conexion23.com\/?p=54256\" \/>\n<meta property=\"og:site_name\" content=\"Conexi\u00f3n 23\" \/>\n<meta property=\"article:publisher\" content=\"https:\/\/www.facebook.com\/conexion23com\" \/>\n<meta property=\"article:published_time\" content=\"2026-03-10T13:00:19+00:00\" \/>\n<meta property=\"og:image\" content=\"http:\/\/conexion23.com\/wp-content\/uploads\/2026\/03\/WhatsApp-Image-2026-03-09-at-9.38.56-AM-1024x683-1.webp\" \/>\n\t<meta property=\"og:image:width\" content=\"1024\" \/>\n\t<meta property=\"og:image:height\" content=\"683\" \/>\n\t<meta property=\"og:image:type\" content=\"image\/webp\" \/>\n<meta name=\"author\" content=\"Raffy Ben\u00edtez\" \/>\n<meta name=\"twitter:card\" content=\"summary_large_image\" \/>\n<meta name=\"twitter:label1\" content=\"Escrito por\" \/>\n\t<meta name=\"twitter:data1\" content=\"Raffy Ben\u00edtez\" \/>\n\t<meta name=\"twitter:label2\" content=\"Tiempo de lectura\" \/>\n\t<meta name=\"twitter:data2\" content=\"2 minutos\" \/>\n<script type=\"application\/ld+json\" class=\"yoast-schema-graph\">{\"@context\":\"https:\/\/schema.org\",\"@graph\":[{\"@type\":\"Article\",\"@id\":\"http:\/\/conexion23.com\/?p=54256#article\",\"isPartOf\":{\"@id\":\"http:\/\/conexion23.com\/?p=54256\"},\"author\":{\"name\":\"Raffy Ben\u00edtez\",\"@id\":\"https:\/\/conexion23.com\/#\/schema\/person\/03e36043331117e97a373299bbcd30a6\"},\"headline\":\"Fuerza del Pueblo presenta nuevas autoridades en La Altagracia\",\"datePublished\":\"2026-03-10T13:00:19+00:00\",\"mainEntityOfPage\":{\"@id\":\"http:\/\/conexion23.com\/?p=54256\"},\"wordCount\":241,\"commentCount\":0,\"publisher\":{\"@id\":\"https:\/\/conexion23.com\/#organization\"},\"image\":{\"@id\":\"http:\/\/conexion23.com\/?p=54256#primaryimage\"},\"thumbnailUrl\":\"https:\/\/conexion23.com\/wp-content\/uploads\/2026\/03\/WhatsApp-Image-2026-03-09-at-9.38.56-AM-1024x683-1.webp\",\"keywords\":[\"fuerza del pueblo\",\"la altagracia\",\"nuevas autoridades\"],\"articleSection\":[\"Municipales\",\"Pol\u00edtica\",\"Portada\",\"Provincias del Este\"],\"inLanguage\":\"es\",\"potentialAction\":[{\"@type\":\"CommentAction\",\"name\":\"Comment\",\"target\":[\"http:\/\/conexion23.com\/?p=54256#respond\"]}]},{\"@type\":\"WebPage\",\"@id\":\"http:\/\/conexion23.com\/?p=54256\",\"url\":\"http:\/\/conexion23.com\/?p=54256\",\"name\":\"Fuerza del Pueblo presenta nuevas autoridades en La Altagracia - Conexi\u00f3n 23\",\"isPartOf\":{\"@id\":\"https:\/\/conexion23.com\/#website\"},\"primaryImageOfPage\":{\"@id\":\"http:\/\/conexion23.com\/?p=54256#primaryimage\"},\"image\":{\"@id\":\"http:\/\/conexion23.com\/?p=54256#primaryimage\"},\"thumbnailUrl\":\"https:\/\/conexion23.com\/wp-content\/uploads\/2026\/03\/WhatsApp-Image-2026-03-09-at-9.38.56-AM-1024x683-1.webp\",\"datePublished\":\"2026-03-10T13:00:19+00:00\",\"breadcrumb\":{\"@id\":\"http:\/\/conexion23.com\/?p=54256#breadcrumb\"},\"inLanguage\":\"es\",\"potentialAction\":[{\"@type\":\"ReadAction\",\"target\":[\"http:\/\/conexion23.com\/?p=54256\"]}]},{\"@type\":\"ImageObject\",\"inLanguage\":\"es\",\"@id\":\"http:\/\/conexion23.com\/?p=54256#primaryimage\",\"url\":\"https:\/\/conexion23.com\/wp-content\/uploads\/2026\/03\/WhatsApp-Image-2026-03-09-at-9.38.56-AM-1024x683-1.webp\",\"contentUrl\":\"https:\/\/conexion23.com\/wp-content\/uploads\/2026\/03\/WhatsApp-Image-2026-03-09-at-9.38.56-AM-1024x683-1.webp\",\"width\":1024,\"height\":683},{\"@type\":\"BreadcrumbList\",\"@id\":\"http:\/\/conexion23.com\/?p=54256#breadcrumb\",\"itemListElement\":[{\"@type\":\"ListItem\",\"position\":1,\"name\":\"Portada\",\"item\":\"https:\/\/conexion23.com\/\"},{\"@type\":\"ListItem\",\"position\":2,\"name\":\"Fuerza del Pueblo presenta nuevas autoridades en La Altagracia\"}]},{\"@type\":\"WebSite\",\"@id\":\"https:\/\/conexion23.com\/#website\",\"url\":\"https:\/\/conexion23.com\/\",\"name\":\"Conexi\u00f3n 23\",\"description\":\"Peri\u00f3dico 100% Petromacorisano\",\"publisher\":{\"@id\":\"https:\/\/conexion23.com\/#organization\"},\"potentialAction\":[{\"@type\":\"SearchAction\",\"target\":{\"@type\":\"EntryPoint\",\"urlTemplate\":\"https:\/\/conexion23.com\/?s={search_term_string}\"},\"query-input\":{\"@type\":\"PropertyValueSpecification\",\"valueRequired\":true,\"valueName\":\"search_term_string\"}}],\"inLanguage\":\"es\"},{\"@type\":\"Organization\",\"@id\":\"https:\/\/conexion23.com\/#organization\",\"name\":\"Conexion 23\",\"url\":\"https:\/\/conexion23.com\/\",\"logo\":{\"@type\":\"ImageObject\",\"inLanguage\":\"es\",\"@id\":\"https:\/\/conexion23.com\/#\/schema\/logo\/image\/\",\"url\":\"https:\/\/conexion23.com\/wp-content\/uploads\/2021\/11\/Diseno-sin-titulo-2.png\",\"contentUrl\":\"https:\/\/conexion23.com\/wp-content\/uploads\/2021\/11\/Diseno-sin-titulo-2.png\",\"width\":541,\"height\":90,\"caption\":\"Conexion 23\"},\"image\":{\"@id\":\"https:\/\/conexion23.com\/#\/schema\/logo\/image\/\"},\"sameAs\":[\"https:\/\/www.facebook.com\/conexion23com\",\"https:\/\/www.instagram.com\/conexion23com\/\",\"https:\/\/www.youtube.com\/channel\/UCYc7vxxFZMYLIHNsHHxPZ3Q\"]},{\"@type\":\"Person\",\"@id\":\"https:\/\/conexion23.com\/#\/schema\/person\/03e36043331117e97a373299bbcd30a6\",\"name\":\"Raffy Ben\u00edtez\",\"image\":{\"@type\":\"ImageObject\",\"inLanguage\":\"es\",\"@id\":\"https:\/\/conexion23.com\/#\/schema\/person\/image\/\",\"url\":\"https:\/\/secure.gravatar.com\/avatar\/3190a6a6c5e1b0327500f7d6c56b6242472ee6cb974cf09b401ee6b3b0798f23?s=96&d=mm&r=g\",\"contentUrl\":\"https:\/\/secure.gravatar.com\/avatar\/3190a6a6c5e1b0327500f7d6c56b6242472ee6cb974cf09b401ee6b3b0798f23?s=96&d=mm&r=g\",\"caption\":\"Raffy Ben\u00edtez\"},\"url\":\"https:\/\/conexion23.com\/?author=15\"}]}<\/script>\n<!-- \/ Yoast SEO plugin. -->","yoast_head_json":{"title":"Fuerza del Pueblo presenta nuevas autoridades en La Altagracia - Conexi\u00f3n 23","robots":{"index":"index","follow":"follow","max-snippet":"max-snippet:-1","max-image-preview":"max-image-preview:large","max-video-preview":"max-video-preview:-1"},"canonical":"http:\/\/conexion23.com\/?p=54256","og_locale":"es_ES","og_type":"article","og_title":"Fuerza del Pueblo presenta nuevas autoridades en La Altagracia - Conexi\u00f3n 23","og_description":"El partido Fuerza del Pueblo (FP) present\u00f3 a sus nuevas autoridades en la provincia La Altagracia, durante una asamblea arrolladora que congreg\u00f3 a m\u00e1s de 700 dirigentes. Este encuentro logr\u00f3 reunir la estructura completa de la provincia, con una activa y entusiasta participaci\u00f3n de dirigentes provenientes de todos los territorios: Hig\u00fcey, La Otra Banda, Nisib\u00f3n, [&hellip;]","og_url":"http:\/\/conexion23.com\/?p=54256","og_site_name":"Conexi\u00f3n 23","article_publisher":"https:\/\/www.facebook.com\/conexion23com","article_published_time":"2026-03-10T13:00:19+00:00","og_image":[{"width":1024,"height":683,"url":"http:\/\/conexion23.com\/wp-content\/uploads\/2026\/03\/WhatsApp-Image-2026-03-09-at-9.38.56-AM-1024x683-1.webp","type":"image\/webp"}],"author":"Raffy Ben\u00edtez","twitter_card":"summary_large_image","twitter_misc":{"Escrito por":"Raffy Ben\u00edtez","Tiempo de lectura":"2 minutos"},"schema":{"@context":"https:\/\/schema.org","@graph":[{"@type":"Article","@id":"http:\/\/conexion23.com\/?p=54256#article","isPartOf":{"@id":"http:\/\/conexion23.com\/?p=54256"},"author":{"name":"Raffy Ben\u00edtez","@id":"https:\/\/conexion23.com\/#\/schema\/person\/03e36043331117e97a373299bbcd30a6"},"headline":"Fuerza del Pueblo presenta nuevas autoridades en La Altagracia","datePublished":"2026-03-10T13:00:19+00:00","mainEntityOfPage":{"@id":"http:\/\/conexion23.com\/?p=54256"},"wordCount":241,"commentCount":0,"publisher":{"@id":"https:\/\/conexion23.com\/#organization"},"image":{"@id":"http:\/\/conexion23.com\/?p=54256#primaryimage"},"thumbnailUrl":"https:\/\/conexion23.com\/wp-content\/uploads\/2026\/03\/WhatsApp-Image-2026-03-09-at-9.38.56-AM-1024x683-1.webp","keywords":["fuerza del pueblo","la altagracia","nuevas autoridades"],"articleSection":["Municipales","Pol\u00edtica","Portada","Provincias del Este"],"inLanguage":"es","potentialAction":[{"@type":"CommentAction","name":"Comment","target":["http:\/\/conexion23.com\/?p=54256#respond"]}]},{"@type":"WebPage","@id":"http:\/\/conexion23.com\/?p=54256","url":"http:\/\/conexion23.com\/?p=54256","name":"Fuerza del Pueblo presenta nuevas autoridades en La Altagracia - Conexi\u00f3n 23","isPartOf":{"@id":"https:\/\/conexion23.com\/#website"},"primaryImageOfPage":{"@id":"http:\/\/conexion23.com\/?p=54256#primaryimage"},"image":{"@id":"http:\/\/conexion23.com\/?p=54256#primaryimage"},"thumbnailUrl":"https:\/\/conexion23.com\/wp-content\/uploads\/2026\/03\/WhatsApp-Image-2026-03-09-at-9.38.56-AM-1024x683-1.webp","datePublished":"2026-03-10T13:00:19+00:00","breadcrumb":{"@id":"http:\/\/conexion23.com\/?p=54256#breadcrumb"},"inLanguage":"es","potentialAction":[{"@type":"ReadAction","target":["http:\/\/conexion23.com\/?p=54256"]}]},{"@type":"ImageObject","inLanguage":"es","@id":"http:\/\/conexion23.com\/?p=54256#primaryimage","url":"https:\/\/conexion23.com\/wp-content\/uploads\/2026\/03\/WhatsApp-Image-2026-03-09-at-9.38.56-AM-1024x683-1.webp","contentUrl":"https:\/\/conexion23.com\/wp-content\/uploads\/2026\/03\/WhatsApp-Image-2026-03-09-at-9.38.56-AM-1024x683-1.webp","width":1024,"height":683},{"@type":"BreadcrumbList","@id":"http:\/\/conexion23.com\/?p=54256#breadcrumb","itemListElement":[{"@type":"ListItem","position":1,"name":"Portada","item":"https:\/\/conexion23.com\/"},{"@type":"ListItem","position":2,"name":"Fuerza del Pueblo presenta nuevas autoridades en La Altagracia"}]},{"@type":"WebSite","@id":"https:\/\/conexion23.com\/#website","url":"https:\/\/conexion23.com\/","name":"Conexi\u00f3n 23","description":"Peri\u00f3dico 100% Petromacorisano","publisher":{"@id":"https:\/\/conexion23.com\/#organization"},"potentialAction":[{"@type":"SearchAction","target":{"@type":"EntryPoint","urlTemplate":"https:\/\/conexion23.com\/?s={search_term_string}"},"query-input":{"@type":"PropertyValueSpecification","valueRequired":true,"valueName":"search_term_string"}}],"inLanguage":"es"},{"@type":"Organization","@id":"https:\/\/conexion23.com\/#organization","name":"Conexion 23","url":"https:\/\/conexion23.com\/","logo":{"@type":"ImageObject","inLanguage":"es","@id":"https:\/\/conexion23.com\/#\/schema\/logo\/image\/","url":"https:\/\/conexion23.com\/wp-content\/uploads\/2021\/11\/Diseno-sin-titulo-2.png","contentUrl":"https:\/\/conexion23.com\/wp-content\/uploads\/2021\/11\/Diseno-sin-titulo-2.png","width":541,"height":90,"caption":"Conexion 23"},"image":{"@id":"https:\/\/conexion23.com\/#\/schema\/logo\/image\/"},"sameAs":["https:\/\/www.facebook.com\/conexion23com","https:\/\/www.instagram.com\/conexion23com\/","https:\/\/www.youtube.com\/channel\/UCYc7vxxFZMYLIHNsHHxPZ3Q"]},{"@type":"Person","@id":"https:\/\/conexion23.com\/#\/schema\/person\/03e36043331117e97a373299bbcd30a6","name":"Raffy Ben\u00edtez","image":{"@type":"ImageObject","inLanguage":"es","@id":"https:\/\/conexion23.com\/#\/schema\/person\/image\/","url":"https:\/\/secure.gravatar.com\/avatar\/3190a6a6c5e1b0327500f7d6c56b6242472ee6cb974cf09b401ee6b3b0798f23?s=96&d=mm&r=g","contentUrl":"https:\/\/secure.gravatar.com\/avatar\/3190a6a6c5e1b0327500f7d6c56b6242472ee6cb974cf09b401ee6b3b0798f23?s=96&d=mm&r=g","caption":"Raffy Ben\u00edtez"},"url":"https:\/\/conexion23.com\/?author=15"}]}},"_links":{"self":[{"href":"https:\/\/conexion23.com\/index.php?rest_route=\/wp\/v2\/posts\/54256","targetHints":{"allow":["GET"]}}],"collection":[{"href":"https:\/\/conexion23.com\/index.php?rest_route=\/wp\/v2\/posts"}],"about":[{"href":"https:\/\/conexion23.com\/index.php?rest_route=\/wp\/v2\/types\/post"}],"author":[{"embeddable":true,"href":"https:\/\/conexion23.com\/index.php?rest_route=\/wp\/v2\/users\/15"}],"replies":[{"embeddable":true,"href":"https:\/\/conexion23.com\/index.php?rest_route=%2Fwp%2Fv2%2Fcomments&post=54256"}],"version-history":[{"count":1,"href":"https:\/\/conexion23.com\/index.php?rest_route=\/wp\/v2\/posts\/54256\/revisions"}],"predecessor-version":[{"id":54258,"href":"https:\/\/conexion23.com\/index.php?rest_route=\/wp\/v2\/posts\/54256\/revisions\/54258"}],"wp:featuredmedia":[{"embeddable":true,"href":"https:\/\/conexion23.com\/index.php?rest_route=\/wp\/v2\/media\/54257"}],"wp:attachment":[{"href":"https:\/\/conexion23.com\/index.php?rest_route=%2Fwp%2Fv2%2Fmedia&parent=54256"}],"wp:term":[{"taxonomy":"category","embeddable":true,"href":"https:\/\/conexion23.com\/index.php?rest_route=%2Fwp%2Fv2%2Fcategories&post=54256"},{"taxonomy":"post_tag","embeddable":true,"href":"https:\/\/conexion23.com\/index.php?rest_route=%2Fwp%2Fv2%2Ftags&post=54256"}],"curies":[{"name":"wp","href":"https:\/\/api.w.org\/{rel}","templated":true}]}}