{"id":54276,"date":"2026-03-10T11:00:11","date_gmt":"2026-03-10T15:00:11","guid":{"rendered":"https:\/\/conexion23.com\/?p=54276"},"modified":"2026-03-10T10:14:05","modified_gmt":"2026-03-10T14:14:05","slug":"aspirante-presidencial-por-el-pld-no-se-ha-cumplido-con-la-diaspora","status":"publish","type":"post","link":"https:\/\/conexion23.com\/?p=54276","title":{"rendered":"Aspirante presidencial por el PLD: No se ha cumplido con la di\u00e1spora"},"content":{"rendered":"<p style=\"text-align: justify;\"><strong>El aspirante presidencial del Partido de la Liberaci\u00f3n Dominicana (PLD), Francisco Javier Garc\u00eda, prometi\u00f3 de llegar a la presidencia de la Rep\u00fablica \u201ccrear un fondo de garant\u00eda para la inversi\u00f3n que hagan los dominicanos en el exterior\u201d.<\/strong><\/p>\n<p style=\"text-align: justify;\">Dijo que ese fondo se crear\u00eda destinando en el Presupuesto Nacional una primera partida del 3 % de los 12.000 millones de d\u00f3lares remesas que llegan anualmente al pa\u00eds.<\/p>\n<p style=\"text-align: justify;\">\u201cEse 3 % de 12.000 millones de d\u00f3lares, cuando se convierten a pesos dominicanos equivalen a 20.000 millones de pesos, que ser\u00e1 el fondo de garant\u00eda\u201d, expres\u00f3.<\/p>\n<p style=\"text-align: justify;\">Su respuesta vino al ser preguntado por el reconocido periodista de NYC, Dar\u00edo Abreu, durante una rueda de prensa realizada el pasado fin de semana en Santiago de los Caballeros, sobre qu\u00e9 tiene en carpeta para resolver algunos de los problemas de los dominicanos en el exterior.<\/p>\n<p style=\"text-align: justify;\">Javier Garc\u00eda reconoci\u00f3 que se le ha ofrecido mucho a la di\u00e1spora, sus candidatos y los de otros partidos, pero no se le han cumplido sus aspiraciones.<\/p>\n<p style=\"text-align: justify;\">Dijo no es que se vayan a usar los 20.000 millones, pero que ese monto ser\u00e1 la garant\u00eda.<\/p>\n<p style=\"text-align: justify;\">\u201cEntonces, cuando un dominicano quiera poner un negocio en RD, hacer un proyecto inmobiliario o comprar una casa, y se le dificulte la garant\u00eda para acceder a esos financiamientos, el gobierno dominicano, a trav\u00e9s de ese fondo de 20.000 millones de pesos, podr\u00e1 resolver lo relacionado con esa garant\u00eda\u201d, precis\u00f3.<\/p>\n<p style=\"text-align: justify;\">Se pregunt\u00f3: \u201c\u00bfA qu\u00e9 cantidad de dinero pueden acceder los dominicanos del exterior si la garant\u00eda es de 20.000 millones de pesos?\u201d<\/p>\n<p style=\"text-align: justify;\">Dijo que lo primero que hay que saber cu\u00e1l es la tasa de morosidad, que ronda el 3 %.<\/p>\n<p style=\"text-align: justify;\">\u201cSi calculas que, en vez de una tasa de morosidad del 3 %, es del 5 %, podr\u00edas prestar a los dominicanos, en un solo a\u00f1o, m\u00e1s de 400.000 millones de pesos, porque el 5 % de esa suma son 20.000 millones, que es el fondo que se necesita para aquellos que no puedan pagar esos pr\u00e9stamos\u201d.<\/p>\n<p style=\"text-align: justify;\">Aclar\u00f3 que tal vez algunas personas piensen que 20.000 millones es mucho dinero para tener como un fondo de garant\u00eda. Pero no es mucho dinero.<\/p>\n<p style=\"text-align: justify;\">\u201cLo que es mucho dinero son los 12.000 millones de d\u00f3lares que los dominicanos env\u00edan a RD.<\/p>\n<p style=\"text-align: justify;\">Sin ese dinero, sin que se tenga que levantar un martillo en el pa\u00eds, la RD tendr\u00eda una econom\u00eda pr\u00e1cticamente inviable. La responsable de la estabilidad macroecon\u00f3mica de la Rep\u00fablica es la di\u00e1spora, con esos aportes\u201d, asegur\u00f3 Javier Garc\u00eda.<\/p>\n<p style=\"text-align: justify;\">Subray\u00f3 que, cuando un empresario solvente va a un banco y dice: \u201cQuiero un pr\u00e9stamo de 10 millones de pesos\u201d, no le piden garant\u00eda; se lo dan de inmediato porque saben que lo va a pagar.<\/p>\n<p style=\"text-align: justify;\">\u201cPero, \u00bfpor qu\u00e9? Cuando un banco tiene la garant\u00eda absoluta de que le van a pagar, eso significa que a ese empresario le dan una tasa preferencial. Y, si la garant\u00eda est\u00e1 en el presupuesto, est\u00e1 reservada de manera tal que ning\u00fan banco va a temer que esos pr\u00e9stamos que hacen los dominicanos en el exterior no se vayan a pagar, porque, en caso de atraso, el Estado va a responder\u201d.<\/p>\n<p style=\"text-align: justify;\">\u201cEso nos permite, con los bancos, hacer una especie de negociaci\u00f3n para una tasa preferencial\u201d. Los dominicanos en el exterior tienen el mismo derecho que los que vivimos aqu\u00ed a hacer inversiones, pero necesitan una palanca de apoyo, y en este caso, se la dar\u00e1 el gobierno de la RD\u201d, asever\u00f3 el aspirante presidencial del PLD.<\/p>\n","protected":false},"excerpt":{"rendered":"<p>El aspirante presidencial del Partido de la Liberaci\u00f3n Dominicana (PLD), Francisco Javier Garc\u00eda, prometi\u00f3 de llegar a la presidencia de la Rep\u00fablica \u201ccrear un fondo de garant\u00eda para la inversi\u00f3n que hagan los dominicanos en el exterior\u201d. Dijo que ese fondo se crear\u00eda destinando en el Presupuesto Nacional una primera partida del 3 % de [&hellip;]<\/p>\n","protected":false},"author":18,"featured_media":54277,"comment_status":"open","ping_status":"open","sticky":false,"template":"","format":"standard","meta":{"footnotes":""},"categories":[3883],"tags":[5112,3787],"class_list":{"0":"post-54276","1":"post","2":"type-post","3":"status-publish","4":"format-standard","5":"has-post-thumbnail","7":"category-ultramar","8":"tag-francisco-javier-garcia","9":"tag-partido-de-la-liberacion-dominicana"},"yoast_head":"<!-- This site is optimized with the Yoast SEO plugin v27.1.1 - https:\/\/yoast.com\/product\/yoast-seo-wordpress\/ -->\n<title>Aspirante presidencial por el PLD: No se ha cumplido con la di\u00e1spora - Conexi\u00f3n 23<\/title>\n<meta name=\"robots\" content=\"index, follow, max-snippet:-1, max-image-preview:large, max-video-preview:-1\" \/>\n<link rel=\"canonical\" href=\"https:\/\/conexion23.com\/?p=54276\" \/>\n<meta property=\"og:locale\" content=\"es_ES\" \/>\n<meta property=\"og:type\" content=\"article\" \/>\n<meta property=\"og:title\" content=\"Aspirante presidencial por el PLD: No se ha cumplido con la di\u00e1spora - Conexi\u00f3n 23\" \/>\n<meta property=\"og:description\" content=\"El aspirante presidencial del Partido de la Liberaci\u00f3n Dominicana (PLD), Francisco Javier Garc\u00eda, prometi\u00f3 de llegar a la presidencia de la Rep\u00fablica \u201ccrear un fondo de garant\u00eda para la inversi\u00f3n que hagan los dominicanos en el exterior\u201d. Dijo que ese fondo se crear\u00eda destinando en el Presupuesto Nacional una primera partida del 3 % de [&hellip;]\" \/>\n<meta property=\"og:url\" content=\"https:\/\/conexion23.com\/?p=54276\" \/>\n<meta property=\"og:site_name\" content=\"Conexi\u00f3n 23\" \/>\n<meta property=\"article:publisher\" content=\"https:\/\/www.facebook.com\/conexion23com\" \/>\n<meta property=\"article:published_time\" content=\"2026-03-10T15:00:11+00:00\" \/>\n<meta property=\"og:image\" content=\"https:\/\/conexion23.com\/wp-content\/uploads\/2026\/03\/Javier-Garcia-No-se-ha-cumplido-con-la-diaspora.webp\" \/>\n\t<meta property=\"og:image:width\" content=\"862\" \/>\n\t<meta property=\"og:image:height\" content=\"453\" \/>\n\t<meta property=\"og:image:type\" content=\"image\/webp\" \/>\n<meta name=\"author\" content=\"Redacci\u00f3n\" \/>\n<meta name=\"twitter:card\" content=\"summary_large_image\" \/>\n<meta name=\"twitter:label1\" content=\"Escrito por\" \/>\n\t<meta name=\"twitter:data1\" content=\"Redacci\u00f3n\" \/>\n\t<meta name=\"twitter:label2\" content=\"Tiempo de lectura\" \/>\n\t<meta name=\"twitter:data2\" content=\"3 minutos\" \/>\n<script type=\"application\/ld+json\" class=\"yoast-schema-graph\">{\"@context\":\"https:\/\/schema.org\",\"@graph\":[{\"@type\":\"Article\",\"@id\":\"https:\/\/conexion23.com\/?p=54276#article\",\"isPartOf\":{\"@id\":\"https:\/\/conexion23.com\/?p=54276\"},\"author\":{\"name\":\"Redacci\u00f3n\",\"@id\":\"https:\/\/conexion23.com\/#\/schema\/person\/0a860802b17d01ad2a278f53c507c296\"},\"headline\":\"Aspirante presidencial por el PLD: No se ha cumplido con la di\u00e1spora\",\"datePublished\":\"2026-03-10T15:00:11+00:00\",\"mainEntityOfPage\":{\"@id\":\"https:\/\/conexion23.com\/?p=54276\"},\"wordCount\":608,\"commentCount\":0,\"publisher\":{\"@id\":\"https:\/\/conexion23.com\/#organization\"},\"image\":{\"@id\":\"https:\/\/conexion23.com\/?p=54276#primaryimage\"},\"thumbnailUrl\":\"https:\/\/conexion23.com\/wp-content\/uploads\/2026\/03\/Javier-Garcia-No-se-ha-cumplido-con-la-diaspora.webp\",\"keywords\":[\"Francisco Javier Garc\u00eda\",\"Partido de la Liberaci\u00f3n Dominicana\"],\"articleSection\":[\"Ultramar\"],\"inLanguage\":\"es\",\"potentialAction\":[{\"@type\":\"CommentAction\",\"name\":\"Comment\",\"target\":[\"https:\/\/conexion23.com\/?p=54276#respond\"]}]},{\"@type\":\"WebPage\",\"@id\":\"https:\/\/conexion23.com\/?p=54276\",\"url\":\"https:\/\/conexion23.com\/?p=54276\",\"name\":\"Aspirante presidencial por el PLD: No se ha cumplido con la di\u00e1spora - Conexi\u00f3n 23\",\"isPartOf\":{\"@id\":\"https:\/\/conexion23.com\/#website\"},\"primaryImageOfPage\":{\"@id\":\"https:\/\/conexion23.com\/?p=54276#primaryimage\"},\"image\":{\"@id\":\"https:\/\/conexion23.com\/?p=54276#primaryimage\"},\"thumbnailUrl\":\"https:\/\/conexion23.com\/wp-content\/uploads\/2026\/03\/Javier-Garcia-No-se-ha-cumplido-con-la-diaspora.webp\",\"datePublished\":\"2026-03-10T15:00:11+00:00\",\"breadcrumb\":{\"@id\":\"https:\/\/conexion23.com\/?p=54276#breadcrumb\"},\"inLanguage\":\"es\",\"potentialAction\":[{\"@type\":\"ReadAction\",\"target\":[\"https:\/\/conexion23.com\/?p=54276\"]}]},{\"@type\":\"ImageObject\",\"inLanguage\":\"es\",\"@id\":\"https:\/\/conexion23.com\/?p=54276#primaryimage\",\"url\":\"https:\/\/conexion23.com\/wp-content\/uploads\/2026\/03\/Javier-Garcia-No-se-ha-cumplido-con-la-diaspora.webp\",\"contentUrl\":\"https:\/\/conexion23.com\/wp-content\/uploads\/2026\/03\/Javier-Garcia-No-se-ha-cumplido-con-la-diaspora.webp\",\"width\":862,\"height\":453},{\"@type\":\"BreadcrumbList\",\"@id\":\"https:\/\/conexion23.com\/?p=54276#breadcrumb\",\"itemListElement\":[{\"@type\":\"ListItem\",\"position\":1,\"name\":\"Portada\",\"item\":\"https:\/\/conexion23.com\/\"},{\"@type\":\"ListItem\",\"position\":2,\"name\":\"Aspirante presidencial por el PLD: No se ha cumplido con la di\u00e1spora\"}]},{\"@type\":\"WebSite\",\"@id\":\"https:\/\/conexion23.com\/#website\",\"url\":\"https:\/\/conexion23.com\/\",\"name\":\"Conexi\u00f3n 23\",\"description\":\"Peri\u00f3dico 100% Petromacorisano\",\"publisher\":{\"@id\":\"https:\/\/conexion23.com\/#organization\"},\"potentialAction\":[{\"@type\":\"SearchAction\",\"target\":{\"@type\":\"EntryPoint\",\"urlTemplate\":\"https:\/\/conexion23.com\/?s={search_term_string}\"},\"query-input\":{\"@type\":\"PropertyValueSpecification\",\"valueRequired\":true,\"valueName\":\"search_term_string\"}}],\"inLanguage\":\"es\"},{\"@type\":\"Organization\",\"@id\":\"https:\/\/conexion23.com\/#organization\",\"name\":\"Conexion 23\",\"url\":\"https:\/\/conexion23.com\/\",\"logo\":{\"@type\":\"ImageObject\",\"inLanguage\":\"es\",\"@id\":\"https:\/\/conexion23.com\/#\/schema\/logo\/image\/\",\"url\":\"https:\/\/conexion23.com\/wp-content\/uploads\/2021\/11\/Diseno-sin-titulo-2.png\",\"contentUrl\":\"https:\/\/conexion23.com\/wp-content\/uploads\/2021\/11\/Diseno-sin-titulo-2.png\",\"width\":541,\"height\":90,\"caption\":\"Conexion 23\"},\"image\":{\"@id\":\"https:\/\/conexion23.com\/#\/schema\/logo\/image\/\"},\"sameAs\":[\"https:\/\/www.facebook.com\/conexion23com\",\"https:\/\/www.instagram.com\/conexion23com\/\",\"https:\/\/www.youtube.com\/channel\/UCYc7vxxFZMYLIHNsHHxPZ3Q\"]},{\"@type\":\"Person\",\"@id\":\"https:\/\/conexion23.com\/#\/schema\/person\/0a860802b17d01ad2a278f53c507c296\",\"name\":\"Redacci\u00f3n\",\"image\":{\"@type\":\"ImageObject\",\"inLanguage\":\"es\",\"@id\":\"https:\/\/conexion23.com\/#\/schema\/person\/image\/\",\"url\":\"https:\/\/secure.gravatar.com\/avatar\/ec9d84b79c776aa1994e5893944465db9974b17b884155623da51b7b62c02845?s=96&d=mm&r=g\",\"contentUrl\":\"https:\/\/secure.gravatar.com\/avatar\/ec9d84b79c776aa1994e5893944465db9974b17b884155623da51b7b62c02845?s=96&d=mm&r=g\",\"caption\":\"Redacci\u00f3n\"},\"url\":\"https:\/\/conexion23.com\/?author=18\"}]}<\/script>\n<!-- \/ Yoast SEO plugin. -->","yoast_head_json":{"title":"Aspirante presidencial por el PLD: No se ha cumplido con la di\u00e1spora - Conexi\u00f3n 23","robots":{"index":"index","follow":"follow","max-snippet":"max-snippet:-1","max-image-preview":"max-image-preview:large","max-video-preview":"max-video-preview:-1"},"canonical":"https:\/\/conexion23.com\/?p=54276","og_locale":"es_ES","og_type":"article","og_title":"Aspirante presidencial por el PLD: No se ha cumplido con la di\u00e1spora - Conexi\u00f3n 23","og_description":"El aspirante presidencial del Partido de la Liberaci\u00f3n Dominicana (PLD), Francisco Javier Garc\u00eda, prometi\u00f3 de llegar a la presidencia de la Rep\u00fablica \u201ccrear un fondo de garant\u00eda para la inversi\u00f3n que hagan los dominicanos en el exterior\u201d. Dijo que ese fondo se crear\u00eda destinando en el Presupuesto Nacional una primera partida del 3 % de [&hellip;]","og_url":"https:\/\/conexion23.com\/?p=54276","og_site_name":"Conexi\u00f3n 23","article_publisher":"https:\/\/www.facebook.com\/conexion23com","article_published_time":"2026-03-10T15:00:11+00:00","og_image":[{"width":862,"height":453,"url":"https:\/\/conexion23.com\/wp-content\/uploads\/2026\/03\/Javier-Garcia-No-se-ha-cumplido-con-la-diaspora.webp","type":"image\/webp"}],"author":"Redacci\u00f3n","twitter_card":"summary_large_image","twitter_misc":{"Escrito por":"Redacci\u00f3n","Tiempo de lectura":"3 minutos"},"schema":{"@context":"https:\/\/schema.org","@graph":[{"@type":"Article","@id":"https:\/\/conexion23.com\/?p=54276#article","isPartOf":{"@id":"https:\/\/conexion23.com\/?p=54276"},"author":{"name":"Redacci\u00f3n","@id":"https:\/\/conexion23.com\/#\/schema\/person\/0a860802b17d01ad2a278f53c507c296"},"headline":"Aspirante presidencial por el PLD: No se ha cumplido con la di\u00e1spora","datePublished":"2026-03-10T15:00:11+00:00","mainEntityOfPage":{"@id":"https:\/\/conexion23.com\/?p=54276"},"wordCount":608,"commentCount":0,"publisher":{"@id":"https:\/\/conexion23.com\/#organization"},"image":{"@id":"https:\/\/conexion23.com\/?p=54276#primaryimage"},"thumbnailUrl":"https:\/\/conexion23.com\/wp-content\/uploads\/2026\/03\/Javier-Garcia-No-se-ha-cumplido-con-la-diaspora.webp","keywords":["Francisco Javier Garc\u00eda","Partido de la Liberaci\u00f3n Dominicana"],"articleSection":["Ultramar"],"inLanguage":"es","potentialAction":[{"@type":"CommentAction","name":"Comment","target":["https:\/\/conexion23.com\/?p=54276#respond"]}]},{"@type":"WebPage","@id":"https:\/\/conexion23.com\/?p=54276","url":"https:\/\/conexion23.com\/?p=54276","name":"Aspirante presidencial por el PLD: No se ha cumplido con la di\u00e1spora - Conexi\u00f3n 23","isPartOf":{"@id":"https:\/\/conexion23.com\/#website"},"primaryImageOfPage":{"@id":"https:\/\/conexion23.com\/?p=54276#primaryimage"},"image":{"@id":"https:\/\/conexion23.com\/?p=54276#primaryimage"},"thumbnailUrl":"https:\/\/conexion23.com\/wp-content\/uploads\/2026\/03\/Javier-Garcia-No-se-ha-cumplido-con-la-diaspora.webp","datePublished":"2026-03-10T15:00:11+00:00","breadcrumb":{"@id":"https:\/\/conexion23.com\/?p=54276#breadcrumb"},"inLanguage":"es","potentialAction":[{"@type":"ReadAction","target":["https:\/\/conexion23.com\/?p=54276"]}]},{"@type":"ImageObject","inLanguage":"es","@id":"https:\/\/conexion23.com\/?p=54276#primaryimage","url":"https:\/\/conexion23.com\/wp-content\/uploads\/2026\/03\/Javier-Garcia-No-se-ha-cumplido-con-la-diaspora.webp","contentUrl":"https:\/\/conexion23.com\/wp-content\/uploads\/2026\/03\/Javier-Garcia-No-se-ha-cumplido-con-la-diaspora.webp","width":862,"height":453},{"@type":"BreadcrumbList","@id":"https:\/\/conexion23.com\/?p=54276#breadcrumb","itemListElement":[{"@type":"ListItem","position":1,"name":"Portada","item":"https:\/\/conexion23.com\/"},{"@type":"ListItem","position":2,"name":"Aspirante presidencial por el PLD: No se ha cumplido con la di\u00e1spora"}]},{"@type":"WebSite","@id":"https:\/\/conexion23.com\/#website","url":"https:\/\/conexion23.com\/","name":"Conexi\u00f3n 23","description":"Peri\u00f3dico 100% Petromacorisano","publisher":{"@id":"https:\/\/conexion23.com\/#organization"},"potentialAction":[{"@type":"SearchAction","target":{"@type":"EntryPoint","urlTemplate":"https:\/\/conexion23.com\/?s={search_term_string}"},"query-input":{"@type":"PropertyValueSpecification","valueRequired":true,"valueName":"search_term_string"}}],"inLanguage":"es"},{"@type":"Organization","@id":"https:\/\/conexion23.com\/#organization","name":"Conexion 23","url":"https:\/\/conexion23.com\/","logo":{"@type":"ImageObject","inLanguage":"es","@id":"https:\/\/conexion23.com\/#\/schema\/logo\/image\/","url":"https:\/\/conexion23.com\/wp-content\/uploads\/2021\/11\/Diseno-sin-titulo-2.png","contentUrl":"https:\/\/conexion23.com\/wp-content\/uploads\/2021\/11\/Diseno-sin-titulo-2.png","width":541,"height":90,"caption":"Conexion 23"},"image":{"@id":"https:\/\/conexion23.com\/#\/schema\/logo\/image\/"},"sameAs":["https:\/\/www.facebook.com\/conexion23com","https:\/\/www.instagram.com\/conexion23com\/","https:\/\/www.youtube.com\/channel\/UCYc7vxxFZMYLIHNsHHxPZ3Q"]},{"@type":"Person","@id":"https:\/\/conexion23.com\/#\/schema\/person\/0a860802b17d01ad2a278f53c507c296","name":"Redacci\u00f3n","image":{"@type":"ImageObject","inLanguage":"es","@id":"https:\/\/conexion23.com\/#\/schema\/person\/image\/","url":"https:\/\/secure.gravatar.com\/avatar\/ec9d84b79c776aa1994e5893944465db9974b17b884155623da51b7b62c02845?s=96&d=mm&r=g","contentUrl":"https:\/\/secure.gravatar.com\/avatar\/ec9d84b79c776aa1994e5893944465db9974b17b884155623da51b7b62c02845?s=96&d=mm&r=g","caption":"Redacci\u00f3n"},"url":"https:\/\/conexion23.com\/?author=18"}]}},"_links":{"self":[{"href":"https:\/\/conexion23.com\/index.php?rest_route=\/wp\/v2\/posts\/54276","targetHints":{"allow":["GET"]}}],"collection":[{"href":"https:\/\/conexion23.com\/index.php?rest_route=\/wp\/v2\/posts"}],"about":[{"href":"https:\/\/conexion23.com\/index.php?rest_route=\/wp\/v2\/types\/post"}],"author":[{"embeddable":true,"href":"https:\/\/conexion23.com\/index.php?rest_route=\/wp\/v2\/users\/18"}],"replies":[{"embeddable":true,"href":"https:\/\/conexion23.com\/index.php?rest_route=%2Fwp%2Fv2%2Fcomments&post=54276"}],"version-history":[{"count":1,"href":"https:\/\/conexion23.com\/index.php?rest_route=\/wp\/v2\/posts\/54276\/revisions"}],"predecessor-version":[{"id":54278,"href":"https:\/\/conexion23.com\/index.php?rest_route=\/wp\/v2\/posts\/54276\/revisions\/54278"}],"wp:featuredmedia":[{"embeddable":true,"href":"https:\/\/conexion23.com\/index.php?rest_route=\/wp\/v2\/media\/54277"}],"wp:attachment":[{"href":"https:\/\/conexion23.com\/index.php?rest_route=%2Fwp%2Fv2%2Fmedia&parent=54276"}],"wp:term":[{"taxonomy":"category","embeddable":true,"href":"https:\/\/conexion23.com\/index.php?rest_route=%2Fwp%2Fv2%2Fcategories&post=54276"},{"taxonomy":"post_tag","embeddable":true,"href":"https:\/\/conexion23.com\/index.php?rest_route=%2Fwp%2Fv2%2Ftags&post=54276"}],"curies":[{"name":"wp","href":"https:\/\/api.w.org\/{rel}","templated":true}]}}