{"id":54304,"date":"2026-03-11T07:00:40","date_gmt":"2026-03-11T11:00:40","guid":{"rendered":"https:\/\/conexion23.com\/?p=54304"},"modified":"2026-03-10T18:38:42","modified_gmt":"2026-03-10T22:38:42","slug":"dominicana-es-elegida-vicepresidenta-del-instituto-de-ingenieria-sismica-de-ee-uu","status":"publish","type":"post","link":"https:\/\/conexion23.com\/?p=54304","title":{"rendered":"Dominicana es elegida vicepresidenta del instituto de ingenier\u00eda s\u00edsmica de EE. UU."},"content":{"rendered":"<p style=\"text-align: justify;\">La ingeniera dominicana\u00a0Ashley Morales Cartagena\u00a0fue elegida\u00a0vicepresidenta\u00a0del\u00a0Instituto de Investigaci\u00f3n de Ingenier\u00eda S\u00edsmica\u00a0de los Estados Unidos (EERI, por sus siglas en ingl\u00e9s) para el per\u00edodo 2026, convirti\u00e9ndose en la primera dominicana en ocupar esa posici\u00f3n dentro de la organizaci\u00f3n internacional dedicada a la investigaci\u00f3n y mitigaci\u00f3n del\u00a0riesgo s\u00edsmico.<\/p>\n<p style=\"text-align: justify;\">La selecci\u00f3n fue realizada de manera un\u00e1nime por la\u00a0junta directiva\u00a0del instituto, luego de que Morales Cartagena se desempe\u00f1ara durante tres a\u00f1os como\u00a0miembro del consejo\u00a0del instituto.<\/p>\n<p style=\"text-align: justify;\">Con esta designaci\u00f3n, la ingeniera tendr\u00e1 una\u00a0mayor participaci\u00f3n\u00a0en la\u00a0toma de decisiones\u00a0del organismo, lo que tambi\u00e9n abre la puerta a fortalecer la presencia de Rep\u00fablica Dominicana y de Latinoam\u00e9rica en iniciativas orientadas a la construcci\u00f3n de\u00a0ciudades m\u00e1s seguras\u00a0frente a desastres naturales.<\/p>\n","protected":false},"excerpt":{"rendered":"<p>La ingeniera dominicana\u00a0Ashley Morales Cartagena\u00a0fue elegida\u00a0vicepresidenta\u00a0del\u00a0Instituto de Investigaci\u00f3n de Ingenier\u00eda S\u00edsmica\u00a0de los Estados Unidos (EERI, por sus siglas en ingl\u00e9s) para el per\u00edodo 2026, convirti\u00e9ndose en la primera dominicana en ocupar esa posici\u00f3n dentro de la organizaci\u00f3n internacional dedicada a la investigaci\u00f3n y mitigaci\u00f3n del\u00a0riesgo s\u00edsmico. La selecci\u00f3n fue realizada de manera un\u00e1nime por la\u00a0junta [&hellip;]<\/p>\n","protected":false},"author":15,"featured_media":54305,"comment_status":"open","ping_status":"open","sticky":false,"template":"","format":"standard","meta":{"footnotes":""},"categories":[3883],"tags":[258,283,7297,7298,1517],"class_list":{"0":"post-54304","1":"post","2":"type-post","3":"status-publish","4":"format-standard","5":"has-post-thumbnail","7":"category-ultramar","8":"tag-dominicana","9":"tag-ee-uu","10":"tag-ingenieria-sismica","11":"tag-instituto","12":"tag-vicepresidenta"},"yoast_head":"<!-- This site is optimized with the Yoast SEO plugin v27.1.1 - https:\/\/yoast.com\/product\/yoast-seo-wordpress\/ -->\n<title>Dominicana es elegida vicepresidenta del instituto de ingenier\u00eda s\u00edsmica de EE. UU. - Conexi\u00f3n 23<\/title>\n<meta name=\"robots\" content=\"index, follow, max-snippet:-1, max-image-preview:large, max-video-preview:-1\" \/>\n<link rel=\"canonical\" href=\"https:\/\/conexion23.com\/?p=54304\" \/>\n<meta property=\"og:locale\" content=\"es_ES\" \/>\n<meta property=\"og:type\" content=\"article\" \/>\n<meta property=\"og:title\" content=\"Dominicana es elegida vicepresidenta del instituto de ingenier\u00eda s\u00edsmica de EE. UU. - Conexi\u00f3n 23\" \/>\n<meta property=\"og:description\" content=\"La ingeniera dominicana\u00a0Ashley Morales Cartagena\u00a0fue elegida\u00a0vicepresidenta\u00a0del\u00a0Instituto de Investigaci\u00f3n de Ingenier\u00eda S\u00edsmica\u00a0de los Estados Unidos (EERI, por sus siglas en ingl\u00e9s) para el per\u00edodo 2026, convirti\u00e9ndose en la primera dominicana en ocupar esa posici\u00f3n dentro de la organizaci\u00f3n internacional dedicada a la investigaci\u00f3n y mitigaci\u00f3n del\u00a0riesgo s\u00edsmico. La selecci\u00f3n fue realizada de manera un\u00e1nime por la\u00a0junta [&hellip;]\" \/>\n<meta property=\"og:url\" content=\"https:\/\/conexion23.com\/?p=54304\" \/>\n<meta property=\"og:site_name\" content=\"Conexi\u00f3n 23\" \/>\n<meta property=\"article:publisher\" content=\"https:\/\/www.facebook.com\/conexion23com\" \/>\n<meta property=\"article:published_time\" content=\"2026-03-11T11:00:40+00:00\" \/>\n<meta property=\"og:image\" content=\"https:\/\/conexion23.com\/wp-content\/uploads\/2026\/03\/ashley-morales-cartagena-elegida-vicepresidenta-del-eeri-8db4c772-focus-min0.15-0.55-896-504.jpg\" \/>\n\t<meta property=\"og:image:width\" content=\"896\" \/>\n\t<meta property=\"og:image:height\" content=\"504\" \/>\n\t<meta property=\"og:image:type\" content=\"image\/jpeg\" \/>\n<meta name=\"author\" content=\"Raffy Ben\u00edtez\" \/>\n<meta name=\"twitter:card\" content=\"summary_large_image\" \/>\n<meta name=\"twitter:label1\" content=\"Escrito por\" \/>\n\t<meta name=\"twitter:data1\" content=\"Raffy Ben\u00edtez\" \/>\n\t<meta name=\"twitter:label2\" content=\"Tiempo de lectura\" \/>\n\t<meta name=\"twitter:data2\" content=\"1 minuto\" \/>\n<script type=\"application\/ld+json\" class=\"yoast-schema-graph\">{\"@context\":\"https:\/\/schema.org\",\"@graph\":[{\"@type\":\"Article\",\"@id\":\"https:\/\/conexion23.com\/?p=54304#article\",\"isPartOf\":{\"@id\":\"https:\/\/conexion23.com\/?p=54304\"},\"author\":{\"name\":\"Raffy Ben\u00edtez\",\"@id\":\"https:\/\/conexion23.com\/#\/schema\/person\/03e36043331117e97a373299bbcd30a6\"},\"headline\":\"Dominicana es elegida vicepresidenta del instituto de ingenier\u00eda s\u00edsmica de EE. UU.\",\"datePublished\":\"2026-03-11T11:00:40+00:00\",\"mainEntityOfPage\":{\"@id\":\"https:\/\/conexion23.com\/?p=54304\"},\"wordCount\":163,\"commentCount\":0,\"publisher\":{\"@id\":\"https:\/\/conexion23.com\/#organization\"},\"image\":{\"@id\":\"https:\/\/conexion23.com\/?p=54304#primaryimage\"},\"thumbnailUrl\":\"https:\/\/conexion23.com\/wp-content\/uploads\/2026\/03\/ashley-morales-cartagena-elegida-vicepresidenta-del-eeri-8db4c772-focus-min0.15-0.55-896-504.jpg\",\"keywords\":[\"dominicana\",\"EE.UU.\",\"ingenier\u00eda s\u00edsmica\",\"instituto\",\"vicepresidenta\"],\"articleSection\":[\"Ultramar\"],\"inLanguage\":\"es\",\"potentialAction\":[{\"@type\":\"CommentAction\",\"name\":\"Comment\",\"target\":[\"https:\/\/conexion23.com\/?p=54304#respond\"]}]},{\"@type\":\"WebPage\",\"@id\":\"https:\/\/conexion23.com\/?p=54304\",\"url\":\"https:\/\/conexion23.com\/?p=54304\",\"name\":\"Dominicana es elegida vicepresidenta del instituto de ingenier\u00eda s\u00edsmica de EE. UU. - Conexi\u00f3n 23\",\"isPartOf\":{\"@id\":\"https:\/\/conexion23.com\/#website\"},\"primaryImageOfPage\":{\"@id\":\"https:\/\/conexion23.com\/?p=54304#primaryimage\"},\"image\":{\"@id\":\"https:\/\/conexion23.com\/?p=54304#primaryimage\"},\"thumbnailUrl\":\"https:\/\/conexion23.com\/wp-content\/uploads\/2026\/03\/ashley-morales-cartagena-elegida-vicepresidenta-del-eeri-8db4c772-focus-min0.15-0.55-896-504.jpg\",\"datePublished\":\"2026-03-11T11:00:40+00:00\",\"breadcrumb\":{\"@id\":\"https:\/\/conexion23.com\/?p=54304#breadcrumb\"},\"inLanguage\":\"es\",\"potentialAction\":[{\"@type\":\"ReadAction\",\"target\":[\"https:\/\/conexion23.com\/?p=54304\"]}]},{\"@type\":\"ImageObject\",\"inLanguage\":\"es\",\"@id\":\"https:\/\/conexion23.com\/?p=54304#primaryimage\",\"url\":\"https:\/\/conexion23.com\/wp-content\/uploads\/2026\/03\/ashley-morales-cartagena-elegida-vicepresidenta-del-eeri-8db4c772-focus-min0.15-0.55-896-504.jpg\",\"contentUrl\":\"https:\/\/conexion23.com\/wp-content\/uploads\/2026\/03\/ashley-morales-cartagena-elegida-vicepresidenta-del-eeri-8db4c772-focus-min0.15-0.55-896-504.jpg\",\"width\":896,\"height\":504},{\"@type\":\"BreadcrumbList\",\"@id\":\"https:\/\/conexion23.com\/?p=54304#breadcrumb\",\"itemListElement\":[{\"@type\":\"ListItem\",\"position\":1,\"name\":\"Portada\",\"item\":\"https:\/\/conexion23.com\/\"},{\"@type\":\"ListItem\",\"position\":2,\"name\":\"Dominicana es elegida vicepresidenta del instituto de ingenier\u00eda s\u00edsmica de EE. UU.\"}]},{\"@type\":\"WebSite\",\"@id\":\"https:\/\/conexion23.com\/#website\",\"url\":\"https:\/\/conexion23.com\/\",\"name\":\"Conexi\u00f3n 23\",\"description\":\"Peri\u00f3dico 100% Petromacorisano\",\"publisher\":{\"@id\":\"https:\/\/conexion23.com\/#organization\"},\"potentialAction\":[{\"@type\":\"SearchAction\",\"target\":{\"@type\":\"EntryPoint\",\"urlTemplate\":\"https:\/\/conexion23.com\/?s={search_term_string}\"},\"query-input\":{\"@type\":\"PropertyValueSpecification\",\"valueRequired\":true,\"valueName\":\"search_term_string\"}}],\"inLanguage\":\"es\"},{\"@type\":\"Organization\",\"@id\":\"https:\/\/conexion23.com\/#organization\",\"name\":\"Conexion 23\",\"url\":\"https:\/\/conexion23.com\/\",\"logo\":{\"@type\":\"ImageObject\",\"inLanguage\":\"es\",\"@id\":\"https:\/\/conexion23.com\/#\/schema\/logo\/image\/\",\"url\":\"https:\/\/conexion23.com\/wp-content\/uploads\/2021\/11\/Diseno-sin-titulo-2.png\",\"contentUrl\":\"https:\/\/conexion23.com\/wp-content\/uploads\/2021\/11\/Diseno-sin-titulo-2.png\",\"width\":541,\"height\":90,\"caption\":\"Conexion 23\"},\"image\":{\"@id\":\"https:\/\/conexion23.com\/#\/schema\/logo\/image\/\"},\"sameAs\":[\"https:\/\/www.facebook.com\/conexion23com\",\"https:\/\/www.instagram.com\/conexion23com\/\",\"https:\/\/www.youtube.com\/channel\/UCYc7vxxFZMYLIHNsHHxPZ3Q\"]},{\"@type\":\"Person\",\"@id\":\"https:\/\/conexion23.com\/#\/schema\/person\/03e36043331117e97a373299bbcd30a6\",\"name\":\"Raffy Ben\u00edtez\",\"image\":{\"@type\":\"ImageObject\",\"inLanguage\":\"es\",\"@id\":\"https:\/\/conexion23.com\/#\/schema\/person\/image\/\",\"url\":\"https:\/\/secure.gravatar.com\/avatar\/3190a6a6c5e1b0327500f7d6c56b6242472ee6cb974cf09b401ee6b3b0798f23?s=96&d=mm&r=g\",\"contentUrl\":\"https:\/\/secure.gravatar.com\/avatar\/3190a6a6c5e1b0327500f7d6c56b6242472ee6cb974cf09b401ee6b3b0798f23?s=96&d=mm&r=g\",\"caption\":\"Raffy Ben\u00edtez\"},\"url\":\"https:\/\/conexion23.com\/?author=15\"}]}<\/script>\n<!-- \/ Yoast SEO plugin. -->","yoast_head_json":{"title":"Dominicana es elegida vicepresidenta del instituto de ingenier\u00eda s\u00edsmica de EE. UU. - Conexi\u00f3n 23","robots":{"index":"index","follow":"follow","max-snippet":"max-snippet:-1","max-image-preview":"max-image-preview:large","max-video-preview":"max-video-preview:-1"},"canonical":"https:\/\/conexion23.com\/?p=54304","og_locale":"es_ES","og_type":"article","og_title":"Dominicana es elegida vicepresidenta del instituto de ingenier\u00eda s\u00edsmica de EE. UU. - Conexi\u00f3n 23","og_description":"La ingeniera dominicana\u00a0Ashley Morales Cartagena\u00a0fue elegida\u00a0vicepresidenta\u00a0del\u00a0Instituto de Investigaci\u00f3n de Ingenier\u00eda S\u00edsmica\u00a0de los Estados Unidos (EERI, por sus siglas en ingl\u00e9s) para el per\u00edodo 2026, convirti\u00e9ndose en la primera dominicana en ocupar esa posici\u00f3n dentro de la organizaci\u00f3n internacional dedicada a la investigaci\u00f3n y mitigaci\u00f3n del\u00a0riesgo s\u00edsmico. La selecci\u00f3n fue realizada de manera un\u00e1nime por la\u00a0junta [&hellip;]","og_url":"https:\/\/conexion23.com\/?p=54304","og_site_name":"Conexi\u00f3n 23","article_publisher":"https:\/\/www.facebook.com\/conexion23com","article_published_time":"2026-03-11T11:00:40+00:00","og_image":[{"width":896,"height":504,"url":"https:\/\/conexion23.com\/wp-content\/uploads\/2026\/03\/ashley-morales-cartagena-elegida-vicepresidenta-del-eeri-8db4c772-focus-min0.15-0.55-896-504.jpg","type":"image\/jpeg"}],"author":"Raffy Ben\u00edtez","twitter_card":"summary_large_image","twitter_misc":{"Escrito por":"Raffy Ben\u00edtez","Tiempo de lectura":"1 minuto"},"schema":{"@context":"https:\/\/schema.org","@graph":[{"@type":"Article","@id":"https:\/\/conexion23.com\/?p=54304#article","isPartOf":{"@id":"https:\/\/conexion23.com\/?p=54304"},"author":{"name":"Raffy Ben\u00edtez","@id":"https:\/\/conexion23.com\/#\/schema\/person\/03e36043331117e97a373299bbcd30a6"},"headline":"Dominicana es elegida vicepresidenta del instituto de ingenier\u00eda s\u00edsmica de EE. UU.","datePublished":"2026-03-11T11:00:40+00:00","mainEntityOfPage":{"@id":"https:\/\/conexion23.com\/?p=54304"},"wordCount":163,"commentCount":0,"publisher":{"@id":"https:\/\/conexion23.com\/#organization"},"image":{"@id":"https:\/\/conexion23.com\/?p=54304#primaryimage"},"thumbnailUrl":"https:\/\/conexion23.com\/wp-content\/uploads\/2026\/03\/ashley-morales-cartagena-elegida-vicepresidenta-del-eeri-8db4c772-focus-min0.15-0.55-896-504.jpg","keywords":["dominicana","EE.UU.","ingenier\u00eda s\u00edsmica","instituto","vicepresidenta"],"articleSection":["Ultramar"],"inLanguage":"es","potentialAction":[{"@type":"CommentAction","name":"Comment","target":["https:\/\/conexion23.com\/?p=54304#respond"]}]},{"@type":"WebPage","@id":"https:\/\/conexion23.com\/?p=54304","url":"https:\/\/conexion23.com\/?p=54304","name":"Dominicana es elegida vicepresidenta del instituto de ingenier\u00eda s\u00edsmica de EE. UU. - Conexi\u00f3n 23","isPartOf":{"@id":"https:\/\/conexion23.com\/#website"},"primaryImageOfPage":{"@id":"https:\/\/conexion23.com\/?p=54304#primaryimage"},"image":{"@id":"https:\/\/conexion23.com\/?p=54304#primaryimage"},"thumbnailUrl":"https:\/\/conexion23.com\/wp-content\/uploads\/2026\/03\/ashley-morales-cartagena-elegida-vicepresidenta-del-eeri-8db4c772-focus-min0.15-0.55-896-504.jpg","datePublished":"2026-03-11T11:00:40+00:00","breadcrumb":{"@id":"https:\/\/conexion23.com\/?p=54304#breadcrumb"},"inLanguage":"es","potentialAction":[{"@type":"ReadAction","target":["https:\/\/conexion23.com\/?p=54304"]}]},{"@type":"ImageObject","inLanguage":"es","@id":"https:\/\/conexion23.com\/?p=54304#primaryimage","url":"https:\/\/conexion23.com\/wp-content\/uploads\/2026\/03\/ashley-morales-cartagena-elegida-vicepresidenta-del-eeri-8db4c772-focus-min0.15-0.55-896-504.jpg","contentUrl":"https:\/\/conexion23.com\/wp-content\/uploads\/2026\/03\/ashley-morales-cartagena-elegida-vicepresidenta-del-eeri-8db4c772-focus-min0.15-0.55-896-504.jpg","width":896,"height":504},{"@type":"BreadcrumbList","@id":"https:\/\/conexion23.com\/?p=54304#breadcrumb","itemListElement":[{"@type":"ListItem","position":1,"name":"Portada","item":"https:\/\/conexion23.com\/"},{"@type":"ListItem","position":2,"name":"Dominicana es elegida vicepresidenta del instituto de ingenier\u00eda s\u00edsmica de EE. UU."}]},{"@type":"WebSite","@id":"https:\/\/conexion23.com\/#website","url":"https:\/\/conexion23.com\/","name":"Conexi\u00f3n 23","description":"Peri\u00f3dico 100% Petromacorisano","publisher":{"@id":"https:\/\/conexion23.com\/#organization"},"potentialAction":[{"@type":"SearchAction","target":{"@type":"EntryPoint","urlTemplate":"https:\/\/conexion23.com\/?s={search_term_string}"},"query-input":{"@type":"PropertyValueSpecification","valueRequired":true,"valueName":"search_term_string"}}],"inLanguage":"es"},{"@type":"Organization","@id":"https:\/\/conexion23.com\/#organization","name":"Conexion 23","url":"https:\/\/conexion23.com\/","logo":{"@type":"ImageObject","inLanguage":"es","@id":"https:\/\/conexion23.com\/#\/schema\/logo\/image\/","url":"https:\/\/conexion23.com\/wp-content\/uploads\/2021\/11\/Diseno-sin-titulo-2.png","contentUrl":"https:\/\/conexion23.com\/wp-content\/uploads\/2021\/11\/Diseno-sin-titulo-2.png","width":541,"height":90,"caption":"Conexion 23"},"image":{"@id":"https:\/\/conexion23.com\/#\/schema\/logo\/image\/"},"sameAs":["https:\/\/www.facebook.com\/conexion23com","https:\/\/www.instagram.com\/conexion23com\/","https:\/\/www.youtube.com\/channel\/UCYc7vxxFZMYLIHNsHHxPZ3Q"]},{"@type":"Person","@id":"https:\/\/conexion23.com\/#\/schema\/person\/03e36043331117e97a373299bbcd30a6","name":"Raffy Ben\u00edtez","image":{"@type":"ImageObject","inLanguage":"es","@id":"https:\/\/conexion23.com\/#\/schema\/person\/image\/","url":"https:\/\/secure.gravatar.com\/avatar\/3190a6a6c5e1b0327500f7d6c56b6242472ee6cb974cf09b401ee6b3b0798f23?s=96&d=mm&r=g","contentUrl":"https:\/\/secure.gravatar.com\/avatar\/3190a6a6c5e1b0327500f7d6c56b6242472ee6cb974cf09b401ee6b3b0798f23?s=96&d=mm&r=g","caption":"Raffy Ben\u00edtez"},"url":"https:\/\/conexion23.com\/?author=15"}]}},"_links":{"self":[{"href":"https:\/\/conexion23.com\/index.php?rest_route=\/wp\/v2\/posts\/54304","targetHints":{"allow":["GET"]}}],"collection":[{"href":"https:\/\/conexion23.com\/index.php?rest_route=\/wp\/v2\/posts"}],"about":[{"href":"https:\/\/conexion23.com\/index.php?rest_route=\/wp\/v2\/types\/post"}],"author":[{"embeddable":true,"href":"https:\/\/conexion23.com\/index.php?rest_route=\/wp\/v2\/users\/15"}],"replies":[{"embeddable":true,"href":"https:\/\/conexion23.com\/index.php?rest_route=%2Fwp%2Fv2%2Fcomments&post=54304"}],"version-history":[{"count":1,"href":"https:\/\/conexion23.com\/index.php?rest_route=\/wp\/v2\/posts\/54304\/revisions"}],"predecessor-version":[{"id":54306,"href":"https:\/\/conexion23.com\/index.php?rest_route=\/wp\/v2\/posts\/54304\/revisions\/54306"}],"wp:featuredmedia":[{"embeddable":true,"href":"https:\/\/conexion23.com\/index.php?rest_route=\/wp\/v2\/media\/54305"}],"wp:attachment":[{"href":"https:\/\/conexion23.com\/index.php?rest_route=%2Fwp%2Fv2%2Fmedia&parent=54304"}],"wp:term":[{"taxonomy":"category","embeddable":true,"href":"https:\/\/conexion23.com\/index.php?rest_route=%2Fwp%2Fv2%2Fcategories&post=54304"},{"taxonomy":"post_tag","embeddable":true,"href":"https:\/\/conexion23.com\/index.php?rest_route=%2Fwp%2Fv2%2Ftags&post=54304"}],"curies":[{"name":"wp","href":"https:\/\/api.w.org\/{rel}","templated":true}]}}