{"id":54327,"date":"2026-03-11T09:19:24","date_gmt":"2026-03-11T13:19:24","guid":{"rendered":"https:\/\/conexion23.com\/?p=54327"},"modified":"2026-03-11T09:19:24","modified_gmt":"2026-03-11T13:19:24","slug":"diputado-alcibiades-tavarez-reclama-agua-para-san-pedro-y-fustiga-endeudamiento","status":"publish","type":"post","link":"https:\/\/conexion23.com\/?p=54327","title":{"rendered":"Diputado Alcib\u00edades Tav\u00e1rez reclama agua para San Pedro y fustiga endeudamiento"},"content":{"rendered":"<p style=\"text-align: justify;\"><strong>El diputado por esta provincia, Alcib\u00edades Tav\u00e1rez, cuestion\u00f3 las declaraciones del presidente Luis Abinader sobre la situaci\u00f3n del pa\u00eds y el manejo de la deuda externa, la realidad que viven muchas comunidades es distinta, especialmente por la falta de servicios b\u00e1sicos como el agua potable.<\/strong><\/p>\n<p style=\"text-align: justify;\">Al referirse a su provincia, Tav\u00e1rez expres\u00f3: \u201cEste pa\u00eds lo pintan como si estuviera en el para\u00edso, pero en la realidad est\u00e1 en el infierno\u201d. Sostuvo adem\u00e1s que en San Pedro de Macor\u00eds las obras ejecutadas por el actual gobierno han sido limitadas, se\u00f1alando que entre las pocas intervenciones realizadas se encuentra el arreglo de la calle Salvador Reyes, antigua calle 20.<\/p>\n<div style=\"width: 696px;\" class=\"wp-video\"><video class=\"wp-video-shortcode\" id=\"video-54327-1\" width=\"696\" height=\"392\" preload=\"metadata\" controls=\"controls\"><source type=\"video\/mp4\" src=\"http:\/\/conexion23.com\/wp-content\/uploads\/2026\/03\/diputado-alcibiades.mp4?_=1\" \/><a href=\"http:\/\/conexion23.com\/wp-content\/uploads\/2026\/03\/diputado-alcibiades.mp4\">http:\/\/conexion23.com\/wp-content\/uploads\/2026\/03\/diputado-alcibiades.mp4<\/a><\/video><\/div>\n<p style=\"text-align: justify;\">Durante su intervenci\u00f3n en el Congreso Nacional, el legislador manifest\u00f3: \u201cEscuch\u00e1bamos a un colega decir que el Instituto Nacional de Aguas Potables y Alcantarillados (INAPA) ha invertido m\u00e1s de cuatro mil millones de pesos en agua potable, pero parece que de San Pedro de Macor\u00eds se olvidaron. En la zona sur, donde viven m\u00e1s de 60 mil habitantes, la gente no tiene agua\u201d.<\/p>\n<p style=\"text-align: justify;\">Asimismo, denunci\u00f3 la situaci\u00f3n del municipio de Consuelo, indicando que la crisis del agua se ha agravado por fallas en la infraestructura. \u201cEl municipio de Consuelo no tiene agua. Hace m\u00e1s de cuatro meses explot\u00f3 un tanque y todav\u00eda est\u00e1 en el suelo, mientras que el otro est\u00e1 inservible. As\u00ed no puede vivir la poblaci\u00f3n\u201d, manifest\u00f3 el legislador.<\/p>\n","protected":false},"excerpt":{"rendered":"<p>El diputado por esta provincia, Alcib\u00edades Tav\u00e1rez, cuestion\u00f3 las declaraciones del presidente Luis Abinader sobre la situaci\u00f3n del pa\u00eds y el manejo de la deuda externa, la realidad que viven muchas comunidades es distinta, especialmente por la falta de servicios b\u00e1sicos como el agua potable. Al referirse a su provincia, Tav\u00e1rez expres\u00f3: \u201cEste pa\u00eds lo [&hellip;]<\/p>\n","protected":false},"author":18,"featured_media":41744,"comment_status":"open","ping_status":"open","sticky":false,"template":"","format":"standard","meta":{"footnotes":""},"categories":[12,35],"tags":[4093,1011,691],"class_list":{"0":"post-54327","1":"post","2":"type-post","3":"status-publish","4":"format-standard","5":"has-post-thumbnail","7":"category-municipales","8":"category-spm","9":"tag-alcibiades-tavarez","10":"tag-diputado","11":"tag-san-pedro"},"yoast_head":"<!-- This site is optimized with the Yoast SEO plugin v27.1.1 - https:\/\/yoast.com\/product\/yoast-seo-wordpress\/ -->\n<title>Diputado Alcib\u00edades Tav\u00e1rez reclama agua para San Pedro y fustiga endeudamiento - Conexi\u00f3n 23<\/title>\n<meta name=\"robots\" content=\"index, follow, max-snippet:-1, max-image-preview:large, max-video-preview:-1\" \/>\n<link rel=\"canonical\" href=\"https:\/\/conexion23.com\/?p=54327\" \/>\n<meta property=\"og:locale\" content=\"es_ES\" \/>\n<meta property=\"og:type\" content=\"article\" \/>\n<meta property=\"og:title\" content=\"Diputado Alcib\u00edades Tav\u00e1rez reclama agua para San Pedro y fustiga endeudamiento - Conexi\u00f3n 23\" \/>\n<meta property=\"og:description\" content=\"El diputado por esta provincia, Alcib\u00edades Tav\u00e1rez, cuestion\u00f3 las declaraciones del presidente Luis Abinader sobre la situaci\u00f3n del pa\u00eds y el manejo de la deuda externa, la realidad que viven muchas comunidades es distinta, especialmente por la falta de servicios b\u00e1sicos como el agua potable. Al referirse a su provincia, Tav\u00e1rez expres\u00f3: \u201cEste pa\u00eds lo [&hellip;]\" \/>\n<meta property=\"og:url\" content=\"https:\/\/conexion23.com\/?p=54327\" \/>\n<meta property=\"og:site_name\" content=\"Conexi\u00f3n 23\" \/>\n<meta property=\"article:publisher\" content=\"https:\/\/www.facebook.com\/conexion23com\" \/>\n<meta property=\"article:published_time\" content=\"2026-03-11T13:19:24+00:00\" \/>\n<meta property=\"og:image\" content=\"https:\/\/conexion23.com\/wp-content\/uploads\/2025\/07\/Alcibiades_en_camara.jpg\" \/>\n\t<meta property=\"og:image:width\" content=\"583\" \/>\n\t<meta property=\"og:image:height\" content=\"361\" \/>\n\t<meta property=\"og:image:type\" content=\"image\/jpeg\" \/>\n<meta name=\"author\" content=\"Redacci\u00f3n\" \/>\n<meta name=\"twitter:card\" content=\"summary_large_image\" \/>\n<meta name=\"twitter:label1\" content=\"Escrito por\" \/>\n\t<meta name=\"twitter:data1\" content=\"Redacci\u00f3n\" \/>\n\t<meta name=\"twitter:label2\" content=\"Tiempo de lectura\" \/>\n\t<meta name=\"twitter:data2\" content=\"2 minutos\" \/>\n<script type=\"application\/ld+json\" class=\"yoast-schema-graph\">{\"@context\":\"https:\/\/schema.org\",\"@graph\":[{\"@type\":\"Article\",\"@id\":\"https:\/\/conexion23.com\/?p=54327#article\",\"isPartOf\":{\"@id\":\"https:\/\/conexion23.com\/?p=54327\"},\"author\":{\"name\":\"Redacci\u00f3n\",\"@id\":\"https:\/\/conexion23.com\/#\/schema\/person\/0a860802b17d01ad2a278f53c507c296\"},\"headline\":\"Diputado Alcib\u00edades Tav\u00e1rez reclama agua para San Pedro y fustiga endeudamiento\",\"datePublished\":\"2026-03-11T13:19:24+00:00\",\"mainEntityOfPage\":{\"@id\":\"https:\/\/conexion23.com\/?p=54327\"},\"wordCount\":271,\"commentCount\":0,\"publisher\":{\"@id\":\"https:\/\/conexion23.com\/#organization\"},\"image\":{\"@id\":\"https:\/\/conexion23.com\/?p=54327#primaryimage\"},\"thumbnailUrl\":\"https:\/\/conexion23.com\/wp-content\/uploads\/2025\/07\/Alcibiades_en_camara.jpg\",\"keywords\":[\"Alcib\u00edades Tav\u00e1rez\",\"diputado\",\"San pedro\"],\"articleSection\":[\"Municipales\",\"SPM\"],\"inLanguage\":\"es\",\"potentialAction\":[{\"@type\":\"CommentAction\",\"name\":\"Comment\",\"target\":[\"https:\/\/conexion23.com\/?p=54327#respond\"]}]},{\"@type\":\"WebPage\",\"@id\":\"https:\/\/conexion23.com\/?p=54327\",\"url\":\"https:\/\/conexion23.com\/?p=54327\",\"name\":\"Diputado Alcib\u00edades Tav\u00e1rez reclama agua para San Pedro y fustiga endeudamiento - Conexi\u00f3n 23\",\"isPartOf\":{\"@id\":\"https:\/\/conexion23.com\/#website\"},\"primaryImageOfPage\":{\"@id\":\"https:\/\/conexion23.com\/?p=54327#primaryimage\"},\"image\":{\"@id\":\"https:\/\/conexion23.com\/?p=54327#primaryimage\"},\"thumbnailUrl\":\"https:\/\/conexion23.com\/wp-content\/uploads\/2025\/07\/Alcibiades_en_camara.jpg\",\"datePublished\":\"2026-03-11T13:19:24+00:00\",\"breadcrumb\":{\"@id\":\"https:\/\/conexion23.com\/?p=54327#breadcrumb\"},\"inLanguage\":\"es\",\"potentialAction\":[{\"@type\":\"ReadAction\",\"target\":[\"https:\/\/conexion23.com\/?p=54327\"]}]},{\"@type\":\"ImageObject\",\"inLanguage\":\"es\",\"@id\":\"https:\/\/conexion23.com\/?p=54327#primaryimage\",\"url\":\"https:\/\/conexion23.com\/wp-content\/uploads\/2025\/07\/Alcibiades_en_camara.jpg\",\"contentUrl\":\"https:\/\/conexion23.com\/wp-content\/uploads\/2025\/07\/Alcibiades_en_camara.jpg\",\"width\":583,\"height\":361},{\"@type\":\"BreadcrumbList\",\"@id\":\"https:\/\/conexion23.com\/?p=54327#breadcrumb\",\"itemListElement\":[{\"@type\":\"ListItem\",\"position\":1,\"name\":\"Portada\",\"item\":\"https:\/\/conexion23.com\/\"},{\"@type\":\"ListItem\",\"position\":2,\"name\":\"Diputado Alcib\u00edades Tav\u00e1rez reclama agua para San Pedro y fustiga endeudamiento\"}]},{\"@type\":\"WebSite\",\"@id\":\"https:\/\/conexion23.com\/#website\",\"url\":\"https:\/\/conexion23.com\/\",\"name\":\"Conexi\u00f3n 23\",\"description\":\"Peri\u00f3dico 100% Petromacorisano\",\"publisher\":{\"@id\":\"https:\/\/conexion23.com\/#organization\"},\"potentialAction\":[{\"@type\":\"SearchAction\",\"target\":{\"@type\":\"EntryPoint\",\"urlTemplate\":\"https:\/\/conexion23.com\/?s={search_term_string}\"},\"query-input\":{\"@type\":\"PropertyValueSpecification\",\"valueRequired\":true,\"valueName\":\"search_term_string\"}}],\"inLanguage\":\"es\"},{\"@type\":\"Organization\",\"@id\":\"https:\/\/conexion23.com\/#organization\",\"name\":\"Conexion 23\",\"url\":\"https:\/\/conexion23.com\/\",\"logo\":{\"@type\":\"ImageObject\",\"inLanguage\":\"es\",\"@id\":\"https:\/\/conexion23.com\/#\/schema\/logo\/image\/\",\"url\":\"https:\/\/conexion23.com\/wp-content\/uploads\/2021\/11\/Diseno-sin-titulo-2.png\",\"contentUrl\":\"https:\/\/conexion23.com\/wp-content\/uploads\/2021\/11\/Diseno-sin-titulo-2.png\",\"width\":541,\"height\":90,\"caption\":\"Conexion 23\"},\"image\":{\"@id\":\"https:\/\/conexion23.com\/#\/schema\/logo\/image\/\"},\"sameAs\":[\"https:\/\/www.facebook.com\/conexion23com\",\"https:\/\/www.instagram.com\/conexion23com\/\",\"https:\/\/www.youtube.com\/channel\/UCYc7vxxFZMYLIHNsHHxPZ3Q\"]},{\"@type\":\"Person\",\"@id\":\"https:\/\/conexion23.com\/#\/schema\/person\/0a860802b17d01ad2a278f53c507c296\",\"name\":\"Redacci\u00f3n\",\"image\":{\"@type\":\"ImageObject\",\"inLanguage\":\"es\",\"@id\":\"https:\/\/conexion23.com\/#\/schema\/person\/image\/\",\"url\":\"https:\/\/secure.gravatar.com\/avatar\/ec9d84b79c776aa1994e5893944465db9974b17b884155623da51b7b62c02845?s=96&d=mm&r=g\",\"contentUrl\":\"https:\/\/secure.gravatar.com\/avatar\/ec9d84b79c776aa1994e5893944465db9974b17b884155623da51b7b62c02845?s=96&d=mm&r=g\",\"caption\":\"Redacci\u00f3n\"},\"url\":\"https:\/\/conexion23.com\/?author=18\"}]}<\/script>\n<!-- \/ Yoast SEO plugin. -->","yoast_head_json":{"title":"Diputado Alcib\u00edades Tav\u00e1rez reclama agua para San Pedro y fustiga endeudamiento - Conexi\u00f3n 23","robots":{"index":"index","follow":"follow","max-snippet":"max-snippet:-1","max-image-preview":"max-image-preview:large","max-video-preview":"max-video-preview:-1"},"canonical":"https:\/\/conexion23.com\/?p=54327","og_locale":"es_ES","og_type":"article","og_title":"Diputado Alcib\u00edades Tav\u00e1rez reclama agua para San Pedro y fustiga endeudamiento - Conexi\u00f3n 23","og_description":"El diputado por esta provincia, Alcib\u00edades Tav\u00e1rez, cuestion\u00f3 las declaraciones del presidente Luis Abinader sobre la situaci\u00f3n del pa\u00eds y el manejo de la deuda externa, la realidad que viven muchas comunidades es distinta, especialmente por la falta de servicios b\u00e1sicos como el agua potable. Al referirse a su provincia, Tav\u00e1rez expres\u00f3: \u201cEste pa\u00eds lo [&hellip;]","og_url":"https:\/\/conexion23.com\/?p=54327","og_site_name":"Conexi\u00f3n 23","article_publisher":"https:\/\/www.facebook.com\/conexion23com","article_published_time":"2026-03-11T13:19:24+00:00","og_image":[{"width":583,"height":361,"url":"https:\/\/conexion23.com\/wp-content\/uploads\/2025\/07\/Alcibiades_en_camara.jpg","type":"image\/jpeg"}],"author":"Redacci\u00f3n","twitter_card":"summary_large_image","twitter_misc":{"Escrito por":"Redacci\u00f3n","Tiempo de lectura":"2 minutos"},"schema":{"@context":"https:\/\/schema.org","@graph":[{"@type":"Article","@id":"https:\/\/conexion23.com\/?p=54327#article","isPartOf":{"@id":"https:\/\/conexion23.com\/?p=54327"},"author":{"name":"Redacci\u00f3n","@id":"https:\/\/conexion23.com\/#\/schema\/person\/0a860802b17d01ad2a278f53c507c296"},"headline":"Diputado Alcib\u00edades Tav\u00e1rez reclama agua para San Pedro y fustiga endeudamiento","datePublished":"2026-03-11T13:19:24+00:00","mainEntityOfPage":{"@id":"https:\/\/conexion23.com\/?p=54327"},"wordCount":271,"commentCount":0,"publisher":{"@id":"https:\/\/conexion23.com\/#organization"},"image":{"@id":"https:\/\/conexion23.com\/?p=54327#primaryimage"},"thumbnailUrl":"https:\/\/conexion23.com\/wp-content\/uploads\/2025\/07\/Alcibiades_en_camara.jpg","keywords":["Alcib\u00edades Tav\u00e1rez","diputado","San pedro"],"articleSection":["Municipales","SPM"],"inLanguage":"es","potentialAction":[{"@type":"CommentAction","name":"Comment","target":["https:\/\/conexion23.com\/?p=54327#respond"]}]},{"@type":"WebPage","@id":"https:\/\/conexion23.com\/?p=54327","url":"https:\/\/conexion23.com\/?p=54327","name":"Diputado Alcib\u00edades Tav\u00e1rez reclama agua para San Pedro y fustiga endeudamiento - Conexi\u00f3n 23","isPartOf":{"@id":"https:\/\/conexion23.com\/#website"},"primaryImageOfPage":{"@id":"https:\/\/conexion23.com\/?p=54327#primaryimage"},"image":{"@id":"https:\/\/conexion23.com\/?p=54327#primaryimage"},"thumbnailUrl":"https:\/\/conexion23.com\/wp-content\/uploads\/2025\/07\/Alcibiades_en_camara.jpg","datePublished":"2026-03-11T13:19:24+00:00","breadcrumb":{"@id":"https:\/\/conexion23.com\/?p=54327#breadcrumb"},"inLanguage":"es","potentialAction":[{"@type":"ReadAction","target":["https:\/\/conexion23.com\/?p=54327"]}]},{"@type":"ImageObject","inLanguage":"es","@id":"https:\/\/conexion23.com\/?p=54327#primaryimage","url":"https:\/\/conexion23.com\/wp-content\/uploads\/2025\/07\/Alcibiades_en_camara.jpg","contentUrl":"https:\/\/conexion23.com\/wp-content\/uploads\/2025\/07\/Alcibiades_en_camara.jpg","width":583,"height":361},{"@type":"BreadcrumbList","@id":"https:\/\/conexion23.com\/?p=54327#breadcrumb","itemListElement":[{"@type":"ListItem","position":1,"name":"Portada","item":"https:\/\/conexion23.com\/"},{"@type":"ListItem","position":2,"name":"Diputado Alcib\u00edades Tav\u00e1rez reclama agua para San Pedro y fustiga endeudamiento"}]},{"@type":"WebSite","@id":"https:\/\/conexion23.com\/#website","url":"https:\/\/conexion23.com\/","name":"Conexi\u00f3n 23","description":"Peri\u00f3dico 100% Petromacorisano","publisher":{"@id":"https:\/\/conexion23.com\/#organization"},"potentialAction":[{"@type":"SearchAction","target":{"@type":"EntryPoint","urlTemplate":"https:\/\/conexion23.com\/?s={search_term_string}"},"query-input":{"@type":"PropertyValueSpecification","valueRequired":true,"valueName":"search_term_string"}}],"inLanguage":"es"},{"@type":"Organization","@id":"https:\/\/conexion23.com\/#organization","name":"Conexion 23","url":"https:\/\/conexion23.com\/","logo":{"@type":"ImageObject","inLanguage":"es","@id":"https:\/\/conexion23.com\/#\/schema\/logo\/image\/","url":"https:\/\/conexion23.com\/wp-content\/uploads\/2021\/11\/Diseno-sin-titulo-2.png","contentUrl":"https:\/\/conexion23.com\/wp-content\/uploads\/2021\/11\/Diseno-sin-titulo-2.png","width":541,"height":90,"caption":"Conexion 23"},"image":{"@id":"https:\/\/conexion23.com\/#\/schema\/logo\/image\/"},"sameAs":["https:\/\/www.facebook.com\/conexion23com","https:\/\/www.instagram.com\/conexion23com\/","https:\/\/www.youtube.com\/channel\/UCYc7vxxFZMYLIHNsHHxPZ3Q"]},{"@type":"Person","@id":"https:\/\/conexion23.com\/#\/schema\/person\/0a860802b17d01ad2a278f53c507c296","name":"Redacci\u00f3n","image":{"@type":"ImageObject","inLanguage":"es","@id":"https:\/\/conexion23.com\/#\/schema\/person\/image\/","url":"https:\/\/secure.gravatar.com\/avatar\/ec9d84b79c776aa1994e5893944465db9974b17b884155623da51b7b62c02845?s=96&d=mm&r=g","contentUrl":"https:\/\/secure.gravatar.com\/avatar\/ec9d84b79c776aa1994e5893944465db9974b17b884155623da51b7b62c02845?s=96&d=mm&r=g","caption":"Redacci\u00f3n"},"url":"https:\/\/conexion23.com\/?author=18"}]}},"_links":{"self":[{"href":"https:\/\/conexion23.com\/index.php?rest_route=\/wp\/v2\/posts\/54327","targetHints":{"allow":["GET"]}}],"collection":[{"href":"https:\/\/conexion23.com\/index.php?rest_route=\/wp\/v2\/posts"}],"about":[{"href":"https:\/\/conexion23.com\/index.php?rest_route=\/wp\/v2\/types\/post"}],"author":[{"embeddable":true,"href":"https:\/\/conexion23.com\/index.php?rest_route=\/wp\/v2\/users\/18"}],"replies":[{"embeddable":true,"href":"https:\/\/conexion23.com\/index.php?rest_route=%2Fwp%2Fv2%2Fcomments&post=54327"}],"version-history":[{"count":1,"href":"https:\/\/conexion23.com\/index.php?rest_route=\/wp\/v2\/posts\/54327\/revisions"}],"predecessor-version":[{"id":54329,"href":"https:\/\/conexion23.com\/index.php?rest_route=\/wp\/v2\/posts\/54327\/revisions\/54329"}],"wp:featuredmedia":[{"embeddable":true,"href":"https:\/\/conexion23.com\/index.php?rest_route=\/wp\/v2\/media\/41744"}],"wp:attachment":[{"href":"https:\/\/conexion23.com\/index.php?rest_route=%2Fwp%2Fv2%2Fmedia&parent=54327"}],"wp:term":[{"taxonomy":"category","embeddable":true,"href":"https:\/\/conexion23.com\/index.php?rest_route=%2Fwp%2Fv2%2Fcategories&post=54327"},{"taxonomy":"post_tag","embeddable":true,"href":"https:\/\/conexion23.com\/index.php?rest_route=%2Fwp%2Fv2%2Ftags&post=54327"}],"curies":[{"name":"wp","href":"https:\/\/api.w.org\/{rel}","templated":true}]}}