{"id":54337,"date":"2026-03-11T17:43:14","date_gmt":"2026-03-11T21:43:14","guid":{"rendered":"https:\/\/conexion23.com\/?p=54337"},"modified":"2026-03-11T17:43:14","modified_gmt":"2026-03-11T21:43:14","slug":"congresistas-defienden-ante-tribunal-constitucional-derecho-a-indexacion-salarial","status":"publish","type":"post","link":"https:\/\/conexion23.com\/?p=54337","title":{"rendered":"Congresistas defienden ante tribunal constitucional derecho a indexaci\u00f3n salarial"},"content":{"rendered":"<p id=\"m28452-28451-28453\" style=\"text-align: justify;\">Legisladores de distintos partidos pol\u00edticos depositaron este mi\u00e9rcoles un recurso ante el Tribunal Constitucional que busca declarar inconstitucional el art\u00edculo de la Ley de Presupuesto General del Estado, que deja sin efecto la aplicaci\u00f3n de la indexaci\u00f3n del salario exento del Impuesto Sobre la Renta (ISR).<\/p>\n<p id=\"m28457-28456-28458\" style=\"text-align: justify;\">Los diputados pertenecientes a las organizaciones Fuerza del Pueblo (FP), de la Liberaci\u00f3n Dominicana (PLD), Revolucionario Dominicano (PRD) y Quisqueyano Dem\u00f3crata Cristiano (PQDC) afirmaron que la acci\u00f3n busca restablecer un principio b\u00e1sico de justicia tributaria.<\/p>\n<p id=\"m28462-28461-28463\" style=\"text-align: justify;\">El senador por el Distrito Nacional,\u00a0Omar Fern\u00e1ndez, quien ha encabezado la defensa p\u00fablica de esta causa, argument\u00f3 que la falta de\u00a0indexaci\u00f3n\u00a0durante varios a\u00f1os ha provocado que miles de trabajadores comiencen a pagar impuestos sin que necesariamente haya aumentado su poder adquisitivo.<\/p>\n<p id=\"m28467-28466-28468\" style=\"text-align: justify;\">\u201cEl resultado de no aplicar la indexaci\u00f3n es que cada a\u00f1o se recorta de manera silenciosa el ingreso real de los dominicanos. Hoy ya son cerca de 730,000 trabajadores a quienes se les est\u00e1 cobrando m\u00e1s de lo que legalmente corresponde\u201d, explic\u00f3.<\/p>\n<p id=\"m28472-28471-28473\" style=\"text-align: justify;\">El legislador se\u00f1al\u00f3 que esta distorsi\u00f3n se produce porque, al no ajustarse la escala conforme a la inflaci\u00f3n, los\u00a0aumentos salariales\u00a0que apenas compensan el alza del costo de la vida terminan empujando a los trabajadores hacia tramos impositivos m\u00e1s altos.<\/p>\n<p id=\"m28477-28476-28478\" style=\"text-align: justify;\">\u201cEso se traduce en menos recursos para las familias: menos posibilidades de pagar un mejor colegio a sus hijos, de acceder a un seguro m\u00e9dico m\u00e1s completo o simplemente de garantizar una mejor alimentaci\u00f3n. Lo que est\u00e1 en juego aqu\u00ed es la calidad de vida de cientos de miles de trabajadores\u201d, afirm\u00f3 Fern\u00e1ndez.<\/p>\n<p id=\"m28482-28481-28483\" style=\"text-align: justify;\">Por su parte,\u00a0Charlie Mariotti Paz, en representaci\u00f3n del PLD, subray\u00f3 que el art\u00edculo 327 del C\u00f3digo Tributario establece de manera clara la obligaci\u00f3n del Estado de ajustar cada a\u00f1o la escala salarial utilizada para el c\u00e1lculo del impuesto.<\/p>\n<p id=\"m28487-28486-28488\" style=\"text-align: justify;\">\u201cEl C\u00f3digo Tributario es expl\u00edcito: la escala debe actualizarse conforme a la inflaci\u00f3n. Cuando se ignora ese mandato, se termina cobrando impuesto sobre ingresos que en t\u00e9rminos reales no han aumentado. Todo el que gana menos de 50 mil pesos est\u00e1 siendo afectado por esta distorsi\u00f3n\u201d, sostuvo.<\/p>\n<p id=\"m28492-28491-28493\" style=\"text-align: justify;\">Mariotti Paz calific\u00f3 la situaci\u00f3n como un\u00a0\u201cabuso fiscal\u201d, al considerar que la no aplicaci\u00f3n de la indexaci\u00f3n convierte en contribuyentes del ISR a trabajadores cuyos ingresos deber\u00edan permanecer dentro del tramo exento.<\/p>\n<p id=\"m28497-28496-28498\" style=\"text-align: justify;\">En tanto,\u00a0Ram\u00f3n Raposo, vocero del bloque de diputados del PRD, y\u00a0Elias Wessin, por el PQDC, respaldaron la iniciativa de elevar una instancia ante el\u00a0Tribunal Constitucional.<\/p>\n<p id=\"m28502-28501-28503\" style=\"text-align: justify;\">La acci\u00f3n constitucional procura restablecer el cumplimiento del art\u00edculo 327 del C\u00f3digo Tributario, el cual dispone que la escala salarial utilizada para calcular el ISR debe ajustarse anualmente en funci\u00f3n de la\u00a0inflaci\u00f3n del a\u00f1o anterior. Seg\u00fan explicaron los legisladores, la suspensi\u00f3n de ese mecanismo mediante la ley de presupuesto constituye una violaci\u00f3n al principio de jerarqu\u00eda normativa y a los derechos econ\u00f3micos de los contribuyentes.<\/p>\n<p id=\"m28507-28506-28508\" style=\"text-align: justify;\">\u201cLo que se est\u00e1 defendiendo aqu\u00ed es el respeto a la ley y la protecci\u00f3n del ingreso de los trabajadores dominicanos. La pol\u00edtica fiscal no puede construirse sobre la base de distorsionar lo que el propio C\u00f3digo Tributario establece\u201d, expres\u00f3.<\/p>\n<p id=\"m28512-28511-28513\" style=\"text-align: justify;\">El recurso de inconstitucionalidad fue interpuesto ante el Tribunal Constitucional con el prop\u00f3sito de que se declare inv\u00e1lido el art\u00edculo de la Ley de Presupuesto que suspende la aplicaci\u00f3n de la indexaci\u00f3n salarial, al considerar que una ley ordinaria no puede dejar sin efecto un mandato establecido en el C\u00f3digo Tributario.<\/p>\n<p id=\"m28517-28516-28518\" style=\"text-align: justify;\">En representaci\u00f3n de los legisladores, los abogados accionantes del recurso son\u00a0Manuel Ferm\u00edn Cabral y F\u00e9lix Nova Hiciano, quienes argumentan que la suspensi\u00f3n de la indexaci\u00f3n vulnera principios constitucionales como la seguridad jur\u00eddica, la igualdad tributaria y la capacidad contributiva.<\/p>\n<p id=\"m28522-28521-28523\" style=\"text-align: justify;\">De prosperar la acci\u00f3n, el Tribunal Constitucional podr\u00eda ordenar el restablecimiento del mecanismo de actualizaci\u00f3n de la escala salarial, lo que implicar\u00eda elevar el nivel de ingresos exentos del ISR y reducir la carga impositiva para cientos de miles de trabajadores dominicanos.<\/p>\n","protected":false},"excerpt":{"rendered":"<p>Legisladores de distintos partidos pol\u00edticos depositaron este mi\u00e9rcoles un recurso ante el Tribunal Constitucional que busca declarar inconstitucional el art\u00edculo de la Ley de Presupuesto General del Estado, que deja sin efecto la aplicaci\u00f3n de la indexaci\u00f3n del salario exento del Impuesto Sobre la Renta (ISR). Los diputados pertenecientes a las organizaciones Fuerza del Pueblo [&hellip;]<\/p>\n","protected":false},"author":15,"featured_media":54338,"comment_status":"open","ping_status":"open","sticky":false,"template":"","format":"standard","meta":{"footnotes":""},"categories":[3882],"tags":[4442,7312,7311,3982],"class_list":{"0":"post-54337","1":"post","2":"type-post","3":"status-publish","4":"format-standard","5":"has-post-thumbnail","7":"category-politica","8":"tag-congresistas","9":"tag-derecho","10":"tag-indexacion-salarial","11":"tag-tribunal-constitucional"},"yoast_head":"<!-- This site is optimized with the Yoast SEO plugin v27.1.1 - https:\/\/yoast.com\/product\/yoast-seo-wordpress\/ -->\n<title>Congresistas defienden ante tribunal constitucional derecho a indexaci\u00f3n salarial - Conexi\u00f3n 23<\/title>\n<meta name=\"robots\" content=\"index, follow, max-snippet:-1, max-image-preview:large, max-video-preview:-1\" \/>\n<link rel=\"canonical\" href=\"https:\/\/conexion23.com\/?p=54337\" \/>\n<meta property=\"og:locale\" content=\"es_ES\" \/>\n<meta property=\"og:type\" content=\"article\" \/>\n<meta property=\"og:title\" content=\"Congresistas defienden ante tribunal constitucional derecho a indexaci\u00f3n salarial - Conexi\u00f3n 23\" \/>\n<meta property=\"og:description\" content=\"Legisladores de distintos partidos pol\u00edticos depositaron este mi\u00e9rcoles un recurso ante el Tribunal Constitucional que busca declarar inconstitucional el art\u00edculo de la Ley de Presupuesto General del Estado, que deja sin efecto la aplicaci\u00f3n de la indexaci\u00f3n del salario exento del Impuesto Sobre la Renta (ISR). Los diputados pertenecientes a las organizaciones Fuerza del Pueblo [&hellip;]\" \/>\n<meta property=\"og:url\" content=\"https:\/\/conexion23.com\/?p=54337\" \/>\n<meta property=\"og:site_name\" content=\"Conexi\u00f3n 23\" \/>\n<meta property=\"article:publisher\" content=\"https:\/\/www.facebook.com\/conexion23com\" \/>\n<meta property=\"article:published_time\" content=\"2026-03-11T21:43:14+00:00\" \/>\n<meta property=\"og:image\" content=\"https:\/\/conexion23.com\/wp-content\/uploads\/2026\/03\/69b1c857058e1.jpeg\" \/>\n\t<meta property=\"og:image:width\" content=\"800\" \/>\n\t<meta property=\"og:image:height\" content=\"669\" \/>\n\t<meta property=\"og:image:type\" content=\"image\/jpeg\" \/>\n<meta name=\"author\" content=\"Raffy Ben\u00edtez\" \/>\n<meta name=\"twitter:card\" content=\"summary_large_image\" \/>\n<meta name=\"twitter:label1\" content=\"Escrito por\" \/>\n\t<meta name=\"twitter:data1\" content=\"Raffy Ben\u00edtez\" \/>\n\t<meta name=\"twitter:label2\" content=\"Tiempo de lectura\" \/>\n\t<meta name=\"twitter:data2\" content=\"4 minutos\" \/>\n<script type=\"application\/ld+json\" class=\"yoast-schema-graph\">{\"@context\":\"https:\/\/schema.org\",\"@graph\":[{\"@type\":\"Article\",\"@id\":\"https:\/\/conexion23.com\/?p=54337#article\",\"isPartOf\":{\"@id\":\"https:\/\/conexion23.com\/?p=54337\"},\"author\":{\"name\":\"Raffy Ben\u00edtez\",\"@id\":\"https:\/\/conexion23.com\/#\/schema\/person\/03e36043331117e97a373299bbcd30a6\"},\"headline\":\"Congresistas defienden ante tribunal constitucional derecho a indexaci\u00f3n salarial\",\"datePublished\":\"2026-03-11T21:43:14+00:00\",\"mainEntityOfPage\":{\"@id\":\"https:\/\/conexion23.com\/?p=54337\"},\"wordCount\":723,\"commentCount\":0,\"publisher\":{\"@id\":\"https:\/\/conexion23.com\/#organization\"},\"image\":{\"@id\":\"https:\/\/conexion23.com\/?p=54337#primaryimage\"},\"thumbnailUrl\":\"https:\/\/conexion23.com\/wp-content\/uploads\/2026\/03\/69b1c857058e1.jpeg\",\"keywords\":[\"Congresistas\",\"derecho\",\"indexaci\u00f3n salarial\",\"Tribunal Constitucional\"],\"articleSection\":[\"Pol\u00edtica\"],\"inLanguage\":\"es\",\"potentialAction\":[{\"@type\":\"CommentAction\",\"name\":\"Comment\",\"target\":[\"https:\/\/conexion23.com\/?p=54337#respond\"]}]},{\"@type\":\"WebPage\",\"@id\":\"https:\/\/conexion23.com\/?p=54337\",\"url\":\"https:\/\/conexion23.com\/?p=54337\",\"name\":\"Congresistas defienden ante tribunal constitucional derecho a indexaci\u00f3n salarial - Conexi\u00f3n 23\",\"isPartOf\":{\"@id\":\"https:\/\/conexion23.com\/#website\"},\"primaryImageOfPage\":{\"@id\":\"https:\/\/conexion23.com\/?p=54337#primaryimage\"},\"image\":{\"@id\":\"https:\/\/conexion23.com\/?p=54337#primaryimage\"},\"thumbnailUrl\":\"https:\/\/conexion23.com\/wp-content\/uploads\/2026\/03\/69b1c857058e1.jpeg\",\"datePublished\":\"2026-03-11T21:43:14+00:00\",\"breadcrumb\":{\"@id\":\"https:\/\/conexion23.com\/?p=54337#breadcrumb\"},\"inLanguage\":\"es\",\"potentialAction\":[{\"@type\":\"ReadAction\",\"target\":[\"https:\/\/conexion23.com\/?p=54337\"]}]},{\"@type\":\"ImageObject\",\"inLanguage\":\"es\",\"@id\":\"https:\/\/conexion23.com\/?p=54337#primaryimage\",\"url\":\"https:\/\/conexion23.com\/wp-content\/uploads\/2026\/03\/69b1c857058e1.jpeg\",\"contentUrl\":\"https:\/\/conexion23.com\/wp-content\/uploads\/2026\/03\/69b1c857058e1.jpeg\",\"width\":800,\"height\":669},{\"@type\":\"BreadcrumbList\",\"@id\":\"https:\/\/conexion23.com\/?p=54337#breadcrumb\",\"itemListElement\":[{\"@type\":\"ListItem\",\"position\":1,\"name\":\"Portada\",\"item\":\"https:\/\/conexion23.com\/\"},{\"@type\":\"ListItem\",\"position\":2,\"name\":\"Congresistas defienden ante tribunal constitucional derecho a indexaci\u00f3n salarial\"}]},{\"@type\":\"WebSite\",\"@id\":\"https:\/\/conexion23.com\/#website\",\"url\":\"https:\/\/conexion23.com\/\",\"name\":\"Conexi\u00f3n 23\",\"description\":\"Peri\u00f3dico 100% Petromacorisano\",\"publisher\":{\"@id\":\"https:\/\/conexion23.com\/#organization\"},\"potentialAction\":[{\"@type\":\"SearchAction\",\"target\":{\"@type\":\"EntryPoint\",\"urlTemplate\":\"https:\/\/conexion23.com\/?s={search_term_string}\"},\"query-input\":{\"@type\":\"PropertyValueSpecification\",\"valueRequired\":true,\"valueName\":\"search_term_string\"}}],\"inLanguage\":\"es\"},{\"@type\":\"Organization\",\"@id\":\"https:\/\/conexion23.com\/#organization\",\"name\":\"Conexion 23\",\"url\":\"https:\/\/conexion23.com\/\",\"logo\":{\"@type\":\"ImageObject\",\"inLanguage\":\"es\",\"@id\":\"https:\/\/conexion23.com\/#\/schema\/logo\/image\/\",\"url\":\"https:\/\/conexion23.com\/wp-content\/uploads\/2021\/11\/Diseno-sin-titulo-2.png\",\"contentUrl\":\"https:\/\/conexion23.com\/wp-content\/uploads\/2021\/11\/Diseno-sin-titulo-2.png\",\"width\":541,\"height\":90,\"caption\":\"Conexion 23\"},\"image\":{\"@id\":\"https:\/\/conexion23.com\/#\/schema\/logo\/image\/\"},\"sameAs\":[\"https:\/\/www.facebook.com\/conexion23com\",\"https:\/\/www.instagram.com\/conexion23com\/\",\"https:\/\/www.youtube.com\/channel\/UCYc7vxxFZMYLIHNsHHxPZ3Q\"]},{\"@type\":\"Person\",\"@id\":\"https:\/\/conexion23.com\/#\/schema\/person\/03e36043331117e97a373299bbcd30a6\",\"name\":\"Raffy Ben\u00edtez\",\"image\":{\"@type\":\"ImageObject\",\"inLanguage\":\"es\",\"@id\":\"https:\/\/conexion23.com\/#\/schema\/person\/image\/\",\"url\":\"https:\/\/secure.gravatar.com\/avatar\/3190a6a6c5e1b0327500f7d6c56b6242472ee6cb974cf09b401ee6b3b0798f23?s=96&d=mm&r=g\",\"contentUrl\":\"https:\/\/secure.gravatar.com\/avatar\/3190a6a6c5e1b0327500f7d6c56b6242472ee6cb974cf09b401ee6b3b0798f23?s=96&d=mm&r=g\",\"caption\":\"Raffy Ben\u00edtez\"},\"url\":\"https:\/\/conexion23.com\/?author=15\"}]}<\/script>\n<!-- \/ Yoast SEO plugin. -->","yoast_head_json":{"title":"Congresistas defienden ante tribunal constitucional derecho a indexaci\u00f3n salarial - Conexi\u00f3n 23","robots":{"index":"index","follow":"follow","max-snippet":"max-snippet:-1","max-image-preview":"max-image-preview:large","max-video-preview":"max-video-preview:-1"},"canonical":"https:\/\/conexion23.com\/?p=54337","og_locale":"es_ES","og_type":"article","og_title":"Congresistas defienden ante tribunal constitucional derecho a indexaci\u00f3n salarial - Conexi\u00f3n 23","og_description":"Legisladores de distintos partidos pol\u00edticos depositaron este mi\u00e9rcoles un recurso ante el Tribunal Constitucional que busca declarar inconstitucional el art\u00edculo de la Ley de Presupuesto General del Estado, que deja sin efecto la aplicaci\u00f3n de la indexaci\u00f3n del salario exento del Impuesto Sobre la Renta (ISR). Los diputados pertenecientes a las organizaciones Fuerza del Pueblo [&hellip;]","og_url":"https:\/\/conexion23.com\/?p=54337","og_site_name":"Conexi\u00f3n 23","article_publisher":"https:\/\/www.facebook.com\/conexion23com","article_published_time":"2026-03-11T21:43:14+00:00","og_image":[{"width":800,"height":669,"url":"https:\/\/conexion23.com\/wp-content\/uploads\/2026\/03\/69b1c857058e1.jpeg","type":"image\/jpeg"}],"author":"Raffy Ben\u00edtez","twitter_card":"summary_large_image","twitter_misc":{"Escrito por":"Raffy Ben\u00edtez","Tiempo de lectura":"4 minutos"},"schema":{"@context":"https:\/\/schema.org","@graph":[{"@type":"Article","@id":"https:\/\/conexion23.com\/?p=54337#article","isPartOf":{"@id":"https:\/\/conexion23.com\/?p=54337"},"author":{"name":"Raffy Ben\u00edtez","@id":"https:\/\/conexion23.com\/#\/schema\/person\/03e36043331117e97a373299bbcd30a6"},"headline":"Congresistas defienden ante tribunal constitucional derecho a indexaci\u00f3n salarial","datePublished":"2026-03-11T21:43:14+00:00","mainEntityOfPage":{"@id":"https:\/\/conexion23.com\/?p=54337"},"wordCount":723,"commentCount":0,"publisher":{"@id":"https:\/\/conexion23.com\/#organization"},"image":{"@id":"https:\/\/conexion23.com\/?p=54337#primaryimage"},"thumbnailUrl":"https:\/\/conexion23.com\/wp-content\/uploads\/2026\/03\/69b1c857058e1.jpeg","keywords":["Congresistas","derecho","indexaci\u00f3n salarial","Tribunal Constitucional"],"articleSection":["Pol\u00edtica"],"inLanguage":"es","potentialAction":[{"@type":"CommentAction","name":"Comment","target":["https:\/\/conexion23.com\/?p=54337#respond"]}]},{"@type":"WebPage","@id":"https:\/\/conexion23.com\/?p=54337","url":"https:\/\/conexion23.com\/?p=54337","name":"Congresistas defienden ante tribunal constitucional derecho a indexaci\u00f3n salarial - Conexi\u00f3n 23","isPartOf":{"@id":"https:\/\/conexion23.com\/#website"},"primaryImageOfPage":{"@id":"https:\/\/conexion23.com\/?p=54337#primaryimage"},"image":{"@id":"https:\/\/conexion23.com\/?p=54337#primaryimage"},"thumbnailUrl":"https:\/\/conexion23.com\/wp-content\/uploads\/2026\/03\/69b1c857058e1.jpeg","datePublished":"2026-03-11T21:43:14+00:00","breadcrumb":{"@id":"https:\/\/conexion23.com\/?p=54337#breadcrumb"},"inLanguage":"es","potentialAction":[{"@type":"ReadAction","target":["https:\/\/conexion23.com\/?p=54337"]}]},{"@type":"ImageObject","inLanguage":"es","@id":"https:\/\/conexion23.com\/?p=54337#primaryimage","url":"https:\/\/conexion23.com\/wp-content\/uploads\/2026\/03\/69b1c857058e1.jpeg","contentUrl":"https:\/\/conexion23.com\/wp-content\/uploads\/2026\/03\/69b1c857058e1.jpeg","width":800,"height":669},{"@type":"BreadcrumbList","@id":"https:\/\/conexion23.com\/?p=54337#breadcrumb","itemListElement":[{"@type":"ListItem","position":1,"name":"Portada","item":"https:\/\/conexion23.com\/"},{"@type":"ListItem","position":2,"name":"Congresistas defienden ante tribunal constitucional derecho a indexaci\u00f3n salarial"}]},{"@type":"WebSite","@id":"https:\/\/conexion23.com\/#website","url":"https:\/\/conexion23.com\/","name":"Conexi\u00f3n 23","description":"Peri\u00f3dico 100% Petromacorisano","publisher":{"@id":"https:\/\/conexion23.com\/#organization"},"potentialAction":[{"@type":"SearchAction","target":{"@type":"EntryPoint","urlTemplate":"https:\/\/conexion23.com\/?s={search_term_string}"},"query-input":{"@type":"PropertyValueSpecification","valueRequired":true,"valueName":"search_term_string"}}],"inLanguage":"es"},{"@type":"Organization","@id":"https:\/\/conexion23.com\/#organization","name":"Conexion 23","url":"https:\/\/conexion23.com\/","logo":{"@type":"ImageObject","inLanguage":"es","@id":"https:\/\/conexion23.com\/#\/schema\/logo\/image\/","url":"https:\/\/conexion23.com\/wp-content\/uploads\/2021\/11\/Diseno-sin-titulo-2.png","contentUrl":"https:\/\/conexion23.com\/wp-content\/uploads\/2021\/11\/Diseno-sin-titulo-2.png","width":541,"height":90,"caption":"Conexion 23"},"image":{"@id":"https:\/\/conexion23.com\/#\/schema\/logo\/image\/"},"sameAs":["https:\/\/www.facebook.com\/conexion23com","https:\/\/www.instagram.com\/conexion23com\/","https:\/\/www.youtube.com\/channel\/UCYc7vxxFZMYLIHNsHHxPZ3Q"]},{"@type":"Person","@id":"https:\/\/conexion23.com\/#\/schema\/person\/03e36043331117e97a373299bbcd30a6","name":"Raffy Ben\u00edtez","image":{"@type":"ImageObject","inLanguage":"es","@id":"https:\/\/conexion23.com\/#\/schema\/person\/image\/","url":"https:\/\/secure.gravatar.com\/avatar\/3190a6a6c5e1b0327500f7d6c56b6242472ee6cb974cf09b401ee6b3b0798f23?s=96&d=mm&r=g","contentUrl":"https:\/\/secure.gravatar.com\/avatar\/3190a6a6c5e1b0327500f7d6c56b6242472ee6cb974cf09b401ee6b3b0798f23?s=96&d=mm&r=g","caption":"Raffy Ben\u00edtez"},"url":"https:\/\/conexion23.com\/?author=15"}]}},"_links":{"self":[{"href":"https:\/\/conexion23.com\/index.php?rest_route=\/wp\/v2\/posts\/54337","targetHints":{"allow":["GET"]}}],"collection":[{"href":"https:\/\/conexion23.com\/index.php?rest_route=\/wp\/v2\/posts"}],"about":[{"href":"https:\/\/conexion23.com\/index.php?rest_route=\/wp\/v2\/types\/post"}],"author":[{"embeddable":true,"href":"https:\/\/conexion23.com\/index.php?rest_route=\/wp\/v2\/users\/15"}],"replies":[{"embeddable":true,"href":"https:\/\/conexion23.com\/index.php?rest_route=%2Fwp%2Fv2%2Fcomments&post=54337"}],"version-history":[{"count":1,"href":"https:\/\/conexion23.com\/index.php?rest_route=\/wp\/v2\/posts\/54337\/revisions"}],"predecessor-version":[{"id":54339,"href":"https:\/\/conexion23.com\/index.php?rest_route=\/wp\/v2\/posts\/54337\/revisions\/54339"}],"wp:featuredmedia":[{"embeddable":true,"href":"https:\/\/conexion23.com\/index.php?rest_route=\/wp\/v2\/media\/54338"}],"wp:attachment":[{"href":"https:\/\/conexion23.com\/index.php?rest_route=%2Fwp%2Fv2%2Fmedia&parent=54337"}],"wp:term":[{"taxonomy":"category","embeddable":true,"href":"https:\/\/conexion23.com\/index.php?rest_route=%2Fwp%2Fv2%2Fcategories&post=54337"},{"taxonomy":"post_tag","embeddable":true,"href":"https:\/\/conexion23.com\/index.php?rest_route=%2Fwp%2Fv2%2Ftags&post=54337"}],"curies":[{"name":"wp","href":"https:\/\/api.w.org\/{rel}","templated":true}]}}