{"id":54364,"date":"2026-03-12T07:25:22","date_gmt":"2026-03-12T11:25:22","guid":{"rendered":"https:\/\/conexion23.com\/?p=54364"},"modified":"2026-03-12T07:25:22","modified_gmt":"2026-03-12T11:25:22","slug":"asesinan-en-argentina-a-dominicana-nativa-de-villa-altagracia-tragedia-enluta-la-comunidad","status":"publish","type":"post","link":"https:\/\/conexion23.com\/?p=54364","title":{"rendered":"Asesinan en Argentina a dominicana nativa de Villa Altagracia, tragedia enluta la comunidad"},"content":{"rendered":"<p style=\"text-align: justify;\">Una lamentable noticia proveniente de Argentina ha causado gran consternaci\u00f3n en el municipio de Villa Altagracia.<\/p>\n<p style=\"text-align: justify;\">La villaltagraciana Luisa Mar\u00eda de los Santos, de 31 a\u00f1os, fue asesinada en un hecho de violencia ocurrido en el norte del conurbano bonaerense.<\/p>\n<p style=\"text-align: justify;\">De acuerdo con informaciones ofrecidas por autoridades judiciales argentinas, la joven fue encontrada sin vida dentro de una vivienda, presentando un impacto de arma de fuego en el rostro.<\/p>\n<p style=\"text-align: justify;\">Por el hecho fue detenido su pareja sentimental, un hombre de 78 a\u00f1os, quien figura como el principal sospechoso del crimen.<\/p>\n<p style=\"text-align: justify;\">Las autoridades tambi\u00e9n investigan la posible participaci\u00f3n de un hijo del acusado.<\/p>\n<p style=\"text-align: justify;\">El caso ha sido calificado por el Ministerio P\u00fablico como \u201chomicidio triplemente calificado por el v\u00ednculo, por razones de g\u00e9nero y por el uso de arma de fuego\u201d, y est\u00e1 siendo investigado por una fiscal\u00eda especializada en violencia de g\u00e9nero.<\/p>\n<p style=\"text-align: justify;\">Seg\u00fan el peri\u00f3dico digital argentino Cr\u00f3nica, que difundi\u00f3 la informaci\u00f3n, hasta el momento no han sido revelados los nombres de los sospechosos involucrados en el asesinato.<\/p>\n<p style=\"text-align: justify;\">La noticia ha generado profundo pesar entre familiares, amigos y comunitarios de Villa Altagracia, quienes recuerdan a Luisa Mar\u00eda desde su ni\u00f1ez.<\/p>\n<p style=\"text-align: justify;\">\u00a0La joven resid\u00eda junto a su abuela, do\u00f1a Aleja, en la calle Enriquillo, pr\u00f3ximo a la calle Restauraci\u00f3n, en una vivienda conocida popularmente como \u201cla casa de los Lolones\u201d.<\/p>\n<p style=\"text-align: justify;\">Familiares y allegados lamentan profundamente esta tr\u00e1gica p\u00e9rdida que hoy enluta a toda la comunidad.<\/p>\n","protected":false},"excerpt":{"rendered":"<p>Una lamentable noticia proveniente de Argentina ha causado gran consternaci\u00f3n en el municipio de Villa Altagracia. La villaltagraciana Luisa Mar\u00eda de los Santos, de 31 a\u00f1os, fue asesinada en un hecho de violencia ocurrido en el norte del conurbano bonaerense. De acuerdo con informaciones ofrecidas por autoridades judiciales argentinas, la joven fue encontrada sin vida [&hellip;]<\/p>\n","protected":false},"author":15,"featured_media":54365,"comment_status":"open","ping_status":"open","sticky":false,"template":"","format":"standard","meta":{"footnotes":""},"categories":[3883],"tags":[1226,7327,1783,7326],"class_list":{"0":"post-54364","1":"post","2":"type-post","3":"status-publish","4":"format-standard","5":"has-post-thumbnail","7":"category-ultramar","8":"tag-argentina","9":"tag-luisa-maria-de-los-santos","10":"tag-tragedia","11":"tag-villa-altagracia"},"yoast_head":"<!-- This site is optimized with the Yoast SEO plugin v27.1.1 - https:\/\/yoast.com\/product\/yoast-seo-wordpress\/ -->\n<title>Asesinan en Argentina a dominicana nativa de Villa Altagracia, tragedia enluta la comunidad - Conexi\u00f3n 23<\/title>\n<meta name=\"robots\" content=\"index, follow, max-snippet:-1, max-image-preview:large, max-video-preview:-1\" \/>\n<link rel=\"canonical\" href=\"https:\/\/conexion23.com\/?p=54364\" \/>\n<meta property=\"og:locale\" content=\"es_ES\" \/>\n<meta property=\"og:type\" content=\"article\" \/>\n<meta property=\"og:title\" content=\"Asesinan en Argentina a dominicana nativa de Villa Altagracia, tragedia enluta la comunidad - Conexi\u00f3n 23\" \/>\n<meta property=\"og:description\" content=\"Una lamentable noticia proveniente de Argentina ha causado gran consternaci\u00f3n en el municipio de Villa Altagracia. La villaltagraciana Luisa Mar\u00eda de los Santos, de 31 a\u00f1os, fue asesinada en un hecho de violencia ocurrido en el norte del conurbano bonaerense. De acuerdo con informaciones ofrecidas por autoridades judiciales argentinas, la joven fue encontrada sin vida [&hellip;]\" \/>\n<meta property=\"og:url\" content=\"https:\/\/conexion23.com\/?p=54364\" \/>\n<meta property=\"og:site_name\" content=\"Conexi\u00f3n 23\" \/>\n<meta property=\"article:publisher\" content=\"https:\/\/www.facebook.com\/conexion23com\" \/>\n<meta property=\"article:published_time\" content=\"2026-03-12T11:25:22+00:00\" \/>\n<meta property=\"og:image\" content=\"https:\/\/conexion23.com\/wp-content\/uploads\/2026\/03\/FB_IMG_1773236787210.jpg\" \/>\n\t<meta property=\"og:image:width\" content=\"267\" \/>\n\t<meta property=\"og:image:height\" content=\"320\" \/>\n\t<meta property=\"og:image:type\" content=\"image\/jpeg\" \/>\n<meta name=\"author\" content=\"Raffy Ben\u00edtez\" \/>\n<meta name=\"twitter:card\" content=\"summary_large_image\" \/>\n<meta name=\"twitter:label1\" content=\"Escrito por\" \/>\n\t<meta name=\"twitter:data1\" content=\"Raffy Ben\u00edtez\" \/>\n\t<meta name=\"twitter:label2\" content=\"Tiempo de lectura\" \/>\n\t<meta name=\"twitter:data2\" content=\"2 minutos\" \/>\n<script type=\"application\/ld+json\" class=\"yoast-schema-graph\">{\"@context\":\"https:\/\/schema.org\",\"@graph\":[{\"@type\":\"Article\",\"@id\":\"https:\/\/conexion23.com\/?p=54364#article\",\"isPartOf\":{\"@id\":\"https:\/\/conexion23.com\/?p=54364\"},\"author\":{\"name\":\"Raffy Ben\u00edtez\",\"@id\":\"https:\/\/conexion23.com\/#\/schema\/person\/03e36043331117e97a373299bbcd30a6\"},\"headline\":\"Asesinan en Argentina a dominicana nativa de Villa Altagracia, tragedia enluta la comunidad\",\"datePublished\":\"2026-03-12T11:25:22+00:00\",\"mainEntityOfPage\":{\"@id\":\"https:\/\/conexion23.com\/?p=54364\"},\"wordCount\":268,\"commentCount\":0,\"publisher\":{\"@id\":\"https:\/\/conexion23.com\/#organization\"},\"image\":{\"@id\":\"https:\/\/conexion23.com\/?p=54364#primaryimage\"},\"thumbnailUrl\":\"https:\/\/conexion23.com\/wp-content\/uploads\/2026\/03\/FB_IMG_1773236787210.jpg\",\"keywords\":[\"argentina\",\"Luisa Mar\u00eda de los Santos\",\"tragedia\",\"Villa Altagracia\"],\"articleSection\":[\"Ultramar\"],\"inLanguage\":\"es\",\"potentialAction\":[{\"@type\":\"CommentAction\",\"name\":\"Comment\",\"target\":[\"https:\/\/conexion23.com\/?p=54364#respond\"]}]},{\"@type\":\"WebPage\",\"@id\":\"https:\/\/conexion23.com\/?p=54364\",\"url\":\"https:\/\/conexion23.com\/?p=54364\",\"name\":\"Asesinan en Argentina a dominicana nativa de Villa Altagracia, tragedia enluta la comunidad - Conexi\u00f3n 23\",\"isPartOf\":{\"@id\":\"https:\/\/conexion23.com\/#website\"},\"primaryImageOfPage\":{\"@id\":\"https:\/\/conexion23.com\/?p=54364#primaryimage\"},\"image\":{\"@id\":\"https:\/\/conexion23.com\/?p=54364#primaryimage\"},\"thumbnailUrl\":\"https:\/\/conexion23.com\/wp-content\/uploads\/2026\/03\/FB_IMG_1773236787210.jpg\",\"datePublished\":\"2026-03-12T11:25:22+00:00\",\"breadcrumb\":{\"@id\":\"https:\/\/conexion23.com\/?p=54364#breadcrumb\"},\"inLanguage\":\"es\",\"potentialAction\":[{\"@type\":\"ReadAction\",\"target\":[\"https:\/\/conexion23.com\/?p=54364\"]}]},{\"@type\":\"ImageObject\",\"inLanguage\":\"es\",\"@id\":\"https:\/\/conexion23.com\/?p=54364#primaryimage\",\"url\":\"https:\/\/conexion23.com\/wp-content\/uploads\/2026\/03\/FB_IMG_1773236787210.jpg\",\"contentUrl\":\"https:\/\/conexion23.com\/wp-content\/uploads\/2026\/03\/FB_IMG_1773236787210.jpg\",\"width\":267,\"height\":320},{\"@type\":\"BreadcrumbList\",\"@id\":\"https:\/\/conexion23.com\/?p=54364#breadcrumb\",\"itemListElement\":[{\"@type\":\"ListItem\",\"position\":1,\"name\":\"Portada\",\"item\":\"https:\/\/conexion23.com\/\"},{\"@type\":\"ListItem\",\"position\":2,\"name\":\"Asesinan en Argentina a dominicana nativa de Villa Altagracia, tragedia enluta la comunidad\"}]},{\"@type\":\"WebSite\",\"@id\":\"https:\/\/conexion23.com\/#website\",\"url\":\"https:\/\/conexion23.com\/\",\"name\":\"Conexi\u00f3n 23\",\"description\":\"Peri\u00f3dico 100% Petromacorisano\",\"publisher\":{\"@id\":\"https:\/\/conexion23.com\/#organization\"},\"potentialAction\":[{\"@type\":\"SearchAction\",\"target\":{\"@type\":\"EntryPoint\",\"urlTemplate\":\"https:\/\/conexion23.com\/?s={search_term_string}\"},\"query-input\":{\"@type\":\"PropertyValueSpecification\",\"valueRequired\":true,\"valueName\":\"search_term_string\"}}],\"inLanguage\":\"es\"},{\"@type\":\"Organization\",\"@id\":\"https:\/\/conexion23.com\/#organization\",\"name\":\"Conexion 23\",\"url\":\"https:\/\/conexion23.com\/\",\"logo\":{\"@type\":\"ImageObject\",\"inLanguage\":\"es\",\"@id\":\"https:\/\/conexion23.com\/#\/schema\/logo\/image\/\",\"url\":\"https:\/\/conexion23.com\/wp-content\/uploads\/2021\/11\/Diseno-sin-titulo-2.png\",\"contentUrl\":\"https:\/\/conexion23.com\/wp-content\/uploads\/2021\/11\/Diseno-sin-titulo-2.png\",\"width\":541,\"height\":90,\"caption\":\"Conexion 23\"},\"image\":{\"@id\":\"https:\/\/conexion23.com\/#\/schema\/logo\/image\/\"},\"sameAs\":[\"https:\/\/www.facebook.com\/conexion23com\",\"https:\/\/www.instagram.com\/conexion23com\/\",\"https:\/\/www.youtube.com\/channel\/UCYc7vxxFZMYLIHNsHHxPZ3Q\"]},{\"@type\":\"Person\",\"@id\":\"https:\/\/conexion23.com\/#\/schema\/person\/03e36043331117e97a373299bbcd30a6\",\"name\":\"Raffy Ben\u00edtez\",\"image\":{\"@type\":\"ImageObject\",\"inLanguage\":\"es\",\"@id\":\"https:\/\/conexion23.com\/#\/schema\/person\/image\/\",\"url\":\"https:\/\/secure.gravatar.com\/avatar\/3190a6a6c5e1b0327500f7d6c56b6242472ee6cb974cf09b401ee6b3b0798f23?s=96&d=mm&r=g\",\"contentUrl\":\"https:\/\/secure.gravatar.com\/avatar\/3190a6a6c5e1b0327500f7d6c56b6242472ee6cb974cf09b401ee6b3b0798f23?s=96&d=mm&r=g\",\"caption\":\"Raffy Ben\u00edtez\"},\"url\":\"https:\/\/conexion23.com\/?author=15\"}]}<\/script>\n<!-- \/ Yoast SEO plugin. -->","yoast_head_json":{"title":"Asesinan en Argentina a dominicana nativa de Villa Altagracia, tragedia enluta la comunidad - Conexi\u00f3n 23","robots":{"index":"index","follow":"follow","max-snippet":"max-snippet:-1","max-image-preview":"max-image-preview:large","max-video-preview":"max-video-preview:-1"},"canonical":"https:\/\/conexion23.com\/?p=54364","og_locale":"es_ES","og_type":"article","og_title":"Asesinan en Argentina a dominicana nativa de Villa Altagracia, tragedia enluta la comunidad - Conexi\u00f3n 23","og_description":"Una lamentable noticia proveniente de Argentina ha causado gran consternaci\u00f3n en el municipio de Villa Altagracia. La villaltagraciana Luisa Mar\u00eda de los Santos, de 31 a\u00f1os, fue asesinada en un hecho de violencia ocurrido en el norte del conurbano bonaerense. De acuerdo con informaciones ofrecidas por autoridades judiciales argentinas, la joven fue encontrada sin vida [&hellip;]","og_url":"https:\/\/conexion23.com\/?p=54364","og_site_name":"Conexi\u00f3n 23","article_publisher":"https:\/\/www.facebook.com\/conexion23com","article_published_time":"2026-03-12T11:25:22+00:00","og_image":[{"width":267,"height":320,"url":"https:\/\/conexion23.com\/wp-content\/uploads\/2026\/03\/FB_IMG_1773236787210.jpg","type":"image\/jpeg"}],"author":"Raffy Ben\u00edtez","twitter_card":"summary_large_image","twitter_misc":{"Escrito por":"Raffy Ben\u00edtez","Tiempo de lectura":"2 minutos"},"schema":{"@context":"https:\/\/schema.org","@graph":[{"@type":"Article","@id":"https:\/\/conexion23.com\/?p=54364#article","isPartOf":{"@id":"https:\/\/conexion23.com\/?p=54364"},"author":{"name":"Raffy Ben\u00edtez","@id":"https:\/\/conexion23.com\/#\/schema\/person\/03e36043331117e97a373299bbcd30a6"},"headline":"Asesinan en Argentina a dominicana nativa de Villa Altagracia, tragedia enluta la comunidad","datePublished":"2026-03-12T11:25:22+00:00","mainEntityOfPage":{"@id":"https:\/\/conexion23.com\/?p=54364"},"wordCount":268,"commentCount":0,"publisher":{"@id":"https:\/\/conexion23.com\/#organization"},"image":{"@id":"https:\/\/conexion23.com\/?p=54364#primaryimage"},"thumbnailUrl":"https:\/\/conexion23.com\/wp-content\/uploads\/2026\/03\/FB_IMG_1773236787210.jpg","keywords":["argentina","Luisa Mar\u00eda de los Santos","tragedia","Villa Altagracia"],"articleSection":["Ultramar"],"inLanguage":"es","potentialAction":[{"@type":"CommentAction","name":"Comment","target":["https:\/\/conexion23.com\/?p=54364#respond"]}]},{"@type":"WebPage","@id":"https:\/\/conexion23.com\/?p=54364","url":"https:\/\/conexion23.com\/?p=54364","name":"Asesinan en Argentina a dominicana nativa de Villa Altagracia, tragedia enluta la comunidad - Conexi\u00f3n 23","isPartOf":{"@id":"https:\/\/conexion23.com\/#website"},"primaryImageOfPage":{"@id":"https:\/\/conexion23.com\/?p=54364#primaryimage"},"image":{"@id":"https:\/\/conexion23.com\/?p=54364#primaryimage"},"thumbnailUrl":"https:\/\/conexion23.com\/wp-content\/uploads\/2026\/03\/FB_IMG_1773236787210.jpg","datePublished":"2026-03-12T11:25:22+00:00","breadcrumb":{"@id":"https:\/\/conexion23.com\/?p=54364#breadcrumb"},"inLanguage":"es","potentialAction":[{"@type":"ReadAction","target":["https:\/\/conexion23.com\/?p=54364"]}]},{"@type":"ImageObject","inLanguage":"es","@id":"https:\/\/conexion23.com\/?p=54364#primaryimage","url":"https:\/\/conexion23.com\/wp-content\/uploads\/2026\/03\/FB_IMG_1773236787210.jpg","contentUrl":"https:\/\/conexion23.com\/wp-content\/uploads\/2026\/03\/FB_IMG_1773236787210.jpg","width":267,"height":320},{"@type":"BreadcrumbList","@id":"https:\/\/conexion23.com\/?p=54364#breadcrumb","itemListElement":[{"@type":"ListItem","position":1,"name":"Portada","item":"https:\/\/conexion23.com\/"},{"@type":"ListItem","position":2,"name":"Asesinan en Argentina a dominicana nativa de Villa Altagracia, tragedia enluta la comunidad"}]},{"@type":"WebSite","@id":"https:\/\/conexion23.com\/#website","url":"https:\/\/conexion23.com\/","name":"Conexi\u00f3n 23","description":"Peri\u00f3dico 100% Petromacorisano","publisher":{"@id":"https:\/\/conexion23.com\/#organization"},"potentialAction":[{"@type":"SearchAction","target":{"@type":"EntryPoint","urlTemplate":"https:\/\/conexion23.com\/?s={search_term_string}"},"query-input":{"@type":"PropertyValueSpecification","valueRequired":true,"valueName":"search_term_string"}}],"inLanguage":"es"},{"@type":"Organization","@id":"https:\/\/conexion23.com\/#organization","name":"Conexion 23","url":"https:\/\/conexion23.com\/","logo":{"@type":"ImageObject","inLanguage":"es","@id":"https:\/\/conexion23.com\/#\/schema\/logo\/image\/","url":"https:\/\/conexion23.com\/wp-content\/uploads\/2021\/11\/Diseno-sin-titulo-2.png","contentUrl":"https:\/\/conexion23.com\/wp-content\/uploads\/2021\/11\/Diseno-sin-titulo-2.png","width":541,"height":90,"caption":"Conexion 23"},"image":{"@id":"https:\/\/conexion23.com\/#\/schema\/logo\/image\/"},"sameAs":["https:\/\/www.facebook.com\/conexion23com","https:\/\/www.instagram.com\/conexion23com\/","https:\/\/www.youtube.com\/channel\/UCYc7vxxFZMYLIHNsHHxPZ3Q"]},{"@type":"Person","@id":"https:\/\/conexion23.com\/#\/schema\/person\/03e36043331117e97a373299bbcd30a6","name":"Raffy Ben\u00edtez","image":{"@type":"ImageObject","inLanguage":"es","@id":"https:\/\/conexion23.com\/#\/schema\/person\/image\/","url":"https:\/\/secure.gravatar.com\/avatar\/3190a6a6c5e1b0327500f7d6c56b6242472ee6cb974cf09b401ee6b3b0798f23?s=96&d=mm&r=g","contentUrl":"https:\/\/secure.gravatar.com\/avatar\/3190a6a6c5e1b0327500f7d6c56b6242472ee6cb974cf09b401ee6b3b0798f23?s=96&d=mm&r=g","caption":"Raffy Ben\u00edtez"},"url":"https:\/\/conexion23.com\/?author=15"}]}},"_links":{"self":[{"href":"https:\/\/conexion23.com\/index.php?rest_route=\/wp\/v2\/posts\/54364","targetHints":{"allow":["GET"]}}],"collection":[{"href":"https:\/\/conexion23.com\/index.php?rest_route=\/wp\/v2\/posts"}],"about":[{"href":"https:\/\/conexion23.com\/index.php?rest_route=\/wp\/v2\/types\/post"}],"author":[{"embeddable":true,"href":"https:\/\/conexion23.com\/index.php?rest_route=\/wp\/v2\/users\/15"}],"replies":[{"embeddable":true,"href":"https:\/\/conexion23.com\/index.php?rest_route=%2Fwp%2Fv2%2Fcomments&post=54364"}],"version-history":[{"count":1,"href":"https:\/\/conexion23.com\/index.php?rest_route=\/wp\/v2\/posts\/54364\/revisions"}],"predecessor-version":[{"id":54366,"href":"https:\/\/conexion23.com\/index.php?rest_route=\/wp\/v2\/posts\/54364\/revisions\/54366"}],"wp:featuredmedia":[{"embeddable":true,"href":"https:\/\/conexion23.com\/index.php?rest_route=\/wp\/v2\/media\/54365"}],"wp:attachment":[{"href":"https:\/\/conexion23.com\/index.php?rest_route=%2Fwp%2Fv2%2Fmedia&parent=54364"}],"wp:term":[{"taxonomy":"category","embeddable":true,"href":"https:\/\/conexion23.com\/index.php?rest_route=%2Fwp%2Fv2%2Fcategories&post=54364"},{"taxonomy":"post_tag","embeddable":true,"href":"https:\/\/conexion23.com\/index.php?rest_route=%2Fwp%2Fv2%2Ftags&post=54364"}],"curies":[{"name":"wp","href":"https:\/\/api.w.org\/{rel}","templated":true}]}}