{"id":54370,"date":"2026-03-12T07:39:36","date_gmt":"2026-03-12T11:39:36","guid":{"rendered":"https:\/\/conexion23.com\/?p=54370"},"modified":"2026-03-12T07:39:36","modified_gmt":"2026-03-12T11:39:36","slug":"rafael-paz-afirma-fuerza-del-pueblo-entra-en-una-nueva-etapa-de-oposicion-activa","status":"publish","type":"post","link":"https:\/\/conexion23.com\/?p=54370","title":{"rendered":"Rafael Paz afirma Fuerza del Pueblo entra en una nueva etapa de oposici\u00f3n activa"},"content":{"rendered":"<div dir=\"auto\" style=\"text-align: justify;\">El presidente de la\u00a0Fuerza del Pueblo\u00a0en el Distrito Nacional,\u00a0Rafael Paz,\u00a0afirm\u00f3 que esa organizaci\u00f3n ha entrado en una nueva etapa de consolidaci\u00f3n pol\u00edtica, caracterizada por una oposici\u00f3n m\u00e1s firme, una agenda m\u00e1s propositiva y una clara preparaci\u00f3n para asumir la direcci\u00f3n del pa\u00eds.<\/div>\n<div dir=\"auto\" style=\"text-align: justify;\"><\/div>\n<div dir=\"auto\" style=\"text-align: justify;\">Durante una entrevista en el programa Telematutino, Paz sostuvo que, tras completar su proceso interno de reorganizaci\u00f3n y elecci\u00f3n de autoridades, la Fuerza del Pueblo ha fortalecido su capacidad de interpretar las principales preocupaciones de la ciudadan\u00eda, denunciar las fallas del gobierno y presentar soluciones concretas frente a la crisis econ\u00f3mica y social que vive la Rep\u00fablica Dominicana.<\/div>\n<div dir=\"auto\" style=\"text-align: justify;\"><\/div>\n<div dir=\"auto\" style=\"text-align: justify;\">\u201cEl pa\u00eds est\u00e1 frente a un gobierno que ha administrado con mucha propaganda y poca transformaci\u00f3n real. Nuestra responsabilidad como principal fuerza de oposici\u00f3n es se\u00f1alar lo que est\u00e1 mal, pero tambi\u00e9n plantear con claridad qu\u00e9 debe hacerse distinto\u201d, expres\u00f3.<\/div>\n<div dir=\"auto\" style=\"text-align: justify;\"><\/div>\n<div dir=\"auto\" style=\"text-align: justify;\">Paz se\u00f1al\u00f3 que la Fuerza del Pueblo ha venido desarrollando una oposici\u00f3n sustentada en propuestas en \u00e1reas cr\u00edticas como salud, electricidad, educaci\u00f3n y econom\u00eda, con \u00e9nfasis en la defensa de la calidad de vida de las familias dominicanas.<\/div>\n<div dir=\"auto\" style=\"text-align: justify;\"><\/div>\n<div dir=\"auto\" style=\"text-align: justify;\">En materia de salud, critic\u00f3 la situaci\u00f3n que atraviesa el Seguro Nacional de Salud (SeNaSa), advirtiendo que su deterioro afecta principalmente a los sectores m\u00e1s vulnerables. En el \u00e1mbito el\u00e9ctrico, sostuvo que el partido ha insistido en la necesidad de corregir las debilidades estructurales del sistema, especialmente en transmisi\u00f3n, distribuci\u00f3n y reducci\u00f3n de p\u00e9rdidas, en lugar de seguir improvisando con medidas de emergencia que aumentan la carga sobre las finanzas p\u00fablicas.<\/div>\n<div dir=\"auto\" style=\"text-align: justify;\"><\/div>\n<div dir=\"auto\" style=\"text-align: justify;\">Sobre educaci\u00f3n, cuestion\u00f3 la intenci\u00f3n del gobierno de fusionar el Ministerio de Educaci\u00f3n con el Ministerio de Educaci\u00f3n Superior, Ciencia y Tecnolog\u00eda, al considerar que la prioridad nacional debe estar en elevar la calidad del aprendizaje y garantizar respuestas concretas a las familias que hoy enfrentan dificultades para acceder al sistema p\u00fablico. En ese contexto, propuso explorar mecanismos como un bono o voucher educativo que alivie la presi\u00f3n econ\u00f3mica sobre miles de hogares.<\/div>\n<div dir=\"auto\" style=\"text-align: justify;\"><\/div>\n<div dir=\"auto\" style=\"text-align: justify;\">En el plano econ\u00f3mico, Paz advirti\u00f3 sobre la desaceleraci\u00f3n de sectores clave, el aumento del costo de la vida y el impacto persistente de la inflaci\u00f3n sobre los alimentos, factores que \u2014dijo\u2014 golpean con mayor fuerza a los hogares de clase media y de menores ingresos.<\/div>\n<div dir=\"auto\" style=\"text-align: justify;\"><\/div>\n<div dir=\"auto\" style=\"text-align: justify;\">El dirigente pol\u00edtico subray\u00f3 que la Fuerza del Pueblo se proyecta hoy como la principal alternativa de poder en la Rep\u00fablica Dominicana, al haber consolidado crecimiento org\u00e1nico, estructura nacional y una agenda cada vez m\u00e1s conectada con las necesidades reales de la poblaci\u00f3n.<\/div>\n<div dir=\"auto\" style=\"text-align: justify;\"><\/div>\n<div dir=\"auto\" style=\"text-align: justify;\">Destac\u00f3 que en las \u00faltimas elecciones el partido super\u00f3 el mill\u00f3n doscientos mil votos, consolid\u00e1ndose como la principal fuerza opositora del pa\u00eds y fortaleciendo las bases de su proyecto hacia 2028.<\/div>\n<div dir=\"auto\" style=\"text-align: justify;\"><\/div>\n<div dir=\"auto\" style=\"text-align: justify;\">Paz tambi\u00e9n rechaz\u00f3 los intentos de sectores oficialistas de promover supuestas divisiones internas dentro de la organizaci\u00f3n, particularmente entre el expresidente Leonel Fern\u00e1ndez y el senador Omar Fern\u00e1ndez, y asegur\u00f3 que la Fuerza del Pueblo mantiene plena cohesi\u00f3n pol\u00edtica y estrat\u00e9gica.<\/div>\n<div dir=\"auto\" style=\"text-align: justify;\"><\/div>\n<div dir=\"auto\" style=\"text-align: justify;\">\u201cCuando un gobierno entra en desgaste, intenta distraer, dividir y sembrar ruido en sus adversarios. Pero la Fuerza del Pueblo est\u00e1 concentrada en otra cosa: organizarse, proponer y prepararse para gobernar\u201d, concluy\u00f3.<\/div>\n","protected":false},"excerpt":{"rendered":"<p>El presidente de la\u00a0Fuerza del Pueblo\u00a0en el Distrito Nacional,\u00a0Rafael Paz,\u00a0afirm\u00f3 que esa organizaci\u00f3n ha entrado en una nueva etapa de consolidaci\u00f3n pol\u00edtica, caracterizada por una oposici\u00f3n m\u00e1s firme, una agenda m\u00e1s propositiva y una clara preparaci\u00f3n para asumir la direcci\u00f3n del pa\u00eds. Durante una entrevista en el programa Telematutino, Paz sostuvo que, tras completar su [&hellip;]<\/p>\n","protected":false},"author":15,"featured_media":54371,"comment_status":"open","ping_status":"open","sticky":false,"template":"","format":"standard","meta":{"footnotes":""},"categories":[3882],"tags":[171,7335,7333,7334,1200],"class_list":{"0":"post-54370","1":"post","2":"type-post","3":"status-publish","4":"format-standard","5":"has-post-thumbnail","7":"category-politica","8":"tag-fuerza-del-pueblo","9":"tag-gobernar","10":"tag-nueva-etapa","11":"tag-oposicion-activa","12":"tag-rafael-paz"},"yoast_head":"<!-- This site is optimized with the Yoast SEO plugin v27.1.1 - https:\/\/yoast.com\/product\/yoast-seo-wordpress\/ -->\n<title>Rafael Paz afirma Fuerza del Pueblo entra en una nueva etapa de oposici\u00f3n activa - Conexi\u00f3n 23<\/title>\n<meta name=\"robots\" content=\"index, follow, max-snippet:-1, max-image-preview:large, max-video-preview:-1\" \/>\n<link rel=\"canonical\" href=\"https:\/\/conexion23.com\/?p=54370\" \/>\n<meta property=\"og:locale\" content=\"es_ES\" \/>\n<meta property=\"og:type\" content=\"article\" \/>\n<meta property=\"og:title\" content=\"Rafael Paz afirma Fuerza del Pueblo entra en una nueva etapa de oposici\u00f3n activa - Conexi\u00f3n 23\" \/>\n<meta property=\"og:description\" content=\"El presidente de la\u00a0Fuerza del Pueblo\u00a0en el Distrito Nacional,\u00a0Rafael Paz,\u00a0afirm\u00f3 que esa organizaci\u00f3n ha entrado en una nueva etapa de consolidaci\u00f3n pol\u00edtica, caracterizada por una oposici\u00f3n m\u00e1s firme, una agenda m\u00e1s propositiva y una clara preparaci\u00f3n para asumir la direcci\u00f3n del pa\u00eds. Durante una entrevista en el programa Telematutino, Paz sostuvo que, tras completar su [&hellip;]\" \/>\n<meta property=\"og:url\" content=\"https:\/\/conexion23.com\/?p=54370\" \/>\n<meta property=\"og:site_name\" content=\"Conexi\u00f3n 23\" \/>\n<meta property=\"article:publisher\" content=\"https:\/\/www.facebook.com\/conexion23com\" \/>\n<meta property=\"article:published_time\" content=\"2026-03-12T11:39:36+00:00\" \/>\n<meta property=\"og:image\" content=\"https:\/\/conexion23.com\/wp-content\/uploads\/2026\/03\/IMG-20260310-WA0534-e1773197893733.jpg\" \/>\n\t<meta property=\"og:image:width\" content=\"867\" \/>\n\t<meta property=\"og:image:height\" content=\"670\" \/>\n\t<meta property=\"og:image:type\" content=\"image\/jpeg\" \/>\n<meta name=\"author\" content=\"Raffy Ben\u00edtez\" \/>\n<meta name=\"twitter:card\" content=\"summary_large_image\" \/>\n<meta name=\"twitter:label1\" content=\"Escrito por\" \/>\n\t<meta name=\"twitter:data1\" content=\"Raffy Ben\u00edtez\" \/>\n\t<meta name=\"twitter:label2\" content=\"Tiempo de lectura\" \/>\n\t<meta name=\"twitter:data2\" content=\"3 minutos\" \/>\n<script type=\"application\/ld+json\" class=\"yoast-schema-graph\">{\"@context\":\"https:\/\/schema.org\",\"@graph\":[{\"@type\":\"Article\",\"@id\":\"https:\/\/conexion23.com\/?p=54370#article\",\"isPartOf\":{\"@id\":\"https:\/\/conexion23.com\/?p=54370\"},\"author\":{\"name\":\"Raffy Ben\u00edtez\",\"@id\":\"https:\/\/conexion23.com\/#\/schema\/person\/03e36043331117e97a373299bbcd30a6\"},\"headline\":\"Rafael Paz afirma Fuerza del Pueblo entra en una nueva etapa de oposici\u00f3n activa\",\"datePublished\":\"2026-03-12T11:39:36+00:00\",\"mainEntityOfPage\":{\"@id\":\"https:\/\/conexion23.com\/?p=54370\"},\"wordCount\":591,\"commentCount\":0,\"publisher\":{\"@id\":\"https:\/\/conexion23.com\/#organization\"},\"image\":{\"@id\":\"https:\/\/conexion23.com\/?p=54370#primaryimage\"},\"thumbnailUrl\":\"https:\/\/conexion23.com\/wp-content\/uploads\/2026\/03\/IMG-20260310-WA0534-e1773197893733.jpg\",\"keywords\":[\"fuerza del pueblo\",\"gobernar\",\"nueva etapa\",\"oposici\u00f3n activa\",\"rafael paz\"],\"articleSection\":[\"Pol\u00edtica\"],\"inLanguage\":\"es\",\"potentialAction\":[{\"@type\":\"CommentAction\",\"name\":\"Comment\",\"target\":[\"https:\/\/conexion23.com\/?p=54370#respond\"]}]},{\"@type\":\"WebPage\",\"@id\":\"https:\/\/conexion23.com\/?p=54370\",\"url\":\"https:\/\/conexion23.com\/?p=54370\",\"name\":\"Rafael Paz afirma Fuerza del Pueblo entra en una nueva etapa de oposici\u00f3n activa - Conexi\u00f3n 23\",\"isPartOf\":{\"@id\":\"https:\/\/conexion23.com\/#website\"},\"primaryImageOfPage\":{\"@id\":\"https:\/\/conexion23.com\/?p=54370#primaryimage\"},\"image\":{\"@id\":\"https:\/\/conexion23.com\/?p=54370#primaryimage\"},\"thumbnailUrl\":\"https:\/\/conexion23.com\/wp-content\/uploads\/2026\/03\/IMG-20260310-WA0534-e1773197893733.jpg\",\"datePublished\":\"2026-03-12T11:39:36+00:00\",\"breadcrumb\":{\"@id\":\"https:\/\/conexion23.com\/?p=54370#breadcrumb\"},\"inLanguage\":\"es\",\"potentialAction\":[{\"@type\":\"ReadAction\",\"target\":[\"https:\/\/conexion23.com\/?p=54370\"]}]},{\"@type\":\"ImageObject\",\"inLanguage\":\"es\",\"@id\":\"https:\/\/conexion23.com\/?p=54370#primaryimage\",\"url\":\"https:\/\/conexion23.com\/wp-content\/uploads\/2026\/03\/IMG-20260310-WA0534-e1773197893733.jpg\",\"contentUrl\":\"https:\/\/conexion23.com\/wp-content\/uploads\/2026\/03\/IMG-20260310-WA0534-e1773197893733.jpg\",\"width\":867,\"height\":670},{\"@type\":\"BreadcrumbList\",\"@id\":\"https:\/\/conexion23.com\/?p=54370#breadcrumb\",\"itemListElement\":[{\"@type\":\"ListItem\",\"position\":1,\"name\":\"Portada\",\"item\":\"https:\/\/conexion23.com\/\"},{\"@type\":\"ListItem\",\"position\":2,\"name\":\"Rafael Paz afirma Fuerza del Pueblo entra en una nueva etapa de oposici\u00f3n activa\"}]},{\"@type\":\"WebSite\",\"@id\":\"https:\/\/conexion23.com\/#website\",\"url\":\"https:\/\/conexion23.com\/\",\"name\":\"Conexi\u00f3n 23\",\"description\":\"Peri\u00f3dico 100% Petromacorisano\",\"publisher\":{\"@id\":\"https:\/\/conexion23.com\/#organization\"},\"potentialAction\":[{\"@type\":\"SearchAction\",\"target\":{\"@type\":\"EntryPoint\",\"urlTemplate\":\"https:\/\/conexion23.com\/?s={search_term_string}\"},\"query-input\":{\"@type\":\"PropertyValueSpecification\",\"valueRequired\":true,\"valueName\":\"search_term_string\"}}],\"inLanguage\":\"es\"},{\"@type\":\"Organization\",\"@id\":\"https:\/\/conexion23.com\/#organization\",\"name\":\"Conexion 23\",\"url\":\"https:\/\/conexion23.com\/\",\"logo\":{\"@type\":\"ImageObject\",\"inLanguage\":\"es\",\"@id\":\"https:\/\/conexion23.com\/#\/schema\/logo\/image\/\",\"url\":\"https:\/\/conexion23.com\/wp-content\/uploads\/2021\/11\/Diseno-sin-titulo-2.png\",\"contentUrl\":\"https:\/\/conexion23.com\/wp-content\/uploads\/2021\/11\/Diseno-sin-titulo-2.png\",\"width\":541,\"height\":90,\"caption\":\"Conexion 23\"},\"image\":{\"@id\":\"https:\/\/conexion23.com\/#\/schema\/logo\/image\/\"},\"sameAs\":[\"https:\/\/www.facebook.com\/conexion23com\",\"https:\/\/www.instagram.com\/conexion23com\/\",\"https:\/\/www.youtube.com\/channel\/UCYc7vxxFZMYLIHNsHHxPZ3Q\"]},{\"@type\":\"Person\",\"@id\":\"https:\/\/conexion23.com\/#\/schema\/person\/03e36043331117e97a373299bbcd30a6\",\"name\":\"Raffy Ben\u00edtez\",\"image\":{\"@type\":\"ImageObject\",\"inLanguage\":\"es\",\"@id\":\"https:\/\/conexion23.com\/#\/schema\/person\/image\/\",\"url\":\"https:\/\/secure.gravatar.com\/avatar\/3190a6a6c5e1b0327500f7d6c56b6242472ee6cb974cf09b401ee6b3b0798f23?s=96&d=mm&r=g\",\"contentUrl\":\"https:\/\/secure.gravatar.com\/avatar\/3190a6a6c5e1b0327500f7d6c56b6242472ee6cb974cf09b401ee6b3b0798f23?s=96&d=mm&r=g\",\"caption\":\"Raffy Ben\u00edtez\"},\"url\":\"https:\/\/conexion23.com\/?author=15\"}]}<\/script>\n<!-- \/ Yoast SEO plugin. -->","yoast_head_json":{"title":"Rafael Paz afirma Fuerza del Pueblo entra en una nueva etapa de oposici\u00f3n activa - Conexi\u00f3n 23","robots":{"index":"index","follow":"follow","max-snippet":"max-snippet:-1","max-image-preview":"max-image-preview:large","max-video-preview":"max-video-preview:-1"},"canonical":"https:\/\/conexion23.com\/?p=54370","og_locale":"es_ES","og_type":"article","og_title":"Rafael Paz afirma Fuerza del Pueblo entra en una nueva etapa de oposici\u00f3n activa - Conexi\u00f3n 23","og_description":"El presidente de la\u00a0Fuerza del Pueblo\u00a0en el Distrito Nacional,\u00a0Rafael Paz,\u00a0afirm\u00f3 que esa organizaci\u00f3n ha entrado en una nueva etapa de consolidaci\u00f3n pol\u00edtica, caracterizada por una oposici\u00f3n m\u00e1s firme, una agenda m\u00e1s propositiva y una clara preparaci\u00f3n para asumir la direcci\u00f3n del pa\u00eds. Durante una entrevista en el programa Telematutino, Paz sostuvo que, tras completar su [&hellip;]","og_url":"https:\/\/conexion23.com\/?p=54370","og_site_name":"Conexi\u00f3n 23","article_publisher":"https:\/\/www.facebook.com\/conexion23com","article_published_time":"2026-03-12T11:39:36+00:00","og_image":[{"width":867,"height":670,"url":"https:\/\/conexion23.com\/wp-content\/uploads\/2026\/03\/IMG-20260310-WA0534-e1773197893733.jpg","type":"image\/jpeg"}],"author":"Raffy Ben\u00edtez","twitter_card":"summary_large_image","twitter_misc":{"Escrito por":"Raffy Ben\u00edtez","Tiempo de lectura":"3 minutos"},"schema":{"@context":"https:\/\/schema.org","@graph":[{"@type":"Article","@id":"https:\/\/conexion23.com\/?p=54370#article","isPartOf":{"@id":"https:\/\/conexion23.com\/?p=54370"},"author":{"name":"Raffy Ben\u00edtez","@id":"https:\/\/conexion23.com\/#\/schema\/person\/03e36043331117e97a373299bbcd30a6"},"headline":"Rafael Paz afirma Fuerza del Pueblo entra en una nueva etapa de oposici\u00f3n activa","datePublished":"2026-03-12T11:39:36+00:00","mainEntityOfPage":{"@id":"https:\/\/conexion23.com\/?p=54370"},"wordCount":591,"commentCount":0,"publisher":{"@id":"https:\/\/conexion23.com\/#organization"},"image":{"@id":"https:\/\/conexion23.com\/?p=54370#primaryimage"},"thumbnailUrl":"https:\/\/conexion23.com\/wp-content\/uploads\/2026\/03\/IMG-20260310-WA0534-e1773197893733.jpg","keywords":["fuerza del pueblo","gobernar","nueva etapa","oposici\u00f3n activa","rafael paz"],"articleSection":["Pol\u00edtica"],"inLanguage":"es","potentialAction":[{"@type":"CommentAction","name":"Comment","target":["https:\/\/conexion23.com\/?p=54370#respond"]}]},{"@type":"WebPage","@id":"https:\/\/conexion23.com\/?p=54370","url":"https:\/\/conexion23.com\/?p=54370","name":"Rafael Paz afirma Fuerza del Pueblo entra en una nueva etapa de oposici\u00f3n activa - Conexi\u00f3n 23","isPartOf":{"@id":"https:\/\/conexion23.com\/#website"},"primaryImageOfPage":{"@id":"https:\/\/conexion23.com\/?p=54370#primaryimage"},"image":{"@id":"https:\/\/conexion23.com\/?p=54370#primaryimage"},"thumbnailUrl":"https:\/\/conexion23.com\/wp-content\/uploads\/2026\/03\/IMG-20260310-WA0534-e1773197893733.jpg","datePublished":"2026-03-12T11:39:36+00:00","breadcrumb":{"@id":"https:\/\/conexion23.com\/?p=54370#breadcrumb"},"inLanguage":"es","potentialAction":[{"@type":"ReadAction","target":["https:\/\/conexion23.com\/?p=54370"]}]},{"@type":"ImageObject","inLanguage":"es","@id":"https:\/\/conexion23.com\/?p=54370#primaryimage","url":"https:\/\/conexion23.com\/wp-content\/uploads\/2026\/03\/IMG-20260310-WA0534-e1773197893733.jpg","contentUrl":"https:\/\/conexion23.com\/wp-content\/uploads\/2026\/03\/IMG-20260310-WA0534-e1773197893733.jpg","width":867,"height":670},{"@type":"BreadcrumbList","@id":"https:\/\/conexion23.com\/?p=54370#breadcrumb","itemListElement":[{"@type":"ListItem","position":1,"name":"Portada","item":"https:\/\/conexion23.com\/"},{"@type":"ListItem","position":2,"name":"Rafael Paz afirma Fuerza del Pueblo entra en una nueva etapa de oposici\u00f3n activa"}]},{"@type":"WebSite","@id":"https:\/\/conexion23.com\/#website","url":"https:\/\/conexion23.com\/","name":"Conexi\u00f3n 23","description":"Peri\u00f3dico 100% Petromacorisano","publisher":{"@id":"https:\/\/conexion23.com\/#organization"},"potentialAction":[{"@type":"SearchAction","target":{"@type":"EntryPoint","urlTemplate":"https:\/\/conexion23.com\/?s={search_term_string}"},"query-input":{"@type":"PropertyValueSpecification","valueRequired":true,"valueName":"search_term_string"}}],"inLanguage":"es"},{"@type":"Organization","@id":"https:\/\/conexion23.com\/#organization","name":"Conexion 23","url":"https:\/\/conexion23.com\/","logo":{"@type":"ImageObject","inLanguage":"es","@id":"https:\/\/conexion23.com\/#\/schema\/logo\/image\/","url":"https:\/\/conexion23.com\/wp-content\/uploads\/2021\/11\/Diseno-sin-titulo-2.png","contentUrl":"https:\/\/conexion23.com\/wp-content\/uploads\/2021\/11\/Diseno-sin-titulo-2.png","width":541,"height":90,"caption":"Conexion 23"},"image":{"@id":"https:\/\/conexion23.com\/#\/schema\/logo\/image\/"},"sameAs":["https:\/\/www.facebook.com\/conexion23com","https:\/\/www.instagram.com\/conexion23com\/","https:\/\/www.youtube.com\/channel\/UCYc7vxxFZMYLIHNsHHxPZ3Q"]},{"@type":"Person","@id":"https:\/\/conexion23.com\/#\/schema\/person\/03e36043331117e97a373299bbcd30a6","name":"Raffy Ben\u00edtez","image":{"@type":"ImageObject","inLanguage":"es","@id":"https:\/\/conexion23.com\/#\/schema\/person\/image\/","url":"https:\/\/secure.gravatar.com\/avatar\/3190a6a6c5e1b0327500f7d6c56b6242472ee6cb974cf09b401ee6b3b0798f23?s=96&d=mm&r=g","contentUrl":"https:\/\/secure.gravatar.com\/avatar\/3190a6a6c5e1b0327500f7d6c56b6242472ee6cb974cf09b401ee6b3b0798f23?s=96&d=mm&r=g","caption":"Raffy Ben\u00edtez"},"url":"https:\/\/conexion23.com\/?author=15"}]}},"_links":{"self":[{"href":"https:\/\/conexion23.com\/index.php?rest_route=\/wp\/v2\/posts\/54370","targetHints":{"allow":["GET"]}}],"collection":[{"href":"https:\/\/conexion23.com\/index.php?rest_route=\/wp\/v2\/posts"}],"about":[{"href":"https:\/\/conexion23.com\/index.php?rest_route=\/wp\/v2\/types\/post"}],"author":[{"embeddable":true,"href":"https:\/\/conexion23.com\/index.php?rest_route=\/wp\/v2\/users\/15"}],"replies":[{"embeddable":true,"href":"https:\/\/conexion23.com\/index.php?rest_route=%2Fwp%2Fv2%2Fcomments&post=54370"}],"version-history":[{"count":1,"href":"https:\/\/conexion23.com\/index.php?rest_route=\/wp\/v2\/posts\/54370\/revisions"}],"predecessor-version":[{"id":54372,"href":"https:\/\/conexion23.com\/index.php?rest_route=\/wp\/v2\/posts\/54370\/revisions\/54372"}],"wp:featuredmedia":[{"embeddable":true,"href":"https:\/\/conexion23.com\/index.php?rest_route=\/wp\/v2\/media\/54371"}],"wp:attachment":[{"href":"https:\/\/conexion23.com\/index.php?rest_route=%2Fwp%2Fv2%2Fmedia&parent=54370"}],"wp:term":[{"taxonomy":"category","embeddable":true,"href":"https:\/\/conexion23.com\/index.php?rest_route=%2Fwp%2Fv2%2Fcategories&post=54370"},{"taxonomy":"post_tag","embeddable":true,"href":"https:\/\/conexion23.com\/index.php?rest_route=%2Fwp%2Fv2%2Ftags&post=54370"}],"curies":[{"name":"wp","href":"https:\/\/api.w.org\/{rel}","templated":true}]}}