{"id":54376,"date":"2026-03-12T09:00:29","date_gmt":"2026-03-12T13:00:29","guid":{"rendered":"https:\/\/conexion23.com\/?p=54376"},"modified":"2026-03-12T07:53:56","modified_gmt":"2026-03-12T11:53:56","slug":"adolescente-de-15-anos-se-quita-la-vida-ahorcandose-en-don-juan-municipio-consuelo","status":"publish","type":"post","link":"https:\/\/conexion23.com\/?p=54376","title":{"rendered":"Adolescente de 15 a\u00f1os se quita la vida ahorc\u00e1ndose en Don Juan, municipio Consuelo"},"content":{"rendered":"<p style=\"text-align: justify;\">Una adolescente de 15 a\u00f1os, identificada \u00fanicamente como \u00c1mbar, falleci\u00f3 tras presuntamente ahorcarse en un hecho que ha causado consternaci\u00f3n entre los residentes de la comunidad de Don Juan, en el municipio de Consuelo.<\/p>\n<p style=\"text-align: justify;\">De acuerdo con informaciones preliminares, la menor habr\u00eda tomado la decisi\u00f3n de quitarse la vida por motivos que hasta el momento no han sido esclarecidos.<\/p>\n<p style=\"text-align: justify;\">El caso ha generado gran tristeza entre familiares, amigos y comunitarios, quienes se encuentran impactados por la tragedia.<\/p>\n<p style=\"text-align: justify;\">Las autoridades correspondientes investigan las circunstancias en que ocurri\u00f3 el hecho para determinar los detalles del mismo.<\/p>\n","protected":false},"excerpt":{"rendered":"<p>Una adolescente de 15 a\u00f1os, identificada \u00fanicamente como \u00c1mbar, falleci\u00f3 tras presuntamente ahorcarse en un hecho que ha causado consternaci\u00f3n entre los residentes de la comunidad de Don Juan, en el municipio de Consuelo. De acuerdo con informaciones preliminares, la menor habr\u00eda tomado la decisi\u00f3n de quitarse la vida por motivos que hasta el momento [&hellip;]<\/p>\n","protected":false},"author":15,"featured_media":54377,"comment_status":"open","ping_status":"open","sticky":false,"template":"","format":"standard","meta":{"footnotes":""},"categories":[13,12,3773,2472],"tags":[7226,1732,4171,7339,7338],"class_list":{"0":"post-54376","1":"post","2":"type-post","3":"status-publish","4":"format-standard","5":"has-post-thumbnail","7":"category-consuelo","8":"category-municipales","9":"category-portada","10":"category-provincias-del-este","11":"tag-15-anos","12":"tag-adolescente","13":"tag-don-juan","14":"tag-municipio-consuelo","15":"tag-se-quita-la-vida"},"yoast_head":"<!-- This site is optimized with the Yoast SEO plugin v27.1.1 - https:\/\/yoast.com\/product\/yoast-seo-wordpress\/ -->\n<title>Adolescente de 15 a\u00f1os se quita la vida ahorc\u00e1ndose en Don Juan, municipio Consuelo - Conexi\u00f3n 23<\/title>\n<meta name=\"robots\" content=\"index, follow, max-snippet:-1, max-image-preview:large, max-video-preview:-1\" \/>\n<link rel=\"canonical\" href=\"http:\/\/conexion23.com\/?p=54376\" \/>\n<meta property=\"og:locale\" content=\"es_ES\" \/>\n<meta property=\"og:type\" content=\"article\" \/>\n<meta property=\"og:title\" content=\"Adolescente de 15 a\u00f1os se quita la vida ahorc\u00e1ndose en Don Juan, municipio Consuelo - Conexi\u00f3n 23\" \/>\n<meta property=\"og:description\" content=\"Una adolescente de 15 a\u00f1os, identificada \u00fanicamente como \u00c1mbar, falleci\u00f3 tras presuntamente ahorcarse en un hecho que ha causado consternaci\u00f3n entre los residentes de la comunidad de Don Juan, en el municipio de Consuelo. De acuerdo con informaciones preliminares, la menor habr\u00eda tomado la decisi\u00f3n de quitarse la vida por motivos que hasta el momento [&hellip;]\" \/>\n<meta property=\"og:url\" content=\"http:\/\/conexion23.com\/?p=54376\" \/>\n<meta property=\"og:site_name\" content=\"Conexi\u00f3n 23\" \/>\n<meta property=\"article:publisher\" content=\"https:\/\/www.facebook.com\/conexion23com\" \/>\n<meta property=\"article:published_time\" content=\"2026-03-12T13:00:29+00:00\" \/>\n<meta property=\"og:image\" content=\"http:\/\/conexion23.com\/wp-content\/uploads\/2026\/03\/descarga-20.jpg\" \/>\n\t<meta property=\"og:image:width\" content=\"1024\" \/>\n\t<meta property=\"og:image:height\" content=\"537\" \/>\n\t<meta property=\"og:image:type\" content=\"image\/jpeg\" \/>\n<meta name=\"author\" content=\"Raffy Ben\u00edtez\" \/>\n<meta name=\"twitter:card\" content=\"summary_large_image\" \/>\n<meta name=\"twitter:label1\" content=\"Escrito por\" \/>\n\t<meta name=\"twitter:data1\" content=\"Raffy Ben\u00edtez\" \/>\n\t<meta name=\"twitter:label2\" content=\"Tiempo de lectura\" \/>\n\t<meta name=\"twitter:data2\" content=\"1 minuto\" \/>\n<script type=\"application\/ld+json\" class=\"yoast-schema-graph\">{\"@context\":\"https:\/\/schema.org\",\"@graph\":[{\"@type\":\"Article\",\"@id\":\"http:\/\/conexion23.com\/?p=54376#article\",\"isPartOf\":{\"@id\":\"http:\/\/conexion23.com\/?p=54376\"},\"author\":{\"name\":\"Raffy Ben\u00edtez\",\"@id\":\"https:\/\/conexion23.com\/#\/schema\/person\/03e36043331117e97a373299bbcd30a6\"},\"headline\":\"Adolescente de 15 a\u00f1os se quita la vida ahorc\u00e1ndose en Don Juan, municipio Consuelo\",\"datePublished\":\"2026-03-12T13:00:29+00:00\",\"mainEntityOfPage\":{\"@id\":\"http:\/\/conexion23.com\/?p=54376\"},\"wordCount\":112,\"commentCount\":0,\"publisher\":{\"@id\":\"https:\/\/conexion23.com\/#organization\"},\"image\":{\"@id\":\"http:\/\/conexion23.com\/?p=54376#primaryimage\"},\"thumbnailUrl\":\"https:\/\/conexion23.com\/wp-content\/uploads\/2026\/03\/descarga-20.jpg\",\"keywords\":[\"15 a\u00f1os\",\"adolescente\",\"Don Juan\",\"municipio Consuelo\",\"se quita la vida\"],\"articleSection\":[\"Consuelo\",\"Municipales\",\"Portada\",\"Provincias del Este\"],\"inLanguage\":\"es\",\"potentialAction\":[{\"@type\":\"CommentAction\",\"name\":\"Comment\",\"target\":[\"http:\/\/conexion23.com\/?p=54376#respond\"]}]},{\"@type\":\"WebPage\",\"@id\":\"http:\/\/conexion23.com\/?p=54376\",\"url\":\"http:\/\/conexion23.com\/?p=54376\",\"name\":\"Adolescente de 15 a\u00f1os se quita la vida ahorc\u00e1ndose en Don Juan, municipio Consuelo - Conexi\u00f3n 23\",\"isPartOf\":{\"@id\":\"https:\/\/conexion23.com\/#website\"},\"primaryImageOfPage\":{\"@id\":\"http:\/\/conexion23.com\/?p=54376#primaryimage\"},\"image\":{\"@id\":\"http:\/\/conexion23.com\/?p=54376#primaryimage\"},\"thumbnailUrl\":\"https:\/\/conexion23.com\/wp-content\/uploads\/2026\/03\/descarga-20.jpg\",\"datePublished\":\"2026-03-12T13:00:29+00:00\",\"breadcrumb\":{\"@id\":\"http:\/\/conexion23.com\/?p=54376#breadcrumb\"},\"inLanguage\":\"es\",\"potentialAction\":[{\"@type\":\"ReadAction\",\"target\":[\"http:\/\/conexion23.com\/?p=54376\"]}]},{\"@type\":\"ImageObject\",\"inLanguage\":\"es\",\"@id\":\"http:\/\/conexion23.com\/?p=54376#primaryimage\",\"url\":\"https:\/\/conexion23.com\/wp-content\/uploads\/2026\/03\/descarga-20.jpg\",\"contentUrl\":\"https:\/\/conexion23.com\/wp-content\/uploads\/2026\/03\/descarga-20.jpg\",\"width\":1024,\"height\":537},{\"@type\":\"BreadcrumbList\",\"@id\":\"http:\/\/conexion23.com\/?p=54376#breadcrumb\",\"itemListElement\":[{\"@type\":\"ListItem\",\"position\":1,\"name\":\"Portada\",\"item\":\"https:\/\/conexion23.com\/\"},{\"@type\":\"ListItem\",\"position\":2,\"name\":\"Adolescente de 15 a\u00f1os se quita la vida ahorc\u00e1ndose en Don Juan, municipio Consuelo\"}]},{\"@type\":\"WebSite\",\"@id\":\"https:\/\/conexion23.com\/#website\",\"url\":\"https:\/\/conexion23.com\/\",\"name\":\"Conexi\u00f3n 23\",\"description\":\"Peri\u00f3dico 100% Petromacorisano\",\"publisher\":{\"@id\":\"https:\/\/conexion23.com\/#organization\"},\"potentialAction\":[{\"@type\":\"SearchAction\",\"target\":{\"@type\":\"EntryPoint\",\"urlTemplate\":\"https:\/\/conexion23.com\/?s={search_term_string}\"},\"query-input\":{\"@type\":\"PropertyValueSpecification\",\"valueRequired\":true,\"valueName\":\"search_term_string\"}}],\"inLanguage\":\"es\"},{\"@type\":\"Organization\",\"@id\":\"https:\/\/conexion23.com\/#organization\",\"name\":\"Conexion 23\",\"url\":\"https:\/\/conexion23.com\/\",\"logo\":{\"@type\":\"ImageObject\",\"inLanguage\":\"es\",\"@id\":\"https:\/\/conexion23.com\/#\/schema\/logo\/image\/\",\"url\":\"https:\/\/conexion23.com\/wp-content\/uploads\/2021\/11\/Diseno-sin-titulo-2.png\",\"contentUrl\":\"https:\/\/conexion23.com\/wp-content\/uploads\/2021\/11\/Diseno-sin-titulo-2.png\",\"width\":541,\"height\":90,\"caption\":\"Conexion 23\"},\"image\":{\"@id\":\"https:\/\/conexion23.com\/#\/schema\/logo\/image\/\"},\"sameAs\":[\"https:\/\/www.facebook.com\/conexion23com\",\"https:\/\/www.instagram.com\/conexion23com\/\",\"https:\/\/www.youtube.com\/channel\/UCYc7vxxFZMYLIHNsHHxPZ3Q\"]},{\"@type\":\"Person\",\"@id\":\"https:\/\/conexion23.com\/#\/schema\/person\/03e36043331117e97a373299bbcd30a6\",\"name\":\"Raffy Ben\u00edtez\",\"image\":{\"@type\":\"ImageObject\",\"inLanguage\":\"es\",\"@id\":\"https:\/\/conexion23.com\/#\/schema\/person\/image\/\",\"url\":\"https:\/\/secure.gravatar.com\/avatar\/3190a6a6c5e1b0327500f7d6c56b6242472ee6cb974cf09b401ee6b3b0798f23?s=96&d=mm&r=g\",\"contentUrl\":\"https:\/\/secure.gravatar.com\/avatar\/3190a6a6c5e1b0327500f7d6c56b6242472ee6cb974cf09b401ee6b3b0798f23?s=96&d=mm&r=g\",\"caption\":\"Raffy Ben\u00edtez\"},\"url\":\"https:\/\/conexion23.com\/?author=15\"}]}<\/script>\n<!-- \/ Yoast SEO plugin. -->","yoast_head_json":{"title":"Adolescente de 15 a\u00f1os se quita la vida ahorc\u00e1ndose en Don Juan, municipio Consuelo - Conexi\u00f3n 23","robots":{"index":"index","follow":"follow","max-snippet":"max-snippet:-1","max-image-preview":"max-image-preview:large","max-video-preview":"max-video-preview:-1"},"canonical":"http:\/\/conexion23.com\/?p=54376","og_locale":"es_ES","og_type":"article","og_title":"Adolescente de 15 a\u00f1os se quita la vida ahorc\u00e1ndose en Don Juan, municipio Consuelo - Conexi\u00f3n 23","og_description":"Una adolescente de 15 a\u00f1os, identificada \u00fanicamente como \u00c1mbar, falleci\u00f3 tras presuntamente ahorcarse en un hecho que ha causado consternaci\u00f3n entre los residentes de la comunidad de Don Juan, en el municipio de Consuelo. De acuerdo con informaciones preliminares, la menor habr\u00eda tomado la decisi\u00f3n de quitarse la vida por motivos que hasta el momento [&hellip;]","og_url":"http:\/\/conexion23.com\/?p=54376","og_site_name":"Conexi\u00f3n 23","article_publisher":"https:\/\/www.facebook.com\/conexion23com","article_published_time":"2026-03-12T13:00:29+00:00","og_image":[{"width":1024,"height":537,"url":"http:\/\/conexion23.com\/wp-content\/uploads\/2026\/03\/descarga-20.jpg","type":"image\/jpeg"}],"author":"Raffy Ben\u00edtez","twitter_card":"summary_large_image","twitter_misc":{"Escrito por":"Raffy Ben\u00edtez","Tiempo de lectura":"1 minuto"},"schema":{"@context":"https:\/\/schema.org","@graph":[{"@type":"Article","@id":"http:\/\/conexion23.com\/?p=54376#article","isPartOf":{"@id":"http:\/\/conexion23.com\/?p=54376"},"author":{"name":"Raffy Ben\u00edtez","@id":"https:\/\/conexion23.com\/#\/schema\/person\/03e36043331117e97a373299bbcd30a6"},"headline":"Adolescente de 15 a\u00f1os se quita la vida ahorc\u00e1ndose en Don Juan, municipio Consuelo","datePublished":"2026-03-12T13:00:29+00:00","mainEntityOfPage":{"@id":"http:\/\/conexion23.com\/?p=54376"},"wordCount":112,"commentCount":0,"publisher":{"@id":"https:\/\/conexion23.com\/#organization"},"image":{"@id":"http:\/\/conexion23.com\/?p=54376#primaryimage"},"thumbnailUrl":"https:\/\/conexion23.com\/wp-content\/uploads\/2026\/03\/descarga-20.jpg","keywords":["15 a\u00f1os","adolescente","Don Juan","municipio Consuelo","se quita la vida"],"articleSection":["Consuelo","Municipales","Portada","Provincias del Este"],"inLanguage":"es","potentialAction":[{"@type":"CommentAction","name":"Comment","target":["http:\/\/conexion23.com\/?p=54376#respond"]}]},{"@type":"WebPage","@id":"http:\/\/conexion23.com\/?p=54376","url":"http:\/\/conexion23.com\/?p=54376","name":"Adolescente de 15 a\u00f1os se quita la vida ahorc\u00e1ndose en Don Juan, municipio Consuelo - Conexi\u00f3n 23","isPartOf":{"@id":"https:\/\/conexion23.com\/#website"},"primaryImageOfPage":{"@id":"http:\/\/conexion23.com\/?p=54376#primaryimage"},"image":{"@id":"http:\/\/conexion23.com\/?p=54376#primaryimage"},"thumbnailUrl":"https:\/\/conexion23.com\/wp-content\/uploads\/2026\/03\/descarga-20.jpg","datePublished":"2026-03-12T13:00:29+00:00","breadcrumb":{"@id":"http:\/\/conexion23.com\/?p=54376#breadcrumb"},"inLanguage":"es","potentialAction":[{"@type":"ReadAction","target":["http:\/\/conexion23.com\/?p=54376"]}]},{"@type":"ImageObject","inLanguage":"es","@id":"http:\/\/conexion23.com\/?p=54376#primaryimage","url":"https:\/\/conexion23.com\/wp-content\/uploads\/2026\/03\/descarga-20.jpg","contentUrl":"https:\/\/conexion23.com\/wp-content\/uploads\/2026\/03\/descarga-20.jpg","width":1024,"height":537},{"@type":"BreadcrumbList","@id":"http:\/\/conexion23.com\/?p=54376#breadcrumb","itemListElement":[{"@type":"ListItem","position":1,"name":"Portada","item":"https:\/\/conexion23.com\/"},{"@type":"ListItem","position":2,"name":"Adolescente de 15 a\u00f1os se quita la vida ahorc\u00e1ndose en Don Juan, municipio Consuelo"}]},{"@type":"WebSite","@id":"https:\/\/conexion23.com\/#website","url":"https:\/\/conexion23.com\/","name":"Conexi\u00f3n 23","description":"Peri\u00f3dico 100% Petromacorisano","publisher":{"@id":"https:\/\/conexion23.com\/#organization"},"potentialAction":[{"@type":"SearchAction","target":{"@type":"EntryPoint","urlTemplate":"https:\/\/conexion23.com\/?s={search_term_string}"},"query-input":{"@type":"PropertyValueSpecification","valueRequired":true,"valueName":"search_term_string"}}],"inLanguage":"es"},{"@type":"Organization","@id":"https:\/\/conexion23.com\/#organization","name":"Conexion 23","url":"https:\/\/conexion23.com\/","logo":{"@type":"ImageObject","inLanguage":"es","@id":"https:\/\/conexion23.com\/#\/schema\/logo\/image\/","url":"https:\/\/conexion23.com\/wp-content\/uploads\/2021\/11\/Diseno-sin-titulo-2.png","contentUrl":"https:\/\/conexion23.com\/wp-content\/uploads\/2021\/11\/Diseno-sin-titulo-2.png","width":541,"height":90,"caption":"Conexion 23"},"image":{"@id":"https:\/\/conexion23.com\/#\/schema\/logo\/image\/"},"sameAs":["https:\/\/www.facebook.com\/conexion23com","https:\/\/www.instagram.com\/conexion23com\/","https:\/\/www.youtube.com\/channel\/UCYc7vxxFZMYLIHNsHHxPZ3Q"]},{"@type":"Person","@id":"https:\/\/conexion23.com\/#\/schema\/person\/03e36043331117e97a373299bbcd30a6","name":"Raffy Ben\u00edtez","image":{"@type":"ImageObject","inLanguage":"es","@id":"https:\/\/conexion23.com\/#\/schema\/person\/image\/","url":"https:\/\/secure.gravatar.com\/avatar\/3190a6a6c5e1b0327500f7d6c56b6242472ee6cb974cf09b401ee6b3b0798f23?s=96&d=mm&r=g","contentUrl":"https:\/\/secure.gravatar.com\/avatar\/3190a6a6c5e1b0327500f7d6c56b6242472ee6cb974cf09b401ee6b3b0798f23?s=96&d=mm&r=g","caption":"Raffy Ben\u00edtez"},"url":"https:\/\/conexion23.com\/?author=15"}]}},"_links":{"self":[{"href":"https:\/\/conexion23.com\/index.php?rest_route=\/wp\/v2\/posts\/54376","targetHints":{"allow":["GET"]}}],"collection":[{"href":"https:\/\/conexion23.com\/index.php?rest_route=\/wp\/v2\/posts"}],"about":[{"href":"https:\/\/conexion23.com\/index.php?rest_route=\/wp\/v2\/types\/post"}],"author":[{"embeddable":true,"href":"https:\/\/conexion23.com\/index.php?rest_route=\/wp\/v2\/users\/15"}],"replies":[{"embeddable":true,"href":"https:\/\/conexion23.com\/index.php?rest_route=%2Fwp%2Fv2%2Fcomments&post=54376"}],"version-history":[{"count":1,"href":"https:\/\/conexion23.com\/index.php?rest_route=\/wp\/v2\/posts\/54376\/revisions"}],"predecessor-version":[{"id":54378,"href":"https:\/\/conexion23.com\/index.php?rest_route=\/wp\/v2\/posts\/54376\/revisions\/54378"}],"wp:featuredmedia":[{"embeddable":true,"href":"https:\/\/conexion23.com\/index.php?rest_route=\/wp\/v2\/media\/54377"}],"wp:attachment":[{"href":"https:\/\/conexion23.com\/index.php?rest_route=%2Fwp%2Fv2%2Fmedia&parent=54376"}],"wp:term":[{"taxonomy":"category","embeddable":true,"href":"https:\/\/conexion23.com\/index.php?rest_route=%2Fwp%2Fv2%2Fcategories&post=54376"},{"taxonomy":"post_tag","embeddable":true,"href":"https:\/\/conexion23.com\/index.php?rest_route=%2Fwp%2Fv2%2Ftags&post=54376"}],"curies":[{"name":"wp","href":"https:\/\/api.w.org\/{rel}","templated":true}]}}