{"id":54388,"date":"2026-03-12T09:45:29","date_gmt":"2026-03-12T13:45:29","guid":{"rendered":"https:\/\/conexion23.com\/?p=54388"},"modified":"2026-03-12T09:56:14","modified_gmt":"2026-03-12T13:56:14","slug":"renuncia-alcalde-de-sabana-de-la-mar-solano-hernandez-del-prm","status":"publish","type":"post","link":"https:\/\/conexion23.com\/?p=54388","title":{"rendered":"Renuncia alcalde del PRM en Sabana de la Mar"},"content":{"rendered":"<p style=\"text-align: justify;\"><strong>Por: Honatan Caraballo <\/strong><\/p>\n<p style=\"text-align: justify;\"><strong>El alcalde del municipio de Sabana de la Mar, Solano Hern\u00e1ndez, present\u00f3 su renuncia irrevocable al Partido Revolucionario Moderno (PRM), organizaci\u00f3n pol\u00edtica por la cual fue electo en los pasados comicios.<\/strong><\/p>\n<p style=\"text-align: justify;\">La dimisi\u00f3n del ejecutivo municipal marca una ruptura significativa con la estructura oficialista en la provincia de Hato Mayor. Aunque Hern\u00e1ndez no ha detallado los motivos exactos de su salida ni ha anunciado su integraci\u00f3n a otra parcela pol\u00edtica, el movimiento genera una vacante de liderazgo clave para el PRM en la zona costera.<\/p>\n<p style=\"text-align: justify;\">Se espera que en las pr\u00f3ximas horas el alcalde fije una posici\u00f3n oficial sobre su futuro pol\u00edtico y aclare si se mantendr\u00e1 como independiente o si pasar\u00e1 a las filas de la oposici\u00f3n.<\/p>\n","protected":false},"excerpt":{"rendered":"<p>Por: Honatan Caraballo El alcalde del municipio de Sabana de la Mar, Solano Hern\u00e1ndez, present\u00f3 su renuncia irrevocable al Partido Revolucionario Moderno (PRM), organizaci\u00f3n pol\u00edtica por la cual fue electo en los pasados comicios. La dimisi\u00f3n del ejecutivo municipal marca una ruptura significativa con la estructura oficialista en la provincia de Hato Mayor. Aunque Hern\u00e1ndez [&hellip;]<\/p>\n","protected":false},"author":18,"featured_media":54389,"comment_status":"open","ping_status":"open","sticky":false,"template":"","format":"standard","meta":{"footnotes":""},"categories":[2476,3773],"tags":[1651,7347,5874,311,7346],"class_list":{"0":"post-54388","1":"post","2":"type-post","3":"status-publish","4":"format-standard","5":"has-post-thumbnail","7":"category-hato-mayor","8":"category-portada","9":"tag-alcalde","10":"tag-ayuntamietno","11":"tag-revolucionario-moderno","12":"tag-sabana-de-la-mar","13":"tag-solano-hernandez"},"yoast_head":"<!-- This site is optimized with the Yoast SEO plugin v27.1.1 - https:\/\/yoast.com\/product\/yoast-seo-wordpress\/ -->\n<title>Renuncia alcalde del PRM en Sabana de la Mar - Conexi\u00f3n 23<\/title>\n<meta name=\"robots\" content=\"index, follow, max-snippet:-1, max-image-preview:large, max-video-preview:-1\" \/>\n<link rel=\"canonical\" href=\"https:\/\/conexion23.com\/?p=54388\" \/>\n<meta property=\"og:locale\" content=\"es_ES\" \/>\n<meta property=\"og:type\" content=\"article\" \/>\n<meta property=\"og:title\" content=\"Renuncia alcalde del PRM en Sabana de la Mar - Conexi\u00f3n 23\" \/>\n<meta property=\"og:description\" content=\"Por: Honatan Caraballo El alcalde del municipio de Sabana de la Mar, Solano Hern\u00e1ndez, present\u00f3 su renuncia irrevocable al Partido Revolucionario Moderno (PRM), organizaci\u00f3n pol\u00edtica por la cual fue electo en los pasados comicios. La dimisi\u00f3n del ejecutivo municipal marca una ruptura significativa con la estructura oficialista en la provincia de Hato Mayor. Aunque Hern\u00e1ndez [&hellip;]\" \/>\n<meta property=\"og:url\" content=\"https:\/\/conexion23.com\/?p=54388\" \/>\n<meta property=\"og:site_name\" content=\"Conexi\u00f3n 23\" \/>\n<meta property=\"article:publisher\" content=\"https:\/\/www.facebook.com\/conexion23com\" \/>\n<meta property=\"article:published_time\" content=\"2026-03-12T13:45:29+00:00\" \/>\n<meta property=\"article:modified_time\" content=\"2026-03-12T13:56:14+00:00\" \/>\n<meta property=\"og:image\" content=\"https:\/\/conexion23.com\/wp-content\/uploads\/2026\/03\/El-alcalde-Solano-Hernandez.jpeg\" \/>\n\t<meta property=\"og:image:width\" content=\"828\" \/>\n\t<meta property=\"og:image:height\" content=\"961\" \/>\n\t<meta property=\"og:image:type\" content=\"image\/jpeg\" \/>\n<meta name=\"author\" content=\"Redacci\u00f3n\" \/>\n<meta name=\"twitter:card\" content=\"summary_large_image\" \/>\n<meta name=\"twitter:label1\" content=\"Escrito por\" \/>\n\t<meta name=\"twitter:data1\" content=\"Redacci\u00f3n\" \/>\n\t<meta name=\"twitter:label2\" content=\"Tiempo de lectura\" \/>\n\t<meta name=\"twitter:data2\" content=\"1 minuto\" \/>\n<script type=\"application\/ld+json\" class=\"yoast-schema-graph\">{\"@context\":\"https:\/\/schema.org\",\"@graph\":[{\"@type\":\"Article\",\"@id\":\"https:\/\/conexion23.com\/?p=54388#article\",\"isPartOf\":{\"@id\":\"https:\/\/conexion23.com\/?p=54388\"},\"author\":{\"name\":\"Redacci\u00f3n\",\"@id\":\"https:\/\/conexion23.com\/#\/schema\/person\/0a860802b17d01ad2a278f53c507c296\"},\"headline\":\"Renuncia alcalde del PRM en Sabana de la Mar\",\"datePublished\":\"2026-03-12T13:45:29+00:00\",\"dateModified\":\"2026-03-12T13:56:14+00:00\",\"mainEntityOfPage\":{\"@id\":\"https:\/\/conexion23.com\/?p=54388\"},\"wordCount\":141,\"commentCount\":0,\"publisher\":{\"@id\":\"https:\/\/conexion23.com\/#organization\"},\"image\":{\"@id\":\"https:\/\/conexion23.com\/?p=54388#primaryimage\"},\"thumbnailUrl\":\"https:\/\/conexion23.com\/wp-content\/uploads\/2026\/03\/El-alcalde-Solano-Hernandez.jpeg\",\"keywords\":[\"alcalde\",\"ayuntamietno\",\"Revolucionario Moderno\",\"sabana de la mar\",\"Solano Hern\u00e1ndez\"],\"articleSection\":[\"Hato Mayor\",\"Portada\"],\"inLanguage\":\"es\",\"potentialAction\":[{\"@type\":\"CommentAction\",\"name\":\"Comment\",\"target\":[\"https:\/\/conexion23.com\/?p=54388#respond\"]}]},{\"@type\":\"WebPage\",\"@id\":\"https:\/\/conexion23.com\/?p=54388\",\"url\":\"https:\/\/conexion23.com\/?p=54388\",\"name\":\"Renuncia alcalde del PRM en Sabana de la Mar - Conexi\u00f3n 23\",\"isPartOf\":{\"@id\":\"https:\/\/conexion23.com\/#website\"},\"primaryImageOfPage\":{\"@id\":\"https:\/\/conexion23.com\/?p=54388#primaryimage\"},\"image\":{\"@id\":\"https:\/\/conexion23.com\/?p=54388#primaryimage\"},\"thumbnailUrl\":\"https:\/\/conexion23.com\/wp-content\/uploads\/2026\/03\/El-alcalde-Solano-Hernandez.jpeg\",\"datePublished\":\"2026-03-12T13:45:29+00:00\",\"dateModified\":\"2026-03-12T13:56:14+00:00\",\"breadcrumb\":{\"@id\":\"https:\/\/conexion23.com\/?p=54388#breadcrumb\"},\"inLanguage\":\"es\",\"potentialAction\":[{\"@type\":\"ReadAction\",\"target\":[\"https:\/\/conexion23.com\/?p=54388\"]}]},{\"@type\":\"ImageObject\",\"inLanguage\":\"es\",\"@id\":\"https:\/\/conexion23.com\/?p=54388#primaryimage\",\"url\":\"https:\/\/conexion23.com\/wp-content\/uploads\/2026\/03\/El-alcalde-Solano-Hernandez.jpeg\",\"contentUrl\":\"https:\/\/conexion23.com\/wp-content\/uploads\/2026\/03\/El-alcalde-Solano-Hernandez.jpeg\",\"width\":828,\"height\":961},{\"@type\":\"BreadcrumbList\",\"@id\":\"https:\/\/conexion23.com\/?p=54388#breadcrumb\",\"itemListElement\":[{\"@type\":\"ListItem\",\"position\":1,\"name\":\"Portada\",\"item\":\"https:\/\/conexion23.com\/\"},{\"@type\":\"ListItem\",\"position\":2,\"name\":\"Renuncia alcalde del PRM en Sabana de la Mar\"}]},{\"@type\":\"WebSite\",\"@id\":\"https:\/\/conexion23.com\/#website\",\"url\":\"https:\/\/conexion23.com\/\",\"name\":\"Conexi\u00f3n 23\",\"description\":\"Peri\u00f3dico 100% Petromacorisano\",\"publisher\":{\"@id\":\"https:\/\/conexion23.com\/#organization\"},\"potentialAction\":[{\"@type\":\"SearchAction\",\"target\":{\"@type\":\"EntryPoint\",\"urlTemplate\":\"https:\/\/conexion23.com\/?s={search_term_string}\"},\"query-input\":{\"@type\":\"PropertyValueSpecification\",\"valueRequired\":true,\"valueName\":\"search_term_string\"}}],\"inLanguage\":\"es\"},{\"@type\":\"Organization\",\"@id\":\"https:\/\/conexion23.com\/#organization\",\"name\":\"Conexion 23\",\"url\":\"https:\/\/conexion23.com\/\",\"logo\":{\"@type\":\"ImageObject\",\"inLanguage\":\"es\",\"@id\":\"https:\/\/conexion23.com\/#\/schema\/logo\/image\/\",\"url\":\"https:\/\/conexion23.com\/wp-content\/uploads\/2021\/11\/Diseno-sin-titulo-2.png\",\"contentUrl\":\"https:\/\/conexion23.com\/wp-content\/uploads\/2021\/11\/Diseno-sin-titulo-2.png\",\"width\":541,\"height\":90,\"caption\":\"Conexion 23\"},\"image\":{\"@id\":\"https:\/\/conexion23.com\/#\/schema\/logo\/image\/\"},\"sameAs\":[\"https:\/\/www.facebook.com\/conexion23com\",\"https:\/\/www.instagram.com\/conexion23com\/\",\"https:\/\/www.youtube.com\/channel\/UCYc7vxxFZMYLIHNsHHxPZ3Q\"]},{\"@type\":\"Person\",\"@id\":\"https:\/\/conexion23.com\/#\/schema\/person\/0a860802b17d01ad2a278f53c507c296\",\"name\":\"Redacci\u00f3n\",\"image\":{\"@type\":\"ImageObject\",\"inLanguage\":\"es\",\"@id\":\"https:\/\/conexion23.com\/#\/schema\/person\/image\/\",\"url\":\"https:\/\/secure.gravatar.com\/avatar\/ec9d84b79c776aa1994e5893944465db9974b17b884155623da51b7b62c02845?s=96&d=mm&r=g\",\"contentUrl\":\"https:\/\/secure.gravatar.com\/avatar\/ec9d84b79c776aa1994e5893944465db9974b17b884155623da51b7b62c02845?s=96&d=mm&r=g\",\"caption\":\"Redacci\u00f3n\"},\"url\":\"https:\/\/conexion23.com\/?author=18\"}]}<\/script>\n<!-- \/ Yoast SEO plugin. -->","yoast_head_json":{"title":"Renuncia alcalde del PRM en Sabana de la Mar - Conexi\u00f3n 23","robots":{"index":"index","follow":"follow","max-snippet":"max-snippet:-1","max-image-preview":"max-image-preview:large","max-video-preview":"max-video-preview:-1"},"canonical":"https:\/\/conexion23.com\/?p=54388","og_locale":"es_ES","og_type":"article","og_title":"Renuncia alcalde del PRM en Sabana de la Mar - Conexi\u00f3n 23","og_description":"Por: Honatan Caraballo El alcalde del municipio de Sabana de la Mar, Solano Hern\u00e1ndez, present\u00f3 su renuncia irrevocable al Partido Revolucionario Moderno (PRM), organizaci\u00f3n pol\u00edtica por la cual fue electo en los pasados comicios. La dimisi\u00f3n del ejecutivo municipal marca una ruptura significativa con la estructura oficialista en la provincia de Hato Mayor. Aunque Hern\u00e1ndez [&hellip;]","og_url":"https:\/\/conexion23.com\/?p=54388","og_site_name":"Conexi\u00f3n 23","article_publisher":"https:\/\/www.facebook.com\/conexion23com","article_published_time":"2026-03-12T13:45:29+00:00","article_modified_time":"2026-03-12T13:56:14+00:00","og_image":[{"width":828,"height":961,"url":"https:\/\/conexion23.com\/wp-content\/uploads\/2026\/03\/El-alcalde-Solano-Hernandez.jpeg","type":"image\/jpeg"}],"author":"Redacci\u00f3n","twitter_card":"summary_large_image","twitter_misc":{"Escrito por":"Redacci\u00f3n","Tiempo de lectura":"1 minuto"},"schema":{"@context":"https:\/\/schema.org","@graph":[{"@type":"Article","@id":"https:\/\/conexion23.com\/?p=54388#article","isPartOf":{"@id":"https:\/\/conexion23.com\/?p=54388"},"author":{"name":"Redacci\u00f3n","@id":"https:\/\/conexion23.com\/#\/schema\/person\/0a860802b17d01ad2a278f53c507c296"},"headline":"Renuncia alcalde del PRM en Sabana de la Mar","datePublished":"2026-03-12T13:45:29+00:00","dateModified":"2026-03-12T13:56:14+00:00","mainEntityOfPage":{"@id":"https:\/\/conexion23.com\/?p=54388"},"wordCount":141,"commentCount":0,"publisher":{"@id":"https:\/\/conexion23.com\/#organization"},"image":{"@id":"https:\/\/conexion23.com\/?p=54388#primaryimage"},"thumbnailUrl":"https:\/\/conexion23.com\/wp-content\/uploads\/2026\/03\/El-alcalde-Solano-Hernandez.jpeg","keywords":["alcalde","ayuntamietno","Revolucionario Moderno","sabana de la mar","Solano Hern\u00e1ndez"],"articleSection":["Hato Mayor","Portada"],"inLanguage":"es","potentialAction":[{"@type":"CommentAction","name":"Comment","target":["https:\/\/conexion23.com\/?p=54388#respond"]}]},{"@type":"WebPage","@id":"https:\/\/conexion23.com\/?p=54388","url":"https:\/\/conexion23.com\/?p=54388","name":"Renuncia alcalde del PRM en Sabana de la Mar - Conexi\u00f3n 23","isPartOf":{"@id":"https:\/\/conexion23.com\/#website"},"primaryImageOfPage":{"@id":"https:\/\/conexion23.com\/?p=54388#primaryimage"},"image":{"@id":"https:\/\/conexion23.com\/?p=54388#primaryimage"},"thumbnailUrl":"https:\/\/conexion23.com\/wp-content\/uploads\/2026\/03\/El-alcalde-Solano-Hernandez.jpeg","datePublished":"2026-03-12T13:45:29+00:00","dateModified":"2026-03-12T13:56:14+00:00","breadcrumb":{"@id":"https:\/\/conexion23.com\/?p=54388#breadcrumb"},"inLanguage":"es","potentialAction":[{"@type":"ReadAction","target":["https:\/\/conexion23.com\/?p=54388"]}]},{"@type":"ImageObject","inLanguage":"es","@id":"https:\/\/conexion23.com\/?p=54388#primaryimage","url":"https:\/\/conexion23.com\/wp-content\/uploads\/2026\/03\/El-alcalde-Solano-Hernandez.jpeg","contentUrl":"https:\/\/conexion23.com\/wp-content\/uploads\/2026\/03\/El-alcalde-Solano-Hernandez.jpeg","width":828,"height":961},{"@type":"BreadcrumbList","@id":"https:\/\/conexion23.com\/?p=54388#breadcrumb","itemListElement":[{"@type":"ListItem","position":1,"name":"Portada","item":"https:\/\/conexion23.com\/"},{"@type":"ListItem","position":2,"name":"Renuncia alcalde del PRM en Sabana de la Mar"}]},{"@type":"WebSite","@id":"https:\/\/conexion23.com\/#website","url":"https:\/\/conexion23.com\/","name":"Conexi\u00f3n 23","description":"Peri\u00f3dico 100% Petromacorisano","publisher":{"@id":"https:\/\/conexion23.com\/#organization"},"potentialAction":[{"@type":"SearchAction","target":{"@type":"EntryPoint","urlTemplate":"https:\/\/conexion23.com\/?s={search_term_string}"},"query-input":{"@type":"PropertyValueSpecification","valueRequired":true,"valueName":"search_term_string"}}],"inLanguage":"es"},{"@type":"Organization","@id":"https:\/\/conexion23.com\/#organization","name":"Conexion 23","url":"https:\/\/conexion23.com\/","logo":{"@type":"ImageObject","inLanguage":"es","@id":"https:\/\/conexion23.com\/#\/schema\/logo\/image\/","url":"https:\/\/conexion23.com\/wp-content\/uploads\/2021\/11\/Diseno-sin-titulo-2.png","contentUrl":"https:\/\/conexion23.com\/wp-content\/uploads\/2021\/11\/Diseno-sin-titulo-2.png","width":541,"height":90,"caption":"Conexion 23"},"image":{"@id":"https:\/\/conexion23.com\/#\/schema\/logo\/image\/"},"sameAs":["https:\/\/www.facebook.com\/conexion23com","https:\/\/www.instagram.com\/conexion23com\/","https:\/\/www.youtube.com\/channel\/UCYc7vxxFZMYLIHNsHHxPZ3Q"]},{"@type":"Person","@id":"https:\/\/conexion23.com\/#\/schema\/person\/0a860802b17d01ad2a278f53c507c296","name":"Redacci\u00f3n","image":{"@type":"ImageObject","inLanguage":"es","@id":"https:\/\/conexion23.com\/#\/schema\/person\/image\/","url":"https:\/\/secure.gravatar.com\/avatar\/ec9d84b79c776aa1994e5893944465db9974b17b884155623da51b7b62c02845?s=96&d=mm&r=g","contentUrl":"https:\/\/secure.gravatar.com\/avatar\/ec9d84b79c776aa1994e5893944465db9974b17b884155623da51b7b62c02845?s=96&d=mm&r=g","caption":"Redacci\u00f3n"},"url":"https:\/\/conexion23.com\/?author=18"}]}},"_links":{"self":[{"href":"https:\/\/conexion23.com\/index.php?rest_route=\/wp\/v2\/posts\/54388","targetHints":{"allow":["GET"]}}],"collection":[{"href":"https:\/\/conexion23.com\/index.php?rest_route=\/wp\/v2\/posts"}],"about":[{"href":"https:\/\/conexion23.com\/index.php?rest_route=\/wp\/v2\/types\/post"}],"author":[{"embeddable":true,"href":"https:\/\/conexion23.com\/index.php?rest_route=\/wp\/v2\/users\/18"}],"replies":[{"embeddable":true,"href":"https:\/\/conexion23.com\/index.php?rest_route=%2Fwp%2Fv2%2Fcomments&post=54388"}],"version-history":[{"count":2,"href":"https:\/\/conexion23.com\/index.php?rest_route=\/wp\/v2\/posts\/54388\/revisions"}],"predecessor-version":[{"id":54399,"href":"https:\/\/conexion23.com\/index.php?rest_route=\/wp\/v2\/posts\/54388\/revisions\/54399"}],"wp:featuredmedia":[{"embeddable":true,"href":"https:\/\/conexion23.com\/index.php?rest_route=\/wp\/v2\/media\/54389"}],"wp:attachment":[{"href":"https:\/\/conexion23.com\/index.php?rest_route=%2Fwp%2Fv2%2Fmedia&parent=54388"}],"wp:term":[{"taxonomy":"category","embeddable":true,"href":"https:\/\/conexion23.com\/index.php?rest_route=%2Fwp%2Fv2%2Fcategories&post=54388"},{"taxonomy":"post_tag","embeddable":true,"href":"https:\/\/conexion23.com\/index.php?rest_route=%2Fwp%2Fv2%2Ftags&post=54388"}],"curies":[{"name":"wp","href":"https:\/\/api.w.org\/{rel}","templated":true}]}}