{"id":55534,"date":"2026-04-05T08:19:57","date_gmt":"2026-04-05T12:19:57","guid":{"rendered":"https:\/\/conexion23.com\/?p=55534"},"modified":"2026-04-05T08:19:57","modified_gmt":"2026-04-05T12:19:57","slug":"muere-el-importante-muralista-dominicano-roberto-flores","status":"publish","type":"post","link":"https:\/\/conexion23.com\/?p=55534","title":{"rendered":"Muere el importante muralista dominicano Roberto Flores"},"content":{"rendered":"<p>Roberto Flores, el m\u00e1s importante muralista dominicano con que contaba el pa\u00eds, ha partido el pasado Viernes Santo.<\/p>\n<p>Tras dolencias propias de la edad, el creador visual, llamado El Artista de las monta\u00f1as por su inclinaci\u00f3n a residir en ambientes naturales de alturas, falleci\u00f3 en paz, inform\u00f3 su amigo y curador de arte, Abil Peralta Ag\u00fcero, a quien le dieron la infausta novedad los parientes del artista.<\/p>\n<p>Hab\u00eda nacido en la ciudad de Santo Domingo en 1949. E inici\u00f3 su formaci\u00f3n en\u00a0la Escuela Nacional de Bellas Artes en San Francisco de Macor\u00eds.\u00a0 Ingres\u00f3 en la Escuela Nacional de Bellas Artes en 1966, donde recibi\u00f3 instrucci\u00f3n directa de los profesores Pedro Villena, Domingo Liz y Jaime Colson, entre otros.<\/p>\n<p>Desde su aparici\u00f3n p\u00fablica advierte una tendencia hacia el academismo por el estilo colsoniano del que ha sido un ferviente partidario. Su excelente dibujo no pierde la calidad ni cuando es llevado a dimensiones colosales. Tal pureza se advierte en los trabajos pict\u00f3ricos.<\/p>\n<p>Sin embargo, la t\u00e9cnica del fresco atrap\u00f3 el inter\u00e9s del artista. Es conocido como el primer muralista dominicano en iniciar la realizaci\u00f3n de murales en las paredes de iglesias, en espacios p\u00fablicos y edificios.<\/p>\n<picture><source srcset=\"https:\/\/reporteextra.com\/\/wp-content\/uploads\/2026\/04\/Mirada-homosexual-identificada-por-parroco-Johnny-Duran-de-Jarabacoa-2.jpg.webp 1177w, https:\/\/reporteextra.com\/\/wp-content\/uploads\/2026\/04\/Mirada-homosexual-identificada-por-parroco-Johnny-Duran-de-Jarabacoa-2-300x170.jpg.webp 300w, https:\/\/reporteextra.com\/\/wp-content\/uploads\/2026\/04\/Mirada-homosexual-identificada-por-parroco-Johnny-Duran-de-Jarabacoa-2-1024x579.jpg.webp 1024w, https:\/\/reporteextra.com\/\/wp-content\/uploads\/2026\/04\/Mirada-homosexual-identificada-por-parroco-Johnny-Duran-de-Jarabacoa-2-768x435.jpg.webp 768w, https:\/\/reporteextra.com\/\/wp-content\/uploads\/2026\/04\/Mirada-homosexual-identificada-por-parroco-Johnny-Duran-de-Jarabacoa-2-696x394.jpg.webp 696w, https:\/\/reporteextra.com\/\/wp-content\/uploads\/2026\/04\/Mirada-homosexual-identificada-por-parroco-Johnny-Duran-de-Jarabacoa-2-1068x604.jpg.webp 1068w\" type=\"image\/webp\" sizes=\"(max-width: 1177px) 100vw, 1177px\" \/><img loading=\"lazy\" decoding=\"async\" class=\"wp-image-108207 size-full\" src=\"https:\/\/reporteextra.com\/\/wp-content\/uploads\/2026\/04\/Mirada-homosexual-identificada-por-parroco-Johnny-Duran-de-Jarabacoa-2.jpg\" sizes=\"auto, (max-width: 1177px) 100vw, 1177px\" srcset=\"https:\/\/reporteextra.com\/\/wp-content\/uploads\/2026\/04\/Mirada-homosexual-identificada-por-parroco-Johnny-Duran-de-Jarabacoa-2.jpg 1177w, https:\/\/reporteextra.com\/\/wp-content\/uploads\/2026\/04\/Mirada-homosexual-identificada-por-parroco-Johnny-Duran-de-Jarabacoa-2-300x170.jpg 300w, https:\/\/reporteextra.com\/\/wp-content\/uploads\/2026\/04\/Mirada-homosexual-identificada-por-parroco-Johnny-Duran-de-Jarabacoa-2-1024x579.jpg 1024w, https:\/\/reporteextra.com\/\/wp-content\/uploads\/2026\/04\/Mirada-homosexual-identificada-por-parroco-Johnny-Duran-de-Jarabacoa-2-768x435.jpg 768w, https:\/\/reporteextra.com\/\/wp-content\/uploads\/2026\/04\/Mirada-homosexual-identificada-por-parroco-Johnny-Duran-de-Jarabacoa-2-696x394.jpg 696w, https:\/\/reporteextra.com\/\/wp-content\/uploads\/2026\/04\/Mirada-homosexual-identificada-por-parroco-Johnny-Duran-de-Jarabacoa-2-1068x604.jpg 1068w\" alt=\"Mirada homosexual identificada por parroco Johnny Duran de Jarabacoa\" width=\"1177\" height=\"666\" data-eio=\"p\" \/><\/picture>\n<p>Mirada homosexual identificada por parroco Johnny Duran de JarabacoaSus murales religiosos se caracterizan por \u00e1ngeles y desnudos. Es considerado por la cr\u00edtica de arte Virginia Goris como \u201cuno de los principales muralistas del pa\u00eds y un excelente dibujante\u201d. Su obra de profundo sentido est\u00e9tico es un manifiesto viviente del arte verdadero de nuestra \u00e9poca.<\/p>\n<p>Al igual que esta iglesia ostentaba el lienzo del artista, en Cotu\u00ed, provincia S\u00e1nchez Ram\u00edrez, existen dos dibujos realizados por Flores, uno en la presa de Hatillo y otro en el ayuntamiento municipal.<\/p>\n<p>En la iglesia Nuestra Se\u00f1ora de Regla en Ban\u00ed, tambi\u00e9n aparece otro de los dibujos hechos por el merecedor del premio de la XII Bienal de Bellas Artes Pl\u00e1sticas (1972).<\/p>\n<p><strong>Agresi\u00f3n sacerdotal al derecho de autor<\/strong><\/p>\n<p>El maestro Flores, muralista esencial, hab\u00eda pintado un fresco titulado \u00abAlegor\u00eda de\u00a0la\u00a0Virgen del Carmen\u00bb\u00a0en la Iglesia Nuestra Se\u00f1ora del Carmen en Jarabacoa, en torno al cual surgi\u00f3 una pol\u00e9mica en el a\u00f1o 2010 y se extendi\u00f3 durante varios a\u00f1os, cuando el p\u00e1rroco Johnny Dur\u00e1n apreci\u00f3 que los \u00e1ngeles de la obra ten\u00edan \u201cmiradas homosexuales\u201d, por lo que se plante\u00f3 eliminar la obra.<\/p>\n<p>Esta postura origin\u00f3 una gran pol\u00e9mica que involucr\u00f3 elementos est\u00e9ticos, legales y religiosos.<\/p>\n<p>El fresco fue eliminado mediante pintura blanca por disposici\u00f3n del sacerdote en 2011\u00a0a pesar de la oposici\u00f3n de la comunidad art\u00edstica, de periodistas y gestores de cultura., A pesar de que la obra fue declarada Patrimonio Art\u00edstico Nacional por la C\u00e1mara de Diputados y de las protestas de la comunidad art\u00edstica, el fresco fue borrado con pintura blanca por instrucciones del sacerdote.<\/p>\n<p>Fue profesor de artes pl\u00e1sticas en la Escuela de Bellas Artes de San Francisco de Macor\u00eds hasta el a\u00f1o 1987 e imparti\u00f3 clases en la Escuela Nacional de Bellas Artes y la Escuela de Artes de la Universidad Aut\u00f3noma de Santo Domingo.<\/p>\n<p>Pie de foto:<\/p>\n<p>Roberto Flores, maestro dominicano del mural especializado en el fresco. Foto: Archivo de Abil Peralta Ag\u00fcero.<\/p>\n<p>El maestro Flores pintando\u00a0hace dos a\u00f1os.\u00a0Foto de Abil Peralta Ag\u00fcero.<\/p>\n<p>Obras del maestro Roberto Flores.\u00a0 Foto de Galer\u00eda del Arte Dominicano<\/p>\n<p>Mural al fresco pintado por el maestro Roberto Flores en la Iglesia del Carmen, de Jarabacoa, posteriormente borrado por orden del p\u00e1rroco Johnny Dur\u00e1n.<\/p>\n","protected":false},"excerpt":{"rendered":"<p>Roberto Flores, el m\u00e1s importante muralista dominicano con que contaba el pa\u00eds, ha partido el pasado Viernes Santo. Tras dolencias propias de la edad, el creador visual, llamado El Artista de las monta\u00f1as por su inclinaci\u00f3n a residir en ambientes naturales de alturas, falleci\u00f3 en paz, inform\u00f3 su amigo y curador de arte, Abil Peralta [&hellip;]<\/p>\n","protected":false},"author":15,"featured_media":55535,"comment_status":"open","ping_status":"open","sticky":false,"template":"","format":"standard","meta":{"footnotes":""},"categories":[20],"tags":[638,7963,7962],"class_list":["post-55534","post","type-post","status-publish","format-standard","has-post-thumbnail","category-arte-y-cultura-urbana","tag-muere","tag-muralista-dominicano","tag-roberto-flores"],"yoast_head":"<!-- This site is optimized with the Yoast SEO plugin v27.6 - https:\/\/yoast.com\/product\/yoast-seo-wordpress\/ -->\n<title>Muere el importante muralista dominicano Roberto Flores - Conexi\u00f3n 23<\/title>\n<meta name=\"robots\" content=\"index, follow, max-snippet:-1, max-image-preview:large, max-video-preview:-1\" \/>\n<link rel=\"canonical\" href=\"https:\/\/conexion23.com\/?p=55534\" \/>\n<meta property=\"og:locale\" content=\"es_ES\" \/>\n<meta property=\"og:type\" content=\"article\" \/>\n<meta property=\"og:title\" content=\"Muere el importante muralista dominicano Roberto Flores - Conexi\u00f3n 23\" \/>\n<meta property=\"og:description\" content=\"Roberto Flores, el m\u00e1s importante muralista dominicano con que contaba el pa\u00eds, ha partido el pasado Viernes Santo. Tras dolencias propias de la edad, el creador visual, llamado El Artista de las monta\u00f1as por su inclinaci\u00f3n a residir en ambientes naturales de alturas, falleci\u00f3 en paz, inform\u00f3 su amigo y curador de arte, Abil Peralta [&hellip;]\" \/>\n<meta property=\"og:url\" content=\"https:\/\/conexion23.com\/?p=55534\" \/>\n<meta property=\"og:site_name\" content=\"Conexi\u00f3n 23\" \/>\n<meta property=\"article:publisher\" content=\"https:\/\/www.facebook.com\/conexion23com\" \/>\n<meta property=\"article:published_time\" content=\"2026-04-05T12:19:57+00:00\" \/>\n<meta property=\"og:image\" content=\"https:\/\/conexion23.com\/wp-content\/uploads\/2026\/04\/Roberto-Flores-2-e1775337539637.png.webp\" \/>\n\t<meta property=\"og:image:width\" content=\"406\" \/>\n\t<meta property=\"og:image:height\" content=\"346\" \/>\n\t<meta property=\"og:image:type\" content=\"image\/webp\" \/>\n<meta name=\"author\" content=\"Raffy Ben\u00edtez\" \/>\n<meta name=\"twitter:card\" content=\"summary_large_image\" \/>\n<meta name=\"twitter:label1\" content=\"Escrito por\" \/>\n\t<meta name=\"twitter:data1\" content=\"Raffy Ben\u00edtez\" \/>\n\t<meta name=\"twitter:label2\" content=\"Tiempo de lectura\" \/>\n\t<meta name=\"twitter:data2\" content=\"4 minutos\" \/>\n<script type=\"application\/ld+json\" class=\"yoast-schema-graph\">{\"@context\":\"https:\\\/\\\/schema.org\",\"@graph\":[{\"@type\":\"Article\",\"@id\":\"https:\\\/\\\/conexion23.com\\\/?p=55534#article\",\"isPartOf\":{\"@id\":\"https:\\\/\\\/conexion23.com\\\/?p=55534\"},\"author\":{\"name\":\"Raffy Ben\u00edtez\",\"@id\":\"http:\\\/\\\/conexion23.com\\\/#\\\/schema\\\/person\\\/03e36043331117e97a373299bbcd30a6\"},\"headline\":\"Muere el importante muralista dominicano Roberto Flores\",\"datePublished\":\"2026-04-05T12:19:57+00:00\",\"mainEntityOfPage\":{\"@id\":\"https:\\\/\\\/conexion23.com\\\/?p=55534\"},\"wordCount\":621,\"commentCount\":0,\"publisher\":{\"@id\":\"http:\\\/\\\/conexion23.com\\\/#organization\"},\"image\":{\"@id\":\"https:\\\/\\\/conexion23.com\\\/?p=55534#primaryimage\"},\"thumbnailUrl\":\"https:\\\/\\\/conexion23.com\\\/wp-content\\\/uploads\\\/2026\\\/04\\\/Roberto-Flores-2-e1775337539637.png.webp\",\"keywords\":[\"Muere\",\"muralista dominicano\",\"Roberto Flores\"],\"articleSection\":[\"Arte y cultura urbana\"],\"inLanguage\":\"es\",\"potentialAction\":[{\"@type\":\"CommentAction\",\"name\":\"Comment\",\"target\":[\"https:\\\/\\\/conexion23.com\\\/?p=55534#respond\"]}]},{\"@type\":\"WebPage\",\"@id\":\"https:\\\/\\\/conexion23.com\\\/?p=55534\",\"url\":\"https:\\\/\\\/conexion23.com\\\/?p=55534\",\"name\":\"Muere el importante muralista dominicano Roberto Flores - Conexi\u00f3n 23\",\"isPartOf\":{\"@id\":\"http:\\\/\\\/conexion23.com\\\/#website\"},\"primaryImageOfPage\":{\"@id\":\"https:\\\/\\\/conexion23.com\\\/?p=55534#primaryimage\"},\"image\":{\"@id\":\"https:\\\/\\\/conexion23.com\\\/?p=55534#primaryimage\"},\"thumbnailUrl\":\"https:\\\/\\\/conexion23.com\\\/wp-content\\\/uploads\\\/2026\\\/04\\\/Roberto-Flores-2-e1775337539637.png.webp\",\"datePublished\":\"2026-04-05T12:19:57+00:00\",\"breadcrumb\":{\"@id\":\"https:\\\/\\\/conexion23.com\\\/?p=55534#breadcrumb\"},\"inLanguage\":\"es\",\"potentialAction\":[{\"@type\":\"ReadAction\",\"target\":[\"https:\\\/\\\/conexion23.com\\\/?p=55534\"]}]},{\"@type\":\"ImageObject\",\"inLanguage\":\"es\",\"@id\":\"https:\\\/\\\/conexion23.com\\\/?p=55534#primaryimage\",\"url\":\"https:\\\/\\\/conexion23.com\\\/wp-content\\\/uploads\\\/2026\\\/04\\\/Roberto-Flores-2-e1775337539637.png.webp\",\"contentUrl\":\"https:\\\/\\\/conexion23.com\\\/wp-content\\\/uploads\\\/2026\\\/04\\\/Roberto-Flores-2-e1775337539637.png.webp\",\"width\":406,\"height\":346},{\"@type\":\"BreadcrumbList\",\"@id\":\"https:\\\/\\\/conexion23.com\\\/?p=55534#breadcrumb\",\"itemListElement\":[{\"@type\":\"ListItem\",\"position\":1,\"name\":\"Portada\",\"item\":\"http:\\\/\\\/conexion23.com\\\/\"},{\"@type\":\"ListItem\",\"position\":2,\"name\":\"Muere el importante muralista dominicano Roberto Flores\"}]},{\"@type\":\"WebSite\",\"@id\":\"http:\\\/\\\/conexion23.com\\\/#website\",\"url\":\"http:\\\/\\\/conexion23.com\\\/\",\"name\":\"Conexi\u00f3n 23\",\"description\":\"Peri\u00f3dico 100% Petromacorisano\",\"publisher\":{\"@id\":\"http:\\\/\\\/conexion23.com\\\/#organization\"},\"potentialAction\":[{\"@type\":\"SearchAction\",\"target\":{\"@type\":\"EntryPoint\",\"urlTemplate\":\"http:\\\/\\\/conexion23.com\\\/?s={search_term_string}\"},\"query-input\":{\"@type\":\"PropertyValueSpecification\",\"valueRequired\":true,\"valueName\":\"search_term_string\"}}],\"inLanguage\":\"es\"},{\"@type\":\"Organization\",\"@id\":\"http:\\\/\\\/conexion23.com\\\/#organization\",\"name\":\"Conexion 23\",\"url\":\"http:\\\/\\\/conexion23.com\\\/\",\"logo\":{\"@type\":\"ImageObject\",\"inLanguage\":\"es\",\"@id\":\"http:\\\/\\\/conexion23.com\\\/#\\\/schema\\\/logo\\\/image\\\/\",\"url\":\"https:\\\/\\\/conexion23.com\\\/wp-content\\\/uploads\\\/2021\\\/11\\\/Diseno-sin-titulo-2.png\",\"contentUrl\":\"https:\\\/\\\/conexion23.com\\\/wp-content\\\/uploads\\\/2021\\\/11\\\/Diseno-sin-titulo-2.png\",\"width\":541,\"height\":90,\"caption\":\"Conexion 23\"},\"image\":{\"@id\":\"http:\\\/\\\/conexion23.com\\\/#\\\/schema\\\/logo\\\/image\\\/\"},\"sameAs\":[\"https:\\\/\\\/www.facebook.com\\\/conexion23com\",\"https:\\\/\\\/www.instagram.com\\\/conexion23com\\\/\",\"https:\\\/\\\/www.youtube.com\\\/channel\\\/UCYc7vxxFZMYLIHNsHHxPZ3Q\"]},{\"@type\":\"Person\",\"@id\":\"http:\\\/\\\/conexion23.com\\\/#\\\/schema\\\/person\\\/03e36043331117e97a373299bbcd30a6\",\"name\":\"Raffy Ben\u00edtez\",\"image\":{\"@type\":\"ImageObject\",\"inLanguage\":\"es\",\"@id\":\"https:\\\/\\\/secure.gravatar.com\\\/avatar\\\/3190a6a6c5e1b0327500f7d6c56b6242472ee6cb974cf09b401ee6b3b0798f23?s=96&d=mm&r=g\",\"url\":\"https:\\\/\\\/secure.gravatar.com\\\/avatar\\\/3190a6a6c5e1b0327500f7d6c56b6242472ee6cb974cf09b401ee6b3b0798f23?s=96&d=mm&r=g\",\"contentUrl\":\"https:\\\/\\\/secure.gravatar.com\\\/avatar\\\/3190a6a6c5e1b0327500f7d6c56b6242472ee6cb974cf09b401ee6b3b0798f23?s=96&d=mm&r=g\",\"caption\":\"Raffy Ben\u00edtez\"},\"url\":\"https:\\\/\\\/conexion23.com\\\/?author=15\"}]}<\/script>\n<!-- \/ Yoast SEO plugin. -->","yoast_head_json":{"title":"Muere el importante muralista dominicano Roberto Flores - Conexi\u00f3n 23","robots":{"index":"index","follow":"follow","max-snippet":"max-snippet:-1","max-image-preview":"max-image-preview:large","max-video-preview":"max-video-preview:-1"},"canonical":"https:\/\/conexion23.com\/?p=55534","og_locale":"es_ES","og_type":"article","og_title":"Muere el importante muralista dominicano Roberto Flores - Conexi\u00f3n 23","og_description":"Roberto Flores, el m\u00e1s importante muralista dominicano con que contaba el pa\u00eds, ha partido el pasado Viernes Santo. Tras dolencias propias de la edad, el creador visual, llamado El Artista de las monta\u00f1as por su inclinaci\u00f3n a residir en ambientes naturales de alturas, falleci\u00f3 en paz, inform\u00f3 su amigo y curador de arte, Abil Peralta [&hellip;]","og_url":"https:\/\/conexion23.com\/?p=55534","og_site_name":"Conexi\u00f3n 23","article_publisher":"https:\/\/www.facebook.com\/conexion23com","article_published_time":"2026-04-05T12:19:57+00:00","og_image":[{"width":406,"height":346,"url":"https:\/\/conexion23.com\/wp-content\/uploads\/2026\/04\/Roberto-Flores-2-e1775337539637.png.webp","type":"image\/webp"}],"author":"Raffy Ben\u00edtez","twitter_card":"summary_large_image","twitter_misc":{"Escrito por":"Raffy Ben\u00edtez","Tiempo de lectura":"4 minutos"},"schema":{"@context":"https:\/\/schema.org","@graph":[{"@type":"Article","@id":"https:\/\/conexion23.com\/?p=55534#article","isPartOf":{"@id":"https:\/\/conexion23.com\/?p=55534"},"author":{"name":"Raffy Ben\u00edtez","@id":"http:\/\/conexion23.com\/#\/schema\/person\/03e36043331117e97a373299bbcd30a6"},"headline":"Muere el importante muralista dominicano Roberto Flores","datePublished":"2026-04-05T12:19:57+00:00","mainEntityOfPage":{"@id":"https:\/\/conexion23.com\/?p=55534"},"wordCount":621,"commentCount":0,"publisher":{"@id":"http:\/\/conexion23.com\/#organization"},"image":{"@id":"https:\/\/conexion23.com\/?p=55534#primaryimage"},"thumbnailUrl":"https:\/\/conexion23.com\/wp-content\/uploads\/2026\/04\/Roberto-Flores-2-e1775337539637.png.webp","keywords":["Muere","muralista dominicano","Roberto Flores"],"articleSection":["Arte y cultura urbana"],"inLanguage":"es","potentialAction":[{"@type":"CommentAction","name":"Comment","target":["https:\/\/conexion23.com\/?p=55534#respond"]}]},{"@type":"WebPage","@id":"https:\/\/conexion23.com\/?p=55534","url":"https:\/\/conexion23.com\/?p=55534","name":"Muere el importante muralista dominicano Roberto Flores - Conexi\u00f3n 23","isPartOf":{"@id":"http:\/\/conexion23.com\/#website"},"primaryImageOfPage":{"@id":"https:\/\/conexion23.com\/?p=55534#primaryimage"},"image":{"@id":"https:\/\/conexion23.com\/?p=55534#primaryimage"},"thumbnailUrl":"https:\/\/conexion23.com\/wp-content\/uploads\/2026\/04\/Roberto-Flores-2-e1775337539637.png.webp","datePublished":"2026-04-05T12:19:57+00:00","breadcrumb":{"@id":"https:\/\/conexion23.com\/?p=55534#breadcrumb"},"inLanguage":"es","potentialAction":[{"@type":"ReadAction","target":["https:\/\/conexion23.com\/?p=55534"]}]},{"@type":"ImageObject","inLanguage":"es","@id":"https:\/\/conexion23.com\/?p=55534#primaryimage","url":"https:\/\/conexion23.com\/wp-content\/uploads\/2026\/04\/Roberto-Flores-2-e1775337539637.png.webp","contentUrl":"https:\/\/conexion23.com\/wp-content\/uploads\/2026\/04\/Roberto-Flores-2-e1775337539637.png.webp","width":406,"height":346},{"@type":"BreadcrumbList","@id":"https:\/\/conexion23.com\/?p=55534#breadcrumb","itemListElement":[{"@type":"ListItem","position":1,"name":"Portada","item":"http:\/\/conexion23.com\/"},{"@type":"ListItem","position":2,"name":"Muere el importante muralista dominicano Roberto Flores"}]},{"@type":"WebSite","@id":"http:\/\/conexion23.com\/#website","url":"http:\/\/conexion23.com\/","name":"Conexi\u00f3n 23","description":"Peri\u00f3dico 100% Petromacorisano","publisher":{"@id":"http:\/\/conexion23.com\/#organization"},"potentialAction":[{"@type":"SearchAction","target":{"@type":"EntryPoint","urlTemplate":"http:\/\/conexion23.com\/?s={search_term_string}"},"query-input":{"@type":"PropertyValueSpecification","valueRequired":true,"valueName":"search_term_string"}}],"inLanguage":"es"},{"@type":"Organization","@id":"http:\/\/conexion23.com\/#organization","name":"Conexion 23","url":"http:\/\/conexion23.com\/","logo":{"@type":"ImageObject","inLanguage":"es","@id":"http:\/\/conexion23.com\/#\/schema\/logo\/image\/","url":"https:\/\/conexion23.com\/wp-content\/uploads\/2021\/11\/Diseno-sin-titulo-2.png","contentUrl":"https:\/\/conexion23.com\/wp-content\/uploads\/2021\/11\/Diseno-sin-titulo-2.png","width":541,"height":90,"caption":"Conexion 23"},"image":{"@id":"http:\/\/conexion23.com\/#\/schema\/logo\/image\/"},"sameAs":["https:\/\/www.facebook.com\/conexion23com","https:\/\/www.instagram.com\/conexion23com\/","https:\/\/www.youtube.com\/channel\/UCYc7vxxFZMYLIHNsHHxPZ3Q"]},{"@type":"Person","@id":"http:\/\/conexion23.com\/#\/schema\/person\/03e36043331117e97a373299bbcd30a6","name":"Raffy Ben\u00edtez","image":{"@type":"ImageObject","inLanguage":"es","@id":"https:\/\/secure.gravatar.com\/avatar\/3190a6a6c5e1b0327500f7d6c56b6242472ee6cb974cf09b401ee6b3b0798f23?s=96&d=mm&r=g","url":"https:\/\/secure.gravatar.com\/avatar\/3190a6a6c5e1b0327500f7d6c56b6242472ee6cb974cf09b401ee6b3b0798f23?s=96&d=mm&r=g","contentUrl":"https:\/\/secure.gravatar.com\/avatar\/3190a6a6c5e1b0327500f7d6c56b6242472ee6cb974cf09b401ee6b3b0798f23?s=96&d=mm&r=g","caption":"Raffy Ben\u00edtez"},"url":"https:\/\/conexion23.com\/?author=15"}]}},"_links":{"self":[{"href":"https:\/\/conexion23.com\/index.php?rest_route=\/wp\/v2\/posts\/55534","targetHints":{"allow":["GET"]}}],"collection":[{"href":"https:\/\/conexion23.com\/index.php?rest_route=\/wp\/v2\/posts"}],"about":[{"href":"https:\/\/conexion23.com\/index.php?rest_route=\/wp\/v2\/types\/post"}],"author":[{"embeddable":true,"href":"https:\/\/conexion23.com\/index.php?rest_route=\/wp\/v2\/users\/15"}],"replies":[{"embeddable":true,"href":"https:\/\/conexion23.com\/index.php?rest_route=%2Fwp%2Fv2%2Fcomments&post=55534"}],"version-history":[{"count":1,"href":"https:\/\/conexion23.com\/index.php?rest_route=\/wp\/v2\/posts\/55534\/revisions"}],"predecessor-version":[{"id":55536,"href":"https:\/\/conexion23.com\/index.php?rest_route=\/wp\/v2\/posts\/55534\/revisions\/55536"}],"wp:featuredmedia":[{"embeddable":true,"href":"https:\/\/conexion23.com\/index.php?rest_route=\/wp\/v2\/media\/55535"}],"wp:attachment":[{"href":"https:\/\/conexion23.com\/index.php?rest_route=%2Fwp%2Fv2%2Fmedia&parent=55534"}],"wp:term":[{"taxonomy":"category","embeddable":true,"href":"https:\/\/conexion23.com\/index.php?rest_route=%2Fwp%2Fv2%2Fcategories&post=55534"},{"taxonomy":"post_tag","embeddable":true,"href":"https:\/\/conexion23.com\/index.php?rest_route=%2Fwp%2Fv2%2Ftags&post=55534"}],"curies":[{"name":"wp","href":"https:\/\/api.w.org\/{rel}","templated":true}]}}