{"id":56554,"date":"2026-04-26T07:20:51","date_gmt":"2026-04-26T11:20:51","guid":{"rendered":"https:\/\/conexion23.com\/?p=56554"},"modified":"2026-04-25T15:46:35","modified_gmt":"2026-04-25T19:46:35","slug":"la-clinica-dr-franklin-pena-felicita-a-las-secretarias-en-su-dia","status":"publish","type":"post","link":"https:\/\/conexion23.com\/?p=56554","title":{"rendered":"La Cl\u00ednica Dr. Franklin Pe\u00f1a felicita a Las Secretarias en su d\u00eda"},"content":{"rendered":"<p><strong>En reconocimiento a la labor que desarrollan las secretar\u00edas, el consejo de administraci\u00f3n y la direcci\u00f3n m\u00e9dica de la Cl\u00ednica Dr. Franklin Pe\u00f1a env\u00edan felicitaciones este domingo 26 de abril a esas laboriosas trabajadoras.<\/strong><\/p>\n<p style=\"text-align: justify;\"><span style=\"font-weight: 400;\">Su presidente el Dr. Franklin Pe\u00f1a, la Licda. Esmeralda Pe\u00f1a y dem\u00e1s miembros les desean un feliz d\u00eda, destac\u00e1ndolas como el eslab\u00f3n principal, agradeciendo su dedicaci\u00f3n, paciencia y entrega en la atenci\u00f3n a los pacientes en el funcionamiento diario de la instituci\u00f3n<\/span><span style=\"font-weight: 400;\">.<\/span><span style=\"font-weight: 400;\">\u00a0<\/span><\/p>\n<p style=\"text-align: justify;\"><span style=\"font-weight: 400;\">\u201cNuestras secretarias son el eslab\u00f3n principal para realizar las tareas diarias, por eso agradecemos sus conocimientos, destrezas, paciencia y entrega que muestran cada una de ellas.<\/span><\/p>\n<p style=\"text-align: justify;\"><span style=\"font-weight: 400;\">Este es un d\u00eda para reivindicar y distinguir la labor que realizan d\u00eda tras d\u00eda esas profesionales detr\u00e1s del escritorio y reconocer sus grandes aportes al impulso de las acciones que promueven los objetivos de la entidad.<\/span><span style=\"font-weight: 400;\">\u00a0<\/span><\/p>\n<p style=\"text-align: justify;\"><span style=\"font-weight: 400;\">Felicidades Secretarias en su d\u00eda.<\/span><\/p>\n","protected":false},"excerpt":{"rendered":"<p>En reconocimiento a la labor que desarrollan las secretar\u00edas, el consejo de administraci\u00f3n y la direcci\u00f3n m\u00e9dica de la Cl\u00ednica Dr. Franklin Pe\u00f1a env\u00edan felicitaciones este domingo 26 de abril a esas laboriosas trabajadoras. Su presidente el Dr. Franklin Pe\u00f1a, la Licda. Esmeralda Pe\u00f1a y dem\u00e1s miembros les desean un feliz d\u00eda, destac\u00e1ndolas como el [&hellip;]<\/p>\n","protected":false},"author":15,"featured_media":56563,"comment_status":"open","ping_status":"open","sticky":false,"template":"","format":"standard","meta":{"footnotes":""},"categories":[12,2472,35],"tags":[7458,2089,8541,57,8542],"class_list":{"0":"post-56554","1":"post","2":"type-post","3":"status-publish","4":"format-standard","5":"has-post-thumbnail","7":"category-municipales","8":"category-provincias-del-este","9":"category-spm","10":"tag-dr-franklin-pena","11":"tag-felicita","12":"tag-la-clinica","13":"tag-san-pedro-de-macoris","14":"tag-secretarias"},"yoast_head":"<!-- This site is optimized with the Yoast SEO plugin v27.1.1 - https:\/\/yoast.com\/product\/yoast-seo-wordpress\/ -->\n<title>La Cl\u00ednica Dr. Franklin Pe\u00f1a felicita a Las Secretarias en su d\u00eda - Conexi\u00f3n 23<\/title>\n<meta name=\"robots\" content=\"index, follow, max-snippet:-1, max-image-preview:large, max-video-preview:-1\" \/>\n<link rel=\"canonical\" href=\"https:\/\/conexion23.com\/?p=56554\" \/>\n<meta property=\"og:locale\" content=\"es_ES\" \/>\n<meta property=\"og:type\" content=\"article\" \/>\n<meta property=\"og:title\" content=\"La Cl\u00ednica Dr. Franklin Pe\u00f1a felicita a Las Secretarias en su d\u00eda - Conexi\u00f3n 23\" \/>\n<meta property=\"og:description\" content=\"En reconocimiento a la labor que desarrollan las secretar\u00edas, el consejo de administraci\u00f3n y la direcci\u00f3n m\u00e9dica de la Cl\u00ednica Dr. Franklin Pe\u00f1a env\u00edan felicitaciones este domingo 26 de abril a esas laboriosas trabajadoras. Su presidente el Dr. Franklin Pe\u00f1a, la Licda. Esmeralda Pe\u00f1a y dem\u00e1s miembros les desean un feliz d\u00eda, destac\u00e1ndolas como el [&hellip;]\" \/>\n<meta property=\"og:url\" content=\"https:\/\/conexion23.com\/?p=56554\" \/>\n<meta property=\"og:site_name\" content=\"Conexi\u00f3n 23\" \/>\n<meta property=\"article:publisher\" content=\"https:\/\/www.facebook.com\/conexion23com\" \/>\n<meta property=\"article:published_time\" content=\"2026-04-26T11:20:51+00:00\" \/>\n<meta property=\"og:image\" content=\"https:\/\/conexion23.com\/wp-content\/uploads\/2026\/04\/94832483_858889151281972_3299922424052580352_n.jpg\" \/>\n\t<meta property=\"og:image:width\" content=\"526\" \/>\n\t<meta property=\"og:image:height\" content=\"526\" \/>\n\t<meta property=\"og:image:type\" content=\"image\/jpeg\" \/>\n<meta name=\"author\" content=\"Raffy Ben\u00edtez\" \/>\n<meta name=\"twitter:card\" content=\"summary_large_image\" \/>\n<meta name=\"twitter:label1\" content=\"Escrito por\" \/>\n\t<meta name=\"twitter:data1\" content=\"Raffy Ben\u00edtez\" \/>\n\t<meta name=\"twitter:label2\" content=\"Tiempo de lectura\" \/>\n\t<meta name=\"twitter:data2\" content=\"1 minuto\" \/>\n<script type=\"application\/ld+json\" class=\"yoast-schema-graph\">{\"@context\":\"https:\/\/schema.org\",\"@graph\":[{\"@type\":\"Article\",\"@id\":\"https:\/\/conexion23.com\/?p=56554#article\",\"isPartOf\":{\"@id\":\"https:\/\/conexion23.com\/?p=56554\"},\"author\":{\"name\":\"Raffy Ben\u00edtez\",\"@id\":\"https:\/\/conexion23.com\/#\/schema\/person\/03e36043331117e97a373299bbcd30a6\"},\"headline\":\"La Cl\u00ednica Dr. Franklin Pe\u00f1a felicita a Las Secretarias en su d\u00eda\",\"datePublished\":\"2026-04-26T11:20:51+00:00\",\"mainEntityOfPage\":{\"@id\":\"https:\/\/conexion23.com\/?p=56554\"},\"wordCount\":180,\"commentCount\":0,\"publisher\":{\"@id\":\"https:\/\/conexion23.com\/#organization\"},\"image\":{\"@id\":\"https:\/\/conexion23.com\/?p=56554#primaryimage\"},\"thumbnailUrl\":\"https:\/\/conexion23.com\/wp-content\/uploads\/2026\/04\/94832483_858889151281972_3299922424052580352_n.jpg\",\"keywords\":[\"Dr. Franklin Pe\u00f1a\",\"felicita\",\"La Cl\u00ednica\",\"san pedro de macoris\",\"Secretarias\"],\"articleSection\":[\"Municipales\",\"Provincias del Este\",\"SPM\"],\"inLanguage\":\"es\",\"potentialAction\":[{\"@type\":\"CommentAction\",\"name\":\"Comment\",\"target\":[\"https:\/\/conexion23.com\/?p=56554#respond\"]}]},{\"@type\":\"WebPage\",\"@id\":\"https:\/\/conexion23.com\/?p=56554\",\"url\":\"https:\/\/conexion23.com\/?p=56554\",\"name\":\"La Cl\u00ednica Dr. Franklin Pe\u00f1a felicita a Las Secretarias en su d\u00eda - Conexi\u00f3n 23\",\"isPartOf\":{\"@id\":\"https:\/\/conexion23.com\/#website\"},\"primaryImageOfPage\":{\"@id\":\"https:\/\/conexion23.com\/?p=56554#primaryimage\"},\"image\":{\"@id\":\"https:\/\/conexion23.com\/?p=56554#primaryimage\"},\"thumbnailUrl\":\"https:\/\/conexion23.com\/wp-content\/uploads\/2026\/04\/94832483_858889151281972_3299922424052580352_n.jpg\",\"datePublished\":\"2026-04-26T11:20:51+00:00\",\"breadcrumb\":{\"@id\":\"https:\/\/conexion23.com\/?p=56554#breadcrumb\"},\"inLanguage\":\"es\",\"potentialAction\":[{\"@type\":\"ReadAction\",\"target\":[\"https:\/\/conexion23.com\/?p=56554\"]}]},{\"@type\":\"ImageObject\",\"inLanguage\":\"es\",\"@id\":\"https:\/\/conexion23.com\/?p=56554#primaryimage\",\"url\":\"https:\/\/conexion23.com\/wp-content\/uploads\/2026\/04\/94832483_858889151281972_3299922424052580352_n.jpg\",\"contentUrl\":\"https:\/\/conexion23.com\/wp-content\/uploads\/2026\/04\/94832483_858889151281972_3299922424052580352_n.jpg\",\"width\":526,\"height\":526},{\"@type\":\"BreadcrumbList\",\"@id\":\"https:\/\/conexion23.com\/?p=56554#breadcrumb\",\"itemListElement\":[{\"@type\":\"ListItem\",\"position\":1,\"name\":\"Portada\",\"item\":\"https:\/\/conexion23.com\/\"},{\"@type\":\"ListItem\",\"position\":2,\"name\":\"La Cl\u00ednica Dr. Franklin Pe\u00f1a felicita a Las Secretarias en su d\u00eda\"}]},{\"@type\":\"WebSite\",\"@id\":\"https:\/\/conexion23.com\/#website\",\"url\":\"https:\/\/conexion23.com\/\",\"name\":\"Conexi\u00f3n 23\",\"description\":\"Peri\u00f3dico 100% Petromacorisano\",\"publisher\":{\"@id\":\"https:\/\/conexion23.com\/#organization\"},\"potentialAction\":[{\"@type\":\"SearchAction\",\"target\":{\"@type\":\"EntryPoint\",\"urlTemplate\":\"https:\/\/conexion23.com\/?s={search_term_string}\"},\"query-input\":{\"@type\":\"PropertyValueSpecification\",\"valueRequired\":true,\"valueName\":\"search_term_string\"}}],\"inLanguage\":\"es\"},{\"@type\":\"Organization\",\"@id\":\"https:\/\/conexion23.com\/#organization\",\"name\":\"Conexion 23\",\"url\":\"https:\/\/conexion23.com\/\",\"logo\":{\"@type\":\"ImageObject\",\"inLanguage\":\"es\",\"@id\":\"https:\/\/conexion23.com\/#\/schema\/logo\/image\/\",\"url\":\"https:\/\/conexion23.com\/wp-content\/uploads\/2021\/11\/Diseno-sin-titulo-2.png\",\"contentUrl\":\"https:\/\/conexion23.com\/wp-content\/uploads\/2021\/11\/Diseno-sin-titulo-2.png\",\"width\":541,\"height\":90,\"caption\":\"Conexion 23\"},\"image\":{\"@id\":\"https:\/\/conexion23.com\/#\/schema\/logo\/image\/\"},\"sameAs\":[\"https:\/\/www.facebook.com\/conexion23com\",\"https:\/\/www.instagram.com\/conexion23com\/\",\"https:\/\/www.youtube.com\/channel\/UCYc7vxxFZMYLIHNsHHxPZ3Q\"]},{\"@type\":\"Person\",\"@id\":\"https:\/\/conexion23.com\/#\/schema\/person\/03e36043331117e97a373299bbcd30a6\",\"name\":\"Raffy Ben\u00edtez\",\"image\":{\"@type\":\"ImageObject\",\"inLanguage\":\"es\",\"@id\":\"https:\/\/conexion23.com\/#\/schema\/person\/image\/\",\"url\":\"https:\/\/secure.gravatar.com\/avatar\/3190a6a6c5e1b0327500f7d6c56b6242472ee6cb974cf09b401ee6b3b0798f23?s=96&d=mm&r=g\",\"contentUrl\":\"https:\/\/secure.gravatar.com\/avatar\/3190a6a6c5e1b0327500f7d6c56b6242472ee6cb974cf09b401ee6b3b0798f23?s=96&d=mm&r=g\",\"caption\":\"Raffy Ben\u00edtez\"},\"url\":\"https:\/\/conexion23.com\/?author=15\"}]}<\/script>\n<!-- \/ Yoast SEO plugin. -->","yoast_head_json":{"title":"La Cl\u00ednica Dr. Franklin Pe\u00f1a felicita a Las Secretarias en su d\u00eda - Conexi\u00f3n 23","robots":{"index":"index","follow":"follow","max-snippet":"max-snippet:-1","max-image-preview":"max-image-preview:large","max-video-preview":"max-video-preview:-1"},"canonical":"https:\/\/conexion23.com\/?p=56554","og_locale":"es_ES","og_type":"article","og_title":"La Cl\u00ednica Dr. Franklin Pe\u00f1a felicita a Las Secretarias en su d\u00eda - Conexi\u00f3n 23","og_description":"En reconocimiento a la labor que desarrollan las secretar\u00edas, el consejo de administraci\u00f3n y la direcci\u00f3n m\u00e9dica de la Cl\u00ednica Dr. Franklin Pe\u00f1a env\u00edan felicitaciones este domingo 26 de abril a esas laboriosas trabajadoras. Su presidente el Dr. Franklin Pe\u00f1a, la Licda. Esmeralda Pe\u00f1a y dem\u00e1s miembros les desean un feliz d\u00eda, destac\u00e1ndolas como el [&hellip;]","og_url":"https:\/\/conexion23.com\/?p=56554","og_site_name":"Conexi\u00f3n 23","article_publisher":"https:\/\/www.facebook.com\/conexion23com","article_published_time":"2026-04-26T11:20:51+00:00","og_image":[{"width":526,"height":526,"url":"https:\/\/conexion23.com\/wp-content\/uploads\/2026\/04\/94832483_858889151281972_3299922424052580352_n.jpg","type":"image\/jpeg"}],"author":"Raffy Ben\u00edtez","twitter_card":"summary_large_image","twitter_misc":{"Escrito por":"Raffy Ben\u00edtez","Tiempo de lectura":"1 minuto"},"schema":{"@context":"https:\/\/schema.org","@graph":[{"@type":"Article","@id":"https:\/\/conexion23.com\/?p=56554#article","isPartOf":{"@id":"https:\/\/conexion23.com\/?p=56554"},"author":{"name":"Raffy Ben\u00edtez","@id":"https:\/\/conexion23.com\/#\/schema\/person\/03e36043331117e97a373299bbcd30a6"},"headline":"La Cl\u00ednica Dr. Franklin Pe\u00f1a felicita a Las Secretarias en su d\u00eda","datePublished":"2026-04-26T11:20:51+00:00","mainEntityOfPage":{"@id":"https:\/\/conexion23.com\/?p=56554"},"wordCount":180,"commentCount":0,"publisher":{"@id":"https:\/\/conexion23.com\/#organization"},"image":{"@id":"https:\/\/conexion23.com\/?p=56554#primaryimage"},"thumbnailUrl":"https:\/\/conexion23.com\/wp-content\/uploads\/2026\/04\/94832483_858889151281972_3299922424052580352_n.jpg","keywords":["Dr. Franklin Pe\u00f1a","felicita","La Cl\u00ednica","san pedro de macoris","Secretarias"],"articleSection":["Municipales","Provincias del Este","SPM"],"inLanguage":"es","potentialAction":[{"@type":"CommentAction","name":"Comment","target":["https:\/\/conexion23.com\/?p=56554#respond"]}]},{"@type":"WebPage","@id":"https:\/\/conexion23.com\/?p=56554","url":"https:\/\/conexion23.com\/?p=56554","name":"La Cl\u00ednica Dr. Franklin Pe\u00f1a felicita a Las Secretarias en su d\u00eda - Conexi\u00f3n 23","isPartOf":{"@id":"https:\/\/conexion23.com\/#website"},"primaryImageOfPage":{"@id":"https:\/\/conexion23.com\/?p=56554#primaryimage"},"image":{"@id":"https:\/\/conexion23.com\/?p=56554#primaryimage"},"thumbnailUrl":"https:\/\/conexion23.com\/wp-content\/uploads\/2026\/04\/94832483_858889151281972_3299922424052580352_n.jpg","datePublished":"2026-04-26T11:20:51+00:00","breadcrumb":{"@id":"https:\/\/conexion23.com\/?p=56554#breadcrumb"},"inLanguage":"es","potentialAction":[{"@type":"ReadAction","target":["https:\/\/conexion23.com\/?p=56554"]}]},{"@type":"ImageObject","inLanguage":"es","@id":"https:\/\/conexion23.com\/?p=56554#primaryimage","url":"https:\/\/conexion23.com\/wp-content\/uploads\/2026\/04\/94832483_858889151281972_3299922424052580352_n.jpg","contentUrl":"https:\/\/conexion23.com\/wp-content\/uploads\/2026\/04\/94832483_858889151281972_3299922424052580352_n.jpg","width":526,"height":526},{"@type":"BreadcrumbList","@id":"https:\/\/conexion23.com\/?p=56554#breadcrumb","itemListElement":[{"@type":"ListItem","position":1,"name":"Portada","item":"https:\/\/conexion23.com\/"},{"@type":"ListItem","position":2,"name":"La Cl\u00ednica Dr. Franklin Pe\u00f1a felicita a Las Secretarias en su d\u00eda"}]},{"@type":"WebSite","@id":"https:\/\/conexion23.com\/#website","url":"https:\/\/conexion23.com\/","name":"Conexi\u00f3n 23","description":"Peri\u00f3dico 100% Petromacorisano","publisher":{"@id":"https:\/\/conexion23.com\/#organization"},"potentialAction":[{"@type":"SearchAction","target":{"@type":"EntryPoint","urlTemplate":"https:\/\/conexion23.com\/?s={search_term_string}"},"query-input":{"@type":"PropertyValueSpecification","valueRequired":true,"valueName":"search_term_string"}}],"inLanguage":"es"},{"@type":"Organization","@id":"https:\/\/conexion23.com\/#organization","name":"Conexion 23","url":"https:\/\/conexion23.com\/","logo":{"@type":"ImageObject","inLanguage":"es","@id":"https:\/\/conexion23.com\/#\/schema\/logo\/image\/","url":"https:\/\/conexion23.com\/wp-content\/uploads\/2021\/11\/Diseno-sin-titulo-2.png","contentUrl":"https:\/\/conexion23.com\/wp-content\/uploads\/2021\/11\/Diseno-sin-titulo-2.png","width":541,"height":90,"caption":"Conexion 23"},"image":{"@id":"https:\/\/conexion23.com\/#\/schema\/logo\/image\/"},"sameAs":["https:\/\/www.facebook.com\/conexion23com","https:\/\/www.instagram.com\/conexion23com\/","https:\/\/www.youtube.com\/channel\/UCYc7vxxFZMYLIHNsHHxPZ3Q"]},{"@type":"Person","@id":"https:\/\/conexion23.com\/#\/schema\/person\/03e36043331117e97a373299bbcd30a6","name":"Raffy Ben\u00edtez","image":{"@type":"ImageObject","inLanguage":"es","@id":"https:\/\/conexion23.com\/#\/schema\/person\/image\/","url":"https:\/\/secure.gravatar.com\/avatar\/3190a6a6c5e1b0327500f7d6c56b6242472ee6cb974cf09b401ee6b3b0798f23?s=96&d=mm&r=g","contentUrl":"https:\/\/secure.gravatar.com\/avatar\/3190a6a6c5e1b0327500f7d6c56b6242472ee6cb974cf09b401ee6b3b0798f23?s=96&d=mm&r=g","caption":"Raffy Ben\u00edtez"},"url":"https:\/\/conexion23.com\/?author=15"}]}},"_links":{"self":[{"href":"https:\/\/conexion23.com\/index.php?rest_route=\/wp\/v2\/posts\/56554","targetHints":{"allow":["GET"]}}],"collection":[{"href":"https:\/\/conexion23.com\/index.php?rest_route=\/wp\/v2\/posts"}],"about":[{"href":"https:\/\/conexion23.com\/index.php?rest_route=\/wp\/v2\/types\/post"}],"author":[{"embeddable":true,"href":"https:\/\/conexion23.com\/index.php?rest_route=\/wp\/v2\/users\/15"}],"replies":[{"embeddable":true,"href":"https:\/\/conexion23.com\/index.php?rest_route=%2Fwp%2Fv2%2Fcomments&post=56554"}],"version-history":[{"count":2,"href":"https:\/\/conexion23.com\/index.php?rest_route=\/wp\/v2\/posts\/56554\/revisions"}],"predecessor-version":[{"id":56573,"href":"https:\/\/conexion23.com\/index.php?rest_route=\/wp\/v2\/posts\/56554\/revisions\/56573"}],"wp:featuredmedia":[{"embeddable":true,"href":"https:\/\/conexion23.com\/index.php?rest_route=\/wp\/v2\/media\/56563"}],"wp:attachment":[{"href":"https:\/\/conexion23.com\/index.php?rest_route=%2Fwp%2Fv2%2Fmedia&parent=56554"}],"wp:term":[{"taxonomy":"category","embeddable":true,"href":"https:\/\/conexion23.com\/index.php?rest_route=%2Fwp%2Fv2%2Fcategories&post=56554"},{"taxonomy":"post_tag","embeddable":true,"href":"https:\/\/conexion23.com\/index.php?rest_route=%2Fwp%2Fv2%2Ftags&post=56554"}],"curies":[{"name":"wp","href":"https:\/\/api.w.org\/{rel}","templated":true}]}}