{"id":56577,"date":"2026-04-25T22:15:29","date_gmt":"2026-04-26T02:15:29","guid":{"rendered":"https:\/\/conexion23.com\/?p=56577"},"modified":"2026-04-25T22:18:04","modified_gmt":"2026-04-26T02:18:04","slug":"sacan-a-trump-a-toda-prisa-del-escenario-de-la-cena-de-corresponsales-por-un-hombre-armado","status":"publish","type":"post","link":"https:\/\/conexion23.com\/?p=56577","title":{"rendered":"Sacan a Trump a toda prisa del escenario de la cena de corresponsales por un hombre armado"},"content":{"rendered":"<p style=\"text-align: justify;\"><strong>El presidente de EE.UU., Donald Trump, fue\u00a0evacuado r\u00e1pidamente del escenario en plena Cena de la Asociaci\u00f3n de Corresponsales de la Casa Blanca, que se celebraba este s\u00e1bado en Washington Hilton.<\/strong><\/p>\n<p style=\"text-align: justify;\">Un grupo de militares armados fueron\u00a0<strong>desplegados<\/strong> en la sala. Durante la transmisi\u00f3n en directo del acto, se ve c\u00f3mo los invitados sal\u00edan tambi\u00e9n r\u00e1pidamente del lugar.<\/p>\n<p><a href=\"https:\/\/x.com\/ActualidadRT\/status\/2048214612550787374?s=20\">https:\/\/x.com\/Acyn\/status\/2048201086381818186?s=20<\/a><\/p>\n<p style=\"text-align: justify;\">Posteriormente, una representante de los organizadores\u00a0se\u00f1al\u00f3\u00a0que las fuerzas del orden pidieron evacuar el lugar \u00abde acuerdo con el protocolo\u00bb. \u00abQuer\u00eda enfatizar que nadie result\u00f3 herido\u00bb, se\u00f1al\u00f3, agregando que \u00ab\u00e9l y la primera dama, el Gabinete,\u00a0<strong>todos est\u00e1n a salvo<\/strong>\u00ab. Tambi\u00e9n afirm\u00f3 que Trump ofrecer\u00e1 una conferencia de prensa en la Casa Blanca \u00aben 30 minutos\u00bb.<\/p>\n<p style=\"text-align: justify;\">Asimismo, vincul\u00f3 lo ocurrido con el rol de la prensa y la Primera Enmienda. \u00abEl periodismo es un servicio p\u00fablico, porque\u00a0<strong>cuando hay una emergencia corremos hacia la crisis<\/strong>, no nos alejamos de ella\u00bb, afirm\u00f3. \u00abEn una noche en la que pensamos en las libertades de la Primera Enmienda, tambi\u00e9n debemos pensar en lo fr\u00e1giles que son\u00bb, a\u00f1adi\u00f3. <a href=\"https:\/\/actualidad.rt.com\/actualidad\/601426-sacan-trump-prisa-escenario-durante\"><strong>Leer m\u00e1s en RT<\/strong><\/a><\/p>\n<div class=\"EmbedBlock-root EmbedBlock-twitter\">\n<div class=\"TwitterEmbed\"><\/div>\n<\/div>\n","protected":false},"excerpt":{"rendered":"<p>El presidente de EE.UU., Donald Trump, fue\u00a0evacuado r\u00e1pidamente del escenario en plena Cena de la Asociaci\u00f3n de Corresponsales de la Casa Blanca, que se celebraba este s\u00e1bado en Washington Hilton. Un grupo de militares armados fueron\u00a0desplegados en la sala. Durante la transmisi\u00f3n en directo del acto, se ve c\u00f3mo los invitados sal\u00edan tambi\u00e9n r\u00e1pidamente del [&hellip;]<\/p>\n","protected":false},"author":18,"featured_media":56578,"comment_status":"open","ping_status":"open","sticky":false,"template":"","format":"video","meta":{"footnotes":""},"categories":[3881,3773],"tags":[3647,283],"class_list":{"0":"post-56577","1":"post","2":"type-post","3":"status-publish","4":"format-video","5":"has-post-thumbnail","7":"category-internacionales","8":"category-portada","9":"tag-donald-trump","10":"tag-ee-uu","11":"post_format-post-format-video"},"yoast_head":"<!-- This site is optimized with the Yoast SEO plugin v27.1.1 - https:\/\/yoast.com\/product\/yoast-seo-wordpress\/ -->\n<title>Sacan a Trump a toda prisa del escenario de la cena de corresponsales por un hombre armado - Conexi\u00f3n 23<\/title>\n<meta name=\"robots\" content=\"index, follow, max-snippet:-1, max-image-preview:large, max-video-preview:-1\" \/>\n<link rel=\"canonical\" href=\"https:\/\/conexion23.com\/?p=56577\" \/>\n<meta property=\"og:locale\" content=\"es_ES\" \/>\n<meta property=\"og:type\" content=\"article\" \/>\n<meta property=\"og:title\" content=\"Sacan a Trump a toda prisa del escenario de la cena de corresponsales por un hombre armado - Conexi\u00f3n 23\" \/>\n<meta property=\"og:description\" content=\"El presidente de EE.UU., Donald Trump, fue\u00a0evacuado r\u00e1pidamente del escenario en plena Cena de la Asociaci\u00f3n de Corresponsales de la Casa Blanca, que se celebraba este s\u00e1bado en Washington Hilton. Un grupo de militares armados fueron\u00a0desplegados en la sala. Durante la transmisi\u00f3n en directo del acto, se ve c\u00f3mo los invitados sal\u00edan tambi\u00e9n r\u00e1pidamente del [&hellip;]\" \/>\n<meta property=\"og:url\" content=\"https:\/\/conexion23.com\/?p=56577\" \/>\n<meta property=\"og:site_name\" content=\"Conexi\u00f3n 23\" \/>\n<meta property=\"article:publisher\" content=\"https:\/\/www.facebook.com\/conexion23com\" \/>\n<meta property=\"article:published_time\" content=\"2026-04-26T02:15:29+00:00\" \/>\n<meta property=\"article:modified_time\" content=\"2026-04-26T02:18:04+00:00\" \/>\n<meta property=\"og:image\" content=\"http:\/\/conexion23.com\/wp-content\/uploads\/2026\/04\/Sacan-a-Trump-a-toda-prisa-del-escenario-de-la-cena-de-corresponsales-por-un-hombre-armado.jpg\" \/>\n\t<meta property=\"og:image:width\" content=\"1104\" \/>\n\t<meta property=\"og:image:height\" content=\"622\" \/>\n\t<meta property=\"og:image:type\" content=\"image\/jpeg\" \/>\n<meta name=\"author\" content=\"Redacci\u00f3n\" \/>\n<meta name=\"twitter:card\" content=\"summary_large_image\" \/>\n<meta name=\"twitter:label1\" content=\"Escrito por\" \/>\n\t<meta name=\"twitter:data1\" content=\"Redacci\u00f3n\" \/>\n\t<meta name=\"twitter:label2\" content=\"Tiempo de lectura\" \/>\n\t<meta name=\"twitter:data2\" content=\"2 minutos\" \/>\n<script type=\"application\/ld+json\" class=\"yoast-schema-graph\">{\"@context\":\"https:\/\/schema.org\",\"@graph\":[{\"@type\":\"Article\",\"@id\":\"https:\/\/conexion23.com\/?p=56577#article\",\"isPartOf\":{\"@id\":\"https:\/\/conexion23.com\/?p=56577\"},\"author\":{\"name\":\"Redacci\u00f3n\",\"@id\":\"https:\/\/conexion23.com\/#\/schema\/person\/0a860802b17d01ad2a278f53c507c296\"},\"headline\":\"Sacan a Trump a toda prisa del escenario de la cena de corresponsales por un hombre armado\",\"datePublished\":\"2026-04-26T02:15:29+00:00\",\"dateModified\":\"2026-04-26T02:18:04+00:00\",\"mainEntityOfPage\":{\"@id\":\"https:\/\/conexion23.com\/?p=56577\"},\"wordCount\":218,\"commentCount\":0,\"publisher\":{\"@id\":\"https:\/\/conexion23.com\/#organization\"},\"image\":{\"@id\":\"https:\/\/conexion23.com\/?p=56577#primaryimage\"},\"thumbnailUrl\":\"https:\/\/conexion23.com\/wp-content\/uploads\/2026\/04\/Sacan-a-Trump-a-toda-prisa-del-escenario-de-la-cena-de-corresponsales-por-un-hombre-armado.jpg\",\"keywords\":[\"Donald Trump\",\"EE.UU.\"],\"articleSection\":[\"Internacionales\",\"Portada\"],\"inLanguage\":\"es\",\"potentialAction\":[{\"@type\":\"CommentAction\",\"name\":\"Comment\",\"target\":[\"https:\/\/conexion23.com\/?p=56577#respond\"]}]},{\"@type\":\"WebPage\",\"@id\":\"https:\/\/conexion23.com\/?p=56577\",\"url\":\"https:\/\/conexion23.com\/?p=56577\",\"name\":\"Sacan a Trump a toda prisa del escenario de la cena de corresponsales por un hombre armado - Conexi\u00f3n 23\",\"isPartOf\":{\"@id\":\"https:\/\/conexion23.com\/#website\"},\"primaryImageOfPage\":{\"@id\":\"https:\/\/conexion23.com\/?p=56577#primaryimage\"},\"image\":{\"@id\":\"https:\/\/conexion23.com\/?p=56577#primaryimage\"},\"thumbnailUrl\":\"https:\/\/conexion23.com\/wp-content\/uploads\/2026\/04\/Sacan-a-Trump-a-toda-prisa-del-escenario-de-la-cena-de-corresponsales-por-un-hombre-armado.jpg\",\"datePublished\":\"2026-04-26T02:15:29+00:00\",\"dateModified\":\"2026-04-26T02:18:04+00:00\",\"breadcrumb\":{\"@id\":\"https:\/\/conexion23.com\/?p=56577#breadcrumb\"},\"inLanguage\":\"es\",\"potentialAction\":[{\"@type\":\"ReadAction\",\"target\":[\"https:\/\/conexion23.com\/?p=56577\"]}]},{\"@type\":\"ImageObject\",\"inLanguage\":\"es\",\"@id\":\"https:\/\/conexion23.com\/?p=56577#primaryimage\",\"url\":\"https:\/\/conexion23.com\/wp-content\/uploads\/2026\/04\/Sacan-a-Trump-a-toda-prisa-del-escenario-de-la-cena-de-corresponsales-por-un-hombre-armado.jpg\",\"contentUrl\":\"https:\/\/conexion23.com\/wp-content\/uploads\/2026\/04\/Sacan-a-Trump-a-toda-prisa-del-escenario-de-la-cena-de-corresponsales-por-un-hombre-armado.jpg\",\"width\":1104,\"height\":622},{\"@type\":\"BreadcrumbList\",\"@id\":\"https:\/\/conexion23.com\/?p=56577#breadcrumb\",\"itemListElement\":[{\"@type\":\"ListItem\",\"position\":1,\"name\":\"Portada\",\"item\":\"https:\/\/conexion23.com\/\"},{\"@type\":\"ListItem\",\"position\":2,\"name\":\"Sacan a Trump a toda prisa del escenario de la cena de corresponsales por un hombre armado\"}]},{\"@type\":\"WebSite\",\"@id\":\"https:\/\/conexion23.com\/#website\",\"url\":\"https:\/\/conexion23.com\/\",\"name\":\"Conexi\u00f3n 23\",\"description\":\"Peri\u00f3dico 100% Petromacorisano\",\"publisher\":{\"@id\":\"https:\/\/conexion23.com\/#organization\"},\"potentialAction\":[{\"@type\":\"SearchAction\",\"target\":{\"@type\":\"EntryPoint\",\"urlTemplate\":\"https:\/\/conexion23.com\/?s={search_term_string}\"},\"query-input\":{\"@type\":\"PropertyValueSpecification\",\"valueRequired\":true,\"valueName\":\"search_term_string\"}}],\"inLanguage\":\"es\"},{\"@type\":\"Organization\",\"@id\":\"https:\/\/conexion23.com\/#organization\",\"name\":\"Conexion 23\",\"url\":\"https:\/\/conexion23.com\/\",\"logo\":{\"@type\":\"ImageObject\",\"inLanguage\":\"es\",\"@id\":\"https:\/\/conexion23.com\/#\/schema\/logo\/image\/\",\"url\":\"https:\/\/conexion23.com\/wp-content\/uploads\/2021\/11\/Diseno-sin-titulo-2.png\",\"contentUrl\":\"https:\/\/conexion23.com\/wp-content\/uploads\/2021\/11\/Diseno-sin-titulo-2.png\",\"width\":541,\"height\":90,\"caption\":\"Conexion 23\"},\"image\":{\"@id\":\"https:\/\/conexion23.com\/#\/schema\/logo\/image\/\"},\"sameAs\":[\"https:\/\/www.facebook.com\/conexion23com\",\"https:\/\/www.instagram.com\/conexion23com\/\",\"https:\/\/www.youtube.com\/channel\/UCYc7vxxFZMYLIHNsHHxPZ3Q\"]},{\"@type\":\"Person\",\"@id\":\"https:\/\/conexion23.com\/#\/schema\/person\/0a860802b17d01ad2a278f53c507c296\",\"name\":\"Redacci\u00f3n\",\"image\":{\"@type\":\"ImageObject\",\"inLanguage\":\"es\",\"@id\":\"https:\/\/conexion23.com\/#\/schema\/person\/image\/\",\"url\":\"https:\/\/secure.gravatar.com\/avatar\/ec9d84b79c776aa1994e5893944465db9974b17b884155623da51b7b62c02845?s=96&d=mm&r=g\",\"contentUrl\":\"https:\/\/secure.gravatar.com\/avatar\/ec9d84b79c776aa1994e5893944465db9974b17b884155623da51b7b62c02845?s=96&d=mm&r=g\",\"caption\":\"Redacci\u00f3n\"},\"url\":\"https:\/\/conexion23.com\/?author=18\"}]}<\/script>\n<!-- \/ Yoast SEO plugin. -->","yoast_head_json":{"title":"Sacan a Trump a toda prisa del escenario de la cena de corresponsales por un hombre armado - Conexi\u00f3n 23","robots":{"index":"index","follow":"follow","max-snippet":"max-snippet:-1","max-image-preview":"max-image-preview:large","max-video-preview":"max-video-preview:-1"},"canonical":"https:\/\/conexion23.com\/?p=56577","og_locale":"es_ES","og_type":"article","og_title":"Sacan a Trump a toda prisa del escenario de la cena de corresponsales por un hombre armado - Conexi\u00f3n 23","og_description":"El presidente de EE.UU., Donald Trump, fue\u00a0evacuado r\u00e1pidamente del escenario en plena Cena de la Asociaci\u00f3n de Corresponsales de la Casa Blanca, que se celebraba este s\u00e1bado en Washington Hilton. Un grupo de militares armados fueron\u00a0desplegados en la sala. Durante la transmisi\u00f3n en directo del acto, se ve c\u00f3mo los invitados sal\u00edan tambi\u00e9n r\u00e1pidamente del [&hellip;]","og_url":"https:\/\/conexion23.com\/?p=56577","og_site_name":"Conexi\u00f3n 23","article_publisher":"https:\/\/www.facebook.com\/conexion23com","article_published_time":"2026-04-26T02:15:29+00:00","article_modified_time":"2026-04-26T02:18:04+00:00","og_image":[{"width":1104,"height":622,"url":"http:\/\/conexion23.com\/wp-content\/uploads\/2026\/04\/Sacan-a-Trump-a-toda-prisa-del-escenario-de-la-cena-de-corresponsales-por-un-hombre-armado.jpg","type":"image\/jpeg"}],"author":"Redacci\u00f3n","twitter_card":"summary_large_image","twitter_misc":{"Escrito por":"Redacci\u00f3n","Tiempo de lectura":"2 minutos"},"schema":{"@context":"https:\/\/schema.org","@graph":[{"@type":"Article","@id":"https:\/\/conexion23.com\/?p=56577#article","isPartOf":{"@id":"https:\/\/conexion23.com\/?p=56577"},"author":{"name":"Redacci\u00f3n","@id":"https:\/\/conexion23.com\/#\/schema\/person\/0a860802b17d01ad2a278f53c507c296"},"headline":"Sacan a Trump a toda prisa del escenario de la cena de corresponsales por un hombre armado","datePublished":"2026-04-26T02:15:29+00:00","dateModified":"2026-04-26T02:18:04+00:00","mainEntityOfPage":{"@id":"https:\/\/conexion23.com\/?p=56577"},"wordCount":218,"commentCount":0,"publisher":{"@id":"https:\/\/conexion23.com\/#organization"},"image":{"@id":"https:\/\/conexion23.com\/?p=56577#primaryimage"},"thumbnailUrl":"https:\/\/conexion23.com\/wp-content\/uploads\/2026\/04\/Sacan-a-Trump-a-toda-prisa-del-escenario-de-la-cena-de-corresponsales-por-un-hombre-armado.jpg","keywords":["Donald Trump","EE.UU."],"articleSection":["Internacionales","Portada"],"inLanguage":"es","potentialAction":[{"@type":"CommentAction","name":"Comment","target":["https:\/\/conexion23.com\/?p=56577#respond"]}]},{"@type":"WebPage","@id":"https:\/\/conexion23.com\/?p=56577","url":"https:\/\/conexion23.com\/?p=56577","name":"Sacan a Trump a toda prisa del escenario de la cena de corresponsales por un hombre armado - Conexi\u00f3n 23","isPartOf":{"@id":"https:\/\/conexion23.com\/#website"},"primaryImageOfPage":{"@id":"https:\/\/conexion23.com\/?p=56577#primaryimage"},"image":{"@id":"https:\/\/conexion23.com\/?p=56577#primaryimage"},"thumbnailUrl":"https:\/\/conexion23.com\/wp-content\/uploads\/2026\/04\/Sacan-a-Trump-a-toda-prisa-del-escenario-de-la-cena-de-corresponsales-por-un-hombre-armado.jpg","datePublished":"2026-04-26T02:15:29+00:00","dateModified":"2026-04-26T02:18:04+00:00","breadcrumb":{"@id":"https:\/\/conexion23.com\/?p=56577#breadcrumb"},"inLanguage":"es","potentialAction":[{"@type":"ReadAction","target":["https:\/\/conexion23.com\/?p=56577"]}]},{"@type":"ImageObject","inLanguage":"es","@id":"https:\/\/conexion23.com\/?p=56577#primaryimage","url":"https:\/\/conexion23.com\/wp-content\/uploads\/2026\/04\/Sacan-a-Trump-a-toda-prisa-del-escenario-de-la-cena-de-corresponsales-por-un-hombre-armado.jpg","contentUrl":"https:\/\/conexion23.com\/wp-content\/uploads\/2026\/04\/Sacan-a-Trump-a-toda-prisa-del-escenario-de-la-cena-de-corresponsales-por-un-hombre-armado.jpg","width":1104,"height":622},{"@type":"BreadcrumbList","@id":"https:\/\/conexion23.com\/?p=56577#breadcrumb","itemListElement":[{"@type":"ListItem","position":1,"name":"Portada","item":"https:\/\/conexion23.com\/"},{"@type":"ListItem","position":2,"name":"Sacan a Trump a toda prisa del escenario de la cena de corresponsales por un hombre armado"}]},{"@type":"WebSite","@id":"https:\/\/conexion23.com\/#website","url":"https:\/\/conexion23.com\/","name":"Conexi\u00f3n 23","description":"Peri\u00f3dico 100% Petromacorisano","publisher":{"@id":"https:\/\/conexion23.com\/#organization"},"potentialAction":[{"@type":"SearchAction","target":{"@type":"EntryPoint","urlTemplate":"https:\/\/conexion23.com\/?s={search_term_string}"},"query-input":{"@type":"PropertyValueSpecification","valueRequired":true,"valueName":"search_term_string"}}],"inLanguage":"es"},{"@type":"Organization","@id":"https:\/\/conexion23.com\/#organization","name":"Conexion 23","url":"https:\/\/conexion23.com\/","logo":{"@type":"ImageObject","inLanguage":"es","@id":"https:\/\/conexion23.com\/#\/schema\/logo\/image\/","url":"https:\/\/conexion23.com\/wp-content\/uploads\/2021\/11\/Diseno-sin-titulo-2.png","contentUrl":"https:\/\/conexion23.com\/wp-content\/uploads\/2021\/11\/Diseno-sin-titulo-2.png","width":541,"height":90,"caption":"Conexion 23"},"image":{"@id":"https:\/\/conexion23.com\/#\/schema\/logo\/image\/"},"sameAs":["https:\/\/www.facebook.com\/conexion23com","https:\/\/www.instagram.com\/conexion23com\/","https:\/\/www.youtube.com\/channel\/UCYc7vxxFZMYLIHNsHHxPZ3Q"]},{"@type":"Person","@id":"https:\/\/conexion23.com\/#\/schema\/person\/0a860802b17d01ad2a278f53c507c296","name":"Redacci\u00f3n","image":{"@type":"ImageObject","inLanguage":"es","@id":"https:\/\/conexion23.com\/#\/schema\/person\/image\/","url":"https:\/\/secure.gravatar.com\/avatar\/ec9d84b79c776aa1994e5893944465db9974b17b884155623da51b7b62c02845?s=96&d=mm&r=g","contentUrl":"https:\/\/secure.gravatar.com\/avatar\/ec9d84b79c776aa1994e5893944465db9974b17b884155623da51b7b62c02845?s=96&d=mm&r=g","caption":"Redacci\u00f3n"},"url":"https:\/\/conexion23.com\/?author=18"}]}},"_links":{"self":[{"href":"https:\/\/conexion23.com\/index.php?rest_route=\/wp\/v2\/posts\/56577","targetHints":{"allow":["GET"]}}],"collection":[{"href":"https:\/\/conexion23.com\/index.php?rest_route=\/wp\/v2\/posts"}],"about":[{"href":"https:\/\/conexion23.com\/index.php?rest_route=\/wp\/v2\/types\/post"}],"author":[{"embeddable":true,"href":"https:\/\/conexion23.com\/index.php?rest_route=\/wp\/v2\/users\/18"}],"replies":[{"embeddable":true,"href":"https:\/\/conexion23.com\/index.php?rest_route=%2Fwp%2Fv2%2Fcomments&post=56577"}],"version-history":[{"count":2,"href":"https:\/\/conexion23.com\/index.php?rest_route=\/wp\/v2\/posts\/56577\/revisions"}],"predecessor-version":[{"id":56580,"href":"https:\/\/conexion23.com\/index.php?rest_route=\/wp\/v2\/posts\/56577\/revisions\/56580"}],"wp:featuredmedia":[{"embeddable":true,"href":"https:\/\/conexion23.com\/index.php?rest_route=\/wp\/v2\/media\/56578"}],"wp:attachment":[{"href":"https:\/\/conexion23.com\/index.php?rest_route=%2Fwp%2Fv2%2Fmedia&parent=56577"}],"wp:term":[{"taxonomy":"category","embeddable":true,"href":"https:\/\/conexion23.com\/index.php?rest_route=%2Fwp%2Fv2%2Fcategories&post=56577"},{"taxonomy":"post_tag","embeddable":true,"href":"https:\/\/conexion23.com\/index.php?rest_route=%2Fwp%2Fv2%2Ftags&post=56577"}],"curies":[{"name":"wp","href":"https:\/\/api.w.org\/{rel}","templated":true}]}}