{"id":56581,"date":"2026-04-26T07:00:13","date_gmt":"2026-04-26T11:00:13","guid":{"rendered":"https:\/\/conexion23.com\/?p=56581"},"modified":"2026-04-25T22:55:30","modified_gmt":"2026-04-26T02:55:30","slug":"leonel-arremete-contra-gestion-del-prm-y-afirma-que-el-pais-marcha-sin-rumbo-ni-coordinacion","status":"publish","type":"post","link":"https:\/\/conexion23.com\/?p=56581","title":{"rendered":"Leonel arremete contra gesti\u00f3n del PRM y afirma que el pa\u00eds \u201cmarcha sin rumbo ni coordinaci\u00f3n\u201d"},"content":{"rendered":"<p style=\"text-align: justify;\">El expresidente\u00a0Leonel Fern\u00e1ndez\u00a0lanz\u00f3 duras cr\u00edticas contra la gesti\u00f3n del\u00a0Partido Revolucionario Moderno (PRM), al asegurar que el Gobierno funciona\u00a0\u201ccada quien por su cuenta\u201d, sin coordinaci\u00f3n ni rumbo claro, lo que \u2014seg\u00fan dijo\u2014 impacta negativamente a la poblaci\u00f3n.<\/p>\n<p style=\"text-align: justify;\">El tambi\u00e9n l\u00edder de la\u00a0Fuerza del Pueblo\u00a0sostuvo que la\u00a0falta de planificaci\u00f3n y coherencia en la administraci\u00f3n p\u00fablica\u00a0ha generado efectos directos en la econom\u00eda, se\u00f1alando el\u00a0aumento del costo de la vida y la p\u00e9rdida del poder adquisitivo\u00a0de los ciudadanos.<\/p>\n<p style=\"text-align: justify;\">Fern\u00e1ndez advirti\u00f3 que esta situaci\u00f3n refleja una gesti\u00f3n marcada por la\u00a0improvisaci\u00f3n y la ausencia de una visi\u00f3n estrat\u00e9gica, lo que provoca\u00a0incertidumbre en los hogares dominicanos.<\/p>\n<p style=\"text-align: justify;\">Al ilustrar su planteamiento, compar\u00f3 la conducci\u00f3n del Estado con una orquesta, indicando que\u00a0cuando no hay direcci\u00f3n com\u00fan, el pa\u00eds pierde el comp\u00e1s, insistiendo en la necesidad de\u00a0orden, liderazgo y coordinaci\u00f3n en las pol\u00edticas p\u00fablicas.<\/p>\n<p style=\"text-align: justify;\">El exmandatario afirm\u00f3 que el pa\u00eds puede encaminarse nuevamente, pero recalc\u00f3 que esto depender\u00e1 de que se implementen\u00a0medidas claras, organizadas y enfocadas en mejorar la calidad de vida de la poblaci\u00f3n.<\/p>\n","protected":false},"excerpt":{"rendered":"<p>El expresidente\u00a0Leonel Fern\u00e1ndez\u00a0lanz\u00f3 duras cr\u00edticas contra la gesti\u00f3n del\u00a0Partido Revolucionario Moderno (PRM), al asegurar que el Gobierno funciona\u00a0\u201ccada quien por su cuenta\u201d, sin coordinaci\u00f3n ni rumbo claro, lo que \u2014seg\u00fan dijo\u2014 impacta negativamente a la poblaci\u00f3n. El tambi\u00e9n l\u00edder de la\u00a0Fuerza del Pueblo\u00a0sostuvo que la\u00a0falta de planificaci\u00f3n y coherencia en la administraci\u00f3n p\u00fablica\u00a0ha generado efectos [&hellip;]<\/p>\n","protected":false},"author":15,"featured_media":47667,"comment_status":"open","ping_status":"open","sticky":false,"template":"","format":"standard","meta":{"footnotes":""},"categories":[3882],"tags":[8019,8544,170,1909,8545],"class_list":{"0":"post-56581","1":"post","2":"type-post","3":"status-publish","4":"format-standard","5":"has-post-thumbnail","7":"category-politica","8":"tag-coordinacion","9":"tag-gestion-del-prm","10":"tag-leonel","11":"tag-pais","12":"tag-sin-rumbo"},"yoast_head":"<!-- This site is optimized with the Yoast SEO plugin v27.1.1 - https:\/\/yoast.com\/product\/yoast-seo-wordpress\/ -->\n<title>Leonel arremete contra gesti\u00f3n del PRM y afirma que el pa\u00eds \u201cmarcha sin rumbo ni coordinaci\u00f3n\u201d - Conexi\u00f3n 23<\/title>\n<meta name=\"robots\" content=\"index, follow, max-snippet:-1, max-image-preview:large, max-video-preview:-1\" \/>\n<link rel=\"canonical\" href=\"https:\/\/conexion23.com\/?p=56581\" \/>\n<meta property=\"og:locale\" content=\"es_ES\" \/>\n<meta property=\"og:type\" content=\"article\" \/>\n<meta property=\"og:title\" content=\"Leonel arremete contra gesti\u00f3n del PRM y afirma que el pa\u00eds \u201cmarcha sin rumbo ni coordinaci\u00f3n\u201d - Conexi\u00f3n 23\" \/>\n<meta property=\"og:description\" content=\"El expresidente\u00a0Leonel Fern\u00e1ndez\u00a0lanz\u00f3 duras cr\u00edticas contra la gesti\u00f3n del\u00a0Partido Revolucionario Moderno (PRM), al asegurar que el Gobierno funciona\u00a0\u201ccada quien por su cuenta\u201d, sin coordinaci\u00f3n ni rumbo claro, lo que \u2014seg\u00fan dijo\u2014 impacta negativamente a la poblaci\u00f3n. El tambi\u00e9n l\u00edder de la\u00a0Fuerza del Pueblo\u00a0sostuvo que la\u00a0falta de planificaci\u00f3n y coherencia en la administraci\u00f3n p\u00fablica\u00a0ha generado efectos [&hellip;]\" \/>\n<meta property=\"og:url\" content=\"https:\/\/conexion23.com\/?p=56581\" \/>\n<meta property=\"og:site_name\" content=\"Conexi\u00f3n 23\" \/>\n<meta property=\"article:publisher\" content=\"https:\/\/www.facebook.com\/conexion23com\" \/>\n<meta property=\"article:published_time\" content=\"2026-04-26T11:00:13+00:00\" \/>\n<meta property=\"og:image\" content=\"https:\/\/conexion23.com\/wp-content\/uploads\/2025\/11\/Leonel-Fernandez-acusa-al-PRM-de-cubiar-al-pueblo-y-denuncia-intento-de-limitar-la-cesantia-laboral.jpg\" \/>\n\t<meta property=\"og:image:width\" content=\"1920\" \/>\n\t<meta property=\"og:image:height\" content=\"1553\" \/>\n\t<meta property=\"og:image:type\" content=\"image\/jpeg\" \/>\n<meta name=\"author\" content=\"Raffy Ben\u00edtez\" \/>\n<meta name=\"twitter:card\" content=\"summary_large_image\" \/>\n<meta name=\"twitter:label1\" content=\"Escrito por\" \/>\n\t<meta name=\"twitter:data1\" content=\"Raffy Ben\u00edtez\" \/>\n\t<meta name=\"twitter:label2\" content=\"Tiempo de lectura\" \/>\n\t<meta name=\"twitter:data2\" content=\"2 minutos\" \/>\n<script type=\"application\/ld+json\" class=\"yoast-schema-graph\">{\"@context\":\"https:\/\/schema.org\",\"@graph\":[{\"@type\":\"Article\",\"@id\":\"https:\/\/conexion23.com\/?p=56581#article\",\"isPartOf\":{\"@id\":\"https:\/\/conexion23.com\/?p=56581\"},\"author\":{\"name\":\"Raffy Ben\u00edtez\",\"@id\":\"https:\/\/conexion23.com\/#\/schema\/person\/03e36043331117e97a373299bbcd30a6\"},\"headline\":\"Leonel arremete contra gesti\u00f3n del PRM y afirma que el pa\u00eds \u201cmarcha sin rumbo ni coordinaci\u00f3n\u201d\",\"datePublished\":\"2026-04-26T11:00:13+00:00\",\"mainEntityOfPage\":{\"@id\":\"https:\/\/conexion23.com\/?p=56581\"},\"wordCount\":229,\"commentCount\":0,\"publisher\":{\"@id\":\"https:\/\/conexion23.com\/#organization\"},\"image\":{\"@id\":\"https:\/\/conexion23.com\/?p=56581#primaryimage\"},\"thumbnailUrl\":\"https:\/\/conexion23.com\/wp-content\/uploads\/2025\/11\/Leonel-Fernandez-acusa-al-PRM-de-cubiar-al-pueblo-y-denuncia-intento-de-limitar-la-cesantia-laboral.jpg\",\"keywords\":[\"coordinaci\u00f3n\",\"gesti\u00f3n del PRM\",\"leonel\",\"pais\",\"sin rumbo\"],\"articleSection\":[\"Pol\u00edtica\"],\"inLanguage\":\"es\",\"potentialAction\":[{\"@type\":\"CommentAction\",\"name\":\"Comment\",\"target\":[\"https:\/\/conexion23.com\/?p=56581#respond\"]}]},{\"@type\":\"WebPage\",\"@id\":\"https:\/\/conexion23.com\/?p=56581\",\"url\":\"https:\/\/conexion23.com\/?p=56581\",\"name\":\"Leonel arremete contra gesti\u00f3n del PRM y afirma que el pa\u00eds \u201cmarcha sin rumbo ni coordinaci\u00f3n\u201d - Conexi\u00f3n 23\",\"isPartOf\":{\"@id\":\"https:\/\/conexion23.com\/#website\"},\"primaryImageOfPage\":{\"@id\":\"https:\/\/conexion23.com\/?p=56581#primaryimage\"},\"image\":{\"@id\":\"https:\/\/conexion23.com\/?p=56581#primaryimage\"},\"thumbnailUrl\":\"https:\/\/conexion23.com\/wp-content\/uploads\/2025\/11\/Leonel-Fernandez-acusa-al-PRM-de-cubiar-al-pueblo-y-denuncia-intento-de-limitar-la-cesantia-laboral.jpg\",\"datePublished\":\"2026-04-26T11:00:13+00:00\",\"breadcrumb\":{\"@id\":\"https:\/\/conexion23.com\/?p=56581#breadcrumb\"},\"inLanguage\":\"es\",\"potentialAction\":[{\"@type\":\"ReadAction\",\"target\":[\"https:\/\/conexion23.com\/?p=56581\"]}]},{\"@type\":\"ImageObject\",\"inLanguage\":\"es\",\"@id\":\"https:\/\/conexion23.com\/?p=56581#primaryimage\",\"url\":\"https:\/\/conexion23.com\/wp-content\/uploads\/2025\/11\/Leonel-Fernandez-acusa-al-PRM-de-cubiar-al-pueblo-y-denuncia-intento-de-limitar-la-cesantia-laboral.jpg\",\"contentUrl\":\"https:\/\/conexion23.com\/wp-content\/uploads\/2025\/11\/Leonel-Fernandez-acusa-al-PRM-de-cubiar-al-pueblo-y-denuncia-intento-de-limitar-la-cesantia-laboral.jpg\",\"width\":1920,\"height\":1553},{\"@type\":\"BreadcrumbList\",\"@id\":\"https:\/\/conexion23.com\/?p=56581#breadcrumb\",\"itemListElement\":[{\"@type\":\"ListItem\",\"position\":1,\"name\":\"Portada\",\"item\":\"https:\/\/conexion23.com\/\"},{\"@type\":\"ListItem\",\"position\":2,\"name\":\"Leonel arremete contra gesti\u00f3n del PRM y afirma que el pa\u00eds \u201cmarcha sin rumbo ni coordinaci\u00f3n\u201d\"}]},{\"@type\":\"WebSite\",\"@id\":\"https:\/\/conexion23.com\/#website\",\"url\":\"https:\/\/conexion23.com\/\",\"name\":\"Conexi\u00f3n 23\",\"description\":\"Peri\u00f3dico 100% Petromacorisano\",\"publisher\":{\"@id\":\"https:\/\/conexion23.com\/#organization\"},\"potentialAction\":[{\"@type\":\"SearchAction\",\"target\":{\"@type\":\"EntryPoint\",\"urlTemplate\":\"https:\/\/conexion23.com\/?s={search_term_string}\"},\"query-input\":{\"@type\":\"PropertyValueSpecification\",\"valueRequired\":true,\"valueName\":\"search_term_string\"}}],\"inLanguage\":\"es\"},{\"@type\":\"Organization\",\"@id\":\"https:\/\/conexion23.com\/#organization\",\"name\":\"Conexion 23\",\"url\":\"https:\/\/conexion23.com\/\",\"logo\":{\"@type\":\"ImageObject\",\"inLanguage\":\"es\",\"@id\":\"https:\/\/conexion23.com\/#\/schema\/logo\/image\/\",\"url\":\"https:\/\/conexion23.com\/wp-content\/uploads\/2021\/11\/Diseno-sin-titulo-2.png\",\"contentUrl\":\"https:\/\/conexion23.com\/wp-content\/uploads\/2021\/11\/Diseno-sin-titulo-2.png\",\"width\":541,\"height\":90,\"caption\":\"Conexion 23\"},\"image\":{\"@id\":\"https:\/\/conexion23.com\/#\/schema\/logo\/image\/\"},\"sameAs\":[\"https:\/\/www.facebook.com\/conexion23com\",\"https:\/\/www.instagram.com\/conexion23com\/\",\"https:\/\/www.youtube.com\/channel\/UCYc7vxxFZMYLIHNsHHxPZ3Q\"]},{\"@type\":\"Person\",\"@id\":\"https:\/\/conexion23.com\/#\/schema\/person\/03e36043331117e97a373299bbcd30a6\",\"name\":\"Raffy Ben\u00edtez\",\"image\":{\"@type\":\"ImageObject\",\"inLanguage\":\"es\",\"@id\":\"https:\/\/conexion23.com\/#\/schema\/person\/image\/\",\"url\":\"https:\/\/secure.gravatar.com\/avatar\/3190a6a6c5e1b0327500f7d6c56b6242472ee6cb974cf09b401ee6b3b0798f23?s=96&d=mm&r=g\",\"contentUrl\":\"https:\/\/secure.gravatar.com\/avatar\/3190a6a6c5e1b0327500f7d6c56b6242472ee6cb974cf09b401ee6b3b0798f23?s=96&d=mm&r=g\",\"caption\":\"Raffy Ben\u00edtez\"},\"url\":\"https:\/\/conexion23.com\/?author=15\"}]}<\/script>\n<!-- \/ Yoast SEO plugin. -->","yoast_head_json":{"title":"Leonel arremete contra gesti\u00f3n del PRM y afirma que el pa\u00eds \u201cmarcha sin rumbo ni coordinaci\u00f3n\u201d - Conexi\u00f3n 23","robots":{"index":"index","follow":"follow","max-snippet":"max-snippet:-1","max-image-preview":"max-image-preview:large","max-video-preview":"max-video-preview:-1"},"canonical":"https:\/\/conexion23.com\/?p=56581","og_locale":"es_ES","og_type":"article","og_title":"Leonel arremete contra gesti\u00f3n del PRM y afirma que el pa\u00eds \u201cmarcha sin rumbo ni coordinaci\u00f3n\u201d - Conexi\u00f3n 23","og_description":"El expresidente\u00a0Leonel Fern\u00e1ndez\u00a0lanz\u00f3 duras cr\u00edticas contra la gesti\u00f3n del\u00a0Partido Revolucionario Moderno (PRM), al asegurar que el Gobierno funciona\u00a0\u201ccada quien por su cuenta\u201d, sin coordinaci\u00f3n ni rumbo claro, lo que \u2014seg\u00fan dijo\u2014 impacta negativamente a la poblaci\u00f3n. El tambi\u00e9n l\u00edder de la\u00a0Fuerza del Pueblo\u00a0sostuvo que la\u00a0falta de planificaci\u00f3n y coherencia en la administraci\u00f3n p\u00fablica\u00a0ha generado efectos [&hellip;]","og_url":"https:\/\/conexion23.com\/?p=56581","og_site_name":"Conexi\u00f3n 23","article_publisher":"https:\/\/www.facebook.com\/conexion23com","article_published_time":"2026-04-26T11:00:13+00:00","og_image":[{"width":1920,"height":1553,"url":"https:\/\/conexion23.com\/wp-content\/uploads\/2025\/11\/Leonel-Fernandez-acusa-al-PRM-de-cubiar-al-pueblo-y-denuncia-intento-de-limitar-la-cesantia-laboral.jpg","type":"image\/jpeg"}],"author":"Raffy Ben\u00edtez","twitter_card":"summary_large_image","twitter_misc":{"Escrito por":"Raffy Ben\u00edtez","Tiempo de lectura":"2 minutos"},"schema":{"@context":"https:\/\/schema.org","@graph":[{"@type":"Article","@id":"https:\/\/conexion23.com\/?p=56581#article","isPartOf":{"@id":"https:\/\/conexion23.com\/?p=56581"},"author":{"name":"Raffy Ben\u00edtez","@id":"https:\/\/conexion23.com\/#\/schema\/person\/03e36043331117e97a373299bbcd30a6"},"headline":"Leonel arremete contra gesti\u00f3n del PRM y afirma que el pa\u00eds \u201cmarcha sin rumbo ni coordinaci\u00f3n\u201d","datePublished":"2026-04-26T11:00:13+00:00","mainEntityOfPage":{"@id":"https:\/\/conexion23.com\/?p=56581"},"wordCount":229,"commentCount":0,"publisher":{"@id":"https:\/\/conexion23.com\/#organization"},"image":{"@id":"https:\/\/conexion23.com\/?p=56581#primaryimage"},"thumbnailUrl":"https:\/\/conexion23.com\/wp-content\/uploads\/2025\/11\/Leonel-Fernandez-acusa-al-PRM-de-cubiar-al-pueblo-y-denuncia-intento-de-limitar-la-cesantia-laboral.jpg","keywords":["coordinaci\u00f3n","gesti\u00f3n del PRM","leonel","pais","sin rumbo"],"articleSection":["Pol\u00edtica"],"inLanguage":"es","potentialAction":[{"@type":"CommentAction","name":"Comment","target":["https:\/\/conexion23.com\/?p=56581#respond"]}]},{"@type":"WebPage","@id":"https:\/\/conexion23.com\/?p=56581","url":"https:\/\/conexion23.com\/?p=56581","name":"Leonel arremete contra gesti\u00f3n del PRM y afirma que el pa\u00eds \u201cmarcha sin rumbo ni coordinaci\u00f3n\u201d - Conexi\u00f3n 23","isPartOf":{"@id":"https:\/\/conexion23.com\/#website"},"primaryImageOfPage":{"@id":"https:\/\/conexion23.com\/?p=56581#primaryimage"},"image":{"@id":"https:\/\/conexion23.com\/?p=56581#primaryimage"},"thumbnailUrl":"https:\/\/conexion23.com\/wp-content\/uploads\/2025\/11\/Leonel-Fernandez-acusa-al-PRM-de-cubiar-al-pueblo-y-denuncia-intento-de-limitar-la-cesantia-laboral.jpg","datePublished":"2026-04-26T11:00:13+00:00","breadcrumb":{"@id":"https:\/\/conexion23.com\/?p=56581#breadcrumb"},"inLanguage":"es","potentialAction":[{"@type":"ReadAction","target":["https:\/\/conexion23.com\/?p=56581"]}]},{"@type":"ImageObject","inLanguage":"es","@id":"https:\/\/conexion23.com\/?p=56581#primaryimage","url":"https:\/\/conexion23.com\/wp-content\/uploads\/2025\/11\/Leonel-Fernandez-acusa-al-PRM-de-cubiar-al-pueblo-y-denuncia-intento-de-limitar-la-cesantia-laboral.jpg","contentUrl":"https:\/\/conexion23.com\/wp-content\/uploads\/2025\/11\/Leonel-Fernandez-acusa-al-PRM-de-cubiar-al-pueblo-y-denuncia-intento-de-limitar-la-cesantia-laboral.jpg","width":1920,"height":1553},{"@type":"BreadcrumbList","@id":"https:\/\/conexion23.com\/?p=56581#breadcrumb","itemListElement":[{"@type":"ListItem","position":1,"name":"Portada","item":"https:\/\/conexion23.com\/"},{"@type":"ListItem","position":2,"name":"Leonel arremete contra gesti\u00f3n del PRM y afirma que el pa\u00eds \u201cmarcha sin rumbo ni coordinaci\u00f3n\u201d"}]},{"@type":"WebSite","@id":"https:\/\/conexion23.com\/#website","url":"https:\/\/conexion23.com\/","name":"Conexi\u00f3n 23","description":"Peri\u00f3dico 100% Petromacorisano","publisher":{"@id":"https:\/\/conexion23.com\/#organization"},"potentialAction":[{"@type":"SearchAction","target":{"@type":"EntryPoint","urlTemplate":"https:\/\/conexion23.com\/?s={search_term_string}"},"query-input":{"@type":"PropertyValueSpecification","valueRequired":true,"valueName":"search_term_string"}}],"inLanguage":"es"},{"@type":"Organization","@id":"https:\/\/conexion23.com\/#organization","name":"Conexion 23","url":"https:\/\/conexion23.com\/","logo":{"@type":"ImageObject","inLanguage":"es","@id":"https:\/\/conexion23.com\/#\/schema\/logo\/image\/","url":"https:\/\/conexion23.com\/wp-content\/uploads\/2021\/11\/Diseno-sin-titulo-2.png","contentUrl":"https:\/\/conexion23.com\/wp-content\/uploads\/2021\/11\/Diseno-sin-titulo-2.png","width":541,"height":90,"caption":"Conexion 23"},"image":{"@id":"https:\/\/conexion23.com\/#\/schema\/logo\/image\/"},"sameAs":["https:\/\/www.facebook.com\/conexion23com","https:\/\/www.instagram.com\/conexion23com\/","https:\/\/www.youtube.com\/channel\/UCYc7vxxFZMYLIHNsHHxPZ3Q"]},{"@type":"Person","@id":"https:\/\/conexion23.com\/#\/schema\/person\/03e36043331117e97a373299bbcd30a6","name":"Raffy Ben\u00edtez","image":{"@type":"ImageObject","inLanguage":"es","@id":"https:\/\/conexion23.com\/#\/schema\/person\/image\/","url":"https:\/\/secure.gravatar.com\/avatar\/3190a6a6c5e1b0327500f7d6c56b6242472ee6cb974cf09b401ee6b3b0798f23?s=96&d=mm&r=g","contentUrl":"https:\/\/secure.gravatar.com\/avatar\/3190a6a6c5e1b0327500f7d6c56b6242472ee6cb974cf09b401ee6b3b0798f23?s=96&d=mm&r=g","caption":"Raffy Ben\u00edtez"},"url":"https:\/\/conexion23.com\/?author=15"}]}},"_links":{"self":[{"href":"https:\/\/conexion23.com\/index.php?rest_route=\/wp\/v2\/posts\/56581","targetHints":{"allow":["GET"]}}],"collection":[{"href":"https:\/\/conexion23.com\/index.php?rest_route=\/wp\/v2\/posts"}],"about":[{"href":"https:\/\/conexion23.com\/index.php?rest_route=\/wp\/v2\/types\/post"}],"author":[{"embeddable":true,"href":"https:\/\/conexion23.com\/index.php?rest_route=\/wp\/v2\/users\/15"}],"replies":[{"embeddable":true,"href":"https:\/\/conexion23.com\/index.php?rest_route=%2Fwp%2Fv2%2Fcomments&post=56581"}],"version-history":[{"count":1,"href":"https:\/\/conexion23.com\/index.php?rest_route=\/wp\/v2\/posts\/56581\/revisions"}],"predecessor-version":[{"id":56582,"href":"https:\/\/conexion23.com\/index.php?rest_route=\/wp\/v2\/posts\/56581\/revisions\/56582"}],"wp:featuredmedia":[{"embeddable":true,"href":"https:\/\/conexion23.com\/index.php?rest_route=\/wp\/v2\/media\/47667"}],"wp:attachment":[{"href":"https:\/\/conexion23.com\/index.php?rest_route=%2Fwp%2Fv2%2Fmedia&parent=56581"}],"wp:term":[{"taxonomy":"category","embeddable":true,"href":"https:\/\/conexion23.com\/index.php?rest_route=%2Fwp%2Fv2%2Fcategories&post=56581"},{"taxonomy":"post_tag","embeddable":true,"href":"https:\/\/conexion23.com\/index.php?rest_route=%2Fwp%2Fv2%2Ftags&post=56581"}],"curies":[{"name":"wp","href":"https:\/\/api.w.org\/{rel}","templated":true}]}}