{"id":56583,"date":"2026-04-26T07:00:42","date_gmt":"2026-04-26T11:00:42","guid":{"rendered":"https:\/\/conexion23.com\/?p=56583"},"modified":"2026-04-25T22:59:38","modified_gmt":"2026-04-26T02:59:38","slug":"ejercito-intercepta-a-24-indocumentados-en-zona-boscosa-de-montecristi","status":"publish","type":"post","link":"https:\/\/conexion23.com\/?p=56583","title":{"rendered":"Ej\u00e9rcito intercepta a 24 indocumentados en zona boscosa de Montecristi"},"content":{"rendered":"<p style=\"text-align: justify;\">Una patrulla del\u00a0Ej\u00e9rcito de Rep\u00fablica Dominicana (ERD)\u00a0detuvo a\u00a024 ciudadanos haitianos en condici\u00f3n migratoria irregular\u00a0durante un operativo en una\u00a0zona boscosa del distrito municipal Cana Chapet\u00f3n, en Guayub\u00edn, donde intentaban evadir los controles militares.<\/p>\n<p style=\"text-align: justify;\">El grupo estaba integrado por\u00a017 hombres, seis mujeres y un menor de edad, quienes se desplazaban por rutas apartadas utilizadas frecuentemente para el\u00a0cruce clandestino en la zona fronteriza.<\/p>\n<p style=\"text-align: justify;\">Los detenidos fueron trasladados a la\u00a0Cuarta Brigada de Infanter\u00eda del ERD, desde donde ser\u00e1n puestos a disposici\u00f3n de la\u00a0Direcci\u00f3n General de Migraci\u00f3n (DGM)\u00a0para los\u00a0procedimientos legales correspondientes.<\/p>\n<p style=\"text-align: justify;\">Las autoridades indicaron que estas acciones forman parte del\u00a0reforzamiento de la vigilancia en la frontera norte, con el objetivo de\u00a0controlar la migraci\u00f3n irregular y fortalecer la seguridad territorial.<\/p>\n","protected":false},"excerpt":{"rendered":"<p>Una patrulla del\u00a0Ej\u00e9rcito de Rep\u00fablica Dominicana (ERD)\u00a0detuvo a\u00a024 ciudadanos haitianos en condici\u00f3n migratoria irregular\u00a0durante un operativo en una\u00a0zona boscosa del distrito municipal Cana Chapet\u00f3n, en Guayub\u00edn, donde intentaban evadir los controles militares. El grupo estaba integrado por\u00a017 hombres, seis mujeres y un menor de edad, quienes se desplazaban por rutas apartadas utilizadas frecuentemente para el\u00a0cruce [&hellip;]<\/p>\n","protected":false},"author":15,"featured_media":56584,"comment_status":"open","ping_status":"open","sticky":false,"template":"","format":"standard","meta":{"footnotes":""},"categories":[3913,3773],"tags":[2992,2130,8547,195,8546],"class_list":{"0":"post-56583","1":"post","2":"type-post","3":"status-publish","4":"format-standard","5":"has-post-thumbnail","7":"category-nacionales","8":"category-portada","9":"tag-ejercito","10":"tag-indocumentados","11":"tag-intercepta","12":"tag-montecristi","13":"tag-zona-boscosa"},"yoast_head":"<!-- This site is optimized with the Yoast SEO plugin v27.1.1 - https:\/\/yoast.com\/product\/yoast-seo-wordpress\/ -->\n<title>Ej\u00e9rcito intercepta a 24 indocumentados en zona boscosa de Montecristi - Conexi\u00f3n 23<\/title>\n<meta name=\"robots\" content=\"index, follow, max-snippet:-1, max-image-preview:large, max-video-preview:-1\" \/>\n<link rel=\"canonical\" href=\"https:\/\/conexion23.com\/?p=56583\" \/>\n<meta property=\"og:locale\" content=\"es_ES\" \/>\n<meta property=\"og:type\" content=\"article\" \/>\n<meta property=\"og:title\" content=\"Ej\u00e9rcito intercepta a 24 indocumentados en zona boscosa de Montecristi - Conexi\u00f3n 23\" \/>\n<meta property=\"og:description\" content=\"Una patrulla del\u00a0Ej\u00e9rcito de Rep\u00fablica Dominicana (ERD)\u00a0detuvo a\u00a024 ciudadanos haitianos en condici\u00f3n migratoria irregular\u00a0durante un operativo en una\u00a0zona boscosa del distrito municipal Cana Chapet\u00f3n, en Guayub\u00edn, donde intentaban evadir los controles militares. El grupo estaba integrado por\u00a017 hombres, seis mujeres y un menor de edad, quienes se desplazaban por rutas apartadas utilizadas frecuentemente para el\u00a0cruce [&hellip;]\" \/>\n<meta property=\"og:url\" content=\"https:\/\/conexion23.com\/?p=56583\" \/>\n<meta property=\"og:site_name\" content=\"Conexi\u00f3n 23\" \/>\n<meta property=\"article:publisher\" content=\"https:\/\/www.facebook.com\/conexion23com\" \/>\n<meta property=\"article:published_time\" content=\"2026-04-26T11:00:42+00:00\" \/>\n<meta property=\"og:image\" content=\"https:\/\/conexion23.com\/wp-content\/uploads\/2026\/04\/ejercito-de-republica-dominicana-intercepta-a-24-haitianos-indocumentados-en-mon-20260424-130204-q0uT-1200x675-1.webp\" \/>\n\t<meta property=\"og:image:width\" content=\"1200\" \/>\n\t<meta property=\"og:image:height\" content=\"675\" \/>\n\t<meta property=\"og:image:type\" content=\"image\/webp\" \/>\n<meta name=\"author\" content=\"Raffy Ben\u00edtez\" \/>\n<meta name=\"twitter:card\" content=\"summary_large_image\" \/>\n<meta name=\"twitter:label1\" content=\"Escrito por\" \/>\n\t<meta name=\"twitter:data1\" content=\"Raffy Ben\u00edtez\" \/>\n\t<meta name=\"twitter:label2\" content=\"Tiempo de lectura\" \/>\n\t<meta name=\"twitter:data2\" content=\"1 minuto\" \/>\n<script type=\"application\/ld+json\" class=\"yoast-schema-graph\">{\"@context\":\"https:\/\/schema.org\",\"@graph\":[{\"@type\":\"Article\",\"@id\":\"https:\/\/conexion23.com\/?p=56583#article\",\"isPartOf\":{\"@id\":\"https:\/\/conexion23.com\/?p=56583\"},\"author\":{\"name\":\"Raffy Ben\u00edtez\",\"@id\":\"https:\/\/conexion23.com\/#\/schema\/person\/03e36043331117e97a373299bbcd30a6\"},\"headline\":\"Ej\u00e9rcito intercepta a 24 indocumentados en zona boscosa de Montecristi\",\"datePublished\":\"2026-04-26T11:00:42+00:00\",\"mainEntityOfPage\":{\"@id\":\"https:\/\/conexion23.com\/?p=56583\"},\"wordCount\":146,\"commentCount\":0,\"publisher\":{\"@id\":\"https:\/\/conexion23.com\/#organization\"},\"image\":{\"@id\":\"https:\/\/conexion23.com\/?p=56583#primaryimage\"},\"thumbnailUrl\":\"https:\/\/conexion23.com\/wp-content\/uploads\/2026\/04\/ejercito-de-republica-dominicana-intercepta-a-24-haitianos-indocumentados-en-mon-20260424-130204-q0uT-1200x675-1.webp\",\"keywords\":[\"ejercito\",\"indocumentados\",\"intercepta\",\"montecristi\",\"zona boscosa\"],\"articleSection\":[\"Nacionales\",\"Portada\"],\"inLanguage\":\"es\",\"potentialAction\":[{\"@type\":\"CommentAction\",\"name\":\"Comment\",\"target\":[\"https:\/\/conexion23.com\/?p=56583#respond\"]}]},{\"@type\":\"WebPage\",\"@id\":\"https:\/\/conexion23.com\/?p=56583\",\"url\":\"https:\/\/conexion23.com\/?p=56583\",\"name\":\"Ej\u00e9rcito intercepta a 24 indocumentados en zona boscosa de Montecristi - Conexi\u00f3n 23\",\"isPartOf\":{\"@id\":\"https:\/\/conexion23.com\/#website\"},\"primaryImageOfPage\":{\"@id\":\"https:\/\/conexion23.com\/?p=56583#primaryimage\"},\"image\":{\"@id\":\"https:\/\/conexion23.com\/?p=56583#primaryimage\"},\"thumbnailUrl\":\"https:\/\/conexion23.com\/wp-content\/uploads\/2026\/04\/ejercito-de-republica-dominicana-intercepta-a-24-haitianos-indocumentados-en-mon-20260424-130204-q0uT-1200x675-1.webp\",\"datePublished\":\"2026-04-26T11:00:42+00:00\",\"breadcrumb\":{\"@id\":\"https:\/\/conexion23.com\/?p=56583#breadcrumb\"},\"inLanguage\":\"es\",\"potentialAction\":[{\"@type\":\"ReadAction\",\"target\":[\"https:\/\/conexion23.com\/?p=56583\"]}]},{\"@type\":\"ImageObject\",\"inLanguage\":\"es\",\"@id\":\"https:\/\/conexion23.com\/?p=56583#primaryimage\",\"url\":\"https:\/\/conexion23.com\/wp-content\/uploads\/2026\/04\/ejercito-de-republica-dominicana-intercepta-a-24-haitianos-indocumentados-en-mon-20260424-130204-q0uT-1200x675-1.webp\",\"contentUrl\":\"https:\/\/conexion23.com\/wp-content\/uploads\/2026\/04\/ejercito-de-republica-dominicana-intercepta-a-24-haitianos-indocumentados-en-mon-20260424-130204-q0uT-1200x675-1.webp\",\"width\":1200,\"height\":675},{\"@type\":\"BreadcrumbList\",\"@id\":\"https:\/\/conexion23.com\/?p=56583#breadcrumb\",\"itemListElement\":[{\"@type\":\"ListItem\",\"position\":1,\"name\":\"Portada\",\"item\":\"https:\/\/conexion23.com\/\"},{\"@type\":\"ListItem\",\"position\":2,\"name\":\"Ej\u00e9rcito intercepta a 24 indocumentados en zona boscosa de Montecristi\"}]},{\"@type\":\"WebSite\",\"@id\":\"https:\/\/conexion23.com\/#website\",\"url\":\"https:\/\/conexion23.com\/\",\"name\":\"Conexi\u00f3n 23\",\"description\":\"Peri\u00f3dico 100% Petromacorisano\",\"publisher\":{\"@id\":\"https:\/\/conexion23.com\/#organization\"},\"potentialAction\":[{\"@type\":\"SearchAction\",\"target\":{\"@type\":\"EntryPoint\",\"urlTemplate\":\"https:\/\/conexion23.com\/?s={search_term_string}\"},\"query-input\":{\"@type\":\"PropertyValueSpecification\",\"valueRequired\":true,\"valueName\":\"search_term_string\"}}],\"inLanguage\":\"es\"},{\"@type\":\"Organization\",\"@id\":\"https:\/\/conexion23.com\/#organization\",\"name\":\"Conexion 23\",\"url\":\"https:\/\/conexion23.com\/\",\"logo\":{\"@type\":\"ImageObject\",\"inLanguage\":\"es\",\"@id\":\"https:\/\/conexion23.com\/#\/schema\/logo\/image\/\",\"url\":\"https:\/\/conexion23.com\/wp-content\/uploads\/2021\/11\/Diseno-sin-titulo-2.png\",\"contentUrl\":\"https:\/\/conexion23.com\/wp-content\/uploads\/2021\/11\/Diseno-sin-titulo-2.png\",\"width\":541,\"height\":90,\"caption\":\"Conexion 23\"},\"image\":{\"@id\":\"https:\/\/conexion23.com\/#\/schema\/logo\/image\/\"},\"sameAs\":[\"https:\/\/www.facebook.com\/conexion23com\",\"https:\/\/www.instagram.com\/conexion23com\/\",\"https:\/\/www.youtube.com\/channel\/UCYc7vxxFZMYLIHNsHHxPZ3Q\"]},{\"@type\":\"Person\",\"@id\":\"https:\/\/conexion23.com\/#\/schema\/person\/03e36043331117e97a373299bbcd30a6\",\"name\":\"Raffy Ben\u00edtez\",\"image\":{\"@type\":\"ImageObject\",\"inLanguage\":\"es\",\"@id\":\"https:\/\/conexion23.com\/#\/schema\/person\/image\/\",\"url\":\"https:\/\/secure.gravatar.com\/avatar\/3190a6a6c5e1b0327500f7d6c56b6242472ee6cb974cf09b401ee6b3b0798f23?s=96&d=mm&r=g\",\"contentUrl\":\"https:\/\/secure.gravatar.com\/avatar\/3190a6a6c5e1b0327500f7d6c56b6242472ee6cb974cf09b401ee6b3b0798f23?s=96&d=mm&r=g\",\"caption\":\"Raffy Ben\u00edtez\"},\"url\":\"https:\/\/conexion23.com\/?author=15\"}]}<\/script>\n<!-- \/ Yoast SEO plugin. -->","yoast_head_json":{"title":"Ej\u00e9rcito intercepta a 24 indocumentados en zona boscosa de Montecristi - Conexi\u00f3n 23","robots":{"index":"index","follow":"follow","max-snippet":"max-snippet:-1","max-image-preview":"max-image-preview:large","max-video-preview":"max-video-preview:-1"},"canonical":"https:\/\/conexion23.com\/?p=56583","og_locale":"es_ES","og_type":"article","og_title":"Ej\u00e9rcito intercepta a 24 indocumentados en zona boscosa de Montecristi - Conexi\u00f3n 23","og_description":"Una patrulla del\u00a0Ej\u00e9rcito de Rep\u00fablica Dominicana (ERD)\u00a0detuvo a\u00a024 ciudadanos haitianos en condici\u00f3n migratoria irregular\u00a0durante un operativo en una\u00a0zona boscosa del distrito municipal Cana Chapet\u00f3n, en Guayub\u00edn, donde intentaban evadir los controles militares. El grupo estaba integrado por\u00a017 hombres, seis mujeres y un menor de edad, quienes se desplazaban por rutas apartadas utilizadas frecuentemente para el\u00a0cruce [&hellip;]","og_url":"https:\/\/conexion23.com\/?p=56583","og_site_name":"Conexi\u00f3n 23","article_publisher":"https:\/\/www.facebook.com\/conexion23com","article_published_time":"2026-04-26T11:00:42+00:00","og_image":[{"width":1200,"height":675,"url":"https:\/\/conexion23.com\/wp-content\/uploads\/2026\/04\/ejercito-de-republica-dominicana-intercepta-a-24-haitianos-indocumentados-en-mon-20260424-130204-q0uT-1200x675-1.webp","type":"image\/webp"}],"author":"Raffy Ben\u00edtez","twitter_card":"summary_large_image","twitter_misc":{"Escrito por":"Raffy Ben\u00edtez","Tiempo de lectura":"1 minuto"},"schema":{"@context":"https:\/\/schema.org","@graph":[{"@type":"Article","@id":"https:\/\/conexion23.com\/?p=56583#article","isPartOf":{"@id":"https:\/\/conexion23.com\/?p=56583"},"author":{"name":"Raffy Ben\u00edtez","@id":"https:\/\/conexion23.com\/#\/schema\/person\/03e36043331117e97a373299bbcd30a6"},"headline":"Ej\u00e9rcito intercepta a 24 indocumentados en zona boscosa de Montecristi","datePublished":"2026-04-26T11:00:42+00:00","mainEntityOfPage":{"@id":"https:\/\/conexion23.com\/?p=56583"},"wordCount":146,"commentCount":0,"publisher":{"@id":"https:\/\/conexion23.com\/#organization"},"image":{"@id":"https:\/\/conexion23.com\/?p=56583#primaryimage"},"thumbnailUrl":"https:\/\/conexion23.com\/wp-content\/uploads\/2026\/04\/ejercito-de-republica-dominicana-intercepta-a-24-haitianos-indocumentados-en-mon-20260424-130204-q0uT-1200x675-1.webp","keywords":["ejercito","indocumentados","intercepta","montecristi","zona boscosa"],"articleSection":["Nacionales","Portada"],"inLanguage":"es","potentialAction":[{"@type":"CommentAction","name":"Comment","target":["https:\/\/conexion23.com\/?p=56583#respond"]}]},{"@type":"WebPage","@id":"https:\/\/conexion23.com\/?p=56583","url":"https:\/\/conexion23.com\/?p=56583","name":"Ej\u00e9rcito intercepta a 24 indocumentados en zona boscosa de Montecristi - Conexi\u00f3n 23","isPartOf":{"@id":"https:\/\/conexion23.com\/#website"},"primaryImageOfPage":{"@id":"https:\/\/conexion23.com\/?p=56583#primaryimage"},"image":{"@id":"https:\/\/conexion23.com\/?p=56583#primaryimage"},"thumbnailUrl":"https:\/\/conexion23.com\/wp-content\/uploads\/2026\/04\/ejercito-de-republica-dominicana-intercepta-a-24-haitianos-indocumentados-en-mon-20260424-130204-q0uT-1200x675-1.webp","datePublished":"2026-04-26T11:00:42+00:00","breadcrumb":{"@id":"https:\/\/conexion23.com\/?p=56583#breadcrumb"},"inLanguage":"es","potentialAction":[{"@type":"ReadAction","target":["https:\/\/conexion23.com\/?p=56583"]}]},{"@type":"ImageObject","inLanguage":"es","@id":"https:\/\/conexion23.com\/?p=56583#primaryimage","url":"https:\/\/conexion23.com\/wp-content\/uploads\/2026\/04\/ejercito-de-republica-dominicana-intercepta-a-24-haitianos-indocumentados-en-mon-20260424-130204-q0uT-1200x675-1.webp","contentUrl":"https:\/\/conexion23.com\/wp-content\/uploads\/2026\/04\/ejercito-de-republica-dominicana-intercepta-a-24-haitianos-indocumentados-en-mon-20260424-130204-q0uT-1200x675-1.webp","width":1200,"height":675},{"@type":"BreadcrumbList","@id":"https:\/\/conexion23.com\/?p=56583#breadcrumb","itemListElement":[{"@type":"ListItem","position":1,"name":"Portada","item":"https:\/\/conexion23.com\/"},{"@type":"ListItem","position":2,"name":"Ej\u00e9rcito intercepta a 24 indocumentados en zona boscosa de Montecristi"}]},{"@type":"WebSite","@id":"https:\/\/conexion23.com\/#website","url":"https:\/\/conexion23.com\/","name":"Conexi\u00f3n 23","description":"Peri\u00f3dico 100% Petromacorisano","publisher":{"@id":"https:\/\/conexion23.com\/#organization"},"potentialAction":[{"@type":"SearchAction","target":{"@type":"EntryPoint","urlTemplate":"https:\/\/conexion23.com\/?s={search_term_string}"},"query-input":{"@type":"PropertyValueSpecification","valueRequired":true,"valueName":"search_term_string"}}],"inLanguage":"es"},{"@type":"Organization","@id":"https:\/\/conexion23.com\/#organization","name":"Conexion 23","url":"https:\/\/conexion23.com\/","logo":{"@type":"ImageObject","inLanguage":"es","@id":"https:\/\/conexion23.com\/#\/schema\/logo\/image\/","url":"https:\/\/conexion23.com\/wp-content\/uploads\/2021\/11\/Diseno-sin-titulo-2.png","contentUrl":"https:\/\/conexion23.com\/wp-content\/uploads\/2021\/11\/Diseno-sin-titulo-2.png","width":541,"height":90,"caption":"Conexion 23"},"image":{"@id":"https:\/\/conexion23.com\/#\/schema\/logo\/image\/"},"sameAs":["https:\/\/www.facebook.com\/conexion23com","https:\/\/www.instagram.com\/conexion23com\/","https:\/\/www.youtube.com\/channel\/UCYc7vxxFZMYLIHNsHHxPZ3Q"]},{"@type":"Person","@id":"https:\/\/conexion23.com\/#\/schema\/person\/03e36043331117e97a373299bbcd30a6","name":"Raffy Ben\u00edtez","image":{"@type":"ImageObject","inLanguage":"es","@id":"https:\/\/conexion23.com\/#\/schema\/person\/image\/","url":"https:\/\/secure.gravatar.com\/avatar\/3190a6a6c5e1b0327500f7d6c56b6242472ee6cb974cf09b401ee6b3b0798f23?s=96&d=mm&r=g","contentUrl":"https:\/\/secure.gravatar.com\/avatar\/3190a6a6c5e1b0327500f7d6c56b6242472ee6cb974cf09b401ee6b3b0798f23?s=96&d=mm&r=g","caption":"Raffy Ben\u00edtez"},"url":"https:\/\/conexion23.com\/?author=15"}]}},"_links":{"self":[{"href":"https:\/\/conexion23.com\/index.php?rest_route=\/wp\/v2\/posts\/56583","targetHints":{"allow":["GET"]}}],"collection":[{"href":"https:\/\/conexion23.com\/index.php?rest_route=\/wp\/v2\/posts"}],"about":[{"href":"https:\/\/conexion23.com\/index.php?rest_route=\/wp\/v2\/types\/post"}],"author":[{"embeddable":true,"href":"https:\/\/conexion23.com\/index.php?rest_route=\/wp\/v2\/users\/15"}],"replies":[{"embeddable":true,"href":"https:\/\/conexion23.com\/index.php?rest_route=%2Fwp%2Fv2%2Fcomments&post=56583"}],"version-history":[{"count":1,"href":"https:\/\/conexion23.com\/index.php?rest_route=\/wp\/v2\/posts\/56583\/revisions"}],"predecessor-version":[{"id":56585,"href":"https:\/\/conexion23.com\/index.php?rest_route=\/wp\/v2\/posts\/56583\/revisions\/56585"}],"wp:featuredmedia":[{"embeddable":true,"href":"https:\/\/conexion23.com\/index.php?rest_route=\/wp\/v2\/media\/56584"}],"wp:attachment":[{"href":"https:\/\/conexion23.com\/index.php?rest_route=%2Fwp%2Fv2%2Fmedia&parent=56583"}],"wp:term":[{"taxonomy":"category","embeddable":true,"href":"https:\/\/conexion23.com\/index.php?rest_route=%2Fwp%2Fv2%2Fcategories&post=56583"},{"taxonomy":"post_tag","embeddable":true,"href":"https:\/\/conexion23.com\/index.php?rest_route=%2Fwp%2Fv2%2Ftags&post=56583"}],"curies":[{"name":"wp","href":"https:\/\/api.w.org\/{rel}","templated":true}]}}