{"id":56593,"date":"2026-04-26T11:03:34","date_gmt":"2026-04-26T15:03:34","guid":{"rendered":"https:\/\/conexion23.com\/?p=56593"},"modified":"2026-04-26T11:03:34","modified_gmt":"2026-04-26T15:03:34","slug":"boston-despide-a-alex-cora-y-a-su-cuerpo-de-coachs-ante-el-mal-inicio-de-los-red-sox","status":"publish","type":"post","link":"https:\/\/conexion23.com\/?p=56593","title":{"rendered":"Boston despide a Alex Cora y a su cuerpo de coachs ante el mal inicio de los Red Sox"},"content":{"rendered":"<p id=\"m107949-107948-107950\" style=\"text-align: justify;\">Los Red Sox han rescindido el contrato del m\u00e1nager Alex Cora, el entrenador de bateo Peter Fatse, el entrenador de tercera base Kyle Hudson, el entrenador de banca Ram\u00f3n V\u00e1zquez, el entrenador asistente de bateo Dillon Lawson y el entrenador de estrategia de bateo de las Grandes Ligas Joe Cronin, seg\u00fan anunci\u00f3 el club el s\u00e1bado.<\/p>\n<p id=\"m107954-107953-107955\" style=\"text-align: justify;\">Jason Varitek, entrenador de estrategia de juego y prevenci\u00f3n de carreras, ha sido reasignado a un nuevo puesto dentro de la organizaci\u00f3n. Los detalles de su reasignaci\u00f3n se anunciar\u00e1n m\u00e1s adelante.<\/p>\n<p id=\"m107959-107958-107960\" style=\"text-align: justify;\">Chad Tracy ser\u00e1 el m\u00e1nager interino de los Red Sox. Tracy, de 40 a\u00f1os, ha sido el m\u00e1nager del equipo de Triple-A de Worcester desde 2022.<\/p>\n<p id=\"m107964-107963-107965\" style=\"text-align: justify;\">\u201cAlex Cora llev\u00f3 a esta organizaci\u00f3n a una de las mejores temporadas en la historia de los Red Sox en 2018, y por eso, y por los muchos a\u00f1os que siguieron, siempre le estaremos profundamente agradecidos\u201d, dijo el propietario principal de los Red Sox, John Henry. \u201cHa tenido un impacto duradero en este equipo y en esta ciudad. Ha liderado dentro y fuera del campo de muchas maneras importantes. Estas decisiones nunca son f\u00e1ciles, pero esta es especialmente dif\u00edcil dado lo que Alex ha significado para los Red Sox desde el d\u00eda en que lleg\u00f3\u201d.<\/p>\n<p id=\"m107969-107968-107970\" style=\"text-align: justify;\">\u201cQuiero agradecer a Alex, a nuestros entrenadores y a sus familias por todo lo que han aportado a esta organizaci\u00f3n. Han sido parte de este club de una manera que va m\u00e1s all\u00e1 del terreno de juego, y siempre contar\u00e1n con nuestro respeto y gratitud.\u201d<\/p>\n<p id=\"m107974-107973-107975\" style=\"text-align: justify;\">Aunque los Red Sox rompieron una racha de cuatro derrotas consecutivas con una aplastante victoria de 17-1 contra los Orioles el s\u00e1bado, se encuentran en el pen\u00faltimo lugar de la Liga Americana con un r\u00e9cord general de 10-17.<\/p>\n<p id=\"m107979-107978-107980\" style=\"text-align: justify;\">Tras una temporada de 89 victorias que permiti\u00f3 a los Red Sox regresar a la postemporada por primera vez en cuatro a\u00f1os, hab\u00eda mucho optimismo en Boston de cara a la temporada 2026, pero una gira de 1-5 para abrir la temporada y un inicio general de 2-8 pusieron a los Sox en una situaci\u00f3n complicada desde el principio.<\/p>\n","protected":false},"excerpt":{"rendered":"<p>Los Red Sox han rescindido el contrato del m\u00e1nager Alex Cora, el entrenador de bateo Peter Fatse, el entrenador de tercera base Kyle Hudson, el entrenador de banca Ram\u00f3n V\u00e1zquez, el entrenador asistente de bateo Dillon Lawson y el entrenador de estrategia de bateo de las Grandes Ligas Joe Cronin, seg\u00fan anunci\u00f3 el club el [&hellip;]<\/p>\n","protected":false},"author":15,"featured_media":56594,"comment_status":"open","ping_status":"open","sticky":false,"template":"","format":"standard","meta":{"footnotes":""},"categories":[6],"tags":[8554,3055,8556,934,8555],"class_list":{"0":"post-56593","1":"post","2":"type-post","3":"status-publish","4":"format-standard","5":"has-post-thumbnail","7":"category-deportes","8":"tag-alex-cora","9":"tag-boston","10":"tag-coachs","11":"tag-despide","12":"tag-red-sox"},"yoast_head":"<!-- This site is optimized with the Yoast SEO plugin v27.1.1 - https:\/\/yoast.com\/product\/yoast-seo-wordpress\/ -->\n<title>Boston despide a Alex Cora y a su cuerpo de coachs ante el mal inicio de los Red Sox - Conexi\u00f3n 23<\/title>\n<meta name=\"robots\" content=\"index, follow, max-snippet:-1, max-image-preview:large, max-video-preview:-1\" \/>\n<link rel=\"canonical\" href=\"https:\/\/conexion23.com\/?p=56593\" \/>\n<meta property=\"og:locale\" content=\"es_ES\" \/>\n<meta property=\"og:type\" content=\"article\" \/>\n<meta property=\"og:title\" content=\"Boston despide a Alex Cora y a su cuerpo de coachs ante el mal inicio de los Red Sox - Conexi\u00f3n 23\" \/>\n<meta property=\"og:description\" content=\"Los Red Sox han rescindido el contrato del m\u00e1nager Alex Cora, el entrenador de bateo Peter Fatse, el entrenador de tercera base Kyle Hudson, el entrenador de banca Ram\u00f3n V\u00e1zquez, el entrenador asistente de bateo Dillon Lawson y el entrenador de estrategia de bateo de las Grandes Ligas Joe Cronin, seg\u00fan anunci\u00f3 el club el [&hellip;]\" \/>\n<meta property=\"og:url\" content=\"https:\/\/conexion23.com\/?p=56593\" \/>\n<meta property=\"og:site_name\" content=\"Conexi\u00f3n 23\" \/>\n<meta property=\"article:publisher\" content=\"https:\/\/www.facebook.com\/conexion23com\" \/>\n<meta property=\"article:published_time\" content=\"2026-04-26T15:03:34+00:00\" \/>\n<meta property=\"og:image\" content=\"http:\/\/conexion23.com\/wp-content\/uploads\/2026\/04\/6846357332f70.r_d.308-167.jpeg\" \/>\n\t<meta property=\"og:image:width\" content=\"800\" \/>\n\t<meta property=\"og:image:height\" content=\"533\" \/>\n\t<meta property=\"og:image:type\" content=\"image\/jpeg\" \/>\n<meta name=\"author\" content=\"Raffy Ben\u00edtez\" \/>\n<meta name=\"twitter:card\" content=\"summary_large_image\" \/>\n<meta name=\"twitter:label1\" content=\"Escrito por\" \/>\n\t<meta name=\"twitter:data1\" content=\"Raffy Ben\u00edtez\" \/>\n\t<meta name=\"twitter:label2\" content=\"Tiempo de lectura\" \/>\n\t<meta name=\"twitter:data2\" content=\"2 minutos\" \/>\n<script type=\"application\/ld+json\" class=\"yoast-schema-graph\">{\"@context\":\"https:\/\/schema.org\",\"@graph\":[{\"@type\":\"Article\",\"@id\":\"https:\/\/conexion23.com\/?p=56593#article\",\"isPartOf\":{\"@id\":\"https:\/\/conexion23.com\/?p=56593\"},\"author\":{\"name\":\"Raffy Ben\u00edtez\",\"@id\":\"https:\/\/conexion23.com\/#\/schema\/person\/03e36043331117e97a373299bbcd30a6\"},\"headline\":\"Boston despide a Alex Cora y a su cuerpo de coachs ante el mal inicio de los Red Sox\",\"datePublished\":\"2026-04-26T15:03:34+00:00\",\"mainEntityOfPage\":{\"@id\":\"https:\/\/conexion23.com\/?p=56593\"},\"wordCount\":391,\"commentCount\":0,\"publisher\":{\"@id\":\"https:\/\/conexion23.com\/#organization\"},\"image\":{\"@id\":\"https:\/\/conexion23.com\/?p=56593#primaryimage\"},\"thumbnailUrl\":\"https:\/\/conexion23.com\/wp-content\/uploads\/2026\/04\/6846357332f70.r_d.308-167.jpeg\",\"keywords\":[\"Alex Cora\",\"boston\",\"coachs\",\"Despide\",\"Red Sox\"],\"articleSection\":[\"Deportes\"],\"inLanguage\":\"es\",\"potentialAction\":[{\"@type\":\"CommentAction\",\"name\":\"Comment\",\"target\":[\"https:\/\/conexion23.com\/?p=56593#respond\"]}]},{\"@type\":\"WebPage\",\"@id\":\"https:\/\/conexion23.com\/?p=56593\",\"url\":\"https:\/\/conexion23.com\/?p=56593\",\"name\":\"Boston despide a Alex Cora y a su cuerpo de coachs ante el mal inicio de los Red Sox - Conexi\u00f3n 23\",\"isPartOf\":{\"@id\":\"https:\/\/conexion23.com\/#website\"},\"primaryImageOfPage\":{\"@id\":\"https:\/\/conexion23.com\/?p=56593#primaryimage\"},\"image\":{\"@id\":\"https:\/\/conexion23.com\/?p=56593#primaryimage\"},\"thumbnailUrl\":\"https:\/\/conexion23.com\/wp-content\/uploads\/2026\/04\/6846357332f70.r_d.308-167.jpeg\",\"datePublished\":\"2026-04-26T15:03:34+00:00\",\"breadcrumb\":{\"@id\":\"https:\/\/conexion23.com\/?p=56593#breadcrumb\"},\"inLanguage\":\"es\",\"potentialAction\":[{\"@type\":\"ReadAction\",\"target\":[\"https:\/\/conexion23.com\/?p=56593\"]}]},{\"@type\":\"ImageObject\",\"inLanguage\":\"es\",\"@id\":\"https:\/\/conexion23.com\/?p=56593#primaryimage\",\"url\":\"https:\/\/conexion23.com\/wp-content\/uploads\/2026\/04\/6846357332f70.r_d.308-167.jpeg\",\"contentUrl\":\"https:\/\/conexion23.com\/wp-content\/uploads\/2026\/04\/6846357332f70.r_d.308-167.jpeg\",\"width\":800,\"height\":533},{\"@type\":\"BreadcrumbList\",\"@id\":\"https:\/\/conexion23.com\/?p=56593#breadcrumb\",\"itemListElement\":[{\"@type\":\"ListItem\",\"position\":1,\"name\":\"Portada\",\"item\":\"https:\/\/conexion23.com\/\"},{\"@type\":\"ListItem\",\"position\":2,\"name\":\"Boston despide a Alex Cora y a su cuerpo de coachs ante el mal inicio de los Red Sox\"}]},{\"@type\":\"WebSite\",\"@id\":\"https:\/\/conexion23.com\/#website\",\"url\":\"https:\/\/conexion23.com\/\",\"name\":\"Conexi\u00f3n 23\",\"description\":\"Peri\u00f3dico 100% Petromacorisano\",\"publisher\":{\"@id\":\"https:\/\/conexion23.com\/#organization\"},\"potentialAction\":[{\"@type\":\"SearchAction\",\"target\":{\"@type\":\"EntryPoint\",\"urlTemplate\":\"https:\/\/conexion23.com\/?s={search_term_string}\"},\"query-input\":{\"@type\":\"PropertyValueSpecification\",\"valueRequired\":true,\"valueName\":\"search_term_string\"}}],\"inLanguage\":\"es\"},{\"@type\":\"Organization\",\"@id\":\"https:\/\/conexion23.com\/#organization\",\"name\":\"Conexion 23\",\"url\":\"https:\/\/conexion23.com\/\",\"logo\":{\"@type\":\"ImageObject\",\"inLanguage\":\"es\",\"@id\":\"https:\/\/conexion23.com\/#\/schema\/logo\/image\/\",\"url\":\"https:\/\/conexion23.com\/wp-content\/uploads\/2021\/11\/Diseno-sin-titulo-2.png\",\"contentUrl\":\"https:\/\/conexion23.com\/wp-content\/uploads\/2021\/11\/Diseno-sin-titulo-2.png\",\"width\":541,\"height\":90,\"caption\":\"Conexion 23\"},\"image\":{\"@id\":\"https:\/\/conexion23.com\/#\/schema\/logo\/image\/\"},\"sameAs\":[\"https:\/\/www.facebook.com\/conexion23com\",\"https:\/\/www.instagram.com\/conexion23com\/\",\"https:\/\/www.youtube.com\/channel\/UCYc7vxxFZMYLIHNsHHxPZ3Q\"]},{\"@type\":\"Person\",\"@id\":\"https:\/\/conexion23.com\/#\/schema\/person\/03e36043331117e97a373299bbcd30a6\",\"name\":\"Raffy Ben\u00edtez\",\"image\":{\"@type\":\"ImageObject\",\"inLanguage\":\"es\",\"@id\":\"https:\/\/conexion23.com\/#\/schema\/person\/image\/\",\"url\":\"https:\/\/secure.gravatar.com\/avatar\/3190a6a6c5e1b0327500f7d6c56b6242472ee6cb974cf09b401ee6b3b0798f23?s=96&d=mm&r=g\",\"contentUrl\":\"https:\/\/secure.gravatar.com\/avatar\/3190a6a6c5e1b0327500f7d6c56b6242472ee6cb974cf09b401ee6b3b0798f23?s=96&d=mm&r=g\",\"caption\":\"Raffy Ben\u00edtez\"},\"url\":\"https:\/\/conexion23.com\/?author=15\"}]}<\/script>\n<!-- \/ Yoast SEO plugin. -->","yoast_head_json":{"title":"Boston despide a Alex Cora y a su cuerpo de coachs ante el mal inicio de los Red Sox - Conexi\u00f3n 23","robots":{"index":"index","follow":"follow","max-snippet":"max-snippet:-1","max-image-preview":"max-image-preview:large","max-video-preview":"max-video-preview:-1"},"canonical":"https:\/\/conexion23.com\/?p=56593","og_locale":"es_ES","og_type":"article","og_title":"Boston despide a Alex Cora y a su cuerpo de coachs ante el mal inicio de los Red Sox - Conexi\u00f3n 23","og_description":"Los Red Sox han rescindido el contrato del m\u00e1nager Alex Cora, el entrenador de bateo Peter Fatse, el entrenador de tercera base Kyle Hudson, el entrenador de banca Ram\u00f3n V\u00e1zquez, el entrenador asistente de bateo Dillon Lawson y el entrenador de estrategia de bateo de las Grandes Ligas Joe Cronin, seg\u00fan anunci\u00f3 el club el [&hellip;]","og_url":"https:\/\/conexion23.com\/?p=56593","og_site_name":"Conexi\u00f3n 23","article_publisher":"https:\/\/www.facebook.com\/conexion23com","article_published_time":"2026-04-26T15:03:34+00:00","og_image":[{"width":800,"height":533,"url":"http:\/\/conexion23.com\/wp-content\/uploads\/2026\/04\/6846357332f70.r_d.308-167.jpeg","type":"image\/jpeg"}],"author":"Raffy Ben\u00edtez","twitter_card":"summary_large_image","twitter_misc":{"Escrito por":"Raffy Ben\u00edtez","Tiempo de lectura":"2 minutos"},"schema":{"@context":"https:\/\/schema.org","@graph":[{"@type":"Article","@id":"https:\/\/conexion23.com\/?p=56593#article","isPartOf":{"@id":"https:\/\/conexion23.com\/?p=56593"},"author":{"name":"Raffy Ben\u00edtez","@id":"https:\/\/conexion23.com\/#\/schema\/person\/03e36043331117e97a373299bbcd30a6"},"headline":"Boston despide a Alex Cora y a su cuerpo de coachs ante el mal inicio de los Red Sox","datePublished":"2026-04-26T15:03:34+00:00","mainEntityOfPage":{"@id":"https:\/\/conexion23.com\/?p=56593"},"wordCount":391,"commentCount":0,"publisher":{"@id":"https:\/\/conexion23.com\/#organization"},"image":{"@id":"https:\/\/conexion23.com\/?p=56593#primaryimage"},"thumbnailUrl":"https:\/\/conexion23.com\/wp-content\/uploads\/2026\/04\/6846357332f70.r_d.308-167.jpeg","keywords":["Alex Cora","boston","coachs","Despide","Red Sox"],"articleSection":["Deportes"],"inLanguage":"es","potentialAction":[{"@type":"CommentAction","name":"Comment","target":["https:\/\/conexion23.com\/?p=56593#respond"]}]},{"@type":"WebPage","@id":"https:\/\/conexion23.com\/?p=56593","url":"https:\/\/conexion23.com\/?p=56593","name":"Boston despide a Alex Cora y a su cuerpo de coachs ante el mal inicio de los Red Sox - Conexi\u00f3n 23","isPartOf":{"@id":"https:\/\/conexion23.com\/#website"},"primaryImageOfPage":{"@id":"https:\/\/conexion23.com\/?p=56593#primaryimage"},"image":{"@id":"https:\/\/conexion23.com\/?p=56593#primaryimage"},"thumbnailUrl":"https:\/\/conexion23.com\/wp-content\/uploads\/2026\/04\/6846357332f70.r_d.308-167.jpeg","datePublished":"2026-04-26T15:03:34+00:00","breadcrumb":{"@id":"https:\/\/conexion23.com\/?p=56593#breadcrumb"},"inLanguage":"es","potentialAction":[{"@type":"ReadAction","target":["https:\/\/conexion23.com\/?p=56593"]}]},{"@type":"ImageObject","inLanguage":"es","@id":"https:\/\/conexion23.com\/?p=56593#primaryimage","url":"https:\/\/conexion23.com\/wp-content\/uploads\/2026\/04\/6846357332f70.r_d.308-167.jpeg","contentUrl":"https:\/\/conexion23.com\/wp-content\/uploads\/2026\/04\/6846357332f70.r_d.308-167.jpeg","width":800,"height":533},{"@type":"BreadcrumbList","@id":"https:\/\/conexion23.com\/?p=56593#breadcrumb","itemListElement":[{"@type":"ListItem","position":1,"name":"Portada","item":"https:\/\/conexion23.com\/"},{"@type":"ListItem","position":2,"name":"Boston despide a Alex Cora y a su cuerpo de coachs ante el mal inicio de los Red Sox"}]},{"@type":"WebSite","@id":"https:\/\/conexion23.com\/#website","url":"https:\/\/conexion23.com\/","name":"Conexi\u00f3n 23","description":"Peri\u00f3dico 100% Petromacorisano","publisher":{"@id":"https:\/\/conexion23.com\/#organization"},"potentialAction":[{"@type":"SearchAction","target":{"@type":"EntryPoint","urlTemplate":"https:\/\/conexion23.com\/?s={search_term_string}"},"query-input":{"@type":"PropertyValueSpecification","valueRequired":true,"valueName":"search_term_string"}}],"inLanguage":"es"},{"@type":"Organization","@id":"https:\/\/conexion23.com\/#organization","name":"Conexion 23","url":"https:\/\/conexion23.com\/","logo":{"@type":"ImageObject","inLanguage":"es","@id":"https:\/\/conexion23.com\/#\/schema\/logo\/image\/","url":"https:\/\/conexion23.com\/wp-content\/uploads\/2021\/11\/Diseno-sin-titulo-2.png","contentUrl":"https:\/\/conexion23.com\/wp-content\/uploads\/2021\/11\/Diseno-sin-titulo-2.png","width":541,"height":90,"caption":"Conexion 23"},"image":{"@id":"https:\/\/conexion23.com\/#\/schema\/logo\/image\/"},"sameAs":["https:\/\/www.facebook.com\/conexion23com","https:\/\/www.instagram.com\/conexion23com\/","https:\/\/www.youtube.com\/channel\/UCYc7vxxFZMYLIHNsHHxPZ3Q"]},{"@type":"Person","@id":"https:\/\/conexion23.com\/#\/schema\/person\/03e36043331117e97a373299bbcd30a6","name":"Raffy Ben\u00edtez","image":{"@type":"ImageObject","inLanguage":"es","@id":"https:\/\/conexion23.com\/#\/schema\/person\/image\/","url":"https:\/\/secure.gravatar.com\/avatar\/3190a6a6c5e1b0327500f7d6c56b6242472ee6cb974cf09b401ee6b3b0798f23?s=96&d=mm&r=g","contentUrl":"https:\/\/secure.gravatar.com\/avatar\/3190a6a6c5e1b0327500f7d6c56b6242472ee6cb974cf09b401ee6b3b0798f23?s=96&d=mm&r=g","caption":"Raffy Ben\u00edtez"},"url":"https:\/\/conexion23.com\/?author=15"}]}},"_links":{"self":[{"href":"https:\/\/conexion23.com\/index.php?rest_route=\/wp\/v2\/posts\/56593","targetHints":{"allow":["GET"]}}],"collection":[{"href":"https:\/\/conexion23.com\/index.php?rest_route=\/wp\/v2\/posts"}],"about":[{"href":"https:\/\/conexion23.com\/index.php?rest_route=\/wp\/v2\/types\/post"}],"author":[{"embeddable":true,"href":"https:\/\/conexion23.com\/index.php?rest_route=\/wp\/v2\/users\/15"}],"replies":[{"embeddable":true,"href":"https:\/\/conexion23.com\/index.php?rest_route=%2Fwp%2Fv2%2Fcomments&post=56593"}],"version-history":[{"count":1,"href":"https:\/\/conexion23.com\/index.php?rest_route=\/wp\/v2\/posts\/56593\/revisions"}],"predecessor-version":[{"id":56595,"href":"https:\/\/conexion23.com\/index.php?rest_route=\/wp\/v2\/posts\/56593\/revisions\/56595"}],"wp:featuredmedia":[{"embeddable":true,"href":"https:\/\/conexion23.com\/index.php?rest_route=\/wp\/v2\/media\/56594"}],"wp:attachment":[{"href":"https:\/\/conexion23.com\/index.php?rest_route=%2Fwp%2Fv2%2Fmedia&parent=56593"}],"wp:term":[{"taxonomy":"category","embeddable":true,"href":"https:\/\/conexion23.com\/index.php?rest_route=%2Fwp%2Fv2%2Fcategories&post=56593"},{"taxonomy":"post_tag","embeddable":true,"href":"https:\/\/conexion23.com\/index.php?rest_route=%2Fwp%2Fv2%2Ftags&post=56593"}],"curies":[{"name":"wp","href":"https:\/\/api.w.org\/{rel}","templated":true}]}}