{"id":56599,"date":"2026-04-26T19:35:34","date_gmt":"2026-04-26T23:35:34","guid":{"rendered":"https:\/\/conexion23.com\/?p=56599"},"modified":"2026-04-26T18:58:22","modified_gmt":"2026-04-26T22:58:22","slug":"gobierno-dominicano-inaugura-circuito-vial-bajo-yuna-conectara-duarte-y-maria-trinidad-sanchez","status":"publish","type":"post","link":"https:\/\/conexion23.com\/?p=56599","title":{"rendered":"Gobierno dominicano inaugura circuito vial Bajo Yuna, conectar\u00e1 Duarte y Mar\u00eda Trinidad S\u00e1nchez"},"content":{"rendered":"<p style=\"text-align: justify;\"><strong>El presidente\u00a0Luis Abinader\u00a0encabez\u00f3 este domingo la inauguraci\u00f3n del\u00a0Circuito Vial Bajo Yuna\u00a0que abarca una totalidad de\u00a049.2 kil\u00f3metros\u00a0y crea una conexi\u00f3n entre las provincias\u00a0Duarte\u00a0y\u00a0Mar\u00eda Trinidad S\u00e1nchez, y que, adem\u00e1s de ampliar la movilidad entre\u00a0comunidades\u00a0aisladas, fortalece el intercambio comercial de importantes rubros como el\u00a0arroz\u00a0y el\u00a0cacao.<\/strong><\/p>\n<p style=\"text-align: justify;\">Con una extensi\u00f3n de\u00a0<strong>42.8 kil\u00f3metros<\/strong>, este circuito vial transforma la conectividad del Nordeste, habilitando un camino seguro para las comunidades La Reforma, Las Coles, La Jagua, El Jobo, Jobo Afuera, Molenillo y La Garza, y conect\u00e1ndolas de manera directa con la Autopista Juan Pablo Segundo y la carretera Nagua\u2013Saman\u00e1.<\/p>\n<ul class=\"list-text\" style=\"text-align: justify;\">\n<li>Adicional a este, se asfaltaron\u00a0<strong>6.2 kil\u00f3metros<\/strong>\u00a0de\u00a0<strong>v\u00edas internas<\/strong>, superando as\u00ed los\u00a0<strong>49 kil\u00f3metros<\/strong>, indica una nota de prensa. Al trasladarse al lugar, el jefe de Estado reiter\u00f3 que \u00ab<strong>nunca antes<\/strong>\u00a0se hab\u00edan construido tantas carreteras como en la actualidad\u00bb, y contin\u00faan acortando distancias entre\u00a0<strong>comunidades<\/strong>\u00a0de todo el pa\u00eds al citar la v\u00eda que se construye para unir\u00a0<strong>Las Gu\u00e1ranas<\/strong>\u00a0con\u00a0<strong>Pimentel<\/strong>, en esta misma provincia.<\/li>\n<\/ul>\n<h2 style=\"text-align: justify;\">Impacto y beneficios del\u00a0<strong>Circuito Vial Bajo Yuna<\/strong><\/h2>\n<p style=\"text-align: justify;\">Destac\u00f3 tambi\u00e9n la\u00a0<strong>alta calidad<\/strong>\u00a0con que se realizan estos trabajos, priorizando la\u00a0<strong>asignaci\u00f3n de recursos<\/strong>\u00a0para llevar progreso a la poblaci\u00f3n. En este sentido, inform\u00f3 a los presentes que dar\u00e1 respuesta a otras necesidades de la zona, como una\u00a0<strong>funeraria<\/strong>,\u00a0<strong>cementerio<\/strong>\u00a0y m\u00e1s asfaltados.<\/p>\n<p style=\"text-align: justify;\">Construido por el\u00a0<strong>Ministerio de Obras P\u00fablicas y Comunicaciones<\/strong>, el\u00a0<strong>Circuito Vial Bajo Yuna<\/strong>\u00a0acerca tambi\u00e9n estas\u00a0<strong>comunidades<\/strong>\u00a0a\u00a0<strong>servicios b\u00e1sicos<\/strong>\u00a0de salud y educaci\u00f3n que sol\u00edan ser de limitado acceso, mejorando las condiciones de vida de m\u00e1s de\u00a0<strong>20,000 personas<\/strong>\u00a0de forma directa y m\u00e1s de\u00a0<strong>30,000<\/strong>\u00a0de manera indirecta.<\/p>\n<h2 style=\"text-align: justify;\">Proyectos complementarios y desarrollo en la provincia Duarte<\/h2>\n<p style=\"text-align: justify;\">En beneficio de esta provincia\u00a0<strong>Duarte<\/strong>, el titular de Obras P\u00fablicas indic\u00f3 que contin\u00faan trabajando \u00e1gilmente en otros\u00a0<strong>78 kil\u00f3metros<\/strong>\u00a0de carretera, la\u00a0<strong>Circunvalaci\u00f3n de San Francisco<\/strong>\u00a0y la construcci\u00f3n de\u00a0<strong>cinco puentes.<\/strong><\/p>\n<p style=\"text-align: justify;\">De igual manera<strong>,\u00a0<\/strong>el asfaltado de calles de diferentes municipios y distritos, citando zonas como\u00a0<strong>San Francisco de Macor\u00eds<\/strong>,\u00a0<strong>Mam\u00e1 Tingo<\/strong>,\u00a0<strong>Pimentel<\/strong>\u00a0y\u00a0<strong>El Aguacate<\/strong>.<\/p>\n<p style=\"text-align: justify;\">El\u00a0<strong>Circuito Bajo Yuna<\/strong>\u00a0incorpora\u00a0<strong>soluciones de drenaje<\/strong>\u00a0y dise\u00f1o que garantizan la\u00a0<strong>transitabilidad<\/strong>\u00a0incluso en condiciones clim\u00e1ticas adversas, protegiendo tanto a las\u00a0<strong>comunidades<\/strong>\u00a0como a la producci\u00f3n agr\u00edcola, aline\u00e1ndose con la visi\u00f3n del Gobierno de construir infraestructuras preparadas para responder a los desaf\u00edos clim\u00e1ticos del presente y el futuro.<\/p>\n<p style=\"text-align: justify;\">En el acto participaron el senador por Mar\u00eda Trinidad S\u00e1nchez, Alexis Victoria Yeb; las gobernadoras\u00a0<strong>Ana Xiomara Cort\u00e9s y Mar\u00eda L\u00f3pez<\/strong>; el director ejecutivo del Instituto Nacional de Recursos Hidr\u00e1ulicos (INDRHI), Olmedo Caba.<\/p>\n","protected":false},"excerpt":{"rendered":"<p>El presidente\u00a0Luis Abinader\u00a0encabez\u00f3 este domingo la inauguraci\u00f3n del\u00a0Circuito Vial Bajo Yuna\u00a0que abarca una totalidad de\u00a049.2 kil\u00f3metros\u00a0y crea una conexi\u00f3n entre las provincias\u00a0Duarte\u00a0y\u00a0Mar\u00eda Trinidad S\u00e1nchez, y que, adem\u00e1s de ampliar la movilidad entre\u00a0comunidades\u00a0aisladas, fortalece el intercambio comercial de importantes rubros como el\u00a0arroz\u00a0y el\u00a0cacao. Con una extensi\u00f3n de\u00a042.8 kil\u00f3metros, este circuito vial transforma la conectividad del Nordeste, [&hellip;]<\/p>\n","protected":false},"author":18,"featured_media":56600,"comment_status":"open","ping_status":"open","sticky":false,"template":"","format":"standard","meta":{"footnotes":""},"categories":[12,3773],"tags":[8557,616,190],"class_list":{"0":"post-56599","1":"post","2":"type-post","3":"status-publish","4":"format-standard","5":"has-post-thumbnail","7":"category-municipales","8":"category-portada","9":"tag-circuito-vial-bajo-yuna","10":"tag-duarte","11":"tag-luis-abinader"},"yoast_head":"<!-- This site is optimized with the Yoast SEO plugin v27.1.1 - https:\/\/yoast.com\/product\/yoast-seo-wordpress\/ -->\n<title>Gobierno dominicano inaugura circuito vial Bajo Yuna, conectar\u00e1 Duarte y Mar\u00eda Trinidad S\u00e1nchez - Conexi\u00f3n 23<\/title>\n<meta name=\"robots\" content=\"index, follow, max-snippet:-1, max-image-preview:large, max-video-preview:-1\" \/>\n<link rel=\"canonical\" href=\"http:\/\/conexion23.com\/?p=56599\" \/>\n<meta property=\"og:locale\" content=\"es_ES\" \/>\n<meta property=\"og:type\" content=\"article\" \/>\n<meta property=\"og:title\" content=\"Gobierno dominicano inaugura circuito vial Bajo Yuna, conectar\u00e1 Duarte y Mar\u00eda Trinidad S\u00e1nchez - Conexi\u00f3n 23\" \/>\n<meta property=\"og:description\" content=\"El presidente\u00a0Luis Abinader\u00a0encabez\u00f3 este domingo la inauguraci\u00f3n del\u00a0Circuito Vial Bajo Yuna\u00a0que abarca una totalidad de\u00a049.2 kil\u00f3metros\u00a0y crea una conexi\u00f3n entre las provincias\u00a0Duarte\u00a0y\u00a0Mar\u00eda Trinidad S\u00e1nchez, y que, adem\u00e1s de ampliar la movilidad entre\u00a0comunidades\u00a0aisladas, fortalece el intercambio comercial de importantes rubros como el\u00a0arroz\u00a0y el\u00a0cacao. Con una extensi\u00f3n de\u00a042.8 kil\u00f3metros, este circuito vial transforma la conectividad del Nordeste, [&hellip;]\" \/>\n<meta property=\"og:url\" content=\"http:\/\/conexion23.com\/?p=56599\" \/>\n<meta property=\"og:site_name\" content=\"Conexi\u00f3n 23\" \/>\n<meta property=\"article:publisher\" content=\"https:\/\/www.facebook.com\/conexion23com\" \/>\n<meta property=\"article:published_time\" content=\"2026-04-26T23:35:34+00:00\" \/>\n<meta property=\"og:image\" content=\"http:\/\/conexion23.com\/wp-content\/uploads\/2026\/04\/Abinader-inaugura-circuito-vial-Bajo-Yuna-que-conecta-Duarte-y-Maria-Trinidad-Sanchez.jpg\" \/>\n\t<meta property=\"og:image:width\" content=\"896\" \/>\n\t<meta property=\"og:image:height\" content=\"504\" \/>\n\t<meta property=\"og:image:type\" content=\"image\/jpeg\" \/>\n<meta name=\"author\" content=\"Redacci\u00f3n\" \/>\n<meta name=\"twitter:card\" content=\"summary_large_image\" \/>\n<meta name=\"twitter:label1\" content=\"Escrito por\" \/>\n\t<meta name=\"twitter:data1\" content=\"Redacci\u00f3n\" \/>\n\t<meta name=\"twitter:label2\" content=\"Tiempo de lectura\" \/>\n\t<meta name=\"twitter:data2\" content=\"3 minutos\" \/>\n<script type=\"application\/ld+json\" class=\"yoast-schema-graph\">{\"@context\":\"https:\/\/schema.org\",\"@graph\":[{\"@type\":\"Article\",\"@id\":\"http:\/\/conexion23.com\/?p=56599#article\",\"isPartOf\":{\"@id\":\"http:\/\/conexion23.com\/?p=56599\"},\"author\":{\"name\":\"Redacci\u00f3n\",\"@id\":\"https:\/\/conexion23.com\/#\/schema\/person\/0a860802b17d01ad2a278f53c507c296\"},\"headline\":\"Gobierno dominicano inaugura circuito vial Bajo Yuna, conectar\u00e1 Duarte y Mar\u00eda Trinidad S\u00e1nchez\",\"datePublished\":\"2026-04-26T23:35:34+00:00\",\"mainEntityOfPage\":{\"@id\":\"http:\/\/conexion23.com\/?p=56599\"},\"wordCount\":484,\"commentCount\":0,\"publisher\":{\"@id\":\"https:\/\/conexion23.com\/#organization\"},\"image\":{\"@id\":\"http:\/\/conexion23.com\/?p=56599#primaryimage\"},\"thumbnailUrl\":\"https:\/\/conexion23.com\/wp-content\/uploads\/2026\/04\/Abinader-inaugura-circuito-vial-Bajo-Yuna-que-conecta-Duarte-y-Maria-Trinidad-Sanchez.jpg\",\"keywords\":[\"Circuito Vial Bajo Yuna\",\"duarte\",\"luis abinader\"],\"articleSection\":[\"Municipales\",\"Portada\"],\"inLanguage\":\"es\",\"potentialAction\":[{\"@type\":\"CommentAction\",\"name\":\"Comment\",\"target\":[\"http:\/\/conexion23.com\/?p=56599#respond\"]}]},{\"@type\":\"WebPage\",\"@id\":\"http:\/\/conexion23.com\/?p=56599\",\"url\":\"http:\/\/conexion23.com\/?p=56599\",\"name\":\"Gobierno dominicano inaugura circuito vial Bajo Yuna, conectar\u00e1 Duarte y Mar\u00eda Trinidad S\u00e1nchez - Conexi\u00f3n 23\",\"isPartOf\":{\"@id\":\"https:\/\/conexion23.com\/#website\"},\"primaryImageOfPage\":{\"@id\":\"http:\/\/conexion23.com\/?p=56599#primaryimage\"},\"image\":{\"@id\":\"http:\/\/conexion23.com\/?p=56599#primaryimage\"},\"thumbnailUrl\":\"https:\/\/conexion23.com\/wp-content\/uploads\/2026\/04\/Abinader-inaugura-circuito-vial-Bajo-Yuna-que-conecta-Duarte-y-Maria-Trinidad-Sanchez.jpg\",\"datePublished\":\"2026-04-26T23:35:34+00:00\",\"breadcrumb\":{\"@id\":\"http:\/\/conexion23.com\/?p=56599#breadcrumb\"},\"inLanguage\":\"es\",\"potentialAction\":[{\"@type\":\"ReadAction\",\"target\":[\"http:\/\/conexion23.com\/?p=56599\"]}]},{\"@type\":\"ImageObject\",\"inLanguage\":\"es\",\"@id\":\"http:\/\/conexion23.com\/?p=56599#primaryimage\",\"url\":\"https:\/\/conexion23.com\/wp-content\/uploads\/2026\/04\/Abinader-inaugura-circuito-vial-Bajo-Yuna-que-conecta-Duarte-y-Maria-Trinidad-Sanchez.jpg\",\"contentUrl\":\"https:\/\/conexion23.com\/wp-content\/uploads\/2026\/04\/Abinader-inaugura-circuito-vial-Bajo-Yuna-que-conecta-Duarte-y-Maria-Trinidad-Sanchez.jpg\",\"width\":896,\"height\":504},{\"@type\":\"BreadcrumbList\",\"@id\":\"http:\/\/conexion23.com\/?p=56599#breadcrumb\",\"itemListElement\":[{\"@type\":\"ListItem\",\"position\":1,\"name\":\"Portada\",\"item\":\"https:\/\/conexion23.com\/\"},{\"@type\":\"ListItem\",\"position\":2,\"name\":\"Gobierno dominicano inaugura circuito vial Bajo Yuna, conectar\u00e1 Duarte y Mar\u00eda Trinidad S\u00e1nchez\"}]},{\"@type\":\"WebSite\",\"@id\":\"https:\/\/conexion23.com\/#website\",\"url\":\"https:\/\/conexion23.com\/\",\"name\":\"Conexi\u00f3n 23\",\"description\":\"Peri\u00f3dico 100% Petromacorisano\",\"publisher\":{\"@id\":\"https:\/\/conexion23.com\/#organization\"},\"potentialAction\":[{\"@type\":\"SearchAction\",\"target\":{\"@type\":\"EntryPoint\",\"urlTemplate\":\"https:\/\/conexion23.com\/?s={search_term_string}\"},\"query-input\":{\"@type\":\"PropertyValueSpecification\",\"valueRequired\":true,\"valueName\":\"search_term_string\"}}],\"inLanguage\":\"es\"},{\"@type\":\"Organization\",\"@id\":\"https:\/\/conexion23.com\/#organization\",\"name\":\"Conexion 23\",\"url\":\"https:\/\/conexion23.com\/\",\"logo\":{\"@type\":\"ImageObject\",\"inLanguage\":\"es\",\"@id\":\"https:\/\/conexion23.com\/#\/schema\/logo\/image\/\",\"url\":\"https:\/\/conexion23.com\/wp-content\/uploads\/2021\/11\/Diseno-sin-titulo-2.png\",\"contentUrl\":\"https:\/\/conexion23.com\/wp-content\/uploads\/2021\/11\/Diseno-sin-titulo-2.png\",\"width\":541,\"height\":90,\"caption\":\"Conexion 23\"},\"image\":{\"@id\":\"https:\/\/conexion23.com\/#\/schema\/logo\/image\/\"},\"sameAs\":[\"https:\/\/www.facebook.com\/conexion23com\",\"https:\/\/www.instagram.com\/conexion23com\/\",\"https:\/\/www.youtube.com\/channel\/UCYc7vxxFZMYLIHNsHHxPZ3Q\"]},{\"@type\":\"Person\",\"@id\":\"https:\/\/conexion23.com\/#\/schema\/person\/0a860802b17d01ad2a278f53c507c296\",\"name\":\"Redacci\u00f3n\",\"image\":{\"@type\":\"ImageObject\",\"inLanguage\":\"es\",\"@id\":\"https:\/\/conexion23.com\/#\/schema\/person\/image\/\",\"url\":\"https:\/\/secure.gravatar.com\/avatar\/ec9d84b79c776aa1994e5893944465db9974b17b884155623da51b7b62c02845?s=96&d=mm&r=g\",\"contentUrl\":\"https:\/\/secure.gravatar.com\/avatar\/ec9d84b79c776aa1994e5893944465db9974b17b884155623da51b7b62c02845?s=96&d=mm&r=g\",\"caption\":\"Redacci\u00f3n\"},\"url\":\"https:\/\/conexion23.com\/?author=18\"}]}<\/script>\n<!-- \/ Yoast SEO plugin. -->","yoast_head_json":{"title":"Gobierno dominicano inaugura circuito vial Bajo Yuna, conectar\u00e1 Duarte y Mar\u00eda Trinidad S\u00e1nchez - Conexi\u00f3n 23","robots":{"index":"index","follow":"follow","max-snippet":"max-snippet:-1","max-image-preview":"max-image-preview:large","max-video-preview":"max-video-preview:-1"},"canonical":"http:\/\/conexion23.com\/?p=56599","og_locale":"es_ES","og_type":"article","og_title":"Gobierno dominicano inaugura circuito vial Bajo Yuna, conectar\u00e1 Duarte y Mar\u00eda Trinidad S\u00e1nchez - Conexi\u00f3n 23","og_description":"El presidente\u00a0Luis Abinader\u00a0encabez\u00f3 este domingo la inauguraci\u00f3n del\u00a0Circuito Vial Bajo Yuna\u00a0que abarca una totalidad de\u00a049.2 kil\u00f3metros\u00a0y crea una conexi\u00f3n entre las provincias\u00a0Duarte\u00a0y\u00a0Mar\u00eda Trinidad S\u00e1nchez, y que, adem\u00e1s de ampliar la movilidad entre\u00a0comunidades\u00a0aisladas, fortalece el intercambio comercial de importantes rubros como el\u00a0arroz\u00a0y el\u00a0cacao. Con una extensi\u00f3n de\u00a042.8 kil\u00f3metros, este circuito vial transforma la conectividad del Nordeste, [&hellip;]","og_url":"http:\/\/conexion23.com\/?p=56599","og_site_name":"Conexi\u00f3n 23","article_publisher":"https:\/\/www.facebook.com\/conexion23com","article_published_time":"2026-04-26T23:35:34+00:00","og_image":[{"width":896,"height":504,"url":"http:\/\/conexion23.com\/wp-content\/uploads\/2026\/04\/Abinader-inaugura-circuito-vial-Bajo-Yuna-que-conecta-Duarte-y-Maria-Trinidad-Sanchez.jpg","type":"image\/jpeg"}],"author":"Redacci\u00f3n","twitter_card":"summary_large_image","twitter_misc":{"Escrito por":"Redacci\u00f3n","Tiempo de lectura":"3 minutos"},"schema":{"@context":"https:\/\/schema.org","@graph":[{"@type":"Article","@id":"http:\/\/conexion23.com\/?p=56599#article","isPartOf":{"@id":"http:\/\/conexion23.com\/?p=56599"},"author":{"name":"Redacci\u00f3n","@id":"https:\/\/conexion23.com\/#\/schema\/person\/0a860802b17d01ad2a278f53c507c296"},"headline":"Gobierno dominicano inaugura circuito vial Bajo Yuna, conectar\u00e1 Duarte y Mar\u00eda Trinidad S\u00e1nchez","datePublished":"2026-04-26T23:35:34+00:00","mainEntityOfPage":{"@id":"http:\/\/conexion23.com\/?p=56599"},"wordCount":484,"commentCount":0,"publisher":{"@id":"https:\/\/conexion23.com\/#organization"},"image":{"@id":"http:\/\/conexion23.com\/?p=56599#primaryimage"},"thumbnailUrl":"https:\/\/conexion23.com\/wp-content\/uploads\/2026\/04\/Abinader-inaugura-circuito-vial-Bajo-Yuna-que-conecta-Duarte-y-Maria-Trinidad-Sanchez.jpg","keywords":["Circuito Vial Bajo Yuna","duarte","luis abinader"],"articleSection":["Municipales","Portada"],"inLanguage":"es","potentialAction":[{"@type":"CommentAction","name":"Comment","target":["http:\/\/conexion23.com\/?p=56599#respond"]}]},{"@type":"WebPage","@id":"http:\/\/conexion23.com\/?p=56599","url":"http:\/\/conexion23.com\/?p=56599","name":"Gobierno dominicano inaugura circuito vial Bajo Yuna, conectar\u00e1 Duarte y Mar\u00eda Trinidad S\u00e1nchez - Conexi\u00f3n 23","isPartOf":{"@id":"https:\/\/conexion23.com\/#website"},"primaryImageOfPage":{"@id":"http:\/\/conexion23.com\/?p=56599#primaryimage"},"image":{"@id":"http:\/\/conexion23.com\/?p=56599#primaryimage"},"thumbnailUrl":"https:\/\/conexion23.com\/wp-content\/uploads\/2026\/04\/Abinader-inaugura-circuito-vial-Bajo-Yuna-que-conecta-Duarte-y-Maria-Trinidad-Sanchez.jpg","datePublished":"2026-04-26T23:35:34+00:00","breadcrumb":{"@id":"http:\/\/conexion23.com\/?p=56599#breadcrumb"},"inLanguage":"es","potentialAction":[{"@type":"ReadAction","target":["http:\/\/conexion23.com\/?p=56599"]}]},{"@type":"ImageObject","inLanguage":"es","@id":"http:\/\/conexion23.com\/?p=56599#primaryimage","url":"https:\/\/conexion23.com\/wp-content\/uploads\/2026\/04\/Abinader-inaugura-circuito-vial-Bajo-Yuna-que-conecta-Duarte-y-Maria-Trinidad-Sanchez.jpg","contentUrl":"https:\/\/conexion23.com\/wp-content\/uploads\/2026\/04\/Abinader-inaugura-circuito-vial-Bajo-Yuna-que-conecta-Duarte-y-Maria-Trinidad-Sanchez.jpg","width":896,"height":504},{"@type":"BreadcrumbList","@id":"http:\/\/conexion23.com\/?p=56599#breadcrumb","itemListElement":[{"@type":"ListItem","position":1,"name":"Portada","item":"https:\/\/conexion23.com\/"},{"@type":"ListItem","position":2,"name":"Gobierno dominicano inaugura circuito vial Bajo Yuna, conectar\u00e1 Duarte y Mar\u00eda Trinidad S\u00e1nchez"}]},{"@type":"WebSite","@id":"https:\/\/conexion23.com\/#website","url":"https:\/\/conexion23.com\/","name":"Conexi\u00f3n 23","description":"Peri\u00f3dico 100% Petromacorisano","publisher":{"@id":"https:\/\/conexion23.com\/#organization"},"potentialAction":[{"@type":"SearchAction","target":{"@type":"EntryPoint","urlTemplate":"https:\/\/conexion23.com\/?s={search_term_string}"},"query-input":{"@type":"PropertyValueSpecification","valueRequired":true,"valueName":"search_term_string"}}],"inLanguage":"es"},{"@type":"Organization","@id":"https:\/\/conexion23.com\/#organization","name":"Conexion 23","url":"https:\/\/conexion23.com\/","logo":{"@type":"ImageObject","inLanguage":"es","@id":"https:\/\/conexion23.com\/#\/schema\/logo\/image\/","url":"https:\/\/conexion23.com\/wp-content\/uploads\/2021\/11\/Diseno-sin-titulo-2.png","contentUrl":"https:\/\/conexion23.com\/wp-content\/uploads\/2021\/11\/Diseno-sin-titulo-2.png","width":541,"height":90,"caption":"Conexion 23"},"image":{"@id":"https:\/\/conexion23.com\/#\/schema\/logo\/image\/"},"sameAs":["https:\/\/www.facebook.com\/conexion23com","https:\/\/www.instagram.com\/conexion23com\/","https:\/\/www.youtube.com\/channel\/UCYc7vxxFZMYLIHNsHHxPZ3Q"]},{"@type":"Person","@id":"https:\/\/conexion23.com\/#\/schema\/person\/0a860802b17d01ad2a278f53c507c296","name":"Redacci\u00f3n","image":{"@type":"ImageObject","inLanguage":"es","@id":"https:\/\/conexion23.com\/#\/schema\/person\/image\/","url":"https:\/\/secure.gravatar.com\/avatar\/ec9d84b79c776aa1994e5893944465db9974b17b884155623da51b7b62c02845?s=96&d=mm&r=g","contentUrl":"https:\/\/secure.gravatar.com\/avatar\/ec9d84b79c776aa1994e5893944465db9974b17b884155623da51b7b62c02845?s=96&d=mm&r=g","caption":"Redacci\u00f3n"},"url":"https:\/\/conexion23.com\/?author=18"}]}},"_links":{"self":[{"href":"https:\/\/conexion23.com\/index.php?rest_route=\/wp\/v2\/posts\/56599","targetHints":{"allow":["GET"]}}],"collection":[{"href":"https:\/\/conexion23.com\/index.php?rest_route=\/wp\/v2\/posts"}],"about":[{"href":"https:\/\/conexion23.com\/index.php?rest_route=\/wp\/v2\/types\/post"}],"author":[{"embeddable":true,"href":"https:\/\/conexion23.com\/index.php?rest_route=\/wp\/v2\/users\/18"}],"replies":[{"embeddable":true,"href":"https:\/\/conexion23.com\/index.php?rest_route=%2Fwp%2Fv2%2Fcomments&post=56599"}],"version-history":[{"count":1,"href":"https:\/\/conexion23.com\/index.php?rest_route=\/wp\/v2\/posts\/56599\/revisions"}],"predecessor-version":[{"id":56601,"href":"https:\/\/conexion23.com\/index.php?rest_route=\/wp\/v2\/posts\/56599\/revisions\/56601"}],"wp:featuredmedia":[{"embeddable":true,"href":"https:\/\/conexion23.com\/index.php?rest_route=\/wp\/v2\/media\/56600"}],"wp:attachment":[{"href":"https:\/\/conexion23.com\/index.php?rest_route=%2Fwp%2Fv2%2Fmedia&parent=56599"}],"wp:term":[{"taxonomy":"category","embeddable":true,"href":"https:\/\/conexion23.com\/index.php?rest_route=%2Fwp%2Fv2%2Fcategories&post=56599"},{"taxonomy":"post_tag","embeddable":true,"href":"https:\/\/conexion23.com\/index.php?rest_route=%2Fwp%2Fv2%2Ftags&post=56599"}],"curies":[{"name":"wp","href":"https:\/\/api.w.org\/{rel}","templated":true}]}}