{"id":56602,"date":"2026-04-26T19:55:28","date_gmt":"2026-04-26T23:55:28","guid":{"rendered":"https:\/\/conexion23.com\/?p=56602"},"modified":"2026-04-26T19:04:07","modified_gmt":"2026-04-26T23:04:07","slug":"dirigente-de-la-fuerza-del-pueblo-denuncia-fallas-en-carretera-recien-inaugurada-en-santiago","status":"publish","type":"post","link":"https:\/\/conexion23.com\/?p=56602","title":{"rendered":"Dirigente de la Fuerza del Pueblo denuncia fallas en carretera reci\u00e9n inaugurada en Santiago"},"content":{"rendered":"<p style=\"text-align: justify;\"><strong>El dirigente pol\u00edtico Jeffrey Infante, miembro de la Direcci\u00f3n Central de la Fuerza del Pueblo y de la Comisi\u00f3n de Infraestructura de esa organizaci\u00f3n denunci\u00f3 este domingo presuntas fallas en la carretera Cruce de Pedregal\u2013La Gu\u00e1zuma, en Santiago, la cual seg\u00fan afirm\u00f3 fue inaugurada sin estar completamente terminada.<\/strong><\/p>\n<p style=\"text-align: justify;\">A trav\u00e9s de su cuenta en la red social X (antes Twitter) Infante sostuvo que la obra, que habr\u00eda tenido un costo de RD$872 millones, ya presenta deterioros pese a su reciente entrega.<\/p>\n<p><img loading=\"lazy\" decoding=\"async\" class=\"alignnone  wp-image-56604\" src=\"http:\/\/conexion23.com\/wp-content\/uploads\/2026\/04\/Dirigente-de-la-Fuerza-del-Pueblo-denuncia-fallas-en-carretera-recien-inaugurada-en-Santiago-300x203.webp\" alt=\"\" width=\"909\" height=\"615\" srcset=\"https:\/\/conexion23.com\/wp-content\/uploads\/2026\/04\/Dirigente-de-la-Fuerza-del-Pueblo-denuncia-fallas-en-carretera-recien-inaugurada-en-Santiago-300x203.webp 300w, https:\/\/conexion23.com\/wp-content\/uploads\/2026\/04\/Dirigente-de-la-Fuerza-del-Pueblo-denuncia-fallas-en-carretera-recien-inaugurada-en-Santiago-1024x694.webp 1024w, https:\/\/conexion23.com\/wp-content\/uploads\/2026\/04\/Dirigente-de-la-Fuerza-del-Pueblo-denuncia-fallas-en-carretera-recien-inaugurada-en-Santiago-768x521.webp 768w, https:\/\/conexion23.com\/wp-content\/uploads\/2026\/04\/Dirigente-de-la-Fuerza-del-Pueblo-denuncia-fallas-en-carretera-recien-inaugurada-en-Santiago-620x420.webp 620w, https:\/\/conexion23.com\/wp-content\/uploads\/2026\/04\/Dirigente-de-la-Fuerza-del-Pueblo-denuncia-fallas-en-carretera-recien-inaugurada-en-Santiago-1239x840.webp 1239w, https:\/\/conexion23.com\/wp-content\/uploads\/2026\/04\/Dirigente-de-la-Fuerza-del-Pueblo-denuncia-fallas-en-carretera-recien-inaugurada-en-Santiago-150x102.webp 150w, https:\/\/conexion23.com\/wp-content\/uploads\/2026\/04\/Dirigente-de-la-Fuerza-del-Pueblo-denuncia-fallas-en-carretera-recien-inaugurada-en-Santiago-600x407.webp 600w, https:\/\/conexion23.com\/wp-content\/uploads\/2026\/04\/Dirigente-de-la-Fuerza-del-Pueblo-denuncia-fallas-en-carretera-recien-inaugurada-en-Santiago-696x472.webp 696w, https:\/\/conexion23.com\/wp-content\/uploads\/2026\/04\/Dirigente-de-la-Fuerza-del-Pueblo-denuncia-fallas-en-carretera-recien-inaugurada-en-Santiago-1068x724.webp 1068w, https:\/\/conexion23.com\/wp-content\/uploads\/2026\/04\/Dirigente-de-la-Fuerza-del-Pueblo-denuncia-fallas-en-carretera-recien-inaugurada-en-Santiago.webp 1310w\" sizes=\"auto, (max-width: 909px) 100vw, 909px\" \/><\/p>\n<p style=\"text-align: justify;\">El dirigente indic\u00f3 que el proyecto fue ejecutado durante cuatro a\u00f1os con una extensi\u00f3n de 9.8 kil\u00f3metros, lo que representa un costo aproximado de RD$89 millones por kil\u00f3metro.<\/p>\n<p style=\"text-align: justify;\">Asimismo, asegur\u00f3 que la v\u00eda presenta baches, grietas, taludes inestables, barandas en mal estado y tramos a\u00fan en proceso de asfaltado, lo que a su juicio evidencia deficiencias en su construcci\u00f3n.<\/p>\n","protected":false},"excerpt":{"rendered":"<p>El dirigente pol\u00edtico Jeffrey Infante, miembro de la Direcci\u00f3n Central de la Fuerza del Pueblo y de la Comisi\u00f3n de Infraestructura de esa organizaci\u00f3n denunci\u00f3 este domingo presuntas fallas en la carretera Cruce de Pedregal\u2013La Gu\u00e1zuma, en Santiago, la cual seg\u00fan afirm\u00f3 fue inaugurada sin estar completamente terminada. A trav\u00e9s de su cuenta en la [&hellip;]<\/p>\n","protected":false},"author":18,"featured_media":56603,"comment_status":"open","ping_status":"open","sticky":false,"template":"","format":"standard","meta":{"footnotes":""},"categories":[3882,3773],"tags":[716,171,282],"class_list":{"0":"post-56602","1":"post","2":"type-post","3":"status-publish","4":"format-standard","5":"has-post-thumbnail","7":"category-politica","8":"category-portada","9":"tag-carretera","10":"tag-fuerza-del-pueblo","11":"tag-santiago"},"yoast_head":"<!-- This site is optimized with the Yoast SEO plugin v27.1.1 - https:\/\/yoast.com\/product\/yoast-seo-wordpress\/ -->\n<title>Dirigente de la Fuerza del Pueblo denuncia fallas en carretera reci\u00e9n inaugurada en Santiago - Conexi\u00f3n 23<\/title>\n<meta name=\"robots\" content=\"index, follow, max-snippet:-1, max-image-preview:large, max-video-preview:-1\" \/>\n<link rel=\"canonical\" href=\"http:\/\/conexion23.com\/?p=56602\" \/>\n<meta property=\"og:locale\" content=\"es_ES\" \/>\n<meta property=\"og:type\" content=\"article\" \/>\n<meta property=\"og:title\" content=\"Dirigente de la Fuerza del Pueblo denuncia fallas en carretera reci\u00e9n inaugurada en Santiago - Conexi\u00f3n 23\" \/>\n<meta property=\"og:description\" content=\"El dirigente pol\u00edtico Jeffrey Infante, miembro de la Direcci\u00f3n Central de la Fuerza del Pueblo y de la Comisi\u00f3n de Infraestructura de esa organizaci\u00f3n denunci\u00f3 este domingo presuntas fallas en la carretera Cruce de Pedregal\u2013La Gu\u00e1zuma, en Santiago, la cual seg\u00fan afirm\u00f3 fue inaugurada sin estar completamente terminada. A trav\u00e9s de su cuenta en la [&hellip;]\" \/>\n<meta property=\"og:url\" content=\"http:\/\/conexion23.com\/?p=56602\" \/>\n<meta property=\"og:site_name\" content=\"Conexi\u00f3n 23\" \/>\n<meta property=\"article:publisher\" content=\"https:\/\/www.facebook.com\/conexion23com\" \/>\n<meta property=\"article:published_time\" content=\"2026-04-26T23:55:28+00:00\" \/>\n<meta property=\"og:image\" content=\"http:\/\/conexion23.com\/wp-content\/uploads\/2026\/04\/Dirigente-de-la-Fuerza-del-Pueblo-denuncia-fallas-en-carretera-recien-inaugurada-en-Santiago-2v.jpeg\" \/>\n\t<meta property=\"og:image:width\" content=\"960\" \/>\n\t<meta property=\"og:image:height\" content=\"1280\" \/>\n\t<meta property=\"og:image:type\" content=\"image\/jpeg\" \/>\n<meta name=\"author\" content=\"Redacci\u00f3n\" \/>\n<meta name=\"twitter:card\" content=\"summary_large_image\" \/>\n<meta name=\"twitter:label1\" content=\"Escrito por\" \/>\n\t<meta name=\"twitter:data1\" content=\"Redacci\u00f3n\" \/>\n\t<meta name=\"twitter:label2\" content=\"Tiempo de lectura\" \/>\n\t<meta name=\"twitter:data2\" content=\"2 minutos\" \/>\n<script type=\"application\/ld+json\" class=\"yoast-schema-graph\">{\"@context\":\"https:\/\/schema.org\",\"@graph\":[{\"@type\":\"Article\",\"@id\":\"http:\/\/conexion23.com\/?p=56602#article\",\"isPartOf\":{\"@id\":\"http:\/\/conexion23.com\/?p=56602\"},\"author\":{\"name\":\"Redacci\u00f3n\",\"@id\":\"https:\/\/conexion23.com\/#\/schema\/person\/0a860802b17d01ad2a278f53c507c296\"},\"headline\":\"Dirigente de la Fuerza del Pueblo denuncia fallas en carretera reci\u00e9n inaugurada en Santiago\",\"datePublished\":\"2026-04-26T23:55:28+00:00\",\"mainEntityOfPage\":{\"@id\":\"http:\/\/conexion23.com\/?p=56602\"},\"wordCount\":170,\"commentCount\":0,\"publisher\":{\"@id\":\"https:\/\/conexion23.com\/#organization\"},\"image\":{\"@id\":\"http:\/\/conexion23.com\/?p=56602#primaryimage\"},\"thumbnailUrl\":\"https:\/\/conexion23.com\/wp-content\/uploads\/2026\/04\/Dirigente-de-la-Fuerza-del-Pueblo-denuncia-fallas-en-carretera-recien-inaugurada-en-Santiago-2v.jpeg\",\"keywords\":[\"Carretera\",\"fuerza del pueblo\",\"santiago\"],\"articleSection\":[\"Pol\u00edtica\",\"Portada\"],\"inLanguage\":\"es\",\"potentialAction\":[{\"@type\":\"CommentAction\",\"name\":\"Comment\",\"target\":[\"http:\/\/conexion23.com\/?p=56602#respond\"]}]},{\"@type\":\"WebPage\",\"@id\":\"http:\/\/conexion23.com\/?p=56602\",\"url\":\"http:\/\/conexion23.com\/?p=56602\",\"name\":\"Dirigente de la Fuerza del Pueblo denuncia fallas en carretera reci\u00e9n inaugurada en Santiago - Conexi\u00f3n 23\",\"isPartOf\":{\"@id\":\"https:\/\/conexion23.com\/#website\"},\"primaryImageOfPage\":{\"@id\":\"http:\/\/conexion23.com\/?p=56602#primaryimage\"},\"image\":{\"@id\":\"http:\/\/conexion23.com\/?p=56602#primaryimage\"},\"thumbnailUrl\":\"https:\/\/conexion23.com\/wp-content\/uploads\/2026\/04\/Dirigente-de-la-Fuerza-del-Pueblo-denuncia-fallas-en-carretera-recien-inaugurada-en-Santiago-2v.jpeg\",\"datePublished\":\"2026-04-26T23:55:28+00:00\",\"breadcrumb\":{\"@id\":\"http:\/\/conexion23.com\/?p=56602#breadcrumb\"},\"inLanguage\":\"es\",\"potentialAction\":[{\"@type\":\"ReadAction\",\"target\":[\"http:\/\/conexion23.com\/?p=56602\"]}]},{\"@type\":\"ImageObject\",\"inLanguage\":\"es\",\"@id\":\"http:\/\/conexion23.com\/?p=56602#primaryimage\",\"url\":\"https:\/\/conexion23.com\/wp-content\/uploads\/2026\/04\/Dirigente-de-la-Fuerza-del-Pueblo-denuncia-fallas-en-carretera-recien-inaugurada-en-Santiago-2v.jpeg\",\"contentUrl\":\"https:\/\/conexion23.com\/wp-content\/uploads\/2026\/04\/Dirigente-de-la-Fuerza-del-Pueblo-denuncia-fallas-en-carretera-recien-inaugurada-en-Santiago-2v.jpeg\",\"width\":960,\"height\":1280},{\"@type\":\"BreadcrumbList\",\"@id\":\"http:\/\/conexion23.com\/?p=56602#breadcrumb\",\"itemListElement\":[{\"@type\":\"ListItem\",\"position\":1,\"name\":\"Portada\",\"item\":\"https:\/\/conexion23.com\/\"},{\"@type\":\"ListItem\",\"position\":2,\"name\":\"Dirigente de la Fuerza del Pueblo denuncia fallas en carretera reci\u00e9n inaugurada en Santiago\"}]},{\"@type\":\"WebSite\",\"@id\":\"https:\/\/conexion23.com\/#website\",\"url\":\"https:\/\/conexion23.com\/\",\"name\":\"Conexi\u00f3n 23\",\"description\":\"Peri\u00f3dico 100% Petromacorisano\",\"publisher\":{\"@id\":\"https:\/\/conexion23.com\/#organization\"},\"potentialAction\":[{\"@type\":\"SearchAction\",\"target\":{\"@type\":\"EntryPoint\",\"urlTemplate\":\"https:\/\/conexion23.com\/?s={search_term_string}\"},\"query-input\":{\"@type\":\"PropertyValueSpecification\",\"valueRequired\":true,\"valueName\":\"search_term_string\"}}],\"inLanguage\":\"es\"},{\"@type\":\"Organization\",\"@id\":\"https:\/\/conexion23.com\/#organization\",\"name\":\"Conexion 23\",\"url\":\"https:\/\/conexion23.com\/\",\"logo\":{\"@type\":\"ImageObject\",\"inLanguage\":\"es\",\"@id\":\"https:\/\/conexion23.com\/#\/schema\/logo\/image\/\",\"url\":\"https:\/\/conexion23.com\/wp-content\/uploads\/2021\/11\/Diseno-sin-titulo-2.png\",\"contentUrl\":\"https:\/\/conexion23.com\/wp-content\/uploads\/2021\/11\/Diseno-sin-titulo-2.png\",\"width\":541,\"height\":90,\"caption\":\"Conexion 23\"},\"image\":{\"@id\":\"https:\/\/conexion23.com\/#\/schema\/logo\/image\/\"},\"sameAs\":[\"https:\/\/www.facebook.com\/conexion23com\",\"https:\/\/www.instagram.com\/conexion23com\/\",\"https:\/\/www.youtube.com\/channel\/UCYc7vxxFZMYLIHNsHHxPZ3Q\"]},{\"@type\":\"Person\",\"@id\":\"https:\/\/conexion23.com\/#\/schema\/person\/0a860802b17d01ad2a278f53c507c296\",\"name\":\"Redacci\u00f3n\",\"image\":{\"@type\":\"ImageObject\",\"inLanguage\":\"es\",\"@id\":\"https:\/\/conexion23.com\/#\/schema\/person\/image\/\",\"url\":\"https:\/\/secure.gravatar.com\/avatar\/ec9d84b79c776aa1994e5893944465db9974b17b884155623da51b7b62c02845?s=96&d=mm&r=g\",\"contentUrl\":\"https:\/\/secure.gravatar.com\/avatar\/ec9d84b79c776aa1994e5893944465db9974b17b884155623da51b7b62c02845?s=96&d=mm&r=g\",\"caption\":\"Redacci\u00f3n\"},\"url\":\"https:\/\/conexion23.com\/?author=18\"}]}<\/script>\n<!-- \/ Yoast SEO plugin. -->","yoast_head_json":{"title":"Dirigente de la Fuerza del Pueblo denuncia fallas en carretera reci\u00e9n inaugurada en Santiago - Conexi\u00f3n 23","robots":{"index":"index","follow":"follow","max-snippet":"max-snippet:-1","max-image-preview":"max-image-preview:large","max-video-preview":"max-video-preview:-1"},"canonical":"http:\/\/conexion23.com\/?p=56602","og_locale":"es_ES","og_type":"article","og_title":"Dirigente de la Fuerza del Pueblo denuncia fallas en carretera reci\u00e9n inaugurada en Santiago - Conexi\u00f3n 23","og_description":"El dirigente pol\u00edtico Jeffrey Infante, miembro de la Direcci\u00f3n Central de la Fuerza del Pueblo y de la Comisi\u00f3n de Infraestructura de esa organizaci\u00f3n denunci\u00f3 este domingo presuntas fallas en la carretera Cruce de Pedregal\u2013La Gu\u00e1zuma, en Santiago, la cual seg\u00fan afirm\u00f3 fue inaugurada sin estar completamente terminada. A trav\u00e9s de su cuenta en la [&hellip;]","og_url":"http:\/\/conexion23.com\/?p=56602","og_site_name":"Conexi\u00f3n 23","article_publisher":"https:\/\/www.facebook.com\/conexion23com","article_published_time":"2026-04-26T23:55:28+00:00","og_image":[{"width":960,"height":1280,"url":"http:\/\/conexion23.com\/wp-content\/uploads\/2026\/04\/Dirigente-de-la-Fuerza-del-Pueblo-denuncia-fallas-en-carretera-recien-inaugurada-en-Santiago-2v.jpeg","type":"image\/jpeg"}],"author":"Redacci\u00f3n","twitter_card":"summary_large_image","twitter_misc":{"Escrito por":"Redacci\u00f3n","Tiempo de lectura":"2 minutos"},"schema":{"@context":"https:\/\/schema.org","@graph":[{"@type":"Article","@id":"http:\/\/conexion23.com\/?p=56602#article","isPartOf":{"@id":"http:\/\/conexion23.com\/?p=56602"},"author":{"name":"Redacci\u00f3n","@id":"https:\/\/conexion23.com\/#\/schema\/person\/0a860802b17d01ad2a278f53c507c296"},"headline":"Dirigente de la Fuerza del Pueblo denuncia fallas en carretera reci\u00e9n inaugurada en Santiago","datePublished":"2026-04-26T23:55:28+00:00","mainEntityOfPage":{"@id":"http:\/\/conexion23.com\/?p=56602"},"wordCount":170,"commentCount":0,"publisher":{"@id":"https:\/\/conexion23.com\/#organization"},"image":{"@id":"http:\/\/conexion23.com\/?p=56602#primaryimage"},"thumbnailUrl":"https:\/\/conexion23.com\/wp-content\/uploads\/2026\/04\/Dirigente-de-la-Fuerza-del-Pueblo-denuncia-fallas-en-carretera-recien-inaugurada-en-Santiago-2v.jpeg","keywords":["Carretera","fuerza del pueblo","santiago"],"articleSection":["Pol\u00edtica","Portada"],"inLanguage":"es","potentialAction":[{"@type":"CommentAction","name":"Comment","target":["http:\/\/conexion23.com\/?p=56602#respond"]}]},{"@type":"WebPage","@id":"http:\/\/conexion23.com\/?p=56602","url":"http:\/\/conexion23.com\/?p=56602","name":"Dirigente de la Fuerza del Pueblo denuncia fallas en carretera reci\u00e9n inaugurada en Santiago - Conexi\u00f3n 23","isPartOf":{"@id":"https:\/\/conexion23.com\/#website"},"primaryImageOfPage":{"@id":"http:\/\/conexion23.com\/?p=56602#primaryimage"},"image":{"@id":"http:\/\/conexion23.com\/?p=56602#primaryimage"},"thumbnailUrl":"https:\/\/conexion23.com\/wp-content\/uploads\/2026\/04\/Dirigente-de-la-Fuerza-del-Pueblo-denuncia-fallas-en-carretera-recien-inaugurada-en-Santiago-2v.jpeg","datePublished":"2026-04-26T23:55:28+00:00","breadcrumb":{"@id":"http:\/\/conexion23.com\/?p=56602#breadcrumb"},"inLanguage":"es","potentialAction":[{"@type":"ReadAction","target":["http:\/\/conexion23.com\/?p=56602"]}]},{"@type":"ImageObject","inLanguage":"es","@id":"http:\/\/conexion23.com\/?p=56602#primaryimage","url":"https:\/\/conexion23.com\/wp-content\/uploads\/2026\/04\/Dirigente-de-la-Fuerza-del-Pueblo-denuncia-fallas-en-carretera-recien-inaugurada-en-Santiago-2v.jpeg","contentUrl":"https:\/\/conexion23.com\/wp-content\/uploads\/2026\/04\/Dirigente-de-la-Fuerza-del-Pueblo-denuncia-fallas-en-carretera-recien-inaugurada-en-Santiago-2v.jpeg","width":960,"height":1280},{"@type":"BreadcrumbList","@id":"http:\/\/conexion23.com\/?p=56602#breadcrumb","itemListElement":[{"@type":"ListItem","position":1,"name":"Portada","item":"https:\/\/conexion23.com\/"},{"@type":"ListItem","position":2,"name":"Dirigente de la Fuerza del Pueblo denuncia fallas en carretera reci\u00e9n inaugurada en Santiago"}]},{"@type":"WebSite","@id":"https:\/\/conexion23.com\/#website","url":"https:\/\/conexion23.com\/","name":"Conexi\u00f3n 23","description":"Peri\u00f3dico 100% Petromacorisano","publisher":{"@id":"https:\/\/conexion23.com\/#organization"},"potentialAction":[{"@type":"SearchAction","target":{"@type":"EntryPoint","urlTemplate":"https:\/\/conexion23.com\/?s={search_term_string}"},"query-input":{"@type":"PropertyValueSpecification","valueRequired":true,"valueName":"search_term_string"}}],"inLanguage":"es"},{"@type":"Organization","@id":"https:\/\/conexion23.com\/#organization","name":"Conexion 23","url":"https:\/\/conexion23.com\/","logo":{"@type":"ImageObject","inLanguage":"es","@id":"https:\/\/conexion23.com\/#\/schema\/logo\/image\/","url":"https:\/\/conexion23.com\/wp-content\/uploads\/2021\/11\/Diseno-sin-titulo-2.png","contentUrl":"https:\/\/conexion23.com\/wp-content\/uploads\/2021\/11\/Diseno-sin-titulo-2.png","width":541,"height":90,"caption":"Conexion 23"},"image":{"@id":"https:\/\/conexion23.com\/#\/schema\/logo\/image\/"},"sameAs":["https:\/\/www.facebook.com\/conexion23com","https:\/\/www.instagram.com\/conexion23com\/","https:\/\/www.youtube.com\/channel\/UCYc7vxxFZMYLIHNsHHxPZ3Q"]},{"@type":"Person","@id":"https:\/\/conexion23.com\/#\/schema\/person\/0a860802b17d01ad2a278f53c507c296","name":"Redacci\u00f3n","image":{"@type":"ImageObject","inLanguage":"es","@id":"https:\/\/conexion23.com\/#\/schema\/person\/image\/","url":"https:\/\/secure.gravatar.com\/avatar\/ec9d84b79c776aa1994e5893944465db9974b17b884155623da51b7b62c02845?s=96&d=mm&r=g","contentUrl":"https:\/\/secure.gravatar.com\/avatar\/ec9d84b79c776aa1994e5893944465db9974b17b884155623da51b7b62c02845?s=96&d=mm&r=g","caption":"Redacci\u00f3n"},"url":"https:\/\/conexion23.com\/?author=18"}]}},"_links":{"self":[{"href":"https:\/\/conexion23.com\/index.php?rest_route=\/wp\/v2\/posts\/56602","targetHints":{"allow":["GET"]}}],"collection":[{"href":"https:\/\/conexion23.com\/index.php?rest_route=\/wp\/v2\/posts"}],"about":[{"href":"https:\/\/conexion23.com\/index.php?rest_route=\/wp\/v2\/types\/post"}],"author":[{"embeddable":true,"href":"https:\/\/conexion23.com\/index.php?rest_route=\/wp\/v2\/users\/18"}],"replies":[{"embeddable":true,"href":"https:\/\/conexion23.com\/index.php?rest_route=%2Fwp%2Fv2%2Fcomments&post=56602"}],"version-history":[{"count":1,"href":"https:\/\/conexion23.com\/index.php?rest_route=\/wp\/v2\/posts\/56602\/revisions"}],"predecessor-version":[{"id":56605,"href":"https:\/\/conexion23.com\/index.php?rest_route=\/wp\/v2\/posts\/56602\/revisions\/56605"}],"wp:featuredmedia":[{"embeddable":true,"href":"https:\/\/conexion23.com\/index.php?rest_route=\/wp\/v2\/media\/56603"}],"wp:attachment":[{"href":"https:\/\/conexion23.com\/index.php?rest_route=%2Fwp%2Fv2%2Fmedia&parent=56602"}],"wp:term":[{"taxonomy":"category","embeddable":true,"href":"https:\/\/conexion23.com\/index.php?rest_route=%2Fwp%2Fv2%2Fcategories&post=56602"},{"taxonomy":"post_tag","embeddable":true,"href":"https:\/\/conexion23.com\/index.php?rest_route=%2Fwp%2Fv2%2Ftags&post=56602"}],"curies":[{"name":"wp","href":"https:\/\/api.w.org\/{rel}","templated":true}]}}