{"id":56607,"date":"2026-04-27T07:12:02","date_gmt":"2026-04-27T11:12:02","guid":{"rendered":"https:\/\/conexion23.com\/?p=56607"},"modified":"2026-04-27T07:12:02","modified_gmt":"2026-04-27T11:12:02","slug":"al-menos-20-muertos-y-decenas-de-heridos-tras-ataques-con-explosivos-en-el-sur-de-colombia","status":"publish","type":"post","link":"https:\/\/conexion23.com\/?p=56607","title":{"rendered":"Al menos 20 muertos y decenas de heridos tras ataques con explosivos en el sur de Colombia"},"content":{"rendered":"<div class=\"css-1k9op6x e17x9cvu0\" dir=\"ltr\">\n<p class=\"css-s4cjt0 eea635z0\" dir=\"ltr\" style=\"text-align: justify;\">Al menos 20 personas murieron y m\u00e1s de 45 resultaron heridas este s\u00e1bado en varios ataques con explosivos en el departamento de Cauca, en el suroccidente de Colombia, en una jornada violenta con m\u00faltiples incidentes.<\/p>\n<\/div>\n<div class=\"css-1k9op6x e17x9cvu0\" dir=\"ltr\" style=\"text-align: justify;\">\n<p class=\"css-s4cjt0 eea635z0\" dir=\"ltr\">El m\u00e1s letal ocurri\u00f3 por la tarde en la V\u00eda Panamericana, en el municipio de Cajib\u00edo, en un sector que conecta las ciudad de Cali y Popay\u00e1n, capitales de los departamentos de Valle del Cauca y Cauca, respectivamente.<\/p>\n<\/div>\n<div class=\"css-1k9op6x e17x9cvu0\" dir=\"ltr\" style=\"text-align: justify;\">\n<p class=\"css-s4cjt0 eea635z0\" dir=\"ltr\">Antes, en la ma\u00f1ana, se registr\u00f3 un ataque con un dron explosivo a un radar a\u00e9reo. Otras detonaciones hirieron luego a al menos siete ind\u00edgenas de la zona.<\/p>\n<\/div>\n<div class=\"css-1k9op6x e17x9cvu0\" dir=\"ltr\" style=\"text-align: justify;\">\n<p class=\"css-s4cjt0 eea635z0\" dir=\"ltr\">\u00abEn el marco de la atenci\u00f3n integral a las v\u00edctimas del atentado perpetrado con explosivos en la v\u00eda Panamericana, en jurisdicci\u00f3n del municipio de Cajib\u00edo (Cauca), han sido abordados, a la fecha, veinte cuerpos\u00bb, expres\u00f3 el Instituto de Medicina Legal (IML) en un comunicado.<\/p>\n<\/div>\n<div class=\"css-1k9op6x e17x9cvu0\" dir=\"ltr\" style=\"text-align: justify;\">\n<p class=\"css-s4cjt0 eea635z0\" dir=\"ltr\">Las v\u00edctimas, seg\u00fan datos preliminares, son civiles. Hay al menos cinco menores de edad entre los heridos.<\/p>\n<\/div>\n<div class=\"css-1k9op6x e17x9cvu0\" dir=\"ltr\" style=\"text-align: justify;\">\n<p class=\"css-s4cjt0 eea635z0\" dir=\"ltr\">El presidente colombiano, Gustavo Petro, atribuy\u00f3 las acciones a disidencias de las Fuerzas Armadas Revolucionarias de Colombia (FARC) lideradas por alias \u00abIv\u00e1n Mordisco\u00bb.<\/p>\n<\/div>\n<div class=\"css-1k9op6x e17x9cvu0\" dir=\"ltr\" style=\"text-align: justify;\">\n<p class=\"css-s4cjt0 eea635z0\" dir=\"ltr\">\u00abSon terroristas, fascistas y narcotraficantes (\u2026.) Quiero la m\u00e1xima persecuci\u00f3n mundial contra este grupo narcoterrorista\u00bb, dijo Petro en X.<\/p>\n<\/div>\n<div class=\"css-1k9op6x e17x9cvu0\" dir=\"ltr\" style=\"text-align: justify;\">\n<p class=\"css-s4cjt0 eea635z0\" dir=\"ltr\">Una fuente policial cont\u00f3 a la agencia AFP este s\u00e1bado que los equipos de rescate buscaban a varios individuos perdidos.<\/p>\n<\/div>\n<div class=\"css-1k9op6x e17x9cvu0\" dir=\"ltr\" style=\"text-align: justify;\">\n<p class=\"css-s4cjt0 eea635z0\" dir=\"ltr\">La explosi\u00f3n en la V\u00eda Panamericana destroz\u00f3 autobuses y furgonetas y volc\u00f3 otros veh\u00edculos. Un cr\u00e1ter enorme se abri\u00f3 en la autopista.<\/p>\n<\/div>\n<div class=\"css-1k9op6x e17x9cvu0\" dir=\"ltr\" style=\"text-align: justify;\">\n<p class=\"css-s4cjt0 eea635z0\" dir=\"ltr\">Varios cuerpos de v\u00edctimas permanec\u00edan sobre el suelo, cubiertos por s\u00e1banas, alrededor de la destrucci\u00f3n.<\/p>\n<\/div>\n<div class=\"css-1k9op6x e17x9cvu0\" dir=\"ltr\" style=\"text-align: justify;\">\n<p class=\"css-s4cjt0 eea635z0\" dir=\"ltr\">\u00abQueremos presentar nuestra solidaridad con todas las v\u00edctimas y sus familias. Si bien es cierto que no hay palabras que reparen este dolor, s\u00ed hay un compromiso absoluto para que no vuelva a ocurrir\u00bb, dijo el ministro de Defensa, Pedro S\u00e1nchez, en una rueda de prensa.<\/p>\n<\/div>\n<div class=\"css-1k9op6x e17x9cvu0\" dir=\"ltr\" style=\"text-align: justify;\">\n<h2 id=\"Crisis-de-seguridad-en-la-zona\" class=\"css-jtxtr9 emoh99e1\" tabindex=\"-1\">Crisis de seguridad en la zona<\/h2>\n<\/div>\n<div class=\"css-1k9op6x e17x9cvu0\" dir=\"ltr\" style=\"text-align: justify;\">\n<p class=\"css-s4cjt0 eea635z0\" dir=\"ltr\">El sur de Colombia y en particular los departamentos de Cauca y Valle del Cauca son de las regiones m\u00e1s afectadas por la violencia que azota a varias zonas del pa\u00eds.<\/p>\n<\/div>\n<div class=\"css-1k9op6x e17x9cvu0\" dir=\"ltr\" style=\"text-align: justify;\">\n<p class=\"css-s4cjt0 eea635z0\" dir=\"ltr\">Grupos armados sostienen disputas territoriales por el control de territorios y a la vez combaten a la fuerza p\u00fablica colombiana.<\/p>\n<\/div>\n<div class=\"css-1k9op6x e17x9cvu0\" dir=\"ltr\" style=\"text-align: justify;\">\n<p class=\"css-s4cjt0 eea635z0\" dir=\"ltr\">Parte de estos grupos son disidencias de las desmovilizadas FARC que, estando en desacuerdo con la firma de paz con el gobierno en 2016, se negaron a deponer las armas y se mantienen en activo.<\/p>\n<\/div>\n<div class=\"css-1k9op6x e17x9cvu0\" dir=\"ltr\" style=\"text-align: justify;\">\n<p class=\"css-s4cjt0 eea635z0\" dir=\"ltr\">La poblaci\u00f3n civil sufre con frecuencia las oleadas de violencia.<\/p>\n<p class=\"css-s4cjt0 eea635z0\" dir=\"ltr\">En X, el gobernador del Cauca, Octavio Guzm\u00e1n, se refiri\u00f3 al atentado como \u00abuna tragedia que nos desgarra como departamento\u00bb.<\/p>\n<\/div>\n<div class=\"css-1k9op6x e17x9cvu0\" dir=\"ltr\" style=\"text-align: justify;\">\n<p class=\"css-s4cjt0 eea635z0\" dir=\"ltr\">\u00abEl Cauca no puede seguir enfrentando solo esta barbarie. Estamos ante una escalada terrorista que exige respuestas inmediatas. Exigimos al Gobierno Nacional acciones contundentes, sostenidas y eficaces frente a la grave crisis de orden p\u00fablico que vivimos\u00bb, a\u00f1adi\u00f3 el gobernador.<\/p>\n<\/div>\n<div class=\"css-1k9op6x e17x9cvu0\" dir=\"ltr\" style=\"text-align: justify;\">\n<p class=\"css-s4cjt0 eea635z0\" dir=\"ltr\">Los ataques del s\u00e1bado se producen despu\u00e9s de que un atentado con carro bomba estallara el viernes en una base militar en Cali, la tercera ciudad m\u00e1s grande de Colombia. Dos personas resultaron heridas.<\/p>\n<\/div>\n<div class=\"css-1k9op6x e17x9cvu0\" dir=\"ltr\" style=\"text-align: justify;\">\n<p class=\"css-s4cjt0 eea635z0\" dir=\"ltr\">En una rueda de prensa, un alto cargo militar, Hugo L\u00f3pez, dijo que al menos 26 ataques se hab\u00edan registrado en Cauca y Valle del Cauca en los \u00faltimos dos d\u00edas.<\/p>\n<\/div>\n<div class=\"css-1k9op6x e17x9cvu0\" dir=\"ltr\" style=\"text-align: justify;\">\n<p class=\"css-s4cjt0 eea635z0\" dir=\"ltr\">A poco m\u00e1s de un mes de elecciones presidenciales, la seguridad es uno de los principales temas en la contienda que definir\u00e1 al sucesor de Petro.<\/p>\n<\/div>\n<div class=\"css-1k9op6x e17x9cvu0\" dir=\"ltr\" style=\"text-align: justify;\">\n<p class=\"css-s4cjt0 eea635z0\" dir=\"ltr\">El presidente colombiano, exguerrillero del M-19, impuls\u00f3 una ambiciosa estrategia de \u00abpaz total\u00bb con diversas facciones armadas, la cual ha dado lugar a ceses del fuego intermitentes y per\u00edodos de relativa calma.<\/p>\n<\/div>\n<div class=\"css-1k9op6x e17x9cvu0\" dir=\"ltr\" style=\"text-align: justify;\">\n<p class=\"css-s4cjt0 eea635z0\" dir=\"ltr\">Su mandato finalizar\u00e1 en agosto de este a\u00f1o.<\/p>\n<\/div>\n<div class=\"css-1k9op6x e17x9cvu0\" dir=\"ltr\" style=\"text-align: justify;\">\n<p class=\"css-s4cjt0 eea635z0\" dir=\"ltr\">Distintas guerrillas operan en varias zonas de Colombia, muchas de ellas participando del negocio del narcotr\u00e1fico y otras rentas ilegales.<\/p>\n<\/div>\n<div class=\"css-1k9op6x e17x9cvu0\" dir=\"ltr\" style=\"text-align: justify;\">\n<p class=\"css-s4cjt0 eea635z0\" dir=\"ltr\">Los esfuerzos del gobierno para reducir la violencia y someter a los grupos a trav\u00e9s de las negociaciones no han arrojado los \u00e9xitos esperados.<\/p>\n<\/div>\n<div class=\"css-1k9op6x e17x9cvu0\" dir=\"ltr\" style=\"text-align: justify;\">\n<p class=\"css-s4cjt0 eea635z0\" dir=\"ltr\">El candidato del petrismo, Iv\u00e1n Cepeda, figura como favorito en las encuestas. Durante su carrera ha destacado por participar en varias mesas de negociaci\u00f3n con grupos armados.<\/p>\n<\/div>\n<div class=\"css-1k9op6x e17x9cvu0\" dir=\"ltr\">\n<p class=\"css-s4cjt0 eea635z0\" dir=\"ltr\" style=\"text-align: justify;\">Los otros favoritos para la primera vuelta, los derechistas Paloma Valencia y Abelardo de la Espriella, abogan por una mayor mano dura contra el crimen y la inseguridad en el pa\u00eds sudamericano.<\/p>\n<\/div>\n","protected":false},"excerpt":{"rendered":"<p>Al menos 20 personas murieron y m\u00e1s de 45 resultaron heridas este s\u00e1bado en varios ataques con explosivos en el departamento de Cauca, en el suroccidente de Colombia, en una jornada violenta con m\u00faltiples incidentes. El m\u00e1s letal ocurri\u00f3 por la tarde en la V\u00eda Panamericana, en el municipio de Cajib\u00edo, en un sector que [&hellip;]<\/p>\n","protected":false},"author":15,"featured_media":56608,"comment_status":"open","ping_status":"open","sticky":false,"template":"","format":"standard","meta":{"footnotes":""},"categories":[3881],"tags":[8558,4663,200,8559,620],"class_list":{"0":"post-56607","1":"post","2":"type-post","3":"status-publish","4":"format-standard","5":"has-post-thumbnail","7":"category-internacionales","8":"tag-20-muertos","9":"tag-ataques","10":"tag-colombia","11":"tag-explosivos","12":"tag-heridos"},"yoast_head":"<!-- This site is optimized with the Yoast SEO plugin v27.1.1 - https:\/\/yoast.com\/product\/yoast-seo-wordpress\/ -->\n<title>Al menos 20 muertos y decenas de heridos tras ataques con explosivos en el sur de Colombia - Conexi\u00f3n 23<\/title>\n<meta name=\"robots\" content=\"index, follow, max-snippet:-1, max-image-preview:large, max-video-preview:-1\" \/>\n<link rel=\"canonical\" href=\"https:\/\/conexion23.com\/?p=56607\" \/>\n<meta property=\"og:locale\" content=\"es_ES\" \/>\n<meta property=\"og:type\" content=\"article\" \/>\n<meta property=\"og:title\" content=\"Al menos 20 muertos y decenas de heridos tras ataques con explosivos en el sur de Colombia - Conexi\u00f3n 23\" \/>\n<meta property=\"og:description\" content=\"Al menos 20 personas murieron y m\u00e1s de 45 resultaron heridas este s\u00e1bado en varios ataques con explosivos en el departamento de Cauca, en el suroccidente de Colombia, en una jornada violenta con m\u00faltiples incidentes. El m\u00e1s letal ocurri\u00f3 por la tarde en la V\u00eda Panamericana, en el municipio de Cajib\u00edo, en un sector que [&hellip;]\" \/>\n<meta property=\"og:url\" content=\"https:\/\/conexion23.com\/?p=56607\" \/>\n<meta property=\"og:site_name\" content=\"Conexi\u00f3n 23\" \/>\n<meta property=\"article:publisher\" content=\"https:\/\/www.facebook.com\/conexion23com\" \/>\n<meta property=\"article:published_time\" content=\"2026-04-27T11:12:02+00:00\" \/>\n<meta property=\"og:image\" content=\"http:\/\/conexion23.com\/wp-content\/uploads\/2026\/04\/96c57c10-4106-11f1-8897-fb452b13d91f.jpg-750x375-1.webp\" \/>\n\t<meta property=\"og:image:width\" content=\"750\" \/>\n\t<meta property=\"og:image:height\" content=\"375\" \/>\n\t<meta property=\"og:image:type\" content=\"image\/webp\" \/>\n<meta name=\"author\" content=\"Raffy Ben\u00edtez\" \/>\n<meta name=\"twitter:card\" content=\"summary_large_image\" \/>\n<meta name=\"twitter:label1\" content=\"Escrito por\" \/>\n\t<meta name=\"twitter:data1\" content=\"Raffy Ben\u00edtez\" \/>\n\t<meta name=\"twitter:label2\" content=\"Tiempo de lectura\" \/>\n\t<meta name=\"twitter:data2\" content=\"4 minutos\" \/>\n<script type=\"application\/ld+json\" class=\"yoast-schema-graph\">{\"@context\":\"https:\/\/schema.org\",\"@graph\":[{\"@type\":\"Article\",\"@id\":\"https:\/\/conexion23.com\/?p=56607#article\",\"isPartOf\":{\"@id\":\"https:\/\/conexion23.com\/?p=56607\"},\"author\":{\"name\":\"Raffy Ben\u00edtez\",\"@id\":\"https:\/\/conexion23.com\/#\/schema\/person\/03e36043331117e97a373299bbcd30a6\"},\"headline\":\"Al menos 20 muertos y decenas de heridos tras ataques con explosivos en el sur de Colombia\",\"datePublished\":\"2026-04-27T11:12:02+00:00\",\"mainEntityOfPage\":{\"@id\":\"https:\/\/conexion23.com\/?p=56607\"},\"wordCount\":766,\"commentCount\":0,\"publisher\":{\"@id\":\"https:\/\/conexion23.com\/#organization\"},\"image\":{\"@id\":\"https:\/\/conexion23.com\/?p=56607#primaryimage\"},\"thumbnailUrl\":\"https:\/\/conexion23.com\/wp-content\/uploads\/2026\/04\/96c57c10-4106-11f1-8897-fb452b13d91f.jpg-750x375-1.webp\",\"keywords\":[\"20 muertos\",\"Ataques\",\"colombia\",\"explosivos\",\"Heridos\"],\"articleSection\":[\"Internacionales\"],\"inLanguage\":\"es\",\"potentialAction\":[{\"@type\":\"CommentAction\",\"name\":\"Comment\",\"target\":[\"https:\/\/conexion23.com\/?p=56607#respond\"]}]},{\"@type\":\"WebPage\",\"@id\":\"https:\/\/conexion23.com\/?p=56607\",\"url\":\"https:\/\/conexion23.com\/?p=56607\",\"name\":\"Al menos 20 muertos y decenas de heridos tras ataques con explosivos en el sur de Colombia - Conexi\u00f3n 23\",\"isPartOf\":{\"@id\":\"https:\/\/conexion23.com\/#website\"},\"primaryImageOfPage\":{\"@id\":\"https:\/\/conexion23.com\/?p=56607#primaryimage\"},\"image\":{\"@id\":\"https:\/\/conexion23.com\/?p=56607#primaryimage\"},\"thumbnailUrl\":\"https:\/\/conexion23.com\/wp-content\/uploads\/2026\/04\/96c57c10-4106-11f1-8897-fb452b13d91f.jpg-750x375-1.webp\",\"datePublished\":\"2026-04-27T11:12:02+00:00\",\"breadcrumb\":{\"@id\":\"https:\/\/conexion23.com\/?p=56607#breadcrumb\"},\"inLanguage\":\"es\",\"potentialAction\":[{\"@type\":\"ReadAction\",\"target\":[\"https:\/\/conexion23.com\/?p=56607\"]}]},{\"@type\":\"ImageObject\",\"inLanguage\":\"es\",\"@id\":\"https:\/\/conexion23.com\/?p=56607#primaryimage\",\"url\":\"https:\/\/conexion23.com\/wp-content\/uploads\/2026\/04\/96c57c10-4106-11f1-8897-fb452b13d91f.jpg-750x375-1.webp\",\"contentUrl\":\"https:\/\/conexion23.com\/wp-content\/uploads\/2026\/04\/96c57c10-4106-11f1-8897-fb452b13d91f.jpg-750x375-1.webp\",\"width\":750,\"height\":375},{\"@type\":\"BreadcrumbList\",\"@id\":\"https:\/\/conexion23.com\/?p=56607#breadcrumb\",\"itemListElement\":[{\"@type\":\"ListItem\",\"position\":1,\"name\":\"Portada\",\"item\":\"https:\/\/conexion23.com\/\"},{\"@type\":\"ListItem\",\"position\":2,\"name\":\"Al menos 20 muertos y decenas de heridos tras ataques con explosivos en el sur de Colombia\"}]},{\"@type\":\"WebSite\",\"@id\":\"https:\/\/conexion23.com\/#website\",\"url\":\"https:\/\/conexion23.com\/\",\"name\":\"Conexi\u00f3n 23\",\"description\":\"Peri\u00f3dico 100% Petromacorisano\",\"publisher\":{\"@id\":\"https:\/\/conexion23.com\/#organization\"},\"potentialAction\":[{\"@type\":\"SearchAction\",\"target\":{\"@type\":\"EntryPoint\",\"urlTemplate\":\"https:\/\/conexion23.com\/?s={search_term_string}\"},\"query-input\":{\"@type\":\"PropertyValueSpecification\",\"valueRequired\":true,\"valueName\":\"search_term_string\"}}],\"inLanguage\":\"es\"},{\"@type\":\"Organization\",\"@id\":\"https:\/\/conexion23.com\/#organization\",\"name\":\"Conexion 23\",\"url\":\"https:\/\/conexion23.com\/\",\"logo\":{\"@type\":\"ImageObject\",\"inLanguage\":\"es\",\"@id\":\"https:\/\/conexion23.com\/#\/schema\/logo\/image\/\",\"url\":\"https:\/\/conexion23.com\/wp-content\/uploads\/2021\/11\/Diseno-sin-titulo-2.png\",\"contentUrl\":\"https:\/\/conexion23.com\/wp-content\/uploads\/2021\/11\/Diseno-sin-titulo-2.png\",\"width\":541,\"height\":90,\"caption\":\"Conexion 23\"},\"image\":{\"@id\":\"https:\/\/conexion23.com\/#\/schema\/logo\/image\/\"},\"sameAs\":[\"https:\/\/www.facebook.com\/conexion23com\",\"https:\/\/www.instagram.com\/conexion23com\/\",\"https:\/\/www.youtube.com\/channel\/UCYc7vxxFZMYLIHNsHHxPZ3Q\"]},{\"@type\":\"Person\",\"@id\":\"https:\/\/conexion23.com\/#\/schema\/person\/03e36043331117e97a373299bbcd30a6\",\"name\":\"Raffy Ben\u00edtez\",\"image\":{\"@type\":\"ImageObject\",\"inLanguage\":\"es\",\"@id\":\"https:\/\/conexion23.com\/#\/schema\/person\/image\/\",\"url\":\"https:\/\/secure.gravatar.com\/avatar\/3190a6a6c5e1b0327500f7d6c56b6242472ee6cb974cf09b401ee6b3b0798f23?s=96&d=mm&r=g\",\"contentUrl\":\"https:\/\/secure.gravatar.com\/avatar\/3190a6a6c5e1b0327500f7d6c56b6242472ee6cb974cf09b401ee6b3b0798f23?s=96&d=mm&r=g\",\"caption\":\"Raffy Ben\u00edtez\"},\"url\":\"https:\/\/conexion23.com\/?author=15\"}]}<\/script>\n<!-- \/ Yoast SEO plugin. -->","yoast_head_json":{"title":"Al menos 20 muertos y decenas de heridos tras ataques con explosivos en el sur de Colombia - Conexi\u00f3n 23","robots":{"index":"index","follow":"follow","max-snippet":"max-snippet:-1","max-image-preview":"max-image-preview:large","max-video-preview":"max-video-preview:-1"},"canonical":"https:\/\/conexion23.com\/?p=56607","og_locale":"es_ES","og_type":"article","og_title":"Al menos 20 muertos y decenas de heridos tras ataques con explosivos en el sur de Colombia - Conexi\u00f3n 23","og_description":"Al menos 20 personas murieron y m\u00e1s de 45 resultaron heridas este s\u00e1bado en varios ataques con explosivos en el departamento de Cauca, en el suroccidente de Colombia, en una jornada violenta con m\u00faltiples incidentes. El m\u00e1s letal ocurri\u00f3 por la tarde en la V\u00eda Panamericana, en el municipio de Cajib\u00edo, en un sector que [&hellip;]","og_url":"https:\/\/conexion23.com\/?p=56607","og_site_name":"Conexi\u00f3n 23","article_publisher":"https:\/\/www.facebook.com\/conexion23com","article_published_time":"2026-04-27T11:12:02+00:00","og_image":[{"width":750,"height":375,"url":"http:\/\/conexion23.com\/wp-content\/uploads\/2026\/04\/96c57c10-4106-11f1-8897-fb452b13d91f.jpg-750x375-1.webp","type":"image\/webp"}],"author":"Raffy Ben\u00edtez","twitter_card":"summary_large_image","twitter_misc":{"Escrito por":"Raffy Ben\u00edtez","Tiempo de lectura":"4 minutos"},"schema":{"@context":"https:\/\/schema.org","@graph":[{"@type":"Article","@id":"https:\/\/conexion23.com\/?p=56607#article","isPartOf":{"@id":"https:\/\/conexion23.com\/?p=56607"},"author":{"name":"Raffy Ben\u00edtez","@id":"https:\/\/conexion23.com\/#\/schema\/person\/03e36043331117e97a373299bbcd30a6"},"headline":"Al menos 20 muertos y decenas de heridos tras ataques con explosivos en el sur de Colombia","datePublished":"2026-04-27T11:12:02+00:00","mainEntityOfPage":{"@id":"https:\/\/conexion23.com\/?p=56607"},"wordCount":766,"commentCount":0,"publisher":{"@id":"https:\/\/conexion23.com\/#organization"},"image":{"@id":"https:\/\/conexion23.com\/?p=56607#primaryimage"},"thumbnailUrl":"https:\/\/conexion23.com\/wp-content\/uploads\/2026\/04\/96c57c10-4106-11f1-8897-fb452b13d91f.jpg-750x375-1.webp","keywords":["20 muertos","Ataques","colombia","explosivos","Heridos"],"articleSection":["Internacionales"],"inLanguage":"es","potentialAction":[{"@type":"CommentAction","name":"Comment","target":["https:\/\/conexion23.com\/?p=56607#respond"]}]},{"@type":"WebPage","@id":"https:\/\/conexion23.com\/?p=56607","url":"https:\/\/conexion23.com\/?p=56607","name":"Al menos 20 muertos y decenas de heridos tras ataques con explosivos en el sur de Colombia - Conexi\u00f3n 23","isPartOf":{"@id":"https:\/\/conexion23.com\/#website"},"primaryImageOfPage":{"@id":"https:\/\/conexion23.com\/?p=56607#primaryimage"},"image":{"@id":"https:\/\/conexion23.com\/?p=56607#primaryimage"},"thumbnailUrl":"https:\/\/conexion23.com\/wp-content\/uploads\/2026\/04\/96c57c10-4106-11f1-8897-fb452b13d91f.jpg-750x375-1.webp","datePublished":"2026-04-27T11:12:02+00:00","breadcrumb":{"@id":"https:\/\/conexion23.com\/?p=56607#breadcrumb"},"inLanguage":"es","potentialAction":[{"@type":"ReadAction","target":["https:\/\/conexion23.com\/?p=56607"]}]},{"@type":"ImageObject","inLanguage":"es","@id":"https:\/\/conexion23.com\/?p=56607#primaryimage","url":"https:\/\/conexion23.com\/wp-content\/uploads\/2026\/04\/96c57c10-4106-11f1-8897-fb452b13d91f.jpg-750x375-1.webp","contentUrl":"https:\/\/conexion23.com\/wp-content\/uploads\/2026\/04\/96c57c10-4106-11f1-8897-fb452b13d91f.jpg-750x375-1.webp","width":750,"height":375},{"@type":"BreadcrumbList","@id":"https:\/\/conexion23.com\/?p=56607#breadcrumb","itemListElement":[{"@type":"ListItem","position":1,"name":"Portada","item":"https:\/\/conexion23.com\/"},{"@type":"ListItem","position":2,"name":"Al menos 20 muertos y decenas de heridos tras ataques con explosivos en el sur de Colombia"}]},{"@type":"WebSite","@id":"https:\/\/conexion23.com\/#website","url":"https:\/\/conexion23.com\/","name":"Conexi\u00f3n 23","description":"Peri\u00f3dico 100% Petromacorisano","publisher":{"@id":"https:\/\/conexion23.com\/#organization"},"potentialAction":[{"@type":"SearchAction","target":{"@type":"EntryPoint","urlTemplate":"https:\/\/conexion23.com\/?s={search_term_string}"},"query-input":{"@type":"PropertyValueSpecification","valueRequired":true,"valueName":"search_term_string"}}],"inLanguage":"es"},{"@type":"Organization","@id":"https:\/\/conexion23.com\/#organization","name":"Conexion 23","url":"https:\/\/conexion23.com\/","logo":{"@type":"ImageObject","inLanguage":"es","@id":"https:\/\/conexion23.com\/#\/schema\/logo\/image\/","url":"https:\/\/conexion23.com\/wp-content\/uploads\/2021\/11\/Diseno-sin-titulo-2.png","contentUrl":"https:\/\/conexion23.com\/wp-content\/uploads\/2021\/11\/Diseno-sin-titulo-2.png","width":541,"height":90,"caption":"Conexion 23"},"image":{"@id":"https:\/\/conexion23.com\/#\/schema\/logo\/image\/"},"sameAs":["https:\/\/www.facebook.com\/conexion23com","https:\/\/www.instagram.com\/conexion23com\/","https:\/\/www.youtube.com\/channel\/UCYc7vxxFZMYLIHNsHHxPZ3Q"]},{"@type":"Person","@id":"https:\/\/conexion23.com\/#\/schema\/person\/03e36043331117e97a373299bbcd30a6","name":"Raffy Ben\u00edtez","image":{"@type":"ImageObject","inLanguage":"es","@id":"https:\/\/conexion23.com\/#\/schema\/person\/image\/","url":"https:\/\/secure.gravatar.com\/avatar\/3190a6a6c5e1b0327500f7d6c56b6242472ee6cb974cf09b401ee6b3b0798f23?s=96&d=mm&r=g","contentUrl":"https:\/\/secure.gravatar.com\/avatar\/3190a6a6c5e1b0327500f7d6c56b6242472ee6cb974cf09b401ee6b3b0798f23?s=96&d=mm&r=g","caption":"Raffy Ben\u00edtez"},"url":"https:\/\/conexion23.com\/?author=15"}]}},"_links":{"self":[{"href":"https:\/\/conexion23.com\/index.php?rest_route=\/wp\/v2\/posts\/56607","targetHints":{"allow":["GET"]}}],"collection":[{"href":"https:\/\/conexion23.com\/index.php?rest_route=\/wp\/v2\/posts"}],"about":[{"href":"https:\/\/conexion23.com\/index.php?rest_route=\/wp\/v2\/types\/post"}],"author":[{"embeddable":true,"href":"https:\/\/conexion23.com\/index.php?rest_route=\/wp\/v2\/users\/15"}],"replies":[{"embeddable":true,"href":"https:\/\/conexion23.com\/index.php?rest_route=%2Fwp%2Fv2%2Fcomments&post=56607"}],"version-history":[{"count":1,"href":"https:\/\/conexion23.com\/index.php?rest_route=\/wp\/v2\/posts\/56607\/revisions"}],"predecessor-version":[{"id":56609,"href":"https:\/\/conexion23.com\/index.php?rest_route=\/wp\/v2\/posts\/56607\/revisions\/56609"}],"wp:featuredmedia":[{"embeddable":true,"href":"https:\/\/conexion23.com\/index.php?rest_route=\/wp\/v2\/media\/56608"}],"wp:attachment":[{"href":"https:\/\/conexion23.com\/index.php?rest_route=%2Fwp%2Fv2%2Fmedia&parent=56607"}],"wp:term":[{"taxonomy":"category","embeddable":true,"href":"https:\/\/conexion23.com\/index.php?rest_route=%2Fwp%2Fv2%2Fcategories&post=56607"},{"taxonomy":"post_tag","embeddable":true,"href":"https:\/\/conexion23.com\/index.php?rest_route=%2Fwp%2Fv2%2Ftags&post=56607"}],"curies":[{"name":"wp","href":"https:\/\/api.w.org\/{rel}","templated":true}]}}