{"id":56614,"date":"2026-04-27T07:21:50","date_gmt":"2026-04-27T11:21:50","guid":{"rendered":"https:\/\/conexion23.com\/?p=56614"},"modified":"2026-04-27T07:21:50","modified_gmt":"2026-04-27T11:21:50","slug":"ana-villanueva-gran-medallista-como-atleta-y-ahora-procura-serlo-como-entrenadora","status":"publish","type":"post","link":"https:\/\/conexion23.com\/?p=56614","title":{"rendered":"Ana Villanueva, gran medallista como atleta y ahora procura serlo como entrenadora"},"content":{"rendered":"<p id=\"m89313-89312-89314\" style=\"text-align: justify;\">Luego de tener una carrera como atleta que la llev\u00f3 a la inmortalidad en 2024, Ana Villanueva, quien lleva el deporte en el cuerpo, se ha planteado el desaf\u00edo de triunfar tambi\u00e9n como entrenadora con la selecci\u00f3n femenina de karate.<\/p>\n<p id=\"m89318-89317-89319\" style=\"text-align: justify;\">El reto mayor en los dos a\u00f1os que ha venido trabajando en el staff de entrenadores de la Federaci\u00f3n Dominicana de Karate, lo tendr\u00e1 en los pr\u00f3ximos Juegos Centroamericanos y del Caribe, justa en la que se colg\u00f3 dos preseas doradas, una de plata y tres de bronce.<\/p>\n<p id=\"m89323-89322-89324\" style=\"text-align: justify;\">Ana se siente c\u00f3moda (\u201ccomo pez en el agua\u201d) de formar parte del cuerpo t\u00e9cnico de lujo, que encabezan Bernardo &#8211;Tony\u2014Mesa, Antonio \u2013To\u00f1ito&#8212; V\u00f3lquez y Yuniesky Silverio, entrenadores que le ayudaron tanto en su crecimiento atl\u00e9tico.<\/p>\n<p id=\"m89328-89327-89329\" style=\"text-align: justify;\">\u201cLo disfruto, me encanta\u201d, enfatiza sobre la oportunidad de contar como compa\u00f1eros con profesionales que \u201ctambi\u00e9n me est\u00e1n dando la oportunidad para poder demostrarles que podemos hacer el trabajo de este lado\u201d.<\/p>\n<p id=\"m89333-89332-89334\" style=\"text-align: justify;\">Tony Mesa resalta que tuvo la suerte de ser su entrenador durante mucho tiempo y percibi\u00f3 en ella la perseverante caracter\u00edstica de que cuando se propone algo llega hasta el final, si es necesario, para lograrlo.<\/p>\n<h3 class=\"c-detail__destacado\" style=\"text-align: justify;\">gran Proyecci\u00f3n<\/h3>\n<p id=\"m89338-89337-89339\" style=\"text-align: justify;\">Desde ya sus nuevos colegas vaticinan que la cotuisana de 43 a\u00f1os es una de las mujeres que mejor se proyectan como tal en una faceta de esta milenaria disciplina japonesa mayoritariamente dominada por los hombres.<\/p>\n<p id=\"m89343-89342-89344\" style=\"text-align: justify;\">Cuando concluy\u00f3 su carrera como atleta en la federaci\u00f3n decidieron proyectarla como entrenadora y en este momento es una de las mujeres que mejor se proyecta no solo por los conocimientos t\u00e9cnicos t\u00e1cticos que tiene producto de su desarrollo competitivo, sino tambi\u00e9n porque es una muchacha que se prepara continuamente.<\/p>\n<p id=\"m89348-89347-89349\" style=\"text-align: justify;\">\u201cNo es una persona que se basa en lo que ella fue, sino est\u00e1 tratando de ver lo que se est\u00e1 haciendo a nivel internacional, consulta continuamente, va a los lugares a observar que se est\u00e1 haciendo para ponerlo en pr\u00e1ctica, participa en todos los procesos para superarse\u201d, subraya Mesa para luego agregar que recientemente ella obtuvo la certificaci\u00f3n de \u201cCoach Panamericana\u201d y que est\u00e1n dando los pasos para que en breve tiempo alcance, adem\u00e1s, el de \u201cCoach Mundial\u201d.<\/p>\n<p id=\"m89353-89352-89354\" style=\"text-align: justify;\">Otra de las cualidades que se destacan de ella es que sabe mantener la diferencia en la relaci\u00f3n atleta- entrenador, comunic\u00e1ndose adecuadamente y manteniendo la l\u00ednea de respeto cuando tiene que hacerlo en su momento determinado.<\/p>\n<h3 class=\"c-detail__destacado\" style=\"text-align: justify;\">el elogio de \u00abBorola\u00bb<\/h3>\n<p id=\"m89370-89369-89371\" style=\"text-align: justify;\">\u201cAna tiene un carisma especial. Es amorosa, es en\u00e9rgica cuando tiene que aplicar las normas, pero lo que m\u00e1s nos impresion\u00f3 a nosotros es el deseo de ella de aumentar su capacidad\u201d, declar\u00f3, a su vez, el presidente de la federaci\u00f3n, Jos\u00e9 Luis Ram\u00edrez<\/p>\n<p id=\"m89375-89374-89376\" style=\"text-align: justify;\">\u201cBorola\u201d, como le llama la mayor\u00eda, dijo que la ex karateca es la persona indicada para dar un acompa\u00f1amiento en los entrenamientos debido a que es joven a\u00fan y se mantiene en muy buena condici\u00f3n f\u00edsica para complementar la parte te\u00f3rica con la pr\u00e1ctica, lo cual ya se le dificulta a Mesa y \u201cTonito\u201d, que ya rebasaron la barrera de los 60 a\u00f1os.<\/p>\n<p id=\"m89380-89379-89381\" style=\"text-align: justify;\"><b>SEPA M\u00c1S<\/b><\/p>\n<p id=\"m89385-89384-89386\" style=\"text-align: justify;\">Los Panamericanos en Guadalajara 2011, le dieron la oportunidad de mostrar su crecimiento, obteniendo el oro; y en la cita de Toronto 2015, se convirti\u00f3 en la \u00fanica karateca dominicana en ganar oro en dos versiones de los Panamericanos.<\/p>\n<p id=\"m89390-89389-89391\" style=\"text-align: justify;\">En el 2012 Ana se convirti\u00f3 en la primera dominicana en ganar la medalla de bronce en la modalidad kumite. Esto ocurri\u00f3 en el Mundial de Karate celebrado en Par\u00eds, Francia.<\/p>\n<p id=\"m89395-89394-89396\" style=\"text-align: justify;\">Dej\u00f3 su huella en Campeonatos Panamericanos, ganando oro en el de M\u00e9xico 2009; plata en M\u00e9xico 2011; oro y bronce en Nicaragua 2012; oro en Per\u00fa 2014; bronce en Toronto 2015; dos de oro en Curazao 2017 y plata en el de Panam\u00e1 2019.<\/p>\n","protected":false},"excerpt":{"rendered":"<p>Luego de tener una carrera como atleta que la llev\u00f3 a la inmortalidad en 2024, Ana Villanueva, quien lleva el deporte en el cuerpo, se ha planteado el desaf\u00edo de triunfar tambi\u00e9n como entrenadora con la selecci\u00f3n femenina de karate. El reto mayor en los dos a\u00f1os que ha venido trabajando en el staff de [&hellip;]<\/p>\n","protected":false},"author":15,"featured_media":56615,"comment_status":"open","ping_status":"open","sticky":false,"template":"","format":"standard","meta":{"footnotes":""},"categories":[6],"tags":[8563,8565,8566,8564],"class_list":{"0":"post-56614","1":"post","2":"type-post","3":"status-publish","4":"format-standard","5":"has-post-thumbnail","7":"category-deportes","8":"tag-ana-villanueva","9":"tag-atleta","10":"tag-entrenadora","11":"tag-medallista"},"yoast_head":"<!-- This site is optimized with the Yoast SEO plugin v27.1.1 - https:\/\/yoast.com\/product\/yoast-seo-wordpress\/ -->\n<title>Ana Villanueva, gran medallista como atleta y ahora procura serlo como entrenadora - Conexi\u00f3n 23<\/title>\n<meta name=\"robots\" content=\"index, follow, max-snippet:-1, max-image-preview:large, max-video-preview:-1\" \/>\n<link rel=\"canonical\" href=\"https:\/\/conexion23.com\/?p=56614\" \/>\n<meta property=\"og:locale\" content=\"es_ES\" \/>\n<meta property=\"og:type\" content=\"article\" \/>\n<meta property=\"og:title\" content=\"Ana Villanueva, gran medallista como atleta y ahora procura serlo como entrenadora - Conexi\u00f3n 23\" \/>\n<meta property=\"og:description\" content=\"Luego de tener una carrera como atleta que la llev\u00f3 a la inmortalidad en 2024, Ana Villanueva, quien lleva el deporte en el cuerpo, se ha planteado el desaf\u00edo de triunfar tambi\u00e9n como entrenadora con la selecci\u00f3n femenina de karate. El reto mayor en los dos a\u00f1os que ha venido trabajando en el staff de [&hellip;]\" \/>\n<meta property=\"og:url\" content=\"https:\/\/conexion23.com\/?p=56614\" \/>\n<meta property=\"og:site_name\" content=\"Conexi\u00f3n 23\" \/>\n<meta property=\"article:publisher\" content=\"https:\/\/www.facebook.com\/conexion23com\" \/>\n<meta property=\"article:published_time\" content=\"2026-04-27T11:21:50+00:00\" \/>\n<meta property=\"og:image\" content=\"http:\/\/conexion23.com\/wp-content\/uploads\/2026\/04\/69eeb3089ad35.r_d.590-291.jpeg\" \/>\n\t<meta property=\"og:image:width\" content=\"800\" \/>\n\t<meta property=\"og:image:height\" content=\"560\" \/>\n\t<meta property=\"og:image:type\" content=\"image\/jpeg\" \/>\n<meta name=\"author\" content=\"Raffy Ben\u00edtez\" \/>\n<meta name=\"twitter:card\" content=\"summary_large_image\" \/>\n<meta name=\"twitter:label1\" content=\"Escrito por\" \/>\n\t<meta name=\"twitter:data1\" content=\"Raffy Ben\u00edtez\" \/>\n\t<meta name=\"twitter:label2\" content=\"Tiempo de lectura\" \/>\n\t<meta name=\"twitter:data2\" content=\"4 minutos\" \/>\n<script type=\"application\/ld+json\" class=\"yoast-schema-graph\">{\"@context\":\"https:\/\/schema.org\",\"@graph\":[{\"@type\":\"Article\",\"@id\":\"https:\/\/conexion23.com\/?p=56614#article\",\"isPartOf\":{\"@id\":\"https:\/\/conexion23.com\/?p=56614\"},\"author\":{\"name\":\"Raffy Ben\u00edtez\",\"@id\":\"https:\/\/conexion23.com\/#\/schema\/person\/03e36043331117e97a373299bbcd30a6\"},\"headline\":\"Ana Villanueva, gran medallista como atleta y ahora procura serlo como entrenadora\",\"datePublished\":\"2026-04-27T11:21:50+00:00\",\"mainEntityOfPage\":{\"@id\":\"https:\/\/conexion23.com\/?p=56614\"},\"wordCount\":666,\"commentCount\":0,\"publisher\":{\"@id\":\"https:\/\/conexion23.com\/#organization\"},\"image\":{\"@id\":\"https:\/\/conexion23.com\/?p=56614#primaryimage\"},\"thumbnailUrl\":\"https:\/\/conexion23.com\/wp-content\/uploads\/2026\/04\/69eeb3089ad35.r_d.590-291.jpeg\",\"keywords\":[\"Ana Villanueva\",\"atleta\",\"entrenadora\",\"medallista\"],\"articleSection\":[\"Deportes\"],\"inLanguage\":\"es\",\"potentialAction\":[{\"@type\":\"CommentAction\",\"name\":\"Comment\",\"target\":[\"https:\/\/conexion23.com\/?p=56614#respond\"]}]},{\"@type\":\"WebPage\",\"@id\":\"https:\/\/conexion23.com\/?p=56614\",\"url\":\"https:\/\/conexion23.com\/?p=56614\",\"name\":\"Ana Villanueva, gran medallista como atleta y ahora procura serlo como entrenadora - Conexi\u00f3n 23\",\"isPartOf\":{\"@id\":\"https:\/\/conexion23.com\/#website\"},\"primaryImageOfPage\":{\"@id\":\"https:\/\/conexion23.com\/?p=56614#primaryimage\"},\"image\":{\"@id\":\"https:\/\/conexion23.com\/?p=56614#primaryimage\"},\"thumbnailUrl\":\"https:\/\/conexion23.com\/wp-content\/uploads\/2026\/04\/69eeb3089ad35.r_d.590-291.jpeg\",\"datePublished\":\"2026-04-27T11:21:50+00:00\",\"breadcrumb\":{\"@id\":\"https:\/\/conexion23.com\/?p=56614#breadcrumb\"},\"inLanguage\":\"es\",\"potentialAction\":[{\"@type\":\"ReadAction\",\"target\":[\"https:\/\/conexion23.com\/?p=56614\"]}]},{\"@type\":\"ImageObject\",\"inLanguage\":\"es\",\"@id\":\"https:\/\/conexion23.com\/?p=56614#primaryimage\",\"url\":\"https:\/\/conexion23.com\/wp-content\/uploads\/2026\/04\/69eeb3089ad35.r_d.590-291.jpeg\",\"contentUrl\":\"https:\/\/conexion23.com\/wp-content\/uploads\/2026\/04\/69eeb3089ad35.r_d.590-291.jpeg\",\"width\":800,\"height\":560},{\"@type\":\"BreadcrumbList\",\"@id\":\"https:\/\/conexion23.com\/?p=56614#breadcrumb\",\"itemListElement\":[{\"@type\":\"ListItem\",\"position\":1,\"name\":\"Portada\",\"item\":\"https:\/\/conexion23.com\/\"},{\"@type\":\"ListItem\",\"position\":2,\"name\":\"Ana Villanueva, gran medallista como atleta y ahora procura serlo como entrenadora\"}]},{\"@type\":\"WebSite\",\"@id\":\"https:\/\/conexion23.com\/#website\",\"url\":\"https:\/\/conexion23.com\/\",\"name\":\"Conexi\u00f3n 23\",\"description\":\"Peri\u00f3dico 100% Petromacorisano\",\"publisher\":{\"@id\":\"https:\/\/conexion23.com\/#organization\"},\"potentialAction\":[{\"@type\":\"SearchAction\",\"target\":{\"@type\":\"EntryPoint\",\"urlTemplate\":\"https:\/\/conexion23.com\/?s={search_term_string}\"},\"query-input\":{\"@type\":\"PropertyValueSpecification\",\"valueRequired\":true,\"valueName\":\"search_term_string\"}}],\"inLanguage\":\"es\"},{\"@type\":\"Organization\",\"@id\":\"https:\/\/conexion23.com\/#organization\",\"name\":\"Conexion 23\",\"url\":\"https:\/\/conexion23.com\/\",\"logo\":{\"@type\":\"ImageObject\",\"inLanguage\":\"es\",\"@id\":\"https:\/\/conexion23.com\/#\/schema\/logo\/image\/\",\"url\":\"https:\/\/conexion23.com\/wp-content\/uploads\/2021\/11\/Diseno-sin-titulo-2.png\",\"contentUrl\":\"https:\/\/conexion23.com\/wp-content\/uploads\/2021\/11\/Diseno-sin-titulo-2.png\",\"width\":541,\"height\":90,\"caption\":\"Conexion 23\"},\"image\":{\"@id\":\"https:\/\/conexion23.com\/#\/schema\/logo\/image\/\"},\"sameAs\":[\"https:\/\/www.facebook.com\/conexion23com\",\"https:\/\/www.instagram.com\/conexion23com\/\",\"https:\/\/www.youtube.com\/channel\/UCYc7vxxFZMYLIHNsHHxPZ3Q\"]},{\"@type\":\"Person\",\"@id\":\"https:\/\/conexion23.com\/#\/schema\/person\/03e36043331117e97a373299bbcd30a6\",\"name\":\"Raffy Ben\u00edtez\",\"image\":{\"@type\":\"ImageObject\",\"inLanguage\":\"es\",\"@id\":\"https:\/\/conexion23.com\/#\/schema\/person\/image\/\",\"url\":\"https:\/\/secure.gravatar.com\/avatar\/3190a6a6c5e1b0327500f7d6c56b6242472ee6cb974cf09b401ee6b3b0798f23?s=96&d=mm&r=g\",\"contentUrl\":\"https:\/\/secure.gravatar.com\/avatar\/3190a6a6c5e1b0327500f7d6c56b6242472ee6cb974cf09b401ee6b3b0798f23?s=96&d=mm&r=g\",\"caption\":\"Raffy Ben\u00edtez\"},\"url\":\"https:\/\/conexion23.com\/?author=15\"}]}<\/script>\n<!-- \/ Yoast SEO plugin. -->","yoast_head_json":{"title":"Ana Villanueva, gran medallista como atleta y ahora procura serlo como entrenadora - Conexi\u00f3n 23","robots":{"index":"index","follow":"follow","max-snippet":"max-snippet:-1","max-image-preview":"max-image-preview:large","max-video-preview":"max-video-preview:-1"},"canonical":"https:\/\/conexion23.com\/?p=56614","og_locale":"es_ES","og_type":"article","og_title":"Ana Villanueva, gran medallista como atleta y ahora procura serlo como entrenadora - Conexi\u00f3n 23","og_description":"Luego de tener una carrera como atleta que la llev\u00f3 a la inmortalidad en 2024, Ana Villanueva, quien lleva el deporte en el cuerpo, se ha planteado el desaf\u00edo de triunfar tambi\u00e9n como entrenadora con la selecci\u00f3n femenina de karate. El reto mayor en los dos a\u00f1os que ha venido trabajando en el staff de [&hellip;]","og_url":"https:\/\/conexion23.com\/?p=56614","og_site_name":"Conexi\u00f3n 23","article_publisher":"https:\/\/www.facebook.com\/conexion23com","article_published_time":"2026-04-27T11:21:50+00:00","og_image":[{"width":800,"height":560,"url":"http:\/\/conexion23.com\/wp-content\/uploads\/2026\/04\/69eeb3089ad35.r_d.590-291.jpeg","type":"image\/jpeg"}],"author":"Raffy Ben\u00edtez","twitter_card":"summary_large_image","twitter_misc":{"Escrito por":"Raffy Ben\u00edtez","Tiempo de lectura":"4 minutos"},"schema":{"@context":"https:\/\/schema.org","@graph":[{"@type":"Article","@id":"https:\/\/conexion23.com\/?p=56614#article","isPartOf":{"@id":"https:\/\/conexion23.com\/?p=56614"},"author":{"name":"Raffy Ben\u00edtez","@id":"https:\/\/conexion23.com\/#\/schema\/person\/03e36043331117e97a373299bbcd30a6"},"headline":"Ana Villanueva, gran medallista como atleta y ahora procura serlo como entrenadora","datePublished":"2026-04-27T11:21:50+00:00","mainEntityOfPage":{"@id":"https:\/\/conexion23.com\/?p=56614"},"wordCount":666,"commentCount":0,"publisher":{"@id":"https:\/\/conexion23.com\/#organization"},"image":{"@id":"https:\/\/conexion23.com\/?p=56614#primaryimage"},"thumbnailUrl":"https:\/\/conexion23.com\/wp-content\/uploads\/2026\/04\/69eeb3089ad35.r_d.590-291.jpeg","keywords":["Ana Villanueva","atleta","entrenadora","medallista"],"articleSection":["Deportes"],"inLanguage":"es","potentialAction":[{"@type":"CommentAction","name":"Comment","target":["https:\/\/conexion23.com\/?p=56614#respond"]}]},{"@type":"WebPage","@id":"https:\/\/conexion23.com\/?p=56614","url":"https:\/\/conexion23.com\/?p=56614","name":"Ana Villanueva, gran medallista como atleta y ahora procura serlo como entrenadora - Conexi\u00f3n 23","isPartOf":{"@id":"https:\/\/conexion23.com\/#website"},"primaryImageOfPage":{"@id":"https:\/\/conexion23.com\/?p=56614#primaryimage"},"image":{"@id":"https:\/\/conexion23.com\/?p=56614#primaryimage"},"thumbnailUrl":"https:\/\/conexion23.com\/wp-content\/uploads\/2026\/04\/69eeb3089ad35.r_d.590-291.jpeg","datePublished":"2026-04-27T11:21:50+00:00","breadcrumb":{"@id":"https:\/\/conexion23.com\/?p=56614#breadcrumb"},"inLanguage":"es","potentialAction":[{"@type":"ReadAction","target":["https:\/\/conexion23.com\/?p=56614"]}]},{"@type":"ImageObject","inLanguage":"es","@id":"https:\/\/conexion23.com\/?p=56614#primaryimage","url":"https:\/\/conexion23.com\/wp-content\/uploads\/2026\/04\/69eeb3089ad35.r_d.590-291.jpeg","contentUrl":"https:\/\/conexion23.com\/wp-content\/uploads\/2026\/04\/69eeb3089ad35.r_d.590-291.jpeg","width":800,"height":560},{"@type":"BreadcrumbList","@id":"https:\/\/conexion23.com\/?p=56614#breadcrumb","itemListElement":[{"@type":"ListItem","position":1,"name":"Portada","item":"https:\/\/conexion23.com\/"},{"@type":"ListItem","position":2,"name":"Ana Villanueva, gran medallista como atleta y ahora procura serlo como entrenadora"}]},{"@type":"WebSite","@id":"https:\/\/conexion23.com\/#website","url":"https:\/\/conexion23.com\/","name":"Conexi\u00f3n 23","description":"Peri\u00f3dico 100% Petromacorisano","publisher":{"@id":"https:\/\/conexion23.com\/#organization"},"potentialAction":[{"@type":"SearchAction","target":{"@type":"EntryPoint","urlTemplate":"https:\/\/conexion23.com\/?s={search_term_string}"},"query-input":{"@type":"PropertyValueSpecification","valueRequired":true,"valueName":"search_term_string"}}],"inLanguage":"es"},{"@type":"Organization","@id":"https:\/\/conexion23.com\/#organization","name":"Conexion 23","url":"https:\/\/conexion23.com\/","logo":{"@type":"ImageObject","inLanguage":"es","@id":"https:\/\/conexion23.com\/#\/schema\/logo\/image\/","url":"https:\/\/conexion23.com\/wp-content\/uploads\/2021\/11\/Diseno-sin-titulo-2.png","contentUrl":"https:\/\/conexion23.com\/wp-content\/uploads\/2021\/11\/Diseno-sin-titulo-2.png","width":541,"height":90,"caption":"Conexion 23"},"image":{"@id":"https:\/\/conexion23.com\/#\/schema\/logo\/image\/"},"sameAs":["https:\/\/www.facebook.com\/conexion23com","https:\/\/www.instagram.com\/conexion23com\/","https:\/\/www.youtube.com\/channel\/UCYc7vxxFZMYLIHNsHHxPZ3Q"]},{"@type":"Person","@id":"https:\/\/conexion23.com\/#\/schema\/person\/03e36043331117e97a373299bbcd30a6","name":"Raffy Ben\u00edtez","image":{"@type":"ImageObject","inLanguage":"es","@id":"https:\/\/conexion23.com\/#\/schema\/person\/image\/","url":"https:\/\/secure.gravatar.com\/avatar\/3190a6a6c5e1b0327500f7d6c56b6242472ee6cb974cf09b401ee6b3b0798f23?s=96&d=mm&r=g","contentUrl":"https:\/\/secure.gravatar.com\/avatar\/3190a6a6c5e1b0327500f7d6c56b6242472ee6cb974cf09b401ee6b3b0798f23?s=96&d=mm&r=g","caption":"Raffy Ben\u00edtez"},"url":"https:\/\/conexion23.com\/?author=15"}]}},"_links":{"self":[{"href":"https:\/\/conexion23.com\/index.php?rest_route=\/wp\/v2\/posts\/56614","targetHints":{"allow":["GET"]}}],"collection":[{"href":"https:\/\/conexion23.com\/index.php?rest_route=\/wp\/v2\/posts"}],"about":[{"href":"https:\/\/conexion23.com\/index.php?rest_route=\/wp\/v2\/types\/post"}],"author":[{"embeddable":true,"href":"https:\/\/conexion23.com\/index.php?rest_route=\/wp\/v2\/users\/15"}],"replies":[{"embeddable":true,"href":"https:\/\/conexion23.com\/index.php?rest_route=%2Fwp%2Fv2%2Fcomments&post=56614"}],"version-history":[{"count":1,"href":"https:\/\/conexion23.com\/index.php?rest_route=\/wp\/v2\/posts\/56614\/revisions"}],"predecessor-version":[{"id":56616,"href":"https:\/\/conexion23.com\/index.php?rest_route=\/wp\/v2\/posts\/56614\/revisions\/56616"}],"wp:featuredmedia":[{"embeddable":true,"href":"https:\/\/conexion23.com\/index.php?rest_route=\/wp\/v2\/media\/56615"}],"wp:attachment":[{"href":"https:\/\/conexion23.com\/index.php?rest_route=%2Fwp%2Fv2%2Fmedia&parent=56614"}],"wp:term":[{"taxonomy":"category","embeddable":true,"href":"https:\/\/conexion23.com\/index.php?rest_route=%2Fwp%2Fv2%2Fcategories&post=56614"},{"taxonomy":"post_tag","embeddable":true,"href":"https:\/\/conexion23.com\/index.php?rest_route=%2Fwp%2Fv2%2Ftags&post=56614"}],"curies":[{"name":"wp","href":"https:\/\/api.w.org\/{rel}","templated":true}]}}