{"id":56617,"date":"2026-04-27T07:26:05","date_gmt":"2026-04-27T11:26:05","guid":{"rendered":"https:\/\/conexion23.com\/?p=56617"},"modified":"2026-04-27T07:26:05","modified_gmt":"2026-04-27T11:26:05","slug":"adriano-espaillat-recibe-apoyo-de-politicos-y-lideres-dominicanos","status":"publish","type":"post","link":"https:\/\/conexion23.com\/?p=56617","title":{"rendered":"Adriano Espaillat recibe apoyo de pol\u00edticos y l\u00edderes dominicanos"},"content":{"rendered":"<p style=\"text-align: justify;\">El congresista de origen dominicano Adriano Espaillat recibi\u00f3 un amplio respaldo de\u00a0 dirigentes pol\u00edticos y l\u00edderes comunitarios dominicanos durante un encuentro en el Distrito 13, en el marco de su campa\u00f1a con miras a las elecciones primarias del 23 de junio.<\/p>\n<p style=\"text-align: justify;\">Entre ellos figuraron dirigentes de los partidos Revolucionario Moderno (PRM), Fuerza del Pueblo (FP), de la Liberaci\u00f3n Dominicana (PLD), Revolucionario Dominicano (PRD) y Reformista Social Cristiano (PRSC), empresarios, profesionales y activistas.<\/p>\n<p style=\"text-align: justify;\">LLAMADO A LA UNIDAD<\/p>\n<p style=\"text-align: justify;\">Espaillat llam\u00f3 a la unidad y a la defensa de los avances alcanzados por la comunidad dominicana en Estados Unidos.<\/p>\n<p style=\"text-align: justify;\">Asimismo, advirti\u00f3 sobre los desaf\u00edos actuales agreg\u00f3: \u00abNo vamos a permitir que nos arrebaten lo que nos ha costado tanto construir\u00bb.<\/p>\n<p style=\"text-align: justify;\">Indic\u00f3 que la comunidad debe mantenerse organizada y con presencia en los espacios donde se toman decisiones.<\/p>\n<p style=\"text-align: justify;\">PARTICIPACION POLITICA<\/p>\n<p style=\"text-align: justify;\">Insisti\u00f3 en que la participaci\u00f3n pol\u00edtica es clave para garantizar la representaci\u00f3n de los dominicanos en el exterior y la defensa de sus intereses.<\/p>\n<p style=\"text-align: justify;\">De su lado,\u00a0el concejal de El Bronx, Oswald Feliz,\u00a0consider\u00f3 necesario acompa\u00f1ar al legislador en momentos dif\u00edciles para la comunidad.<\/p>\n<p style=\"text-align: justify;\">El\u00a0asamble\u00edsta Manny de los Santos\u00a0subray\u00f3 que la candidatura de Espaillat representa el esfuerzo colectivo de a\u00f1os de lucha por representaci\u00f3n pol\u00edtica.<\/p>\n<p style=\"text-align: justify;\">La concejal Carmen de la Rosa llam\u00f3 a reforzar el trabajo comunitario en las calles y subray\u00f3 la importancia de que representantes de distintos sectores se organicen y participen en forma activa en el proceso electoral.<\/p>\n<p style=\"text-align: justify;\">El\u00a0diputado de ultramar Cirilo Moronta\u00a0exhort\u00f3 a intensificar la movilizaci\u00f3n electoral, al considerar fundamental garantizar la continuidad de la representaci\u00f3n de Espaillat en el Congreso estadounidense.<\/p>\n<p style=\"text-align: justify;\">El encuentro concluy\u00f3 con una jornada de movilizaci\u00f3n, como parte de la cual los participantes en el acto de apoyo\u00a0 salieron a las calles a tocar puertas y promover la participaci\u00f3n electoral, reafirmando su apoyo a Espaillat.<\/p>\n","protected":false},"excerpt":{"rendered":"<p>El congresista de origen dominicano Adriano Espaillat recibi\u00f3 un amplio respaldo de\u00a0 dirigentes pol\u00edticos y l\u00edderes comunitarios dominicanos durante un encuentro en el Distrito 13, en el marco de su campa\u00f1a con miras a las elecciones primarias del 23 de junio. Entre ellos figuraron dirigentes de los partidos Revolucionario Moderno (PRM), Fuerza del Pueblo (FP), [&hellip;]<\/p>\n","protected":false},"author":15,"featured_media":56618,"comment_status":"open","ping_status":"open","sticky":false,"template":"","format":"standard","meta":{"footnotes":""},"categories":[3883],"tags":[3993,1430,316,8567,5352],"class_list":{"0":"post-56617","1":"post","2":"type-post","3":"status-publish","4":"format-standard","5":"has-post-thumbnail","7":"category-ultramar","8":"tag-adriano-espaillat","9":"tag-apoyo","10":"tag-dominicanos","11":"tag-lideres","12":"tag-politicos"},"yoast_head":"<!-- This site is optimized with the Yoast SEO plugin v27.1.1 - https:\/\/yoast.com\/product\/yoast-seo-wordpress\/ -->\n<title>Adriano Espaillat recibe apoyo de pol\u00edticos y l\u00edderes dominicanos - Conexi\u00f3n 23<\/title>\n<meta name=\"robots\" content=\"index, follow, max-snippet:-1, max-image-preview:large, max-video-preview:-1\" \/>\n<link rel=\"canonical\" href=\"https:\/\/conexion23.com\/?p=56617\" \/>\n<meta property=\"og:locale\" content=\"es_ES\" \/>\n<meta property=\"og:type\" content=\"article\" \/>\n<meta property=\"og:title\" content=\"Adriano Espaillat recibe apoyo de pol\u00edticos y l\u00edderes dominicanos - Conexi\u00f3n 23\" \/>\n<meta property=\"og:description\" content=\"El congresista de origen dominicano Adriano Espaillat recibi\u00f3 un amplio respaldo de\u00a0 dirigentes pol\u00edticos y l\u00edderes comunitarios dominicanos durante un encuentro en el Distrito 13, en el marco de su campa\u00f1a con miras a las elecciones primarias del 23 de junio. Entre ellos figuraron dirigentes de los partidos Revolucionario Moderno (PRM), Fuerza del Pueblo (FP), [&hellip;]\" \/>\n<meta property=\"og:url\" content=\"https:\/\/conexion23.com\/?p=56617\" \/>\n<meta property=\"og:site_name\" content=\"Conexi\u00f3n 23\" \/>\n<meta property=\"article:publisher\" content=\"https:\/\/www.facebook.com\/conexion23com\" \/>\n<meta property=\"article:published_time\" content=\"2026-04-27T11:26:05+00:00\" \/>\n<meta property=\"og:image\" content=\"http:\/\/conexion23.com\/wp-content\/uploads\/2026\/04\/681277248_10225338501169786_7177517511955205607_n-e1777244856363.jpg\" \/>\n\t<meta property=\"og:image:width\" content=\"1976\" \/>\n\t<meta property=\"og:image:height\" content=\"880\" \/>\n\t<meta property=\"og:image:type\" content=\"image\/jpeg\" \/>\n<meta name=\"author\" content=\"Raffy Ben\u00edtez\" \/>\n<meta name=\"twitter:card\" content=\"summary_large_image\" \/>\n<meta name=\"twitter:label1\" content=\"Escrito por\" \/>\n\t<meta name=\"twitter:data1\" content=\"Raffy Ben\u00edtez\" \/>\n\t<meta name=\"twitter:label2\" content=\"Tiempo de lectura\" \/>\n\t<meta name=\"twitter:data2\" content=\"2 minutos\" \/>\n<script type=\"application\/ld+json\" class=\"yoast-schema-graph\">{\"@context\":\"https:\/\/schema.org\",\"@graph\":[{\"@type\":\"Article\",\"@id\":\"https:\/\/conexion23.com\/?p=56617#article\",\"isPartOf\":{\"@id\":\"https:\/\/conexion23.com\/?p=56617\"},\"author\":{\"name\":\"Raffy Ben\u00edtez\",\"@id\":\"https:\/\/conexion23.com\/#\/schema\/person\/03e36043331117e97a373299bbcd30a6\"},\"headline\":\"Adriano Espaillat recibe apoyo de pol\u00edticos y l\u00edderes dominicanos\",\"datePublished\":\"2026-04-27T11:26:05+00:00\",\"mainEntityOfPage\":{\"@id\":\"https:\/\/conexion23.com\/?p=56617\"},\"wordCount\":331,\"commentCount\":0,\"publisher\":{\"@id\":\"https:\/\/conexion23.com\/#organization\"},\"image\":{\"@id\":\"https:\/\/conexion23.com\/?p=56617#primaryimage\"},\"thumbnailUrl\":\"https:\/\/conexion23.com\/wp-content\/uploads\/2026\/04\/681277248_10225338501169786_7177517511955205607_n-e1777244856363.jpg\",\"keywords\":[\"Adriano Espaillat\",\"apoyo\",\"dominicanos\",\"l\u00edderes\",\"pol\u00edticos\"],\"articleSection\":[\"Ultramar\"],\"inLanguage\":\"es\",\"potentialAction\":[{\"@type\":\"CommentAction\",\"name\":\"Comment\",\"target\":[\"https:\/\/conexion23.com\/?p=56617#respond\"]}]},{\"@type\":\"WebPage\",\"@id\":\"https:\/\/conexion23.com\/?p=56617\",\"url\":\"https:\/\/conexion23.com\/?p=56617\",\"name\":\"Adriano Espaillat recibe apoyo de pol\u00edticos y l\u00edderes dominicanos - Conexi\u00f3n 23\",\"isPartOf\":{\"@id\":\"https:\/\/conexion23.com\/#website\"},\"primaryImageOfPage\":{\"@id\":\"https:\/\/conexion23.com\/?p=56617#primaryimage\"},\"image\":{\"@id\":\"https:\/\/conexion23.com\/?p=56617#primaryimage\"},\"thumbnailUrl\":\"https:\/\/conexion23.com\/wp-content\/uploads\/2026\/04\/681277248_10225338501169786_7177517511955205607_n-e1777244856363.jpg\",\"datePublished\":\"2026-04-27T11:26:05+00:00\",\"breadcrumb\":{\"@id\":\"https:\/\/conexion23.com\/?p=56617#breadcrumb\"},\"inLanguage\":\"es\",\"potentialAction\":[{\"@type\":\"ReadAction\",\"target\":[\"https:\/\/conexion23.com\/?p=56617\"]}]},{\"@type\":\"ImageObject\",\"inLanguage\":\"es\",\"@id\":\"https:\/\/conexion23.com\/?p=56617#primaryimage\",\"url\":\"https:\/\/conexion23.com\/wp-content\/uploads\/2026\/04\/681277248_10225338501169786_7177517511955205607_n-e1777244856363.jpg\",\"contentUrl\":\"https:\/\/conexion23.com\/wp-content\/uploads\/2026\/04\/681277248_10225338501169786_7177517511955205607_n-e1777244856363.jpg\",\"width\":1976,\"height\":880},{\"@type\":\"BreadcrumbList\",\"@id\":\"https:\/\/conexion23.com\/?p=56617#breadcrumb\",\"itemListElement\":[{\"@type\":\"ListItem\",\"position\":1,\"name\":\"Portada\",\"item\":\"https:\/\/conexion23.com\/\"},{\"@type\":\"ListItem\",\"position\":2,\"name\":\"Adriano Espaillat recibe apoyo de pol\u00edticos y l\u00edderes dominicanos\"}]},{\"@type\":\"WebSite\",\"@id\":\"https:\/\/conexion23.com\/#website\",\"url\":\"https:\/\/conexion23.com\/\",\"name\":\"Conexi\u00f3n 23\",\"description\":\"Peri\u00f3dico 100% Petromacorisano\",\"publisher\":{\"@id\":\"https:\/\/conexion23.com\/#organization\"},\"potentialAction\":[{\"@type\":\"SearchAction\",\"target\":{\"@type\":\"EntryPoint\",\"urlTemplate\":\"https:\/\/conexion23.com\/?s={search_term_string}\"},\"query-input\":{\"@type\":\"PropertyValueSpecification\",\"valueRequired\":true,\"valueName\":\"search_term_string\"}}],\"inLanguage\":\"es\"},{\"@type\":\"Organization\",\"@id\":\"https:\/\/conexion23.com\/#organization\",\"name\":\"Conexion 23\",\"url\":\"https:\/\/conexion23.com\/\",\"logo\":{\"@type\":\"ImageObject\",\"inLanguage\":\"es\",\"@id\":\"https:\/\/conexion23.com\/#\/schema\/logo\/image\/\",\"url\":\"https:\/\/conexion23.com\/wp-content\/uploads\/2021\/11\/Diseno-sin-titulo-2.png\",\"contentUrl\":\"https:\/\/conexion23.com\/wp-content\/uploads\/2021\/11\/Diseno-sin-titulo-2.png\",\"width\":541,\"height\":90,\"caption\":\"Conexion 23\"},\"image\":{\"@id\":\"https:\/\/conexion23.com\/#\/schema\/logo\/image\/\"},\"sameAs\":[\"https:\/\/www.facebook.com\/conexion23com\",\"https:\/\/www.instagram.com\/conexion23com\/\",\"https:\/\/www.youtube.com\/channel\/UCYc7vxxFZMYLIHNsHHxPZ3Q\"]},{\"@type\":\"Person\",\"@id\":\"https:\/\/conexion23.com\/#\/schema\/person\/03e36043331117e97a373299bbcd30a6\",\"name\":\"Raffy Ben\u00edtez\",\"image\":{\"@type\":\"ImageObject\",\"inLanguage\":\"es\",\"@id\":\"https:\/\/conexion23.com\/#\/schema\/person\/image\/\",\"url\":\"https:\/\/secure.gravatar.com\/avatar\/3190a6a6c5e1b0327500f7d6c56b6242472ee6cb974cf09b401ee6b3b0798f23?s=96&d=mm&r=g\",\"contentUrl\":\"https:\/\/secure.gravatar.com\/avatar\/3190a6a6c5e1b0327500f7d6c56b6242472ee6cb974cf09b401ee6b3b0798f23?s=96&d=mm&r=g\",\"caption\":\"Raffy Ben\u00edtez\"},\"url\":\"https:\/\/conexion23.com\/?author=15\"}]}<\/script>\n<!-- \/ Yoast SEO plugin. -->","yoast_head_json":{"title":"Adriano Espaillat recibe apoyo de pol\u00edticos y l\u00edderes dominicanos - Conexi\u00f3n 23","robots":{"index":"index","follow":"follow","max-snippet":"max-snippet:-1","max-image-preview":"max-image-preview:large","max-video-preview":"max-video-preview:-1"},"canonical":"https:\/\/conexion23.com\/?p=56617","og_locale":"es_ES","og_type":"article","og_title":"Adriano Espaillat recibe apoyo de pol\u00edticos y l\u00edderes dominicanos - Conexi\u00f3n 23","og_description":"El congresista de origen dominicano Adriano Espaillat recibi\u00f3 un amplio respaldo de\u00a0 dirigentes pol\u00edticos y l\u00edderes comunitarios dominicanos durante un encuentro en el Distrito 13, en el marco de su campa\u00f1a con miras a las elecciones primarias del 23 de junio. Entre ellos figuraron dirigentes de los partidos Revolucionario Moderno (PRM), Fuerza del Pueblo (FP), [&hellip;]","og_url":"https:\/\/conexion23.com\/?p=56617","og_site_name":"Conexi\u00f3n 23","article_publisher":"https:\/\/www.facebook.com\/conexion23com","article_published_time":"2026-04-27T11:26:05+00:00","og_image":[{"width":1976,"height":880,"url":"http:\/\/conexion23.com\/wp-content\/uploads\/2026\/04\/681277248_10225338501169786_7177517511955205607_n-e1777244856363.jpg","type":"image\/jpeg"}],"author":"Raffy Ben\u00edtez","twitter_card":"summary_large_image","twitter_misc":{"Escrito por":"Raffy Ben\u00edtez","Tiempo de lectura":"2 minutos"},"schema":{"@context":"https:\/\/schema.org","@graph":[{"@type":"Article","@id":"https:\/\/conexion23.com\/?p=56617#article","isPartOf":{"@id":"https:\/\/conexion23.com\/?p=56617"},"author":{"name":"Raffy Ben\u00edtez","@id":"https:\/\/conexion23.com\/#\/schema\/person\/03e36043331117e97a373299bbcd30a6"},"headline":"Adriano Espaillat recibe apoyo de pol\u00edticos y l\u00edderes dominicanos","datePublished":"2026-04-27T11:26:05+00:00","mainEntityOfPage":{"@id":"https:\/\/conexion23.com\/?p=56617"},"wordCount":331,"commentCount":0,"publisher":{"@id":"https:\/\/conexion23.com\/#organization"},"image":{"@id":"https:\/\/conexion23.com\/?p=56617#primaryimage"},"thumbnailUrl":"https:\/\/conexion23.com\/wp-content\/uploads\/2026\/04\/681277248_10225338501169786_7177517511955205607_n-e1777244856363.jpg","keywords":["Adriano Espaillat","apoyo","dominicanos","l\u00edderes","pol\u00edticos"],"articleSection":["Ultramar"],"inLanguage":"es","potentialAction":[{"@type":"CommentAction","name":"Comment","target":["https:\/\/conexion23.com\/?p=56617#respond"]}]},{"@type":"WebPage","@id":"https:\/\/conexion23.com\/?p=56617","url":"https:\/\/conexion23.com\/?p=56617","name":"Adriano Espaillat recibe apoyo de pol\u00edticos y l\u00edderes dominicanos - Conexi\u00f3n 23","isPartOf":{"@id":"https:\/\/conexion23.com\/#website"},"primaryImageOfPage":{"@id":"https:\/\/conexion23.com\/?p=56617#primaryimage"},"image":{"@id":"https:\/\/conexion23.com\/?p=56617#primaryimage"},"thumbnailUrl":"https:\/\/conexion23.com\/wp-content\/uploads\/2026\/04\/681277248_10225338501169786_7177517511955205607_n-e1777244856363.jpg","datePublished":"2026-04-27T11:26:05+00:00","breadcrumb":{"@id":"https:\/\/conexion23.com\/?p=56617#breadcrumb"},"inLanguage":"es","potentialAction":[{"@type":"ReadAction","target":["https:\/\/conexion23.com\/?p=56617"]}]},{"@type":"ImageObject","inLanguage":"es","@id":"https:\/\/conexion23.com\/?p=56617#primaryimage","url":"https:\/\/conexion23.com\/wp-content\/uploads\/2026\/04\/681277248_10225338501169786_7177517511955205607_n-e1777244856363.jpg","contentUrl":"https:\/\/conexion23.com\/wp-content\/uploads\/2026\/04\/681277248_10225338501169786_7177517511955205607_n-e1777244856363.jpg","width":1976,"height":880},{"@type":"BreadcrumbList","@id":"https:\/\/conexion23.com\/?p=56617#breadcrumb","itemListElement":[{"@type":"ListItem","position":1,"name":"Portada","item":"https:\/\/conexion23.com\/"},{"@type":"ListItem","position":2,"name":"Adriano Espaillat recibe apoyo de pol\u00edticos y l\u00edderes dominicanos"}]},{"@type":"WebSite","@id":"https:\/\/conexion23.com\/#website","url":"https:\/\/conexion23.com\/","name":"Conexi\u00f3n 23","description":"Peri\u00f3dico 100% Petromacorisano","publisher":{"@id":"https:\/\/conexion23.com\/#organization"},"potentialAction":[{"@type":"SearchAction","target":{"@type":"EntryPoint","urlTemplate":"https:\/\/conexion23.com\/?s={search_term_string}"},"query-input":{"@type":"PropertyValueSpecification","valueRequired":true,"valueName":"search_term_string"}}],"inLanguage":"es"},{"@type":"Organization","@id":"https:\/\/conexion23.com\/#organization","name":"Conexion 23","url":"https:\/\/conexion23.com\/","logo":{"@type":"ImageObject","inLanguage":"es","@id":"https:\/\/conexion23.com\/#\/schema\/logo\/image\/","url":"https:\/\/conexion23.com\/wp-content\/uploads\/2021\/11\/Diseno-sin-titulo-2.png","contentUrl":"https:\/\/conexion23.com\/wp-content\/uploads\/2021\/11\/Diseno-sin-titulo-2.png","width":541,"height":90,"caption":"Conexion 23"},"image":{"@id":"https:\/\/conexion23.com\/#\/schema\/logo\/image\/"},"sameAs":["https:\/\/www.facebook.com\/conexion23com","https:\/\/www.instagram.com\/conexion23com\/","https:\/\/www.youtube.com\/channel\/UCYc7vxxFZMYLIHNsHHxPZ3Q"]},{"@type":"Person","@id":"https:\/\/conexion23.com\/#\/schema\/person\/03e36043331117e97a373299bbcd30a6","name":"Raffy Ben\u00edtez","image":{"@type":"ImageObject","inLanguage":"es","@id":"https:\/\/conexion23.com\/#\/schema\/person\/image\/","url":"https:\/\/secure.gravatar.com\/avatar\/3190a6a6c5e1b0327500f7d6c56b6242472ee6cb974cf09b401ee6b3b0798f23?s=96&d=mm&r=g","contentUrl":"https:\/\/secure.gravatar.com\/avatar\/3190a6a6c5e1b0327500f7d6c56b6242472ee6cb974cf09b401ee6b3b0798f23?s=96&d=mm&r=g","caption":"Raffy Ben\u00edtez"},"url":"https:\/\/conexion23.com\/?author=15"}]}},"_links":{"self":[{"href":"https:\/\/conexion23.com\/index.php?rest_route=\/wp\/v2\/posts\/56617","targetHints":{"allow":["GET"]}}],"collection":[{"href":"https:\/\/conexion23.com\/index.php?rest_route=\/wp\/v2\/posts"}],"about":[{"href":"https:\/\/conexion23.com\/index.php?rest_route=\/wp\/v2\/types\/post"}],"author":[{"embeddable":true,"href":"https:\/\/conexion23.com\/index.php?rest_route=\/wp\/v2\/users\/15"}],"replies":[{"embeddable":true,"href":"https:\/\/conexion23.com\/index.php?rest_route=%2Fwp%2Fv2%2Fcomments&post=56617"}],"version-history":[{"count":1,"href":"https:\/\/conexion23.com\/index.php?rest_route=\/wp\/v2\/posts\/56617\/revisions"}],"predecessor-version":[{"id":56619,"href":"https:\/\/conexion23.com\/index.php?rest_route=\/wp\/v2\/posts\/56617\/revisions\/56619"}],"wp:featuredmedia":[{"embeddable":true,"href":"https:\/\/conexion23.com\/index.php?rest_route=\/wp\/v2\/media\/56618"}],"wp:attachment":[{"href":"https:\/\/conexion23.com\/index.php?rest_route=%2Fwp%2Fv2%2Fmedia&parent=56617"}],"wp:term":[{"taxonomy":"category","embeddable":true,"href":"https:\/\/conexion23.com\/index.php?rest_route=%2Fwp%2Fv2%2Fcategories&post=56617"},{"taxonomy":"post_tag","embeddable":true,"href":"https:\/\/conexion23.com\/index.php?rest_route=%2Fwp%2Fv2%2Ftags&post=56617"}],"curies":[{"name":"wp","href":"https:\/\/api.w.org\/{rel}","templated":true}]}}