{"id":56620,"date":"2026-04-27T07:30:27","date_gmt":"2026-04-27T11:30:27","guid":{"rendered":"https:\/\/conexion23.com\/?p=56620"},"modified":"2026-04-27T07:30:27","modified_gmt":"2026-04-27T11:30:27","slug":"barahona-se-prepara-para-historica-visita-de-leonel-fernandez-el-proximo-3-de-mayo","status":"publish","type":"post","link":"https:\/\/conexion23.com\/?p=56620","title":{"rendered":"Barahona se prepara para hist\u00f3rica visita de Leonel Fern\u00e1ndez el pr\u00f3ximo 3 de mayo"},"content":{"rendered":"<p class=\"has-text-align-justify has-text-align-justify\" style=\"text-align: justify;\">La dirigencia del partido Fuerza del Pueblo en esta provincia afina los detalles para la visita de su presidente y l\u00edder, el expresidente Leonel Antonio Fern\u00e1ndez Reyna, pautada para el pr\u00f3ximo domingo 3 de mayo, a las 10:00 de la ma\u00f1ana, en el Polideportivo de la Villa Ol\u00edmpica, en Villa Central.<\/p>\n<p class=\"has-text-align-justify has-text-align-justify\" style=\"text-align: justify;\">Con ese prop\u00f3sito, la estructura provincial sostuvo una reuni\u00f3n de planificaci\u00f3n este s\u00e1bado, encabezada por el enlace y supervisor provincial, Emigdio Sosa; la miembro de la Direcci\u00f3n Pol\u00edtica, Noris Medina; el presidente provincial, Quilvio Ram\u00f3n Medina; el vicepresidente provincial, Mariano Montero, y el presidente municipal, Rafael Mendoza, entre otros.<\/p>\n<p class=\"has-text-align-justify has-text-align-justify\" style=\"text-align: justify;\">La dirigencia calific\u00f3 como \u201chist\u00f3rica\u201d la visita del l\u00edder de la Fuerza del Pueblo, destacando que se trabaja en la organizaci\u00f3n de una masiva concentraci\u00f3n que evidencie el crecimiento y fortalecimiento de la organizaci\u00f3n en la provincia de cara a las elecciones de 2028.<\/p>\n<p class=\"has-text-align-justify has-text-align-justify\" style=\"text-align: justify;\">Durante la actividad, Fern\u00e1ndez Reyna encabezar\u00e1 la juramentaci\u00f3n de cientos de nuevos miembros provenientes de distintos sectores, incluyendo al exdiputado y dirigente pol\u00edtico Miguel Manuel Florian Terrero (Miguelo), lo que reafirma el proceso de expansi\u00f3n y consolidaci\u00f3n del partido en la regi\u00f3n Suroeste, concretamente en la provincia Barahona.<\/p>\n<p class=\"has-text-align-justify has-text-align-justify\" style=\"text-align: justify;\">La organizaci\u00f3n inform\u00f3 que dirigentes y simpatizantes de toda la provincia de Barahona se dar\u00e1n cita en este importante acto pol\u00edtico, en el que se pondr\u00e1 de manifiesto el respaldo al liderazgo de Fern\u00e1ndez Reyna.<\/p>\n<p class=\"has-text-align-justify has-text-align-justify\" style=\"text-align: justify;\">En la reuni\u00f3n tambi\u00e9n participaron miembros de la Direcci\u00f3n Central, entre ellos Orlando Gonz\u00e1lez, secretario general; Fulver F\u00e9liz, vicesecretario nacional de Organizaci\u00f3n; Juana Reynoso, en representaci\u00f3n de Jos\u00e9 del Castillo Savi\u00f1\u00f3n; Rafael De\u00f1\u00f3, vicesecretario de Asuntos Profesionales y Gremiales; Jhonny Olivero, responsable de Asuntos Electorales, y Roberto Alfau, entre otros.<\/p>\n<p class=\"has-text-align-justify has-text-align-justify\" style=\"text-align: justify;\">Finalmente, Emigdio Sosa y Quilvio Ram\u00f3n Medina expresaron que Barahona se prepara para recibir con entusiasmo y firme determinaci\u00f3n al l\u00edder de la Fuerza del Pueblo.<\/p>\n<p class=\"has-text-align-justify has-text-align-justify\" style=\"text-align: justify;\">\u201cSer\u00e1 una demostraci\u00f3n de respaldo popular y compromiso con su proyecto pol\u00edtico, de cara a su retorno a la Presidencia de la Rep\u00fablica, sobre todo, en un contexto como el actual en la que se requiere de experiencia de Estado y liderazgo en el \u00e1mbito regional para hacer frente a los desaf\u00edos, tanto end\u00f3genos como ex\u00f3genos\u201d, expuso Sosa.<\/p>\n","protected":false},"excerpt":{"rendered":"<p>La dirigencia del partido Fuerza del Pueblo en esta provincia afina los detalles para la visita de su presidente y l\u00edder, el expresidente Leonel Antonio Fern\u00e1ndez Reyna, pautada para el pr\u00f3ximo domingo 3 de mayo, a las 10:00 de la ma\u00f1ana, en el Polideportivo de la Villa Ol\u00edmpica, en Villa Central. Con ese prop\u00f3sito, la [&hellip;]<\/p>\n","protected":false},"author":15,"featured_media":56621,"comment_status":"open","ping_status":"open","sticky":false,"template":"","format":"standard","meta":{"footnotes":""},"categories":[3882],"tags":[413,8568,211,8569],"class_list":{"0":"post-56620","1":"post","2":"type-post","3":"status-publish","4":"format-standard","5":"has-post-thumbnail","7":"category-politica","8":"tag-barahona","9":"tag-historica-visita","10":"tag-leonel-fernandez","11":"tag-visita-de-leonel"},"yoast_head":"<!-- This site is optimized with the Yoast SEO plugin v27.1.1 - https:\/\/yoast.com\/product\/yoast-seo-wordpress\/ -->\n<title>Barahona se prepara para hist\u00f3rica visita de Leonel Fern\u00e1ndez el pr\u00f3ximo 3 de mayo - Conexi\u00f3n 23<\/title>\n<meta name=\"robots\" content=\"index, follow, max-snippet:-1, max-image-preview:large, max-video-preview:-1\" \/>\n<link rel=\"canonical\" href=\"https:\/\/conexion23.com\/?p=56620\" \/>\n<meta property=\"og:locale\" content=\"es_ES\" \/>\n<meta property=\"og:type\" content=\"article\" \/>\n<meta property=\"og:title\" content=\"Barahona se prepara para hist\u00f3rica visita de Leonel Fern\u00e1ndez el pr\u00f3ximo 3 de mayo - Conexi\u00f3n 23\" \/>\n<meta property=\"og:description\" content=\"La dirigencia del partido Fuerza del Pueblo en esta provincia afina los detalles para la visita de su presidente y l\u00edder, el expresidente Leonel Antonio Fern\u00e1ndez Reyna, pautada para el pr\u00f3ximo domingo 3 de mayo, a las 10:00 de la ma\u00f1ana, en el Polideportivo de la Villa Ol\u00edmpica, en Villa Central. Con ese prop\u00f3sito, la [&hellip;]\" \/>\n<meta property=\"og:url\" content=\"https:\/\/conexion23.com\/?p=56620\" \/>\n<meta property=\"og:site_name\" content=\"Conexi\u00f3n 23\" \/>\n<meta property=\"article:publisher\" content=\"https:\/\/www.facebook.com\/conexion23com\" \/>\n<meta property=\"article:published_time\" content=\"2026-04-27T11:30:27+00:00\" \/>\n<meta property=\"og:image\" content=\"http:\/\/conexion23.com\/wp-content\/uploads\/2026\/04\/IMG-20260426-WA00741-1536x1152-1.webp\" \/>\n\t<meta property=\"og:image:width\" content=\"1536\" \/>\n\t<meta property=\"og:image:height\" content=\"1152\" \/>\n\t<meta property=\"og:image:type\" content=\"image\/webp\" \/>\n<meta name=\"author\" content=\"Raffy Ben\u00edtez\" \/>\n<meta name=\"twitter:card\" content=\"summary_large_image\" \/>\n<meta name=\"twitter:label1\" content=\"Escrito por\" \/>\n\t<meta name=\"twitter:data1\" content=\"Raffy Ben\u00edtez\" \/>\n\t<meta name=\"twitter:label2\" content=\"Tiempo de lectura\" \/>\n\t<meta name=\"twitter:data2\" content=\"2 minutos\" \/>\n<script type=\"application\/ld+json\" class=\"yoast-schema-graph\">{\"@context\":\"https:\/\/schema.org\",\"@graph\":[{\"@type\":\"Article\",\"@id\":\"https:\/\/conexion23.com\/?p=56620#article\",\"isPartOf\":{\"@id\":\"https:\/\/conexion23.com\/?p=56620\"},\"author\":{\"name\":\"Raffy Ben\u00edtez\",\"@id\":\"https:\/\/conexion23.com\/#\/schema\/person\/03e36043331117e97a373299bbcd30a6\"},\"headline\":\"Barahona se prepara para hist\u00f3rica visita de Leonel Fern\u00e1ndez el pr\u00f3ximo 3 de mayo\",\"datePublished\":\"2026-04-27T11:30:27+00:00\",\"mainEntityOfPage\":{\"@id\":\"https:\/\/conexion23.com\/?p=56620\"},\"wordCount\":418,\"commentCount\":0,\"publisher\":{\"@id\":\"https:\/\/conexion23.com\/#organization\"},\"image\":{\"@id\":\"https:\/\/conexion23.com\/?p=56620#primaryimage\"},\"thumbnailUrl\":\"https:\/\/conexion23.com\/wp-content\/uploads\/2026\/04\/IMG-20260426-WA00741-1536x1152-1.webp\",\"keywords\":[\"Barahona\",\"hist\u00f3rica visita\",\"leonel fernandez\",\"visita de Leonel\"],\"articleSection\":[\"Pol\u00edtica\"],\"inLanguage\":\"es\",\"potentialAction\":[{\"@type\":\"CommentAction\",\"name\":\"Comment\",\"target\":[\"https:\/\/conexion23.com\/?p=56620#respond\"]}]},{\"@type\":\"WebPage\",\"@id\":\"https:\/\/conexion23.com\/?p=56620\",\"url\":\"https:\/\/conexion23.com\/?p=56620\",\"name\":\"Barahona se prepara para hist\u00f3rica visita de Leonel Fern\u00e1ndez el pr\u00f3ximo 3 de mayo - Conexi\u00f3n 23\",\"isPartOf\":{\"@id\":\"https:\/\/conexion23.com\/#website\"},\"primaryImageOfPage\":{\"@id\":\"https:\/\/conexion23.com\/?p=56620#primaryimage\"},\"image\":{\"@id\":\"https:\/\/conexion23.com\/?p=56620#primaryimage\"},\"thumbnailUrl\":\"https:\/\/conexion23.com\/wp-content\/uploads\/2026\/04\/IMG-20260426-WA00741-1536x1152-1.webp\",\"datePublished\":\"2026-04-27T11:30:27+00:00\",\"breadcrumb\":{\"@id\":\"https:\/\/conexion23.com\/?p=56620#breadcrumb\"},\"inLanguage\":\"es\",\"potentialAction\":[{\"@type\":\"ReadAction\",\"target\":[\"https:\/\/conexion23.com\/?p=56620\"]}]},{\"@type\":\"ImageObject\",\"inLanguage\":\"es\",\"@id\":\"https:\/\/conexion23.com\/?p=56620#primaryimage\",\"url\":\"https:\/\/conexion23.com\/wp-content\/uploads\/2026\/04\/IMG-20260426-WA00741-1536x1152-1.webp\",\"contentUrl\":\"https:\/\/conexion23.com\/wp-content\/uploads\/2026\/04\/IMG-20260426-WA00741-1536x1152-1.webp\",\"width\":1536,\"height\":1152},{\"@type\":\"BreadcrumbList\",\"@id\":\"https:\/\/conexion23.com\/?p=56620#breadcrumb\",\"itemListElement\":[{\"@type\":\"ListItem\",\"position\":1,\"name\":\"Portada\",\"item\":\"https:\/\/conexion23.com\/\"},{\"@type\":\"ListItem\",\"position\":2,\"name\":\"Barahona se prepara para hist\u00f3rica visita de Leonel Fern\u00e1ndez el pr\u00f3ximo 3 de mayo\"}]},{\"@type\":\"WebSite\",\"@id\":\"https:\/\/conexion23.com\/#website\",\"url\":\"https:\/\/conexion23.com\/\",\"name\":\"Conexi\u00f3n 23\",\"description\":\"Peri\u00f3dico 100% Petromacorisano\",\"publisher\":{\"@id\":\"https:\/\/conexion23.com\/#organization\"},\"potentialAction\":[{\"@type\":\"SearchAction\",\"target\":{\"@type\":\"EntryPoint\",\"urlTemplate\":\"https:\/\/conexion23.com\/?s={search_term_string}\"},\"query-input\":{\"@type\":\"PropertyValueSpecification\",\"valueRequired\":true,\"valueName\":\"search_term_string\"}}],\"inLanguage\":\"es\"},{\"@type\":\"Organization\",\"@id\":\"https:\/\/conexion23.com\/#organization\",\"name\":\"Conexion 23\",\"url\":\"https:\/\/conexion23.com\/\",\"logo\":{\"@type\":\"ImageObject\",\"inLanguage\":\"es\",\"@id\":\"https:\/\/conexion23.com\/#\/schema\/logo\/image\/\",\"url\":\"https:\/\/conexion23.com\/wp-content\/uploads\/2021\/11\/Diseno-sin-titulo-2.png\",\"contentUrl\":\"https:\/\/conexion23.com\/wp-content\/uploads\/2021\/11\/Diseno-sin-titulo-2.png\",\"width\":541,\"height\":90,\"caption\":\"Conexion 23\"},\"image\":{\"@id\":\"https:\/\/conexion23.com\/#\/schema\/logo\/image\/\"},\"sameAs\":[\"https:\/\/www.facebook.com\/conexion23com\",\"https:\/\/www.instagram.com\/conexion23com\/\",\"https:\/\/www.youtube.com\/channel\/UCYc7vxxFZMYLIHNsHHxPZ3Q\"]},{\"@type\":\"Person\",\"@id\":\"https:\/\/conexion23.com\/#\/schema\/person\/03e36043331117e97a373299bbcd30a6\",\"name\":\"Raffy Ben\u00edtez\",\"image\":{\"@type\":\"ImageObject\",\"inLanguage\":\"es\",\"@id\":\"https:\/\/conexion23.com\/#\/schema\/person\/image\/\",\"url\":\"https:\/\/secure.gravatar.com\/avatar\/3190a6a6c5e1b0327500f7d6c56b6242472ee6cb974cf09b401ee6b3b0798f23?s=96&d=mm&r=g\",\"contentUrl\":\"https:\/\/secure.gravatar.com\/avatar\/3190a6a6c5e1b0327500f7d6c56b6242472ee6cb974cf09b401ee6b3b0798f23?s=96&d=mm&r=g\",\"caption\":\"Raffy Ben\u00edtez\"},\"url\":\"https:\/\/conexion23.com\/?author=15\"}]}<\/script>\n<!-- \/ Yoast SEO plugin. -->","yoast_head_json":{"title":"Barahona se prepara para hist\u00f3rica visita de Leonel Fern\u00e1ndez el pr\u00f3ximo 3 de mayo - Conexi\u00f3n 23","robots":{"index":"index","follow":"follow","max-snippet":"max-snippet:-1","max-image-preview":"max-image-preview:large","max-video-preview":"max-video-preview:-1"},"canonical":"https:\/\/conexion23.com\/?p=56620","og_locale":"es_ES","og_type":"article","og_title":"Barahona se prepara para hist\u00f3rica visita de Leonel Fern\u00e1ndez el pr\u00f3ximo 3 de mayo - Conexi\u00f3n 23","og_description":"La dirigencia del partido Fuerza del Pueblo en esta provincia afina los detalles para la visita de su presidente y l\u00edder, el expresidente Leonel Antonio Fern\u00e1ndez Reyna, pautada para el pr\u00f3ximo domingo 3 de mayo, a las 10:00 de la ma\u00f1ana, en el Polideportivo de la Villa Ol\u00edmpica, en Villa Central. Con ese prop\u00f3sito, la [&hellip;]","og_url":"https:\/\/conexion23.com\/?p=56620","og_site_name":"Conexi\u00f3n 23","article_publisher":"https:\/\/www.facebook.com\/conexion23com","article_published_time":"2026-04-27T11:30:27+00:00","og_image":[{"width":1536,"height":1152,"url":"http:\/\/conexion23.com\/wp-content\/uploads\/2026\/04\/IMG-20260426-WA00741-1536x1152-1.webp","type":"image\/webp"}],"author":"Raffy Ben\u00edtez","twitter_card":"summary_large_image","twitter_misc":{"Escrito por":"Raffy Ben\u00edtez","Tiempo de lectura":"2 minutos"},"schema":{"@context":"https:\/\/schema.org","@graph":[{"@type":"Article","@id":"https:\/\/conexion23.com\/?p=56620#article","isPartOf":{"@id":"https:\/\/conexion23.com\/?p=56620"},"author":{"name":"Raffy Ben\u00edtez","@id":"https:\/\/conexion23.com\/#\/schema\/person\/03e36043331117e97a373299bbcd30a6"},"headline":"Barahona se prepara para hist\u00f3rica visita de Leonel Fern\u00e1ndez el pr\u00f3ximo 3 de mayo","datePublished":"2026-04-27T11:30:27+00:00","mainEntityOfPage":{"@id":"https:\/\/conexion23.com\/?p=56620"},"wordCount":418,"commentCount":0,"publisher":{"@id":"https:\/\/conexion23.com\/#organization"},"image":{"@id":"https:\/\/conexion23.com\/?p=56620#primaryimage"},"thumbnailUrl":"https:\/\/conexion23.com\/wp-content\/uploads\/2026\/04\/IMG-20260426-WA00741-1536x1152-1.webp","keywords":["Barahona","hist\u00f3rica visita","leonel fernandez","visita de Leonel"],"articleSection":["Pol\u00edtica"],"inLanguage":"es","potentialAction":[{"@type":"CommentAction","name":"Comment","target":["https:\/\/conexion23.com\/?p=56620#respond"]}]},{"@type":"WebPage","@id":"https:\/\/conexion23.com\/?p=56620","url":"https:\/\/conexion23.com\/?p=56620","name":"Barahona se prepara para hist\u00f3rica visita de Leonel Fern\u00e1ndez el pr\u00f3ximo 3 de mayo - Conexi\u00f3n 23","isPartOf":{"@id":"https:\/\/conexion23.com\/#website"},"primaryImageOfPage":{"@id":"https:\/\/conexion23.com\/?p=56620#primaryimage"},"image":{"@id":"https:\/\/conexion23.com\/?p=56620#primaryimage"},"thumbnailUrl":"https:\/\/conexion23.com\/wp-content\/uploads\/2026\/04\/IMG-20260426-WA00741-1536x1152-1.webp","datePublished":"2026-04-27T11:30:27+00:00","breadcrumb":{"@id":"https:\/\/conexion23.com\/?p=56620#breadcrumb"},"inLanguage":"es","potentialAction":[{"@type":"ReadAction","target":["https:\/\/conexion23.com\/?p=56620"]}]},{"@type":"ImageObject","inLanguage":"es","@id":"https:\/\/conexion23.com\/?p=56620#primaryimage","url":"https:\/\/conexion23.com\/wp-content\/uploads\/2026\/04\/IMG-20260426-WA00741-1536x1152-1.webp","contentUrl":"https:\/\/conexion23.com\/wp-content\/uploads\/2026\/04\/IMG-20260426-WA00741-1536x1152-1.webp","width":1536,"height":1152},{"@type":"BreadcrumbList","@id":"https:\/\/conexion23.com\/?p=56620#breadcrumb","itemListElement":[{"@type":"ListItem","position":1,"name":"Portada","item":"https:\/\/conexion23.com\/"},{"@type":"ListItem","position":2,"name":"Barahona se prepara para hist\u00f3rica visita de Leonel Fern\u00e1ndez el pr\u00f3ximo 3 de mayo"}]},{"@type":"WebSite","@id":"https:\/\/conexion23.com\/#website","url":"https:\/\/conexion23.com\/","name":"Conexi\u00f3n 23","description":"Peri\u00f3dico 100% Petromacorisano","publisher":{"@id":"https:\/\/conexion23.com\/#organization"},"potentialAction":[{"@type":"SearchAction","target":{"@type":"EntryPoint","urlTemplate":"https:\/\/conexion23.com\/?s={search_term_string}"},"query-input":{"@type":"PropertyValueSpecification","valueRequired":true,"valueName":"search_term_string"}}],"inLanguage":"es"},{"@type":"Organization","@id":"https:\/\/conexion23.com\/#organization","name":"Conexion 23","url":"https:\/\/conexion23.com\/","logo":{"@type":"ImageObject","inLanguage":"es","@id":"https:\/\/conexion23.com\/#\/schema\/logo\/image\/","url":"https:\/\/conexion23.com\/wp-content\/uploads\/2021\/11\/Diseno-sin-titulo-2.png","contentUrl":"https:\/\/conexion23.com\/wp-content\/uploads\/2021\/11\/Diseno-sin-titulo-2.png","width":541,"height":90,"caption":"Conexion 23"},"image":{"@id":"https:\/\/conexion23.com\/#\/schema\/logo\/image\/"},"sameAs":["https:\/\/www.facebook.com\/conexion23com","https:\/\/www.instagram.com\/conexion23com\/","https:\/\/www.youtube.com\/channel\/UCYc7vxxFZMYLIHNsHHxPZ3Q"]},{"@type":"Person","@id":"https:\/\/conexion23.com\/#\/schema\/person\/03e36043331117e97a373299bbcd30a6","name":"Raffy Ben\u00edtez","image":{"@type":"ImageObject","inLanguage":"es","@id":"https:\/\/conexion23.com\/#\/schema\/person\/image\/","url":"https:\/\/secure.gravatar.com\/avatar\/3190a6a6c5e1b0327500f7d6c56b6242472ee6cb974cf09b401ee6b3b0798f23?s=96&d=mm&r=g","contentUrl":"https:\/\/secure.gravatar.com\/avatar\/3190a6a6c5e1b0327500f7d6c56b6242472ee6cb974cf09b401ee6b3b0798f23?s=96&d=mm&r=g","caption":"Raffy Ben\u00edtez"},"url":"https:\/\/conexion23.com\/?author=15"}]}},"_links":{"self":[{"href":"https:\/\/conexion23.com\/index.php?rest_route=\/wp\/v2\/posts\/56620","targetHints":{"allow":["GET"]}}],"collection":[{"href":"https:\/\/conexion23.com\/index.php?rest_route=\/wp\/v2\/posts"}],"about":[{"href":"https:\/\/conexion23.com\/index.php?rest_route=\/wp\/v2\/types\/post"}],"author":[{"embeddable":true,"href":"https:\/\/conexion23.com\/index.php?rest_route=\/wp\/v2\/users\/15"}],"replies":[{"embeddable":true,"href":"https:\/\/conexion23.com\/index.php?rest_route=%2Fwp%2Fv2%2Fcomments&post=56620"}],"version-history":[{"count":1,"href":"https:\/\/conexion23.com\/index.php?rest_route=\/wp\/v2\/posts\/56620\/revisions"}],"predecessor-version":[{"id":56622,"href":"https:\/\/conexion23.com\/index.php?rest_route=\/wp\/v2\/posts\/56620\/revisions\/56622"}],"wp:featuredmedia":[{"embeddable":true,"href":"https:\/\/conexion23.com\/index.php?rest_route=\/wp\/v2\/media\/56621"}],"wp:attachment":[{"href":"https:\/\/conexion23.com\/index.php?rest_route=%2Fwp%2Fv2%2Fmedia&parent=56620"}],"wp:term":[{"taxonomy":"category","embeddable":true,"href":"https:\/\/conexion23.com\/index.php?rest_route=%2Fwp%2Fv2%2Fcategories&post=56620"},{"taxonomy":"post_tag","embeddable":true,"href":"https:\/\/conexion23.com\/index.php?rest_route=%2Fwp%2Fv2%2Ftags&post=56620"}],"curies":[{"name":"wp","href":"https:\/\/api.w.org\/{rel}","templated":true}]}}