{"id":56626,"date":"2026-04-27T07:50:22","date_gmt":"2026-04-27T11:50:22","guid":{"rendered":"https:\/\/conexion23.com\/?p=56626"},"modified":"2026-04-27T07:50:22","modified_gmt":"2026-04-27T11:50:22","slug":"exteniente-coronel-hans-w-lluberes-se-quita-la-vida-en-prision-mientras-cumplia-condena-por-narcotrafico","status":"publish","type":"post","link":"https:\/\/conexion23.com\/?p=56626","title":{"rendered":"Exteniente coronel Hans W. Lluberes se quita la vida en prisi\u00f3n mientras cumpl\u00eda condena por narcotr\u00e1fico"},"content":{"rendered":"<p style=\"text-align: justify;\">El exteniente coronel Hans Wender Lluberes S\u00e1nchez, condenado a pasada semana a 3o a\u00f1os de prisi\u00f3n, por narcotr\u00e1fico, se quit\u00f3 la vida en la c\u00e1rcel de San Luis, la noche del s\u00e1bado.<\/p>\n<p id=\"m26470-26469-26471\" style=\"text-align: justify;\">Lluberes S\u00e1nchez hab\u00eda sido identificado por las autoridades como el cabecilla de una red internacional de narcotr\u00e1fico, responsable del ingresar al pa\u00eds un cargamento de 454.060 kilogramos de coca\u00edna, en el a\u00f1o 2015.<\/p>\n<p id=\"m26475-26474-26476\" style=\"text-align: justify;\">De acuerdo con la Direcci\u00f3n General de Servicios Penitenciarios y Correccionales (DGSPC), el hecho ocurri\u00f3 alrededor de las 9:00 de la noche.<\/p>\n<p id=\"m26480-26479-26481\" style=\"text-align: justify;\">Lluberes S\u00e1nchez falleci\u00f3 por ahorcamiento y, aunque lleg\u00f3 a ser trasladado a una cl\u00ednica en El Almirante, perdi\u00f3 la vida en el proceso.<\/p>\n<p id=\"m26485-26484-26486\" style=\"text-align: justify;\">Seg\u00fan inform\u00f3 Roberto Hern\u00e1ndez Basilio, director de la DGSPC, el interno dej\u00f3 una nota y su cuerpo fue trasladado al Instituto Nacional de Ciencias Forenses (INACIF) para los fines de autopsia.<\/p>\n<p id=\"m26490-26489-26491\" style=\"text-align: justify;\">Contexto de la condena<\/p>\n<p id=\"m26495-26494-26496\" style=\"text-align: justify;\">El deceso se produjo poco despu\u00e9s de que los jueces del Segundo Tribunal Colegiado de Santo Domingo Este le dictaran la sentencia m\u00e1xima y el pago de una multa de 50 millones de pesos a favor del Estado dominicano. Al momento del suceso, Lluberes S\u00e1nchez permanec\u00eda en la c\u00e1rcel de San Luis a la espera del dispositivo de la sentencia para ser trasladado al Centro de Correcci\u00f3n y Rehabilitaci\u00f3n (CCR) de Najayo, en San Crist\u00f3bal, donde deb\u00eda cumplir su condena.<\/p>\n<p id=\"m26500-26499-26501\" style=\"text-align: justify;\">Antecedentes del caso<\/p>\n<p id=\"m26505-26504-26506\" style=\"text-align: justify;\">La investigaci\u00f3n determin\u00f3 que el exoficial coordinaba una estructura criminal integrada por dominicanos y venezolanos. Los hechos se remontan al 17 de marzo de 2015, cuando las autoridades interceptaron en el Aeropuerto Internacional de las Am\u00e9ricas (AILA) una aeronave procedente de Venezuela con 450 paquetes de droga.<\/p>\n<p id=\"m26510-26509-26511\" style=\"text-align: justify;\">Seg\u00fan el expediente del Ministerio P\u00fablico, Lluberes S\u00e1nchez se encontraba en las afueras de la terminal a\u00e9rea el d\u00eda del operativo para efectuar los pagos a los colaboradores de la operaci\u00f3n. Al percatarse de la intervenci\u00f3n de la DNCD, emprendi\u00f3 la huida, siendo capturado posteriormente en el Aeropuerto de Punta Cana.<\/p>\n<p id=\"m26515-26514-26516\" style=\"text-align: justify;\">Otros condenados en la red<\/p>\n<p id=\"m26520-26519-26521\" style=\"text-align: justify;\">Por este caso, la aeronave era pilotada por los venezolanos Edmundo Jos\u00e9 Medina Torrealba y Francisco Javier Velasco Tory, quienes tambi\u00e9n recibieron condenas de 30 a\u00f1os. Otros tres ciudadanos venezolanos que figuraban como pasajeros fueron sentenciados a cinco a\u00f1os de c\u00e1rcel cada uno.<\/p>\n<p id=\"m26525-26524-26526\" style=\"text-align: justify;\">Previamente, en 2019, el caso sum\u00f3 otras condenas 20 a\u00f1os de prisi\u00f3n: Para el exsegundo teniente del Ej\u00e9rcito, Jes\u00fas El\u00edas P\u00e9rez V\u00e1squez; el excapit\u00e1n Roberto Segura Pe\u00f1a; y el exagente de la DNCD, Jos\u00e9 Luciano.<\/p>\n<p id=\"m26530-26529-26531\" style=\"text-align: justify;\">18 a\u00f1os de prisi\u00f3n: Para Francisco Javier de Paula Mena, empleado de la empresa SERVAIR.<\/p>\n<p id=\"m26535-26534-26536\" style=\"text-align: justify;\">El grupo fue hallado culpable de violar la Ley 50-88 sobre Drogas y Sustancias Controladas, as\u00ed como la Ley 631-16 para el Control y Regulaci\u00f3n de Armas.<\/p>\n","protected":false},"excerpt":{"rendered":"<p>El exteniente coronel Hans Wender Lluberes S\u00e1nchez, condenado a pasada semana a 3o a\u00f1os de prisi\u00f3n, por narcotr\u00e1fico, se quit\u00f3 la vida en la c\u00e1rcel de San Luis, la noche del s\u00e1bado. Lluberes S\u00e1nchez hab\u00eda sido identificado por las autoridades como el cabecilla de una red internacional de narcotr\u00e1fico, responsable del ingresar al pa\u00eds un [&hellip;]<\/p>\n","protected":false},"author":15,"featured_media":56627,"comment_status":"open","ping_status":"open","sticky":false,"template":"","format":"standard","meta":{"footnotes":""},"categories":[3773],"tags":[1172,6011,8570,8571,745,1845],"class_list":{"0":"post-56626","1":"post","2":"type-post","3":"status-publish","4":"format-standard","5":"has-post-thumbnail","7":"category-portada","8":"tag-condena","9":"tag-coronel","10":"tag-exteniente","11":"tag-hans-w-lluberes","12":"tag-narcotrafico","13":"tag-prision"},"yoast_head":"<!-- This site is optimized with the Yoast SEO plugin v27.1.1 - https:\/\/yoast.com\/product\/yoast-seo-wordpress\/ -->\n<title>Exteniente coronel Hans W. Lluberes se quita la vida en prisi\u00f3n mientras cumpl\u00eda condena por narcotr\u00e1fico - Conexi\u00f3n 23<\/title>\n<meta name=\"robots\" content=\"index, follow, max-snippet:-1, max-image-preview:large, max-video-preview:-1\" \/>\n<link rel=\"canonical\" href=\"https:\/\/conexion23.com\/?p=56626\" \/>\n<meta property=\"og:locale\" content=\"es_ES\" \/>\n<meta property=\"og:type\" content=\"article\" \/>\n<meta property=\"og:title\" content=\"Exteniente coronel Hans W. Lluberes se quita la vida en prisi\u00f3n mientras cumpl\u00eda condena por narcotr\u00e1fico - Conexi\u00f3n 23\" \/>\n<meta property=\"og:description\" content=\"El exteniente coronel Hans Wender Lluberes S\u00e1nchez, condenado a pasada semana a 3o a\u00f1os de prisi\u00f3n, por narcotr\u00e1fico, se quit\u00f3 la vida en la c\u00e1rcel de San Luis, la noche del s\u00e1bado. Lluberes S\u00e1nchez hab\u00eda sido identificado por las autoridades como el cabecilla de una red internacional de narcotr\u00e1fico, responsable del ingresar al pa\u00eds un [&hellip;]\" \/>\n<meta property=\"og:url\" content=\"https:\/\/conexion23.com\/?p=56626\" \/>\n<meta property=\"og:site_name\" content=\"Conexi\u00f3n 23\" \/>\n<meta property=\"article:publisher\" content=\"https:\/\/www.facebook.com\/conexion23com\" \/>\n<meta property=\"article:published_time\" content=\"2026-04-27T11:50:22+00:00\" \/>\n<meta property=\"og:image\" content=\"http:\/\/conexion23.com\/wp-content\/uploads\/2026\/04\/5393809431932470068.jpg\" \/>\n\t<meta property=\"og:image:width\" content=\"500\" \/>\n\t<meta property=\"og:image:height\" content=\"261\" \/>\n\t<meta property=\"og:image:type\" content=\"image\/jpeg\" \/>\n<meta name=\"author\" content=\"Raffy Ben\u00edtez\" \/>\n<meta name=\"twitter:card\" content=\"summary_large_image\" \/>\n<meta name=\"twitter:label1\" content=\"Escrito por\" \/>\n\t<meta name=\"twitter:data1\" content=\"Raffy Ben\u00edtez\" \/>\n\t<meta name=\"twitter:label2\" content=\"Tiempo de lectura\" \/>\n\t<meta name=\"twitter:data2\" content=\"3 minutos\" \/>\n<script type=\"application\/ld+json\" class=\"yoast-schema-graph\">{\"@context\":\"https:\/\/schema.org\",\"@graph\":[{\"@type\":\"Article\",\"@id\":\"https:\/\/conexion23.com\/?p=56626#article\",\"isPartOf\":{\"@id\":\"https:\/\/conexion23.com\/?p=56626\"},\"author\":{\"name\":\"Raffy Ben\u00edtez\",\"@id\":\"https:\/\/conexion23.com\/#\/schema\/person\/03e36043331117e97a373299bbcd30a6\"},\"headline\":\"Exteniente coronel Hans W. Lluberes se quita la vida en prisi\u00f3n mientras cumpl\u00eda condena por narcotr\u00e1fico\",\"datePublished\":\"2026-04-27T11:50:22+00:00\",\"mainEntityOfPage\":{\"@id\":\"https:\/\/conexion23.com\/?p=56626\"},\"wordCount\":510,\"commentCount\":0,\"publisher\":{\"@id\":\"https:\/\/conexion23.com\/#organization\"},\"image\":{\"@id\":\"https:\/\/conexion23.com\/?p=56626#primaryimage\"},\"thumbnailUrl\":\"https:\/\/conexion23.com\/wp-content\/uploads\/2026\/04\/5393809431932470068.jpg\",\"keywords\":[\"condena\",\"coronel\",\"Exteniente\",\"Hans W. Lluberes\",\"narcotrafico\",\"prision\"],\"articleSection\":[\"Portada\"],\"inLanguage\":\"es\",\"potentialAction\":[{\"@type\":\"CommentAction\",\"name\":\"Comment\",\"target\":[\"https:\/\/conexion23.com\/?p=56626#respond\"]}]},{\"@type\":\"WebPage\",\"@id\":\"https:\/\/conexion23.com\/?p=56626\",\"url\":\"https:\/\/conexion23.com\/?p=56626\",\"name\":\"Exteniente coronel Hans W. Lluberes se quita la vida en prisi\u00f3n mientras cumpl\u00eda condena por narcotr\u00e1fico - Conexi\u00f3n 23\",\"isPartOf\":{\"@id\":\"https:\/\/conexion23.com\/#website\"},\"primaryImageOfPage\":{\"@id\":\"https:\/\/conexion23.com\/?p=56626#primaryimage\"},\"image\":{\"@id\":\"https:\/\/conexion23.com\/?p=56626#primaryimage\"},\"thumbnailUrl\":\"https:\/\/conexion23.com\/wp-content\/uploads\/2026\/04\/5393809431932470068.jpg\",\"datePublished\":\"2026-04-27T11:50:22+00:00\",\"breadcrumb\":{\"@id\":\"https:\/\/conexion23.com\/?p=56626#breadcrumb\"},\"inLanguage\":\"es\",\"potentialAction\":[{\"@type\":\"ReadAction\",\"target\":[\"https:\/\/conexion23.com\/?p=56626\"]}]},{\"@type\":\"ImageObject\",\"inLanguage\":\"es\",\"@id\":\"https:\/\/conexion23.com\/?p=56626#primaryimage\",\"url\":\"https:\/\/conexion23.com\/wp-content\/uploads\/2026\/04\/5393809431932470068.jpg\",\"contentUrl\":\"https:\/\/conexion23.com\/wp-content\/uploads\/2026\/04\/5393809431932470068.jpg\",\"width\":500,\"height\":261},{\"@type\":\"BreadcrumbList\",\"@id\":\"https:\/\/conexion23.com\/?p=56626#breadcrumb\",\"itemListElement\":[{\"@type\":\"ListItem\",\"position\":1,\"name\":\"Portada\",\"item\":\"https:\/\/conexion23.com\/\"},{\"@type\":\"ListItem\",\"position\":2,\"name\":\"Exteniente coronel Hans W. Lluberes se quita la vida en prisi\u00f3n mientras cumpl\u00eda condena por narcotr\u00e1fico\"}]},{\"@type\":\"WebSite\",\"@id\":\"https:\/\/conexion23.com\/#website\",\"url\":\"https:\/\/conexion23.com\/\",\"name\":\"Conexi\u00f3n 23\",\"description\":\"Peri\u00f3dico 100% Petromacorisano\",\"publisher\":{\"@id\":\"https:\/\/conexion23.com\/#organization\"},\"potentialAction\":[{\"@type\":\"SearchAction\",\"target\":{\"@type\":\"EntryPoint\",\"urlTemplate\":\"https:\/\/conexion23.com\/?s={search_term_string}\"},\"query-input\":{\"@type\":\"PropertyValueSpecification\",\"valueRequired\":true,\"valueName\":\"search_term_string\"}}],\"inLanguage\":\"es\"},{\"@type\":\"Organization\",\"@id\":\"https:\/\/conexion23.com\/#organization\",\"name\":\"Conexion 23\",\"url\":\"https:\/\/conexion23.com\/\",\"logo\":{\"@type\":\"ImageObject\",\"inLanguage\":\"es\",\"@id\":\"https:\/\/conexion23.com\/#\/schema\/logo\/image\/\",\"url\":\"https:\/\/conexion23.com\/wp-content\/uploads\/2021\/11\/Diseno-sin-titulo-2.png\",\"contentUrl\":\"https:\/\/conexion23.com\/wp-content\/uploads\/2021\/11\/Diseno-sin-titulo-2.png\",\"width\":541,\"height\":90,\"caption\":\"Conexion 23\"},\"image\":{\"@id\":\"https:\/\/conexion23.com\/#\/schema\/logo\/image\/\"},\"sameAs\":[\"https:\/\/www.facebook.com\/conexion23com\",\"https:\/\/www.instagram.com\/conexion23com\/\",\"https:\/\/www.youtube.com\/channel\/UCYc7vxxFZMYLIHNsHHxPZ3Q\"]},{\"@type\":\"Person\",\"@id\":\"https:\/\/conexion23.com\/#\/schema\/person\/03e36043331117e97a373299bbcd30a6\",\"name\":\"Raffy Ben\u00edtez\",\"image\":{\"@type\":\"ImageObject\",\"inLanguage\":\"es\",\"@id\":\"https:\/\/conexion23.com\/#\/schema\/person\/image\/\",\"url\":\"https:\/\/secure.gravatar.com\/avatar\/3190a6a6c5e1b0327500f7d6c56b6242472ee6cb974cf09b401ee6b3b0798f23?s=96&d=mm&r=g\",\"contentUrl\":\"https:\/\/secure.gravatar.com\/avatar\/3190a6a6c5e1b0327500f7d6c56b6242472ee6cb974cf09b401ee6b3b0798f23?s=96&d=mm&r=g\",\"caption\":\"Raffy Ben\u00edtez\"},\"url\":\"https:\/\/conexion23.com\/?author=15\"}]}<\/script>\n<!-- \/ Yoast SEO plugin. -->","yoast_head_json":{"title":"Exteniente coronel Hans W. Lluberes se quita la vida en prisi\u00f3n mientras cumpl\u00eda condena por narcotr\u00e1fico - Conexi\u00f3n 23","robots":{"index":"index","follow":"follow","max-snippet":"max-snippet:-1","max-image-preview":"max-image-preview:large","max-video-preview":"max-video-preview:-1"},"canonical":"https:\/\/conexion23.com\/?p=56626","og_locale":"es_ES","og_type":"article","og_title":"Exteniente coronel Hans W. Lluberes se quita la vida en prisi\u00f3n mientras cumpl\u00eda condena por narcotr\u00e1fico - Conexi\u00f3n 23","og_description":"El exteniente coronel Hans Wender Lluberes S\u00e1nchez, condenado a pasada semana a 3o a\u00f1os de prisi\u00f3n, por narcotr\u00e1fico, se quit\u00f3 la vida en la c\u00e1rcel de San Luis, la noche del s\u00e1bado. Lluberes S\u00e1nchez hab\u00eda sido identificado por las autoridades como el cabecilla de una red internacional de narcotr\u00e1fico, responsable del ingresar al pa\u00eds un [&hellip;]","og_url":"https:\/\/conexion23.com\/?p=56626","og_site_name":"Conexi\u00f3n 23","article_publisher":"https:\/\/www.facebook.com\/conexion23com","article_published_time":"2026-04-27T11:50:22+00:00","og_image":[{"width":500,"height":261,"url":"http:\/\/conexion23.com\/wp-content\/uploads\/2026\/04\/5393809431932470068.jpg","type":"image\/jpeg"}],"author":"Raffy Ben\u00edtez","twitter_card":"summary_large_image","twitter_misc":{"Escrito por":"Raffy Ben\u00edtez","Tiempo de lectura":"3 minutos"},"schema":{"@context":"https:\/\/schema.org","@graph":[{"@type":"Article","@id":"https:\/\/conexion23.com\/?p=56626#article","isPartOf":{"@id":"https:\/\/conexion23.com\/?p=56626"},"author":{"name":"Raffy Ben\u00edtez","@id":"https:\/\/conexion23.com\/#\/schema\/person\/03e36043331117e97a373299bbcd30a6"},"headline":"Exteniente coronel Hans W. Lluberes se quita la vida en prisi\u00f3n mientras cumpl\u00eda condena por narcotr\u00e1fico","datePublished":"2026-04-27T11:50:22+00:00","mainEntityOfPage":{"@id":"https:\/\/conexion23.com\/?p=56626"},"wordCount":510,"commentCount":0,"publisher":{"@id":"https:\/\/conexion23.com\/#organization"},"image":{"@id":"https:\/\/conexion23.com\/?p=56626#primaryimage"},"thumbnailUrl":"https:\/\/conexion23.com\/wp-content\/uploads\/2026\/04\/5393809431932470068.jpg","keywords":["condena","coronel","Exteniente","Hans W. Lluberes","narcotrafico","prision"],"articleSection":["Portada"],"inLanguage":"es","potentialAction":[{"@type":"CommentAction","name":"Comment","target":["https:\/\/conexion23.com\/?p=56626#respond"]}]},{"@type":"WebPage","@id":"https:\/\/conexion23.com\/?p=56626","url":"https:\/\/conexion23.com\/?p=56626","name":"Exteniente coronel Hans W. Lluberes se quita la vida en prisi\u00f3n mientras cumpl\u00eda condena por narcotr\u00e1fico - Conexi\u00f3n 23","isPartOf":{"@id":"https:\/\/conexion23.com\/#website"},"primaryImageOfPage":{"@id":"https:\/\/conexion23.com\/?p=56626#primaryimage"},"image":{"@id":"https:\/\/conexion23.com\/?p=56626#primaryimage"},"thumbnailUrl":"https:\/\/conexion23.com\/wp-content\/uploads\/2026\/04\/5393809431932470068.jpg","datePublished":"2026-04-27T11:50:22+00:00","breadcrumb":{"@id":"https:\/\/conexion23.com\/?p=56626#breadcrumb"},"inLanguage":"es","potentialAction":[{"@type":"ReadAction","target":["https:\/\/conexion23.com\/?p=56626"]}]},{"@type":"ImageObject","inLanguage":"es","@id":"https:\/\/conexion23.com\/?p=56626#primaryimage","url":"https:\/\/conexion23.com\/wp-content\/uploads\/2026\/04\/5393809431932470068.jpg","contentUrl":"https:\/\/conexion23.com\/wp-content\/uploads\/2026\/04\/5393809431932470068.jpg","width":500,"height":261},{"@type":"BreadcrumbList","@id":"https:\/\/conexion23.com\/?p=56626#breadcrumb","itemListElement":[{"@type":"ListItem","position":1,"name":"Portada","item":"https:\/\/conexion23.com\/"},{"@type":"ListItem","position":2,"name":"Exteniente coronel Hans W. Lluberes se quita la vida en prisi\u00f3n mientras cumpl\u00eda condena por narcotr\u00e1fico"}]},{"@type":"WebSite","@id":"https:\/\/conexion23.com\/#website","url":"https:\/\/conexion23.com\/","name":"Conexi\u00f3n 23","description":"Peri\u00f3dico 100% Petromacorisano","publisher":{"@id":"https:\/\/conexion23.com\/#organization"},"potentialAction":[{"@type":"SearchAction","target":{"@type":"EntryPoint","urlTemplate":"https:\/\/conexion23.com\/?s={search_term_string}"},"query-input":{"@type":"PropertyValueSpecification","valueRequired":true,"valueName":"search_term_string"}}],"inLanguage":"es"},{"@type":"Organization","@id":"https:\/\/conexion23.com\/#organization","name":"Conexion 23","url":"https:\/\/conexion23.com\/","logo":{"@type":"ImageObject","inLanguage":"es","@id":"https:\/\/conexion23.com\/#\/schema\/logo\/image\/","url":"https:\/\/conexion23.com\/wp-content\/uploads\/2021\/11\/Diseno-sin-titulo-2.png","contentUrl":"https:\/\/conexion23.com\/wp-content\/uploads\/2021\/11\/Diseno-sin-titulo-2.png","width":541,"height":90,"caption":"Conexion 23"},"image":{"@id":"https:\/\/conexion23.com\/#\/schema\/logo\/image\/"},"sameAs":["https:\/\/www.facebook.com\/conexion23com","https:\/\/www.instagram.com\/conexion23com\/","https:\/\/www.youtube.com\/channel\/UCYc7vxxFZMYLIHNsHHxPZ3Q"]},{"@type":"Person","@id":"https:\/\/conexion23.com\/#\/schema\/person\/03e36043331117e97a373299bbcd30a6","name":"Raffy Ben\u00edtez","image":{"@type":"ImageObject","inLanguage":"es","@id":"https:\/\/conexion23.com\/#\/schema\/person\/image\/","url":"https:\/\/secure.gravatar.com\/avatar\/3190a6a6c5e1b0327500f7d6c56b6242472ee6cb974cf09b401ee6b3b0798f23?s=96&d=mm&r=g","contentUrl":"https:\/\/secure.gravatar.com\/avatar\/3190a6a6c5e1b0327500f7d6c56b6242472ee6cb974cf09b401ee6b3b0798f23?s=96&d=mm&r=g","caption":"Raffy Ben\u00edtez"},"url":"https:\/\/conexion23.com\/?author=15"}]}},"_links":{"self":[{"href":"https:\/\/conexion23.com\/index.php?rest_route=\/wp\/v2\/posts\/56626","targetHints":{"allow":["GET"]}}],"collection":[{"href":"https:\/\/conexion23.com\/index.php?rest_route=\/wp\/v2\/posts"}],"about":[{"href":"https:\/\/conexion23.com\/index.php?rest_route=\/wp\/v2\/types\/post"}],"author":[{"embeddable":true,"href":"https:\/\/conexion23.com\/index.php?rest_route=\/wp\/v2\/users\/15"}],"replies":[{"embeddable":true,"href":"https:\/\/conexion23.com\/index.php?rest_route=%2Fwp%2Fv2%2Fcomments&post=56626"}],"version-history":[{"count":1,"href":"https:\/\/conexion23.com\/index.php?rest_route=\/wp\/v2\/posts\/56626\/revisions"}],"predecessor-version":[{"id":56628,"href":"https:\/\/conexion23.com\/index.php?rest_route=\/wp\/v2\/posts\/56626\/revisions\/56628"}],"wp:featuredmedia":[{"embeddable":true,"href":"https:\/\/conexion23.com\/index.php?rest_route=\/wp\/v2\/media\/56627"}],"wp:attachment":[{"href":"https:\/\/conexion23.com\/index.php?rest_route=%2Fwp%2Fv2%2Fmedia&parent=56626"}],"wp:term":[{"taxonomy":"category","embeddable":true,"href":"https:\/\/conexion23.com\/index.php?rest_route=%2Fwp%2Fv2%2Fcategories&post=56626"},{"taxonomy":"post_tag","embeddable":true,"href":"https:\/\/conexion23.com\/index.php?rest_route=%2Fwp%2Fv2%2Ftags&post=56626"}],"curies":[{"name":"wp","href":"https:\/\/api.w.org\/{rel}","templated":true}]}}