{"id":56629,"date":"2026-04-27T08:04:34","date_gmt":"2026-04-27T12:04:34","guid":{"rendered":"https:\/\/conexion23.com\/?p=56629"},"modified":"2026-04-27T08:04:34","modified_gmt":"2026-04-27T12:04:34","slug":"empleado-de-seguridad-hiere-a-empresario-cacaotero-en-reclamo-de-prestaciones-en-hato-mayor","status":"publish","type":"post","link":"https:\/\/conexion23.com\/?p=56629","title":{"rendered":"Empleado de seguridad hiere a empresario cacaotero en reclamo de prestaciones en Hato Mayor"},"content":{"rendered":"<p style=\"text-align: justify;\">Un empresario cacaotero result\u00f3 gravemente herido tras ser impactado con un\u00a0disparo de cartucho\u00a0por un empleado de seguridad, en un hecho ocurrido en una finca ubicada en esta provincia.<\/p>\n<p style=\"text-align: justify;\">El herido fue identificado como\u00a0Francisco Nieves, de\u00a050 a\u00f1os, quien sufri\u00f3 lesiones de consideraci\u00f3n, incluyendo impactos en la regi\u00f3n inferior del cuerpo y posibles fracturas, por lo que fue trasladado a un centro de salud para recibir atenciones m\u00e9dicas especializadas.<\/p>\n<p style=\"text-align: justify;\">De acuerdo con informaciones preliminares, el incidente se origin\u00f3 cuando el vigilante se present\u00f3 al lugar para exigir el pago de\u00a0prestaciones laborales, lo que desencaden\u00f3 una discusi\u00f3n que termin\u00f3 en el ataque armado.<\/p>\n<p style=\"text-align: justify;\">El presunto agresor fue identificado como\u00a0Santo Sim\u00f3n Mercedes, de\u00a059 a\u00f1os, quien fue detenido en el lugar por personas presentes y posteriormente entregado a las autoridades junto al arma utilizada.<\/p>\n<p style=\"text-align: justify;\">Al lugar acudieron unidades de la\u00a0Polic\u00eda Nacional, miembros del\u00a0Dicrim\u00a0y personal del\u00a0Sistema 911, quienes asumieron el control de la situaci\u00f3n e iniciaron las investigaciones correspondientes.<\/p>\n<p style=\"text-align: justify;\">El caso ha generado preocupaci\u00f3n en la comunidad, mientras las autoridades profundizan las indagatorias para esclarecer completamente las circunstancias del hecho.<\/p>\n","protected":false},"excerpt":{"rendered":"<p>Un empresario cacaotero result\u00f3 gravemente herido tras ser impactado con un\u00a0disparo de cartucho\u00a0por un empleado de seguridad, en un hecho ocurrido en una finca ubicada en esta provincia. El herido fue identificado como\u00a0Francisco Nieves, de\u00a050 a\u00f1os, quien sufri\u00f3 lesiones de consideraci\u00f3n, incluyendo impactos en la regi\u00f3n inferior del cuerpo y posibles fracturas, por lo que [&hellip;]<\/p>\n","protected":false},"author":15,"featured_media":56630,"comment_status":"open","ping_status":"open","sticky":false,"template":"","format":"standard","meta":{"footnotes":""},"categories":[2476],"tags":[8572,8017,1357,310,334,1338,1022],"class_list":{"0":"post-56629","1":"post","2":"type-post","3":"status-publish","4":"format-standard","5":"has-post-thumbnail","7":"category-hato-mayor","8":"tag-cacaotero","9":"tag-empleado","10":"tag-empresario","11":"tag-hato-mayor","12":"tag-prestaciones","13":"tag-reclamo","14":"tag-seguridad"},"yoast_head":"<!-- This site is optimized with the Yoast SEO plugin v27.1.1 - https:\/\/yoast.com\/product\/yoast-seo-wordpress\/ -->\n<title>Empleado de seguridad hiere a empresario cacaotero en reclamo de prestaciones en Hato Mayor - Conexi\u00f3n 23<\/title>\n<meta name=\"robots\" content=\"index, follow, max-snippet:-1, max-image-preview:large, max-video-preview:-1\" \/>\n<link rel=\"canonical\" href=\"https:\/\/conexion23.com\/?p=56629\" \/>\n<meta property=\"og:locale\" content=\"es_ES\" \/>\n<meta property=\"og:type\" content=\"article\" \/>\n<meta property=\"og:title\" content=\"Empleado de seguridad hiere a empresario cacaotero en reclamo de prestaciones en Hato Mayor - Conexi\u00f3n 23\" \/>\n<meta property=\"og:description\" content=\"Un empresario cacaotero result\u00f3 gravemente herido tras ser impactado con un\u00a0disparo de cartucho\u00a0por un empleado de seguridad, en un hecho ocurrido en una finca ubicada en esta provincia. El herido fue identificado como\u00a0Francisco Nieves, de\u00a050 a\u00f1os, quien sufri\u00f3 lesiones de consideraci\u00f3n, incluyendo impactos en la regi\u00f3n inferior del cuerpo y posibles fracturas, por lo que [&hellip;]\" \/>\n<meta property=\"og:url\" content=\"https:\/\/conexion23.com\/?p=56629\" \/>\n<meta property=\"og:site_name\" content=\"Conexi\u00f3n 23\" \/>\n<meta property=\"article:publisher\" content=\"https:\/\/www.facebook.com\/conexion23com\" \/>\n<meta property=\"article:published_time\" content=\"2026-04-27T12:04:34+00:00\" \/>\n<meta property=\"og:image\" content=\"http:\/\/conexion23.com\/wp-content\/uploads\/2026\/04\/680276795_1581633257303142_724321172293205314_n.jpg\" \/>\n\t<meta property=\"og:image:width\" content=\"512\" \/>\n\t<meta property=\"og:image:height\" content=\"429\" \/>\n\t<meta property=\"og:image:type\" content=\"image\/jpeg\" \/>\n<meta name=\"author\" content=\"Raffy Ben\u00edtez\" \/>\n<meta name=\"twitter:card\" content=\"summary_large_image\" \/>\n<meta name=\"twitter:label1\" content=\"Escrito por\" \/>\n\t<meta name=\"twitter:data1\" content=\"Raffy Ben\u00edtez\" \/>\n\t<meta name=\"twitter:label2\" content=\"Tiempo de lectura\" \/>\n\t<meta name=\"twitter:data2\" content=\"2 minutos\" \/>\n<script type=\"application\/ld+json\" class=\"yoast-schema-graph\">{\"@context\":\"https:\/\/schema.org\",\"@graph\":[{\"@type\":\"Article\",\"@id\":\"https:\/\/conexion23.com\/?p=56629#article\",\"isPartOf\":{\"@id\":\"https:\/\/conexion23.com\/?p=56629\"},\"author\":{\"name\":\"Raffy Ben\u00edtez\",\"@id\":\"https:\/\/conexion23.com\/#\/schema\/person\/03e36043331117e97a373299bbcd30a6\"},\"headline\":\"Empleado de seguridad hiere a empresario cacaotero en reclamo de prestaciones en Hato Mayor\",\"datePublished\":\"2026-04-27T12:04:34+00:00\",\"mainEntityOfPage\":{\"@id\":\"https:\/\/conexion23.com\/?p=56629\"},\"wordCount\":206,\"commentCount\":0,\"publisher\":{\"@id\":\"https:\/\/conexion23.com\/#organization\"},\"image\":{\"@id\":\"https:\/\/conexion23.com\/?p=56629#primaryimage\"},\"thumbnailUrl\":\"https:\/\/conexion23.com\/wp-content\/uploads\/2026\/04\/680276795_1581633257303142_724321172293205314_n.jpg\",\"keywords\":[\"cacaotero\",\"empleado\",\"empresario\",\"hato mayor\",\"prestaciones\",\"reclamo\",\"seguridad\"],\"articleSection\":[\"Hato Mayor\"],\"inLanguage\":\"es\",\"potentialAction\":[{\"@type\":\"CommentAction\",\"name\":\"Comment\",\"target\":[\"https:\/\/conexion23.com\/?p=56629#respond\"]}]},{\"@type\":\"WebPage\",\"@id\":\"https:\/\/conexion23.com\/?p=56629\",\"url\":\"https:\/\/conexion23.com\/?p=56629\",\"name\":\"Empleado de seguridad hiere a empresario cacaotero en reclamo de prestaciones en Hato Mayor - Conexi\u00f3n 23\",\"isPartOf\":{\"@id\":\"https:\/\/conexion23.com\/#website\"},\"primaryImageOfPage\":{\"@id\":\"https:\/\/conexion23.com\/?p=56629#primaryimage\"},\"image\":{\"@id\":\"https:\/\/conexion23.com\/?p=56629#primaryimage\"},\"thumbnailUrl\":\"https:\/\/conexion23.com\/wp-content\/uploads\/2026\/04\/680276795_1581633257303142_724321172293205314_n.jpg\",\"datePublished\":\"2026-04-27T12:04:34+00:00\",\"breadcrumb\":{\"@id\":\"https:\/\/conexion23.com\/?p=56629#breadcrumb\"},\"inLanguage\":\"es\",\"potentialAction\":[{\"@type\":\"ReadAction\",\"target\":[\"https:\/\/conexion23.com\/?p=56629\"]}]},{\"@type\":\"ImageObject\",\"inLanguage\":\"es\",\"@id\":\"https:\/\/conexion23.com\/?p=56629#primaryimage\",\"url\":\"https:\/\/conexion23.com\/wp-content\/uploads\/2026\/04\/680276795_1581633257303142_724321172293205314_n.jpg\",\"contentUrl\":\"https:\/\/conexion23.com\/wp-content\/uploads\/2026\/04\/680276795_1581633257303142_724321172293205314_n.jpg\",\"width\":512,\"height\":429},{\"@type\":\"BreadcrumbList\",\"@id\":\"https:\/\/conexion23.com\/?p=56629#breadcrumb\",\"itemListElement\":[{\"@type\":\"ListItem\",\"position\":1,\"name\":\"Portada\",\"item\":\"https:\/\/conexion23.com\/\"},{\"@type\":\"ListItem\",\"position\":2,\"name\":\"Empleado de seguridad hiere a empresario cacaotero en reclamo de prestaciones en Hato Mayor\"}]},{\"@type\":\"WebSite\",\"@id\":\"https:\/\/conexion23.com\/#website\",\"url\":\"https:\/\/conexion23.com\/\",\"name\":\"Conexi\u00f3n 23\",\"description\":\"Peri\u00f3dico 100% Petromacorisano\",\"publisher\":{\"@id\":\"https:\/\/conexion23.com\/#organization\"},\"potentialAction\":[{\"@type\":\"SearchAction\",\"target\":{\"@type\":\"EntryPoint\",\"urlTemplate\":\"https:\/\/conexion23.com\/?s={search_term_string}\"},\"query-input\":{\"@type\":\"PropertyValueSpecification\",\"valueRequired\":true,\"valueName\":\"search_term_string\"}}],\"inLanguage\":\"es\"},{\"@type\":\"Organization\",\"@id\":\"https:\/\/conexion23.com\/#organization\",\"name\":\"Conexion 23\",\"url\":\"https:\/\/conexion23.com\/\",\"logo\":{\"@type\":\"ImageObject\",\"inLanguage\":\"es\",\"@id\":\"https:\/\/conexion23.com\/#\/schema\/logo\/image\/\",\"url\":\"https:\/\/conexion23.com\/wp-content\/uploads\/2021\/11\/Diseno-sin-titulo-2.png\",\"contentUrl\":\"https:\/\/conexion23.com\/wp-content\/uploads\/2021\/11\/Diseno-sin-titulo-2.png\",\"width\":541,\"height\":90,\"caption\":\"Conexion 23\"},\"image\":{\"@id\":\"https:\/\/conexion23.com\/#\/schema\/logo\/image\/\"},\"sameAs\":[\"https:\/\/www.facebook.com\/conexion23com\",\"https:\/\/www.instagram.com\/conexion23com\/\",\"https:\/\/www.youtube.com\/channel\/UCYc7vxxFZMYLIHNsHHxPZ3Q\"]},{\"@type\":\"Person\",\"@id\":\"https:\/\/conexion23.com\/#\/schema\/person\/03e36043331117e97a373299bbcd30a6\",\"name\":\"Raffy Ben\u00edtez\",\"image\":{\"@type\":\"ImageObject\",\"inLanguage\":\"es\",\"@id\":\"https:\/\/conexion23.com\/#\/schema\/person\/image\/\",\"url\":\"https:\/\/secure.gravatar.com\/avatar\/3190a6a6c5e1b0327500f7d6c56b6242472ee6cb974cf09b401ee6b3b0798f23?s=96&d=mm&r=g\",\"contentUrl\":\"https:\/\/secure.gravatar.com\/avatar\/3190a6a6c5e1b0327500f7d6c56b6242472ee6cb974cf09b401ee6b3b0798f23?s=96&d=mm&r=g\",\"caption\":\"Raffy Ben\u00edtez\"},\"url\":\"https:\/\/conexion23.com\/?author=15\"}]}<\/script>\n<!-- \/ Yoast SEO plugin. -->","yoast_head_json":{"title":"Empleado de seguridad hiere a empresario cacaotero en reclamo de prestaciones en Hato Mayor - Conexi\u00f3n 23","robots":{"index":"index","follow":"follow","max-snippet":"max-snippet:-1","max-image-preview":"max-image-preview:large","max-video-preview":"max-video-preview:-1"},"canonical":"https:\/\/conexion23.com\/?p=56629","og_locale":"es_ES","og_type":"article","og_title":"Empleado de seguridad hiere a empresario cacaotero en reclamo de prestaciones en Hato Mayor - Conexi\u00f3n 23","og_description":"Un empresario cacaotero result\u00f3 gravemente herido tras ser impactado con un\u00a0disparo de cartucho\u00a0por un empleado de seguridad, en un hecho ocurrido en una finca ubicada en esta provincia. El herido fue identificado como\u00a0Francisco Nieves, de\u00a050 a\u00f1os, quien sufri\u00f3 lesiones de consideraci\u00f3n, incluyendo impactos en la regi\u00f3n inferior del cuerpo y posibles fracturas, por lo que [&hellip;]","og_url":"https:\/\/conexion23.com\/?p=56629","og_site_name":"Conexi\u00f3n 23","article_publisher":"https:\/\/www.facebook.com\/conexion23com","article_published_time":"2026-04-27T12:04:34+00:00","og_image":[{"width":512,"height":429,"url":"http:\/\/conexion23.com\/wp-content\/uploads\/2026\/04\/680276795_1581633257303142_724321172293205314_n.jpg","type":"image\/jpeg"}],"author":"Raffy Ben\u00edtez","twitter_card":"summary_large_image","twitter_misc":{"Escrito por":"Raffy Ben\u00edtez","Tiempo de lectura":"2 minutos"},"schema":{"@context":"https:\/\/schema.org","@graph":[{"@type":"Article","@id":"https:\/\/conexion23.com\/?p=56629#article","isPartOf":{"@id":"https:\/\/conexion23.com\/?p=56629"},"author":{"name":"Raffy Ben\u00edtez","@id":"https:\/\/conexion23.com\/#\/schema\/person\/03e36043331117e97a373299bbcd30a6"},"headline":"Empleado de seguridad hiere a empresario cacaotero en reclamo de prestaciones en Hato Mayor","datePublished":"2026-04-27T12:04:34+00:00","mainEntityOfPage":{"@id":"https:\/\/conexion23.com\/?p=56629"},"wordCount":206,"commentCount":0,"publisher":{"@id":"https:\/\/conexion23.com\/#organization"},"image":{"@id":"https:\/\/conexion23.com\/?p=56629#primaryimage"},"thumbnailUrl":"https:\/\/conexion23.com\/wp-content\/uploads\/2026\/04\/680276795_1581633257303142_724321172293205314_n.jpg","keywords":["cacaotero","empleado","empresario","hato mayor","prestaciones","reclamo","seguridad"],"articleSection":["Hato Mayor"],"inLanguage":"es","potentialAction":[{"@type":"CommentAction","name":"Comment","target":["https:\/\/conexion23.com\/?p=56629#respond"]}]},{"@type":"WebPage","@id":"https:\/\/conexion23.com\/?p=56629","url":"https:\/\/conexion23.com\/?p=56629","name":"Empleado de seguridad hiere a empresario cacaotero en reclamo de prestaciones en Hato Mayor - Conexi\u00f3n 23","isPartOf":{"@id":"https:\/\/conexion23.com\/#website"},"primaryImageOfPage":{"@id":"https:\/\/conexion23.com\/?p=56629#primaryimage"},"image":{"@id":"https:\/\/conexion23.com\/?p=56629#primaryimage"},"thumbnailUrl":"https:\/\/conexion23.com\/wp-content\/uploads\/2026\/04\/680276795_1581633257303142_724321172293205314_n.jpg","datePublished":"2026-04-27T12:04:34+00:00","breadcrumb":{"@id":"https:\/\/conexion23.com\/?p=56629#breadcrumb"},"inLanguage":"es","potentialAction":[{"@type":"ReadAction","target":["https:\/\/conexion23.com\/?p=56629"]}]},{"@type":"ImageObject","inLanguage":"es","@id":"https:\/\/conexion23.com\/?p=56629#primaryimage","url":"https:\/\/conexion23.com\/wp-content\/uploads\/2026\/04\/680276795_1581633257303142_724321172293205314_n.jpg","contentUrl":"https:\/\/conexion23.com\/wp-content\/uploads\/2026\/04\/680276795_1581633257303142_724321172293205314_n.jpg","width":512,"height":429},{"@type":"BreadcrumbList","@id":"https:\/\/conexion23.com\/?p=56629#breadcrumb","itemListElement":[{"@type":"ListItem","position":1,"name":"Portada","item":"https:\/\/conexion23.com\/"},{"@type":"ListItem","position":2,"name":"Empleado de seguridad hiere a empresario cacaotero en reclamo de prestaciones en Hato Mayor"}]},{"@type":"WebSite","@id":"https:\/\/conexion23.com\/#website","url":"https:\/\/conexion23.com\/","name":"Conexi\u00f3n 23","description":"Peri\u00f3dico 100% Petromacorisano","publisher":{"@id":"https:\/\/conexion23.com\/#organization"},"potentialAction":[{"@type":"SearchAction","target":{"@type":"EntryPoint","urlTemplate":"https:\/\/conexion23.com\/?s={search_term_string}"},"query-input":{"@type":"PropertyValueSpecification","valueRequired":true,"valueName":"search_term_string"}}],"inLanguage":"es"},{"@type":"Organization","@id":"https:\/\/conexion23.com\/#organization","name":"Conexion 23","url":"https:\/\/conexion23.com\/","logo":{"@type":"ImageObject","inLanguage":"es","@id":"https:\/\/conexion23.com\/#\/schema\/logo\/image\/","url":"https:\/\/conexion23.com\/wp-content\/uploads\/2021\/11\/Diseno-sin-titulo-2.png","contentUrl":"https:\/\/conexion23.com\/wp-content\/uploads\/2021\/11\/Diseno-sin-titulo-2.png","width":541,"height":90,"caption":"Conexion 23"},"image":{"@id":"https:\/\/conexion23.com\/#\/schema\/logo\/image\/"},"sameAs":["https:\/\/www.facebook.com\/conexion23com","https:\/\/www.instagram.com\/conexion23com\/","https:\/\/www.youtube.com\/channel\/UCYc7vxxFZMYLIHNsHHxPZ3Q"]},{"@type":"Person","@id":"https:\/\/conexion23.com\/#\/schema\/person\/03e36043331117e97a373299bbcd30a6","name":"Raffy Ben\u00edtez","image":{"@type":"ImageObject","inLanguage":"es","@id":"https:\/\/conexion23.com\/#\/schema\/person\/image\/","url":"https:\/\/secure.gravatar.com\/avatar\/3190a6a6c5e1b0327500f7d6c56b6242472ee6cb974cf09b401ee6b3b0798f23?s=96&d=mm&r=g","contentUrl":"https:\/\/secure.gravatar.com\/avatar\/3190a6a6c5e1b0327500f7d6c56b6242472ee6cb974cf09b401ee6b3b0798f23?s=96&d=mm&r=g","caption":"Raffy Ben\u00edtez"},"url":"https:\/\/conexion23.com\/?author=15"}]}},"_links":{"self":[{"href":"https:\/\/conexion23.com\/index.php?rest_route=\/wp\/v2\/posts\/56629","targetHints":{"allow":["GET"]}}],"collection":[{"href":"https:\/\/conexion23.com\/index.php?rest_route=\/wp\/v2\/posts"}],"about":[{"href":"https:\/\/conexion23.com\/index.php?rest_route=\/wp\/v2\/types\/post"}],"author":[{"embeddable":true,"href":"https:\/\/conexion23.com\/index.php?rest_route=\/wp\/v2\/users\/15"}],"replies":[{"embeddable":true,"href":"https:\/\/conexion23.com\/index.php?rest_route=%2Fwp%2Fv2%2Fcomments&post=56629"}],"version-history":[{"count":1,"href":"https:\/\/conexion23.com\/index.php?rest_route=\/wp\/v2\/posts\/56629\/revisions"}],"predecessor-version":[{"id":56631,"href":"https:\/\/conexion23.com\/index.php?rest_route=\/wp\/v2\/posts\/56629\/revisions\/56631"}],"wp:featuredmedia":[{"embeddable":true,"href":"https:\/\/conexion23.com\/index.php?rest_route=\/wp\/v2\/media\/56630"}],"wp:attachment":[{"href":"https:\/\/conexion23.com\/index.php?rest_route=%2Fwp%2Fv2%2Fmedia&parent=56629"}],"wp:term":[{"taxonomy":"category","embeddable":true,"href":"https:\/\/conexion23.com\/index.php?rest_route=%2Fwp%2Fv2%2Fcategories&post=56629"},{"taxonomy":"post_tag","embeddable":true,"href":"https:\/\/conexion23.com\/index.php?rest_route=%2Fwp%2Fv2%2Ftags&post=56629"}],"curies":[{"name":"wp","href":"https:\/\/api.w.org\/{rel}","templated":true}]}}