{"id":56656,"date":"2026-04-27T11:45:55","date_gmt":"2026-04-27T15:45:55","guid":{"rendered":"https:\/\/conexion23.com\/?p=56656"},"modified":"2026-04-27T09:48:30","modified_gmt":"2026-04-27T13:48:30","slug":"proyecto-presidencial-de-gonzalo-castillo-realiza-encuentros-durante-fin-de-semana","status":"publish","type":"post","link":"https:\/\/conexion23.com\/?p=56656","title":{"rendered":"Proyecto presidencial de Gonzalo Castillo realiza encuentros durante fin de semana"},"content":{"rendered":"<p style=\"text-align: justify;\"><strong>El aspirante a la nominaci\u00f3n presidencial por el Partido de la Liberaci\u00f3n Dominicana (PLD), Gonzalo Castillo, recibi\u00f3 durante este fin de semana un significativo respaldo, con la sumatoria de equipos de trabajo en las provincias San Pedro, El Seibo, La Vega, y Monse\u00f1or Nouel.<\/strong><\/p>\n<p style=\"text-align: justify;\">En todas estas demarcaciones, el equipo de campa\u00f1a del proyecto presidencial de Gonzalo dej\u00f3 formalizada una estructura dirigencial, que asume el compromiso de continuar con los trabajos de cara al proceso de consulta interna, para garantizar el triunfo Gonzalo Castillo, destaca una nota de prensa enviada este lunes.<\/p>\n<p style=\"text-align: justify;\">Estas actividades son una muestra del proceso ascendente y de crecimiento sostenido que ha mantenido el exministro de Obras P\u00fablicas, en la carrera por la candidatura presidencial del PLD.<\/p>\n<p style=\"text-align: justify;\">Durante el fin de semana, la dirigencia del Partido de la Liberaci\u00f3n Dominicana en las regiones este y norte, se moviliz\u00f3 llena de entusiasmo, y convencida en que la figura de Gonzalo Castillo es la que garantiza la unidad partidaria y el retorno al poder en las pr\u00f3ximas elecciones.<\/p>\n<p style=\"text-align: justify;\">En cada una de las actividades, los dirigentes y militantes del PLD, expresaron preocupaci\u00f3n por los males que afectan las condiciones de vida de la poblaci\u00f3n, como el deterioro del sistema educativo, la salud, la agricultura, la econom\u00eda y otros sectores productivos, los cuales se ha visto afectados por acciones incorrectas del gobierno.<\/p>\n<figure id=\"attachment_3098382\" class=\"wp-caption alignnone\" style=\"text-align: justify;\" aria-describedby=\"caption-attachment-3098382\"><img loading=\"lazy\" decoding=\"async\" class=\"size-full wp-image-3098382 not-transparent\" src=\"https:\/\/i0.wp.com\/nuevodiario-assets.s3.us-east-2.amazonaws.com\/wp-content\/uploads\/2026\/04\/Miembros-del-proyecto-presidencial-de-Gonzalo-Castillo-en-San-Pedro-de-Macoris-Foto-Proyecto-presidencial-de-Gonzalo-Castillo-4.jpeg?resize=640%2C427&amp;quality=100&amp;ssl=1\" sizes=\"auto\" srcset=\"https:\/\/nuevodiario-assets.s3.us-east-2.amazonaws.com\/wp-content\/uploads\/2026\/04\/Miembros-del-proyecto-presidencial-de-Gonzalo-Castillo-en-San-Pedro-de-Macoris-Foto-Proyecto-presidencial-de-Gonzalo-Castillo-4.jpeg 1280w, https:\/\/nuevodiario-assets.s3.us-east-2.amazonaws.com\/wp-content\/uploads\/2026\/04\/Miembros-del-proyecto-presidencial-de-Gonzalo-Castillo-en-San-Pedro-de-Macoris-Foto-Proyecto-presidencial-de-Gonzalo-Castillo-4.jpeg 400w, https:\/\/nuevodiario-assets.s3.us-east-2.amazonaws.com\/wp-content\/uploads\/2026\/04\/Miembros-del-proyecto-presidencial-de-Gonzalo-Castillo-en-San-Pedro-de-Macoris-Foto-Proyecto-presidencial-de-Gonzalo-Castillo-4.jpeg 800w, https:\/\/nuevodiario-assets.s3.us-east-2.amazonaws.com\/wp-content\/uploads\/2026\/04\/Miembros-del-proyecto-presidencial-de-Gonzalo-Castillo-en-San-Pedro-de-Macoris-Foto-Proyecto-presidencial-de-Gonzalo-Castillo-4.jpeg 768w, https:\/\/nuevodiario-assets.s3.us-east-2.amazonaws.com\/wp-content\/uploads\/2026\/04\/Miembros-del-proyecto-presidencial-de-Gonzalo-Castillo-en-San-Pedro-de-Macoris-Foto-Proyecto-presidencial-de-Gonzalo-Castillo-4.jpeg 410w, https:\/\/nuevodiario-assets.s3.us-east-2.amazonaws.com\/wp-content\/uploads\/2026\/04\/Miembros-del-proyecto-presidencial-de-Gonzalo-Castillo-en-San-Pedro-de-Macoris-Foto-Proyecto-presidencial-de-Gonzalo-Castillo-4.jpeg 600w,https:\/\/i0.wp.com\/nuevodiario-assets.s3.us-east-2.amazonaws.com\/wp-content\/uploads\/2026\/04\/Miembros-del-proyecto-presidencial-de-Gonzalo-Castillo-en-San-Pedro-de-Macoris-Foto-Proyecto-presidencial-de-Gonzalo-Castillo-4.jpeg?resize=920%2C614&amp;quality=100&amp;ssl=1&amp;_jb=custom 1910w\" alt=\"\" width=\"640\" height=\"427\" data-recalc-dims=\"1\" data-dominant-color=\"86786e\" data-has-transparency=\"false\" \/><figcaption id=\"caption-attachment-3098382\" class=\"wp-caption-text\"><strong>Miembros del proyecto presidencial de Gonzalo Castillo en San Pedro de Macor\u00eds (Foto: Proyecto presidencial de Gonzalo Castillo)<\/strong><\/figcaption><\/figure>\n<p style=\"text-align: justify;\">El equipo nacional de se mostr\u00f3 agradecido por los significativos encuentros, y manifestaron que continuar\u00e1n con ese mismo entusiasmo, conformando las estructuras de trabajo en cada espacio del territorio nacional, para garantizar la unidad del partido con la escogencia de Gonzalo Castillo y enviar un claro mensaje de triunfo en las elecciones venideras.<\/p>\n","protected":false},"excerpt":{"rendered":"<p>El aspirante a la nominaci\u00f3n presidencial por el Partido de la Liberaci\u00f3n Dominicana (PLD), Gonzalo Castillo, recibi\u00f3 durante este fin de semana un significativo respaldo, con la sumatoria de equipos de trabajo en las provincias San Pedro, El Seibo, La Vega, y Monse\u00f1or Nouel. En todas estas demarcaciones, el equipo de campa\u00f1a del proyecto presidencial [&hellip;]<\/p>\n","protected":false},"author":18,"featured_media":56657,"comment_status":"open","ping_status":"open","sticky":false,"template":"","format":"standard","meta":{"footnotes":""},"categories":[3882],"tags":[189,8576,1190,3787,59,691],"class_list":{"0":"post-56656","1":"post","2":"type-post","3":"status-publish","4":"format-standard","5":"has-post-thumbnail","7":"category-politica","8":"tag-el-seibo","9":"tag-gonzalo-castillo","10":"tag-la-vega","11":"tag-partido-de-la-liberacion-dominicana","12":"tag-politica","13":"tag-san-pedro"},"yoast_head":"<!-- This site is optimized with the Yoast SEO plugin v27.1.1 - https:\/\/yoast.com\/product\/yoast-seo-wordpress\/ -->\n<title>Proyecto presidencial de Gonzalo Castillo realiza encuentros durante fin de semana - Conexi\u00f3n 23<\/title>\n<meta name=\"robots\" content=\"index, follow, max-snippet:-1, max-image-preview:large, max-video-preview:-1\" \/>\n<link rel=\"canonical\" href=\"https:\/\/conexion23.com\/?p=56656\" \/>\n<meta property=\"og:locale\" content=\"es_ES\" \/>\n<meta property=\"og:type\" content=\"article\" \/>\n<meta property=\"og:title\" content=\"Proyecto presidencial de Gonzalo Castillo realiza encuentros durante fin de semana - Conexi\u00f3n 23\" \/>\n<meta property=\"og:description\" content=\"El aspirante a la nominaci\u00f3n presidencial por el Partido de la Liberaci\u00f3n Dominicana (PLD), Gonzalo Castillo, recibi\u00f3 durante este fin de semana un significativo respaldo, con la sumatoria de equipos de trabajo en las provincias San Pedro, El Seibo, La Vega, y Monse\u00f1or Nouel. En todas estas demarcaciones, el equipo de campa\u00f1a del proyecto presidencial [&hellip;]\" \/>\n<meta property=\"og:url\" content=\"https:\/\/conexion23.com\/?p=56656\" \/>\n<meta property=\"og:site_name\" content=\"Conexi\u00f3n 23\" \/>\n<meta property=\"article:publisher\" content=\"https:\/\/www.facebook.com\/conexion23com\" \/>\n<meta property=\"article:published_time\" content=\"2026-04-27T15:45:55+00:00\" \/>\n<meta property=\"og:image\" content=\"https:\/\/conexion23.com\/wp-content\/uploads\/2026\/04\/Proyecto-presidencial-de-Gonzalo-Castillo-realiza-encuentros-durante-fin-de-semana.webp\" \/>\n\t<meta property=\"og:image:width\" content=\"1280\" \/>\n\t<meta property=\"og:image:height\" content=\"854\" \/>\n\t<meta property=\"og:image:type\" content=\"image\/webp\" \/>\n<meta name=\"author\" content=\"Redacci\u00f3n\" \/>\n<meta name=\"twitter:card\" content=\"summary_large_image\" \/>\n<meta name=\"twitter:label1\" content=\"Escrito por\" \/>\n\t<meta name=\"twitter:data1\" content=\"Redacci\u00f3n\" \/>\n\t<meta name=\"twitter:label2\" content=\"Tiempo de lectura\" \/>\n\t<meta name=\"twitter:data2\" content=\"2 minutos\" \/>\n<script type=\"application\/ld+json\" class=\"yoast-schema-graph\">{\"@context\":\"https:\/\/schema.org\",\"@graph\":[{\"@type\":\"Article\",\"@id\":\"https:\/\/conexion23.com\/?p=56656#article\",\"isPartOf\":{\"@id\":\"https:\/\/conexion23.com\/?p=56656\"},\"author\":{\"name\":\"Redacci\u00f3n\",\"@id\":\"https:\/\/conexion23.com\/#\/schema\/person\/0a860802b17d01ad2a278f53c507c296\"},\"headline\":\"Proyecto presidencial de Gonzalo Castillo realiza encuentros durante fin de semana\",\"datePublished\":\"2026-04-27T15:45:55+00:00\",\"mainEntityOfPage\":{\"@id\":\"https:\/\/conexion23.com\/?p=56656\"},\"wordCount\":317,\"commentCount\":0,\"publisher\":{\"@id\":\"https:\/\/conexion23.com\/#organization\"},\"image\":{\"@id\":\"https:\/\/conexion23.com\/?p=56656#primaryimage\"},\"thumbnailUrl\":\"https:\/\/conexion23.com\/wp-content\/uploads\/2026\/04\/Proyecto-presidencial-de-Gonzalo-Castillo-realiza-encuentros-durante-fin-de-semana.webp\",\"keywords\":[\"el seibo\",\"Gonzalo Castillo\",\"la vega\",\"Partido de la Liberaci\u00f3n Dominicana\",\"politica\",\"San pedro\"],\"articleSection\":[\"Pol\u00edtica\"],\"inLanguage\":\"es\",\"potentialAction\":[{\"@type\":\"CommentAction\",\"name\":\"Comment\",\"target\":[\"https:\/\/conexion23.com\/?p=56656#respond\"]}]},{\"@type\":\"WebPage\",\"@id\":\"https:\/\/conexion23.com\/?p=56656\",\"url\":\"https:\/\/conexion23.com\/?p=56656\",\"name\":\"Proyecto presidencial de Gonzalo Castillo realiza encuentros durante fin de semana - Conexi\u00f3n 23\",\"isPartOf\":{\"@id\":\"https:\/\/conexion23.com\/#website\"},\"primaryImageOfPage\":{\"@id\":\"https:\/\/conexion23.com\/?p=56656#primaryimage\"},\"image\":{\"@id\":\"https:\/\/conexion23.com\/?p=56656#primaryimage\"},\"thumbnailUrl\":\"https:\/\/conexion23.com\/wp-content\/uploads\/2026\/04\/Proyecto-presidencial-de-Gonzalo-Castillo-realiza-encuentros-durante-fin-de-semana.webp\",\"datePublished\":\"2026-04-27T15:45:55+00:00\",\"breadcrumb\":{\"@id\":\"https:\/\/conexion23.com\/?p=56656#breadcrumb\"},\"inLanguage\":\"es\",\"potentialAction\":[{\"@type\":\"ReadAction\",\"target\":[\"https:\/\/conexion23.com\/?p=56656\"]}]},{\"@type\":\"ImageObject\",\"inLanguage\":\"es\",\"@id\":\"https:\/\/conexion23.com\/?p=56656#primaryimage\",\"url\":\"https:\/\/conexion23.com\/wp-content\/uploads\/2026\/04\/Proyecto-presidencial-de-Gonzalo-Castillo-realiza-encuentros-durante-fin-de-semana.webp\",\"contentUrl\":\"https:\/\/conexion23.com\/wp-content\/uploads\/2026\/04\/Proyecto-presidencial-de-Gonzalo-Castillo-realiza-encuentros-durante-fin-de-semana.webp\",\"width\":1280,\"height\":854},{\"@type\":\"BreadcrumbList\",\"@id\":\"https:\/\/conexion23.com\/?p=56656#breadcrumb\",\"itemListElement\":[{\"@type\":\"ListItem\",\"position\":1,\"name\":\"Portada\",\"item\":\"https:\/\/conexion23.com\/\"},{\"@type\":\"ListItem\",\"position\":2,\"name\":\"Proyecto presidencial de Gonzalo Castillo realiza encuentros durante fin de semana\"}]},{\"@type\":\"WebSite\",\"@id\":\"https:\/\/conexion23.com\/#website\",\"url\":\"https:\/\/conexion23.com\/\",\"name\":\"Conexi\u00f3n 23\",\"description\":\"Peri\u00f3dico 100% Petromacorisano\",\"publisher\":{\"@id\":\"https:\/\/conexion23.com\/#organization\"},\"potentialAction\":[{\"@type\":\"SearchAction\",\"target\":{\"@type\":\"EntryPoint\",\"urlTemplate\":\"https:\/\/conexion23.com\/?s={search_term_string}\"},\"query-input\":{\"@type\":\"PropertyValueSpecification\",\"valueRequired\":true,\"valueName\":\"search_term_string\"}}],\"inLanguage\":\"es\"},{\"@type\":\"Organization\",\"@id\":\"https:\/\/conexion23.com\/#organization\",\"name\":\"Conexion 23\",\"url\":\"https:\/\/conexion23.com\/\",\"logo\":{\"@type\":\"ImageObject\",\"inLanguage\":\"es\",\"@id\":\"https:\/\/conexion23.com\/#\/schema\/logo\/image\/\",\"url\":\"https:\/\/conexion23.com\/wp-content\/uploads\/2021\/11\/Diseno-sin-titulo-2.png\",\"contentUrl\":\"https:\/\/conexion23.com\/wp-content\/uploads\/2021\/11\/Diseno-sin-titulo-2.png\",\"width\":541,\"height\":90,\"caption\":\"Conexion 23\"},\"image\":{\"@id\":\"https:\/\/conexion23.com\/#\/schema\/logo\/image\/\"},\"sameAs\":[\"https:\/\/www.facebook.com\/conexion23com\",\"https:\/\/www.instagram.com\/conexion23com\/\",\"https:\/\/www.youtube.com\/channel\/UCYc7vxxFZMYLIHNsHHxPZ3Q\"]},{\"@type\":\"Person\",\"@id\":\"https:\/\/conexion23.com\/#\/schema\/person\/0a860802b17d01ad2a278f53c507c296\",\"name\":\"Redacci\u00f3n\",\"image\":{\"@type\":\"ImageObject\",\"inLanguage\":\"es\",\"@id\":\"https:\/\/conexion23.com\/#\/schema\/person\/image\/\",\"url\":\"https:\/\/secure.gravatar.com\/avatar\/ec9d84b79c776aa1994e5893944465db9974b17b884155623da51b7b62c02845?s=96&d=mm&r=g\",\"contentUrl\":\"https:\/\/secure.gravatar.com\/avatar\/ec9d84b79c776aa1994e5893944465db9974b17b884155623da51b7b62c02845?s=96&d=mm&r=g\",\"caption\":\"Redacci\u00f3n\"},\"url\":\"https:\/\/conexion23.com\/?author=18\"}]}<\/script>\n<!-- \/ Yoast SEO plugin. -->","yoast_head_json":{"title":"Proyecto presidencial de Gonzalo Castillo realiza encuentros durante fin de semana - Conexi\u00f3n 23","robots":{"index":"index","follow":"follow","max-snippet":"max-snippet:-1","max-image-preview":"max-image-preview:large","max-video-preview":"max-video-preview:-1"},"canonical":"https:\/\/conexion23.com\/?p=56656","og_locale":"es_ES","og_type":"article","og_title":"Proyecto presidencial de Gonzalo Castillo realiza encuentros durante fin de semana - Conexi\u00f3n 23","og_description":"El aspirante a la nominaci\u00f3n presidencial por el Partido de la Liberaci\u00f3n Dominicana (PLD), Gonzalo Castillo, recibi\u00f3 durante este fin de semana un significativo respaldo, con la sumatoria de equipos de trabajo en las provincias San Pedro, El Seibo, La Vega, y Monse\u00f1or Nouel. En todas estas demarcaciones, el equipo de campa\u00f1a del proyecto presidencial [&hellip;]","og_url":"https:\/\/conexion23.com\/?p=56656","og_site_name":"Conexi\u00f3n 23","article_publisher":"https:\/\/www.facebook.com\/conexion23com","article_published_time":"2026-04-27T15:45:55+00:00","og_image":[{"width":1280,"height":854,"url":"https:\/\/conexion23.com\/wp-content\/uploads\/2026\/04\/Proyecto-presidencial-de-Gonzalo-Castillo-realiza-encuentros-durante-fin-de-semana.webp","type":"image\/webp"}],"author":"Redacci\u00f3n","twitter_card":"summary_large_image","twitter_misc":{"Escrito por":"Redacci\u00f3n","Tiempo de lectura":"2 minutos"},"schema":{"@context":"https:\/\/schema.org","@graph":[{"@type":"Article","@id":"https:\/\/conexion23.com\/?p=56656#article","isPartOf":{"@id":"https:\/\/conexion23.com\/?p=56656"},"author":{"name":"Redacci\u00f3n","@id":"https:\/\/conexion23.com\/#\/schema\/person\/0a860802b17d01ad2a278f53c507c296"},"headline":"Proyecto presidencial de Gonzalo Castillo realiza encuentros durante fin de semana","datePublished":"2026-04-27T15:45:55+00:00","mainEntityOfPage":{"@id":"https:\/\/conexion23.com\/?p=56656"},"wordCount":317,"commentCount":0,"publisher":{"@id":"https:\/\/conexion23.com\/#organization"},"image":{"@id":"https:\/\/conexion23.com\/?p=56656#primaryimage"},"thumbnailUrl":"https:\/\/conexion23.com\/wp-content\/uploads\/2026\/04\/Proyecto-presidencial-de-Gonzalo-Castillo-realiza-encuentros-durante-fin-de-semana.webp","keywords":["el seibo","Gonzalo Castillo","la vega","Partido de la Liberaci\u00f3n Dominicana","politica","San pedro"],"articleSection":["Pol\u00edtica"],"inLanguage":"es","potentialAction":[{"@type":"CommentAction","name":"Comment","target":["https:\/\/conexion23.com\/?p=56656#respond"]}]},{"@type":"WebPage","@id":"https:\/\/conexion23.com\/?p=56656","url":"https:\/\/conexion23.com\/?p=56656","name":"Proyecto presidencial de Gonzalo Castillo realiza encuentros durante fin de semana - Conexi\u00f3n 23","isPartOf":{"@id":"https:\/\/conexion23.com\/#website"},"primaryImageOfPage":{"@id":"https:\/\/conexion23.com\/?p=56656#primaryimage"},"image":{"@id":"https:\/\/conexion23.com\/?p=56656#primaryimage"},"thumbnailUrl":"https:\/\/conexion23.com\/wp-content\/uploads\/2026\/04\/Proyecto-presidencial-de-Gonzalo-Castillo-realiza-encuentros-durante-fin-de-semana.webp","datePublished":"2026-04-27T15:45:55+00:00","breadcrumb":{"@id":"https:\/\/conexion23.com\/?p=56656#breadcrumb"},"inLanguage":"es","potentialAction":[{"@type":"ReadAction","target":["https:\/\/conexion23.com\/?p=56656"]}]},{"@type":"ImageObject","inLanguage":"es","@id":"https:\/\/conexion23.com\/?p=56656#primaryimage","url":"https:\/\/conexion23.com\/wp-content\/uploads\/2026\/04\/Proyecto-presidencial-de-Gonzalo-Castillo-realiza-encuentros-durante-fin-de-semana.webp","contentUrl":"https:\/\/conexion23.com\/wp-content\/uploads\/2026\/04\/Proyecto-presidencial-de-Gonzalo-Castillo-realiza-encuentros-durante-fin-de-semana.webp","width":1280,"height":854},{"@type":"BreadcrumbList","@id":"https:\/\/conexion23.com\/?p=56656#breadcrumb","itemListElement":[{"@type":"ListItem","position":1,"name":"Portada","item":"https:\/\/conexion23.com\/"},{"@type":"ListItem","position":2,"name":"Proyecto presidencial de Gonzalo Castillo realiza encuentros durante fin de semana"}]},{"@type":"WebSite","@id":"https:\/\/conexion23.com\/#website","url":"https:\/\/conexion23.com\/","name":"Conexi\u00f3n 23","description":"Peri\u00f3dico 100% Petromacorisano","publisher":{"@id":"https:\/\/conexion23.com\/#organization"},"potentialAction":[{"@type":"SearchAction","target":{"@type":"EntryPoint","urlTemplate":"https:\/\/conexion23.com\/?s={search_term_string}"},"query-input":{"@type":"PropertyValueSpecification","valueRequired":true,"valueName":"search_term_string"}}],"inLanguage":"es"},{"@type":"Organization","@id":"https:\/\/conexion23.com\/#organization","name":"Conexion 23","url":"https:\/\/conexion23.com\/","logo":{"@type":"ImageObject","inLanguage":"es","@id":"https:\/\/conexion23.com\/#\/schema\/logo\/image\/","url":"https:\/\/conexion23.com\/wp-content\/uploads\/2021\/11\/Diseno-sin-titulo-2.png","contentUrl":"https:\/\/conexion23.com\/wp-content\/uploads\/2021\/11\/Diseno-sin-titulo-2.png","width":541,"height":90,"caption":"Conexion 23"},"image":{"@id":"https:\/\/conexion23.com\/#\/schema\/logo\/image\/"},"sameAs":["https:\/\/www.facebook.com\/conexion23com","https:\/\/www.instagram.com\/conexion23com\/","https:\/\/www.youtube.com\/channel\/UCYc7vxxFZMYLIHNsHHxPZ3Q"]},{"@type":"Person","@id":"https:\/\/conexion23.com\/#\/schema\/person\/0a860802b17d01ad2a278f53c507c296","name":"Redacci\u00f3n","image":{"@type":"ImageObject","inLanguage":"es","@id":"https:\/\/conexion23.com\/#\/schema\/person\/image\/","url":"https:\/\/secure.gravatar.com\/avatar\/ec9d84b79c776aa1994e5893944465db9974b17b884155623da51b7b62c02845?s=96&d=mm&r=g","contentUrl":"https:\/\/secure.gravatar.com\/avatar\/ec9d84b79c776aa1994e5893944465db9974b17b884155623da51b7b62c02845?s=96&d=mm&r=g","caption":"Redacci\u00f3n"},"url":"https:\/\/conexion23.com\/?author=18"}]}},"_links":{"self":[{"href":"https:\/\/conexion23.com\/index.php?rest_route=\/wp\/v2\/posts\/56656","targetHints":{"allow":["GET"]}}],"collection":[{"href":"https:\/\/conexion23.com\/index.php?rest_route=\/wp\/v2\/posts"}],"about":[{"href":"https:\/\/conexion23.com\/index.php?rest_route=\/wp\/v2\/types\/post"}],"author":[{"embeddable":true,"href":"https:\/\/conexion23.com\/index.php?rest_route=\/wp\/v2\/users\/18"}],"replies":[{"embeddable":true,"href":"https:\/\/conexion23.com\/index.php?rest_route=%2Fwp%2Fv2%2Fcomments&post=56656"}],"version-history":[{"count":2,"href":"https:\/\/conexion23.com\/index.php?rest_route=\/wp\/v2\/posts\/56656\/revisions"}],"predecessor-version":[{"id":56659,"href":"https:\/\/conexion23.com\/index.php?rest_route=\/wp\/v2\/posts\/56656\/revisions\/56659"}],"wp:featuredmedia":[{"embeddable":true,"href":"https:\/\/conexion23.com\/index.php?rest_route=\/wp\/v2\/media\/56657"}],"wp:attachment":[{"href":"https:\/\/conexion23.com\/index.php?rest_route=%2Fwp%2Fv2%2Fmedia&parent=56656"}],"wp:term":[{"taxonomy":"category","embeddable":true,"href":"https:\/\/conexion23.com\/index.php?rest_route=%2Fwp%2Fv2%2Fcategories&post=56656"},{"taxonomy":"post_tag","embeddable":true,"href":"https:\/\/conexion23.com\/index.php?rest_route=%2Fwp%2Fv2%2Ftags&post=56656"}],"curies":[{"name":"wp","href":"https:\/\/api.w.org\/{rel}","templated":true}]}}