{"id":56660,"date":"2026-04-27T12:00:19","date_gmt":"2026-04-27T16:00:19","guid":{"rendered":"https:\/\/conexion23.com\/?p=56660"},"modified":"2026-04-27T10:08:40","modified_gmt":"2026-04-27T14:08:40","slug":"ministerio-de-turismo-deja-iniciada-construccion-plaza-de-vendedores-en-playa-teco-de-maimon","status":"publish","type":"post","link":"https:\/\/conexion23.com\/?p=56660","title":{"rendered":"Ministerio de Turismo deja iniciada construcci\u00f3n plaza de vendedores en playa Teco de Maim\u00f3n"},"content":{"rendered":"<div style=\"text-align: justify;\"><strong>La obra, que tendr\u00e1 un gran impacto econ\u00f3mico en la zona, se realizar\u00e1 con una inversi\u00f3n superior a los 193 millones de pesos.<\/strong><\/div>\n<div style=\"text-align: justify;\"><\/div>\n<div style=\"text-align: justify;\">El ministro de Turismo, David Collado, dej\u00f3 iniciado este domingo los trabajos de construcci\u00f3n de la plaza de vendedores en playa Teco, con una inversi\u00f3n de RD$193.533,136.<\/div>\n<div style=\"text-align: justify;\"><\/div>\n<div style=\"text-align: justify;\">La obra, que tendr\u00e1 un gran impacto en el turismo de la provincia y es parte de las acciones del MITUR de recuperar y embellecer los entornos de las playas y frentes marinos.<\/div>\n<div style=\"text-align: justify;\"><\/div>\n<div style=\"text-align: justify;\">La nueva plaza llega a completar la inversi\u00f3n realizada con la nueva v\u00eda, de 3.60 kil\u00f3metros inaugurada el pasado a\u00f1o, como un corredor tur\u00edstico integral que culminar\u00e1 en una playa moderna, debidamente equipada, a la altura de un destino tur\u00edstico de clase mundial.<\/div>\n<div style=\"text-align: justify;\"><\/div>\n<div style=\"text-align: justify;\">El ministro Collado, quien estuvo acompa\u00f1ado de autoridades provinciales y municipales valor\u00f3 la importancia de la obra y su impacto econ\u00f3mico en Maim\u00f3n y toda la zona.<\/div>\n<div style=\"text-align: justify;\"><\/div>\n<div style=\"text-align: justify;\">\u00abHoy volvemos aqu\u00ed, a Maim\u00f3n, luego de intervenir las v\u00edas de acceso a playa Teco, para dejar iniciados los trabajos de construcci\u00f3n de la Plaza de Vendedores, cumpliendo as\u00ed, con nuestra promesa\u00bb, proclam\u00f3 el ministro Collado.<\/div>\n<div style=\"text-align: justify;\"><\/div>\n<div style=\"text-align: justify;\">El proyecto contempla dos intervenciones principales en un \u00e1rea de 11,750 metros cuadrado: mejora de la v\u00eda de acceso y adecuaci\u00f3n integral de la plaza, donde se ejecutar\u00e1n trabajos de demolici\u00f3n de estructuras existentes, movimiento de tierra y pavimentaci\u00f3n; la construcci\u00f3n de m\u00f3dulos comerciales destinados a bar, servicios sanitarios y artesan\u00edas.<\/div>\n<div style=\"text-align: justify;\"><\/div>\n<div style=\"text-align: justify;\">En la nueva plaza se incorporar\u00e1 una zona de juegos infantiles, \u00e1rea de ejercicios al aire libre y una cancha de voleibol playero.<\/div>\n<div style=\"text-align: justify;\"><\/div>\n<div style=\"text-align: justify;\">Adem\u00e1s, habr\u00e1 un \u00e1rea para dep\u00f3sito de basura y almacenamiento de gas, instalaci\u00f3n de p\u00e9rgolas, mobiliario urbano, intervenci\u00f3n hidrosanitaria con cisterna, duchas y pozo filtrante; sistema contra incendios, paisajismo integral e iluminaci\u00f3n exterior, as\u00ed como, la correspondiente se\u00f1alizaci\u00f3n horizontal y vertical.<\/div>\n<div style=\"text-align: justify;\"><\/div>\n<div style=\"text-align: justify;\"><b>Pavimentaci\u00f3n<\/b><\/div>\n<div style=\"text-align: justify;\"><\/div>\n<div style=\"text-align: justify;\">Se contempla, asimismo, la conformaci\u00f3n y revestimiento de cunetas, ejecuci\u00f3n de pedrapl\u00e9n, construcci\u00f3n de contenes y pavimentaci\u00f3n mediante adoquines de alto, garantizando la estabilidad estructural y la durabilidad de la superficie.<\/div>\n<div style=\"text-align: justify;\"><\/div>\n<div style=\"text-align: justify;\"><b>Paisajismo<\/b><\/div>\n<div style=\"text-align: justify;\">Para el disfrute de sus visitantes, el entorno natural y los alrededores de la plaza en playa Teco contar\u00e1 con una selecci\u00f3n de especies de plantas como roble criollo, uva de playa, palma cana, almendro, mara, icaco, gu\u00e1yiga, batatilla, saladilo, mangle bot\u00f3n y grama bermuda.<\/div>\n","protected":false},"excerpt":{"rendered":"<p>La obra, que tendr\u00e1 un gran impacto econ\u00f3mico en la zona, se realizar\u00e1 con una inversi\u00f3n superior a los 193 millones de pesos. El ministro de Turismo, David Collado, dej\u00f3 iniciado este domingo los trabajos de construcci\u00f3n de la plaza de vendedores en playa Teco, con una inversi\u00f3n de RD$193.533,136. La obra, que tendr\u00e1 un [&hellip;]<\/p>\n","protected":false},"author":18,"featured_media":56661,"comment_status":"open","ping_status":"open","sticky":false,"template":"","format":"standard","meta":{"footnotes":""},"categories":[12,1156],"tags":[470,8578,501,8577,312],"class_list":{"0":"post-56660","1":"post","2":"type-post","3":"status-publish","4":"format-standard","5":"has-post-thumbnail","7":"category-municipales","8":"category-turismo-turismo","9":"tag-david-collado","10":"tag-mitur","11":"tag-puerto-plata","12":"tag-teco-de-maimon","13":"tag-turismo"},"yoast_head":"<!-- This site is optimized with the Yoast SEO plugin v27.1.1 - https:\/\/yoast.com\/product\/yoast-seo-wordpress\/ -->\n<title>Ministerio de Turismo deja iniciada construcci\u00f3n plaza de vendedores en playa Teco de Maim\u00f3n - Conexi\u00f3n 23<\/title>\n<meta name=\"robots\" content=\"index, follow, max-snippet:-1, max-image-preview:large, max-video-preview:-1\" \/>\n<link rel=\"canonical\" href=\"https:\/\/conexion23.com\/?p=56660\" \/>\n<meta property=\"og:locale\" content=\"es_ES\" \/>\n<meta property=\"og:type\" content=\"article\" \/>\n<meta property=\"og:title\" content=\"Ministerio de Turismo deja iniciada construcci\u00f3n plaza de vendedores en playa Teco de Maim\u00f3n - Conexi\u00f3n 23\" \/>\n<meta property=\"og:description\" content=\"La obra, que tendr\u00e1 un gran impacto econ\u00f3mico en la zona, se realizar\u00e1 con una inversi\u00f3n superior a los 193 millones de pesos. El ministro de Turismo, David Collado, dej\u00f3 iniciado este domingo los trabajos de construcci\u00f3n de la plaza de vendedores en playa Teco, con una inversi\u00f3n de RD$193.533,136. La obra, que tendr\u00e1 un [&hellip;]\" \/>\n<meta property=\"og:url\" content=\"https:\/\/conexion23.com\/?p=56660\" \/>\n<meta property=\"og:site_name\" content=\"Conexi\u00f3n 23\" \/>\n<meta property=\"article:publisher\" content=\"https:\/\/www.facebook.com\/conexion23com\" \/>\n<meta property=\"article:published_time\" content=\"2026-04-27T16:00:19+00:00\" \/>\n<meta property=\"og:image\" content=\"https:\/\/conexion23.com\/wp-content\/uploads\/2026\/04\/David-Collado-deja-iniciada-construccion-plaza-de-vendedores-en-playa-Teco-de-Maimon-Puerto-Plata.jpg\" \/>\n\t<meta property=\"og:image:width\" content=\"1606\" \/>\n\t<meta property=\"og:image:height\" content=\"966\" \/>\n\t<meta property=\"og:image:type\" content=\"image\/jpeg\" \/>\n<meta name=\"author\" content=\"Redacci\u00f3n\" \/>\n<meta name=\"twitter:card\" content=\"summary_large_image\" \/>\n<meta name=\"twitter:label1\" content=\"Escrito por\" \/>\n\t<meta name=\"twitter:data1\" content=\"Redacci\u00f3n\" \/>\n\t<meta name=\"twitter:label2\" content=\"Tiempo de lectura\" \/>\n\t<meta name=\"twitter:data2\" content=\"2 minutos\" \/>\n<script type=\"application\/ld+json\" class=\"yoast-schema-graph\">{\"@context\":\"https:\/\/schema.org\",\"@graph\":[{\"@type\":\"Article\",\"@id\":\"https:\/\/conexion23.com\/?p=56660#article\",\"isPartOf\":{\"@id\":\"https:\/\/conexion23.com\/?p=56660\"},\"author\":{\"name\":\"Redacci\u00f3n\",\"@id\":\"https:\/\/conexion23.com\/#\/schema\/person\/0a860802b17d01ad2a278f53c507c296\"},\"headline\":\"Ministerio de Turismo deja iniciada construcci\u00f3n plaza de vendedores en playa Teco de Maim\u00f3n\",\"datePublished\":\"2026-04-27T16:00:19+00:00\",\"mainEntityOfPage\":{\"@id\":\"https:\/\/conexion23.com\/?p=56660\"},\"wordCount\":436,\"commentCount\":0,\"publisher\":{\"@id\":\"https:\/\/conexion23.com\/#organization\"},\"image\":{\"@id\":\"https:\/\/conexion23.com\/?p=56660#primaryimage\"},\"thumbnailUrl\":\"https:\/\/conexion23.com\/wp-content\/uploads\/2026\/04\/David-Collado-deja-iniciada-construccion-plaza-de-vendedores-en-playa-Teco-de-Maimon-Puerto-Plata.jpg\",\"keywords\":[\"david collado\",\"MITUR\",\"puerto plata\",\"Teco de Maim\u00f3n\",\"turismo\"],\"articleSection\":[\"Municipales\",\"Turismo\"],\"inLanguage\":\"es\",\"potentialAction\":[{\"@type\":\"CommentAction\",\"name\":\"Comment\",\"target\":[\"https:\/\/conexion23.com\/?p=56660#respond\"]}]},{\"@type\":\"WebPage\",\"@id\":\"https:\/\/conexion23.com\/?p=56660\",\"url\":\"https:\/\/conexion23.com\/?p=56660\",\"name\":\"Ministerio de Turismo deja iniciada construcci\u00f3n plaza de vendedores en playa Teco de Maim\u00f3n - Conexi\u00f3n 23\",\"isPartOf\":{\"@id\":\"https:\/\/conexion23.com\/#website\"},\"primaryImageOfPage\":{\"@id\":\"https:\/\/conexion23.com\/?p=56660#primaryimage\"},\"image\":{\"@id\":\"https:\/\/conexion23.com\/?p=56660#primaryimage\"},\"thumbnailUrl\":\"https:\/\/conexion23.com\/wp-content\/uploads\/2026\/04\/David-Collado-deja-iniciada-construccion-plaza-de-vendedores-en-playa-Teco-de-Maimon-Puerto-Plata.jpg\",\"datePublished\":\"2026-04-27T16:00:19+00:00\",\"breadcrumb\":{\"@id\":\"https:\/\/conexion23.com\/?p=56660#breadcrumb\"},\"inLanguage\":\"es\",\"potentialAction\":[{\"@type\":\"ReadAction\",\"target\":[\"https:\/\/conexion23.com\/?p=56660\"]}]},{\"@type\":\"ImageObject\",\"inLanguage\":\"es\",\"@id\":\"https:\/\/conexion23.com\/?p=56660#primaryimage\",\"url\":\"https:\/\/conexion23.com\/wp-content\/uploads\/2026\/04\/David-Collado-deja-iniciada-construccion-plaza-de-vendedores-en-playa-Teco-de-Maimon-Puerto-Plata.jpg\",\"contentUrl\":\"https:\/\/conexion23.com\/wp-content\/uploads\/2026\/04\/David-Collado-deja-iniciada-construccion-plaza-de-vendedores-en-playa-Teco-de-Maimon-Puerto-Plata.jpg\",\"width\":1606,\"height\":966},{\"@type\":\"BreadcrumbList\",\"@id\":\"https:\/\/conexion23.com\/?p=56660#breadcrumb\",\"itemListElement\":[{\"@type\":\"ListItem\",\"position\":1,\"name\":\"Portada\",\"item\":\"https:\/\/conexion23.com\/\"},{\"@type\":\"ListItem\",\"position\":2,\"name\":\"Ministerio de Turismo deja iniciada construcci\u00f3n plaza de vendedores en playa Teco de Maim\u00f3n\"}]},{\"@type\":\"WebSite\",\"@id\":\"https:\/\/conexion23.com\/#website\",\"url\":\"https:\/\/conexion23.com\/\",\"name\":\"Conexi\u00f3n 23\",\"description\":\"Peri\u00f3dico 100% Petromacorisano\",\"publisher\":{\"@id\":\"https:\/\/conexion23.com\/#organization\"},\"potentialAction\":[{\"@type\":\"SearchAction\",\"target\":{\"@type\":\"EntryPoint\",\"urlTemplate\":\"https:\/\/conexion23.com\/?s={search_term_string}\"},\"query-input\":{\"@type\":\"PropertyValueSpecification\",\"valueRequired\":true,\"valueName\":\"search_term_string\"}}],\"inLanguage\":\"es\"},{\"@type\":\"Organization\",\"@id\":\"https:\/\/conexion23.com\/#organization\",\"name\":\"Conexion 23\",\"url\":\"https:\/\/conexion23.com\/\",\"logo\":{\"@type\":\"ImageObject\",\"inLanguage\":\"es\",\"@id\":\"https:\/\/conexion23.com\/#\/schema\/logo\/image\/\",\"url\":\"https:\/\/conexion23.com\/wp-content\/uploads\/2021\/11\/Diseno-sin-titulo-2.png\",\"contentUrl\":\"https:\/\/conexion23.com\/wp-content\/uploads\/2021\/11\/Diseno-sin-titulo-2.png\",\"width\":541,\"height\":90,\"caption\":\"Conexion 23\"},\"image\":{\"@id\":\"https:\/\/conexion23.com\/#\/schema\/logo\/image\/\"},\"sameAs\":[\"https:\/\/www.facebook.com\/conexion23com\",\"https:\/\/www.instagram.com\/conexion23com\/\",\"https:\/\/www.youtube.com\/channel\/UCYc7vxxFZMYLIHNsHHxPZ3Q\"]},{\"@type\":\"Person\",\"@id\":\"https:\/\/conexion23.com\/#\/schema\/person\/0a860802b17d01ad2a278f53c507c296\",\"name\":\"Redacci\u00f3n\",\"image\":{\"@type\":\"ImageObject\",\"inLanguage\":\"es\",\"@id\":\"https:\/\/conexion23.com\/#\/schema\/person\/image\/\",\"url\":\"https:\/\/secure.gravatar.com\/avatar\/ec9d84b79c776aa1994e5893944465db9974b17b884155623da51b7b62c02845?s=96&d=mm&r=g\",\"contentUrl\":\"https:\/\/secure.gravatar.com\/avatar\/ec9d84b79c776aa1994e5893944465db9974b17b884155623da51b7b62c02845?s=96&d=mm&r=g\",\"caption\":\"Redacci\u00f3n\"},\"url\":\"https:\/\/conexion23.com\/?author=18\"}]}<\/script>\n<!-- \/ Yoast SEO plugin. -->","yoast_head_json":{"title":"Ministerio de Turismo deja iniciada construcci\u00f3n plaza de vendedores en playa Teco de Maim\u00f3n - Conexi\u00f3n 23","robots":{"index":"index","follow":"follow","max-snippet":"max-snippet:-1","max-image-preview":"max-image-preview:large","max-video-preview":"max-video-preview:-1"},"canonical":"https:\/\/conexion23.com\/?p=56660","og_locale":"es_ES","og_type":"article","og_title":"Ministerio de Turismo deja iniciada construcci\u00f3n plaza de vendedores en playa Teco de Maim\u00f3n - Conexi\u00f3n 23","og_description":"La obra, que tendr\u00e1 un gran impacto econ\u00f3mico en la zona, se realizar\u00e1 con una inversi\u00f3n superior a los 193 millones de pesos. El ministro de Turismo, David Collado, dej\u00f3 iniciado este domingo los trabajos de construcci\u00f3n de la plaza de vendedores en playa Teco, con una inversi\u00f3n de RD$193.533,136. La obra, que tendr\u00e1 un [&hellip;]","og_url":"https:\/\/conexion23.com\/?p=56660","og_site_name":"Conexi\u00f3n 23","article_publisher":"https:\/\/www.facebook.com\/conexion23com","article_published_time":"2026-04-27T16:00:19+00:00","og_image":[{"width":1606,"height":966,"url":"https:\/\/conexion23.com\/wp-content\/uploads\/2026\/04\/David-Collado-deja-iniciada-construccion-plaza-de-vendedores-en-playa-Teco-de-Maimon-Puerto-Plata.jpg","type":"image\/jpeg"}],"author":"Redacci\u00f3n","twitter_card":"summary_large_image","twitter_misc":{"Escrito por":"Redacci\u00f3n","Tiempo de lectura":"2 minutos"},"schema":{"@context":"https:\/\/schema.org","@graph":[{"@type":"Article","@id":"https:\/\/conexion23.com\/?p=56660#article","isPartOf":{"@id":"https:\/\/conexion23.com\/?p=56660"},"author":{"name":"Redacci\u00f3n","@id":"https:\/\/conexion23.com\/#\/schema\/person\/0a860802b17d01ad2a278f53c507c296"},"headline":"Ministerio de Turismo deja iniciada construcci\u00f3n plaza de vendedores en playa Teco de Maim\u00f3n","datePublished":"2026-04-27T16:00:19+00:00","mainEntityOfPage":{"@id":"https:\/\/conexion23.com\/?p=56660"},"wordCount":436,"commentCount":0,"publisher":{"@id":"https:\/\/conexion23.com\/#organization"},"image":{"@id":"https:\/\/conexion23.com\/?p=56660#primaryimage"},"thumbnailUrl":"https:\/\/conexion23.com\/wp-content\/uploads\/2026\/04\/David-Collado-deja-iniciada-construccion-plaza-de-vendedores-en-playa-Teco-de-Maimon-Puerto-Plata.jpg","keywords":["david collado","MITUR","puerto plata","Teco de Maim\u00f3n","turismo"],"articleSection":["Municipales","Turismo"],"inLanguage":"es","potentialAction":[{"@type":"CommentAction","name":"Comment","target":["https:\/\/conexion23.com\/?p=56660#respond"]}]},{"@type":"WebPage","@id":"https:\/\/conexion23.com\/?p=56660","url":"https:\/\/conexion23.com\/?p=56660","name":"Ministerio de Turismo deja iniciada construcci\u00f3n plaza de vendedores en playa Teco de Maim\u00f3n - Conexi\u00f3n 23","isPartOf":{"@id":"https:\/\/conexion23.com\/#website"},"primaryImageOfPage":{"@id":"https:\/\/conexion23.com\/?p=56660#primaryimage"},"image":{"@id":"https:\/\/conexion23.com\/?p=56660#primaryimage"},"thumbnailUrl":"https:\/\/conexion23.com\/wp-content\/uploads\/2026\/04\/David-Collado-deja-iniciada-construccion-plaza-de-vendedores-en-playa-Teco-de-Maimon-Puerto-Plata.jpg","datePublished":"2026-04-27T16:00:19+00:00","breadcrumb":{"@id":"https:\/\/conexion23.com\/?p=56660#breadcrumb"},"inLanguage":"es","potentialAction":[{"@type":"ReadAction","target":["https:\/\/conexion23.com\/?p=56660"]}]},{"@type":"ImageObject","inLanguage":"es","@id":"https:\/\/conexion23.com\/?p=56660#primaryimage","url":"https:\/\/conexion23.com\/wp-content\/uploads\/2026\/04\/David-Collado-deja-iniciada-construccion-plaza-de-vendedores-en-playa-Teco-de-Maimon-Puerto-Plata.jpg","contentUrl":"https:\/\/conexion23.com\/wp-content\/uploads\/2026\/04\/David-Collado-deja-iniciada-construccion-plaza-de-vendedores-en-playa-Teco-de-Maimon-Puerto-Plata.jpg","width":1606,"height":966},{"@type":"BreadcrumbList","@id":"https:\/\/conexion23.com\/?p=56660#breadcrumb","itemListElement":[{"@type":"ListItem","position":1,"name":"Portada","item":"https:\/\/conexion23.com\/"},{"@type":"ListItem","position":2,"name":"Ministerio de Turismo deja iniciada construcci\u00f3n plaza de vendedores en playa Teco de Maim\u00f3n"}]},{"@type":"WebSite","@id":"https:\/\/conexion23.com\/#website","url":"https:\/\/conexion23.com\/","name":"Conexi\u00f3n 23","description":"Peri\u00f3dico 100% Petromacorisano","publisher":{"@id":"https:\/\/conexion23.com\/#organization"},"potentialAction":[{"@type":"SearchAction","target":{"@type":"EntryPoint","urlTemplate":"https:\/\/conexion23.com\/?s={search_term_string}"},"query-input":{"@type":"PropertyValueSpecification","valueRequired":true,"valueName":"search_term_string"}}],"inLanguage":"es"},{"@type":"Organization","@id":"https:\/\/conexion23.com\/#organization","name":"Conexion 23","url":"https:\/\/conexion23.com\/","logo":{"@type":"ImageObject","inLanguage":"es","@id":"https:\/\/conexion23.com\/#\/schema\/logo\/image\/","url":"https:\/\/conexion23.com\/wp-content\/uploads\/2021\/11\/Diseno-sin-titulo-2.png","contentUrl":"https:\/\/conexion23.com\/wp-content\/uploads\/2021\/11\/Diseno-sin-titulo-2.png","width":541,"height":90,"caption":"Conexion 23"},"image":{"@id":"https:\/\/conexion23.com\/#\/schema\/logo\/image\/"},"sameAs":["https:\/\/www.facebook.com\/conexion23com","https:\/\/www.instagram.com\/conexion23com\/","https:\/\/www.youtube.com\/channel\/UCYc7vxxFZMYLIHNsHHxPZ3Q"]},{"@type":"Person","@id":"https:\/\/conexion23.com\/#\/schema\/person\/0a860802b17d01ad2a278f53c507c296","name":"Redacci\u00f3n","image":{"@type":"ImageObject","inLanguage":"es","@id":"https:\/\/conexion23.com\/#\/schema\/person\/image\/","url":"https:\/\/secure.gravatar.com\/avatar\/ec9d84b79c776aa1994e5893944465db9974b17b884155623da51b7b62c02845?s=96&d=mm&r=g","contentUrl":"https:\/\/secure.gravatar.com\/avatar\/ec9d84b79c776aa1994e5893944465db9974b17b884155623da51b7b62c02845?s=96&d=mm&r=g","caption":"Redacci\u00f3n"},"url":"https:\/\/conexion23.com\/?author=18"}]}},"_links":{"self":[{"href":"https:\/\/conexion23.com\/index.php?rest_route=\/wp\/v2\/posts\/56660","targetHints":{"allow":["GET"]}}],"collection":[{"href":"https:\/\/conexion23.com\/index.php?rest_route=\/wp\/v2\/posts"}],"about":[{"href":"https:\/\/conexion23.com\/index.php?rest_route=\/wp\/v2\/types\/post"}],"author":[{"embeddable":true,"href":"https:\/\/conexion23.com\/index.php?rest_route=\/wp\/v2\/users\/18"}],"replies":[{"embeddable":true,"href":"https:\/\/conexion23.com\/index.php?rest_route=%2Fwp%2Fv2%2Fcomments&post=56660"}],"version-history":[{"count":1,"href":"https:\/\/conexion23.com\/index.php?rest_route=\/wp\/v2\/posts\/56660\/revisions"}],"predecessor-version":[{"id":56662,"href":"https:\/\/conexion23.com\/index.php?rest_route=\/wp\/v2\/posts\/56660\/revisions\/56662"}],"wp:featuredmedia":[{"embeddable":true,"href":"https:\/\/conexion23.com\/index.php?rest_route=\/wp\/v2\/media\/56661"}],"wp:attachment":[{"href":"https:\/\/conexion23.com\/index.php?rest_route=%2Fwp%2Fv2%2Fmedia&parent=56660"}],"wp:term":[{"taxonomy":"category","embeddable":true,"href":"https:\/\/conexion23.com\/index.php?rest_route=%2Fwp%2Fv2%2Fcategories&post=56660"},{"taxonomy":"post_tag","embeddable":true,"href":"https:\/\/conexion23.com\/index.php?rest_route=%2Fwp%2Fv2%2Ftags&post=56660"}],"curies":[{"name":"wp","href":"https:\/\/api.w.org\/{rel}","templated":true}]}}