{"id":56666,"date":"2026-04-27T18:12:14","date_gmt":"2026-04-27T22:12:14","guid":{"rendered":"https:\/\/conexion23.com\/?p=56666"},"modified":"2026-04-27T18:12:14","modified_gmt":"2026-04-27T22:12:14","slug":"madre-y-su-hijo-pierden-la-vida-en-accidente-de-transito-en-tramo-carretero-los-miches-en-dajabon","status":"publish","type":"post","link":"https:\/\/conexion23.com\/?p=56666","title":{"rendered":"Madre y su hijo pierden la vida en accidente de tr\u00e1nsito en tramo carretero Los Miches en Dajab\u00f3n"},"content":{"rendered":"<p>Una tragedia vial se registr\u00f3 en la provincia de Dajab\u00f3n, donde una mujer y su hijo fallecieron de manera instant\u00e1nea luego de un accidente.<\/p>\n<p>La v\u00edctima fue identificada como Estefan\u00eda Fern\u00e1ndez, quien, seg\u00fan se inform\u00f3, era gemela id\u00e9ntica, un detalle que ha incrementado el impacto emocional del suceso.<\/p>\n<p>En el mismo hecho tambi\u00e9n muri\u00f3 su hijo, lo que ha generado una profunda consternaci\u00f3n entre familiares cercanos y miembros de la comunidad.<\/p>\n<p>El accidente tuvo lugar en el tramo conocido como Los Miches, espec\u00edficamente en las proximidades de un puesto de chequeo ubicado en esa zona.<\/p>\n","protected":false},"excerpt":{"rendered":"<p>Una tragedia vial se registr\u00f3 en la provincia de Dajab\u00f3n, donde una mujer y su hijo fallecieron de manera instant\u00e1nea luego de un accidente. La v\u00edctima fue identificada como Estefan\u00eda Fern\u00e1ndez, quien, seg\u00fan se inform\u00f3, era gemela id\u00e9ntica, un detalle que ha incrementado el impacto emocional del suceso. En el mismo hecho tambi\u00e9n muri\u00f3 su [&hellip;]<\/p>\n","protected":false},"author":15,"featured_media":56668,"comment_status":"open","ping_status":"open","sticky":false,"template":"","format":"standard","meta":{"footnotes":""},"categories":[3913,3773],"tags":[4710,8581,2406,6836,1229,7497,8580],"class_list":{"0":"post-56666","1":"post","2":"type-post","3":"status-publish","4":"format-standard","5":"has-post-thumbnail","7":"category-nacionales","8":"category-portada","9":"tag-accidente-de-transito","10":"tag-cuestionadas","11":"tag-dajabon","12":"tag-inmediata","13":"tag-madre","14":"tag-perdieron-la-vida","15":"tag-tramo-carretero"},"yoast_head":"<!-- This site is optimized with the Yoast SEO plugin v27.1.1 - https:\/\/yoast.com\/product\/yoast-seo-wordpress\/ -->\n<title>Madre y su hijo pierden la vida en accidente de tr\u00e1nsito en tramo carretero Los Miches en Dajab\u00f3n - Conexi\u00f3n 23<\/title>\n<meta name=\"robots\" content=\"index, follow, max-snippet:-1, max-image-preview:large, max-video-preview:-1\" \/>\n<link rel=\"canonical\" href=\"https:\/\/conexion23.com\/?p=56666\" \/>\n<meta property=\"og:locale\" content=\"es_ES\" \/>\n<meta property=\"og:type\" content=\"article\" \/>\n<meta property=\"og:title\" content=\"Madre y su hijo pierden la vida en accidente de tr\u00e1nsito en tramo carretero Los Miches en Dajab\u00f3n - Conexi\u00f3n 23\" \/>\n<meta property=\"og:description\" content=\"Una tragedia vial se registr\u00f3 en la provincia de Dajab\u00f3n, donde una mujer y su hijo fallecieron de manera instant\u00e1nea luego de un accidente. La v\u00edctima fue identificada como Estefan\u00eda Fern\u00e1ndez, quien, seg\u00fan se inform\u00f3, era gemela id\u00e9ntica, un detalle que ha incrementado el impacto emocional del suceso. En el mismo hecho tambi\u00e9n muri\u00f3 su [&hellip;]\" \/>\n<meta property=\"og:url\" content=\"https:\/\/conexion23.com\/?p=56666\" \/>\n<meta property=\"og:site_name\" content=\"Conexi\u00f3n 23\" \/>\n<meta property=\"article:publisher\" content=\"https:\/\/www.facebook.com\/conexion23com\" \/>\n<meta property=\"article:published_time\" content=\"2026-04-27T22:12:14+00:00\" \/>\n<meta property=\"og:image\" content=\"http:\/\/conexion23.com\/wp-content\/uploads\/2026\/04\/680586788_1567970471365263_1236182287474192503_n.jpg\" \/>\n\t<meta property=\"og:image:width\" content=\"2048\" \/>\n\t<meta property=\"og:image:height\" content=\"1378\" \/>\n\t<meta property=\"og:image:type\" content=\"image\/jpeg\" \/>\n<meta name=\"author\" content=\"Raffy Ben\u00edtez\" \/>\n<meta name=\"twitter:card\" content=\"summary_large_image\" \/>\n<meta name=\"twitter:label1\" content=\"Escrito por\" \/>\n\t<meta name=\"twitter:data1\" content=\"Raffy Ben\u00edtez\" \/>\n\t<meta name=\"twitter:label2\" content=\"Tiempo de lectura\" \/>\n\t<meta name=\"twitter:data2\" content=\"1 minuto\" \/>\n<script type=\"application\/ld+json\" class=\"yoast-schema-graph\">{\"@context\":\"https:\/\/schema.org\",\"@graph\":[{\"@type\":\"Article\",\"@id\":\"https:\/\/conexion23.com\/?p=56666#article\",\"isPartOf\":{\"@id\":\"https:\/\/conexion23.com\/?p=56666\"},\"author\":{\"name\":\"Raffy Ben\u00edtez\",\"@id\":\"https:\/\/conexion23.com\/#\/schema\/person\/03e36043331117e97a373299bbcd30a6\"},\"headline\":\"Madre y su hijo pierden la vida en accidente de tr\u00e1nsito en tramo carretero Los Miches en Dajab\u00f3n\",\"datePublished\":\"2026-04-27T22:12:14+00:00\",\"mainEntityOfPage\":{\"@id\":\"https:\/\/conexion23.com\/?p=56666\"},\"wordCount\":125,\"commentCount\":0,\"publisher\":{\"@id\":\"https:\/\/conexion23.com\/#organization\"},\"image\":{\"@id\":\"https:\/\/conexion23.com\/?p=56666#primaryimage\"},\"thumbnailUrl\":\"https:\/\/conexion23.com\/wp-content\/uploads\/2026\/04\/680586788_1567970471365263_1236182287474192503_n.jpg\",\"keywords\":[\"Accidente de Tr\u00e1nsito\",\"cuestionadas\",\"dajabon\",\"inmediata\",\"madre\",\"perdieron la vida\",\"tramo carretero\"],\"articleSection\":[\"Nacionales\",\"Portada\"],\"inLanguage\":\"es\",\"potentialAction\":[{\"@type\":\"CommentAction\",\"name\":\"Comment\",\"target\":[\"https:\/\/conexion23.com\/?p=56666#respond\"]}]},{\"@type\":\"WebPage\",\"@id\":\"https:\/\/conexion23.com\/?p=56666\",\"url\":\"https:\/\/conexion23.com\/?p=56666\",\"name\":\"Madre y su hijo pierden la vida en accidente de tr\u00e1nsito en tramo carretero Los Miches en Dajab\u00f3n - Conexi\u00f3n 23\",\"isPartOf\":{\"@id\":\"https:\/\/conexion23.com\/#website\"},\"primaryImageOfPage\":{\"@id\":\"https:\/\/conexion23.com\/?p=56666#primaryimage\"},\"image\":{\"@id\":\"https:\/\/conexion23.com\/?p=56666#primaryimage\"},\"thumbnailUrl\":\"https:\/\/conexion23.com\/wp-content\/uploads\/2026\/04\/680586788_1567970471365263_1236182287474192503_n.jpg\",\"datePublished\":\"2026-04-27T22:12:14+00:00\",\"breadcrumb\":{\"@id\":\"https:\/\/conexion23.com\/?p=56666#breadcrumb\"},\"inLanguage\":\"es\",\"potentialAction\":[{\"@type\":\"ReadAction\",\"target\":[\"https:\/\/conexion23.com\/?p=56666\"]}]},{\"@type\":\"ImageObject\",\"inLanguage\":\"es\",\"@id\":\"https:\/\/conexion23.com\/?p=56666#primaryimage\",\"url\":\"https:\/\/conexion23.com\/wp-content\/uploads\/2026\/04\/680586788_1567970471365263_1236182287474192503_n.jpg\",\"contentUrl\":\"https:\/\/conexion23.com\/wp-content\/uploads\/2026\/04\/680586788_1567970471365263_1236182287474192503_n.jpg\",\"width\":2048,\"height\":1378},{\"@type\":\"BreadcrumbList\",\"@id\":\"https:\/\/conexion23.com\/?p=56666#breadcrumb\",\"itemListElement\":[{\"@type\":\"ListItem\",\"position\":1,\"name\":\"Portada\",\"item\":\"https:\/\/conexion23.com\/\"},{\"@type\":\"ListItem\",\"position\":2,\"name\":\"Madre y su hijo pierden la vida en accidente de tr\u00e1nsito en tramo carretero Los Miches en Dajab\u00f3n\"}]},{\"@type\":\"WebSite\",\"@id\":\"https:\/\/conexion23.com\/#website\",\"url\":\"https:\/\/conexion23.com\/\",\"name\":\"Conexi\u00f3n 23\",\"description\":\"Peri\u00f3dico 100% Petromacorisano\",\"publisher\":{\"@id\":\"https:\/\/conexion23.com\/#organization\"},\"potentialAction\":[{\"@type\":\"SearchAction\",\"target\":{\"@type\":\"EntryPoint\",\"urlTemplate\":\"https:\/\/conexion23.com\/?s={search_term_string}\"},\"query-input\":{\"@type\":\"PropertyValueSpecification\",\"valueRequired\":true,\"valueName\":\"search_term_string\"}}],\"inLanguage\":\"es\"},{\"@type\":\"Organization\",\"@id\":\"https:\/\/conexion23.com\/#organization\",\"name\":\"Conexion 23\",\"url\":\"https:\/\/conexion23.com\/\",\"logo\":{\"@type\":\"ImageObject\",\"inLanguage\":\"es\",\"@id\":\"https:\/\/conexion23.com\/#\/schema\/logo\/image\/\",\"url\":\"https:\/\/conexion23.com\/wp-content\/uploads\/2021\/11\/Diseno-sin-titulo-2.png\",\"contentUrl\":\"https:\/\/conexion23.com\/wp-content\/uploads\/2021\/11\/Diseno-sin-titulo-2.png\",\"width\":541,\"height\":90,\"caption\":\"Conexion 23\"},\"image\":{\"@id\":\"https:\/\/conexion23.com\/#\/schema\/logo\/image\/\"},\"sameAs\":[\"https:\/\/www.facebook.com\/conexion23com\",\"https:\/\/www.instagram.com\/conexion23com\/\",\"https:\/\/www.youtube.com\/channel\/UCYc7vxxFZMYLIHNsHHxPZ3Q\"]},{\"@type\":\"Person\",\"@id\":\"https:\/\/conexion23.com\/#\/schema\/person\/03e36043331117e97a373299bbcd30a6\",\"name\":\"Raffy Ben\u00edtez\",\"image\":{\"@type\":\"ImageObject\",\"inLanguage\":\"es\",\"@id\":\"https:\/\/conexion23.com\/#\/schema\/person\/image\/\",\"url\":\"https:\/\/secure.gravatar.com\/avatar\/3190a6a6c5e1b0327500f7d6c56b6242472ee6cb974cf09b401ee6b3b0798f23?s=96&d=mm&r=g\",\"contentUrl\":\"https:\/\/secure.gravatar.com\/avatar\/3190a6a6c5e1b0327500f7d6c56b6242472ee6cb974cf09b401ee6b3b0798f23?s=96&d=mm&r=g\",\"caption\":\"Raffy Ben\u00edtez\"},\"url\":\"https:\/\/conexion23.com\/?author=15\"}]}<\/script>\n<!-- \/ Yoast SEO plugin. -->","yoast_head_json":{"title":"Madre y su hijo pierden la vida en accidente de tr\u00e1nsito en tramo carretero Los Miches en Dajab\u00f3n - Conexi\u00f3n 23","robots":{"index":"index","follow":"follow","max-snippet":"max-snippet:-1","max-image-preview":"max-image-preview:large","max-video-preview":"max-video-preview:-1"},"canonical":"https:\/\/conexion23.com\/?p=56666","og_locale":"es_ES","og_type":"article","og_title":"Madre y su hijo pierden la vida en accidente de tr\u00e1nsito en tramo carretero Los Miches en Dajab\u00f3n - Conexi\u00f3n 23","og_description":"Una tragedia vial se registr\u00f3 en la provincia de Dajab\u00f3n, donde una mujer y su hijo fallecieron de manera instant\u00e1nea luego de un accidente. La v\u00edctima fue identificada como Estefan\u00eda Fern\u00e1ndez, quien, seg\u00fan se inform\u00f3, era gemela id\u00e9ntica, un detalle que ha incrementado el impacto emocional del suceso. En el mismo hecho tambi\u00e9n muri\u00f3 su [&hellip;]","og_url":"https:\/\/conexion23.com\/?p=56666","og_site_name":"Conexi\u00f3n 23","article_publisher":"https:\/\/www.facebook.com\/conexion23com","article_published_time":"2026-04-27T22:12:14+00:00","og_image":[{"width":2048,"height":1378,"url":"http:\/\/conexion23.com\/wp-content\/uploads\/2026\/04\/680586788_1567970471365263_1236182287474192503_n.jpg","type":"image\/jpeg"}],"author":"Raffy Ben\u00edtez","twitter_card":"summary_large_image","twitter_misc":{"Escrito por":"Raffy Ben\u00edtez","Tiempo de lectura":"1 minuto"},"schema":{"@context":"https:\/\/schema.org","@graph":[{"@type":"Article","@id":"https:\/\/conexion23.com\/?p=56666#article","isPartOf":{"@id":"https:\/\/conexion23.com\/?p=56666"},"author":{"name":"Raffy Ben\u00edtez","@id":"https:\/\/conexion23.com\/#\/schema\/person\/03e36043331117e97a373299bbcd30a6"},"headline":"Madre y su hijo pierden la vida en accidente de tr\u00e1nsito en tramo carretero Los Miches en Dajab\u00f3n","datePublished":"2026-04-27T22:12:14+00:00","mainEntityOfPage":{"@id":"https:\/\/conexion23.com\/?p=56666"},"wordCount":125,"commentCount":0,"publisher":{"@id":"https:\/\/conexion23.com\/#organization"},"image":{"@id":"https:\/\/conexion23.com\/?p=56666#primaryimage"},"thumbnailUrl":"https:\/\/conexion23.com\/wp-content\/uploads\/2026\/04\/680586788_1567970471365263_1236182287474192503_n.jpg","keywords":["Accidente de Tr\u00e1nsito","cuestionadas","dajabon","inmediata","madre","perdieron la vida","tramo carretero"],"articleSection":["Nacionales","Portada"],"inLanguage":"es","potentialAction":[{"@type":"CommentAction","name":"Comment","target":["https:\/\/conexion23.com\/?p=56666#respond"]}]},{"@type":"WebPage","@id":"https:\/\/conexion23.com\/?p=56666","url":"https:\/\/conexion23.com\/?p=56666","name":"Madre y su hijo pierden la vida en accidente de tr\u00e1nsito en tramo carretero Los Miches en Dajab\u00f3n - Conexi\u00f3n 23","isPartOf":{"@id":"https:\/\/conexion23.com\/#website"},"primaryImageOfPage":{"@id":"https:\/\/conexion23.com\/?p=56666#primaryimage"},"image":{"@id":"https:\/\/conexion23.com\/?p=56666#primaryimage"},"thumbnailUrl":"https:\/\/conexion23.com\/wp-content\/uploads\/2026\/04\/680586788_1567970471365263_1236182287474192503_n.jpg","datePublished":"2026-04-27T22:12:14+00:00","breadcrumb":{"@id":"https:\/\/conexion23.com\/?p=56666#breadcrumb"},"inLanguage":"es","potentialAction":[{"@type":"ReadAction","target":["https:\/\/conexion23.com\/?p=56666"]}]},{"@type":"ImageObject","inLanguage":"es","@id":"https:\/\/conexion23.com\/?p=56666#primaryimage","url":"https:\/\/conexion23.com\/wp-content\/uploads\/2026\/04\/680586788_1567970471365263_1236182287474192503_n.jpg","contentUrl":"https:\/\/conexion23.com\/wp-content\/uploads\/2026\/04\/680586788_1567970471365263_1236182287474192503_n.jpg","width":2048,"height":1378},{"@type":"BreadcrumbList","@id":"https:\/\/conexion23.com\/?p=56666#breadcrumb","itemListElement":[{"@type":"ListItem","position":1,"name":"Portada","item":"https:\/\/conexion23.com\/"},{"@type":"ListItem","position":2,"name":"Madre y su hijo pierden la vida en accidente de tr\u00e1nsito en tramo carretero Los Miches en Dajab\u00f3n"}]},{"@type":"WebSite","@id":"https:\/\/conexion23.com\/#website","url":"https:\/\/conexion23.com\/","name":"Conexi\u00f3n 23","description":"Peri\u00f3dico 100% Petromacorisano","publisher":{"@id":"https:\/\/conexion23.com\/#organization"},"potentialAction":[{"@type":"SearchAction","target":{"@type":"EntryPoint","urlTemplate":"https:\/\/conexion23.com\/?s={search_term_string}"},"query-input":{"@type":"PropertyValueSpecification","valueRequired":true,"valueName":"search_term_string"}}],"inLanguage":"es"},{"@type":"Organization","@id":"https:\/\/conexion23.com\/#organization","name":"Conexion 23","url":"https:\/\/conexion23.com\/","logo":{"@type":"ImageObject","inLanguage":"es","@id":"https:\/\/conexion23.com\/#\/schema\/logo\/image\/","url":"https:\/\/conexion23.com\/wp-content\/uploads\/2021\/11\/Diseno-sin-titulo-2.png","contentUrl":"https:\/\/conexion23.com\/wp-content\/uploads\/2021\/11\/Diseno-sin-titulo-2.png","width":541,"height":90,"caption":"Conexion 23"},"image":{"@id":"https:\/\/conexion23.com\/#\/schema\/logo\/image\/"},"sameAs":["https:\/\/www.facebook.com\/conexion23com","https:\/\/www.instagram.com\/conexion23com\/","https:\/\/www.youtube.com\/channel\/UCYc7vxxFZMYLIHNsHHxPZ3Q"]},{"@type":"Person","@id":"https:\/\/conexion23.com\/#\/schema\/person\/03e36043331117e97a373299bbcd30a6","name":"Raffy Ben\u00edtez","image":{"@type":"ImageObject","inLanguage":"es","@id":"https:\/\/conexion23.com\/#\/schema\/person\/image\/","url":"https:\/\/secure.gravatar.com\/avatar\/3190a6a6c5e1b0327500f7d6c56b6242472ee6cb974cf09b401ee6b3b0798f23?s=96&d=mm&r=g","contentUrl":"https:\/\/secure.gravatar.com\/avatar\/3190a6a6c5e1b0327500f7d6c56b6242472ee6cb974cf09b401ee6b3b0798f23?s=96&d=mm&r=g","caption":"Raffy Ben\u00edtez"},"url":"https:\/\/conexion23.com\/?author=15"}]}},"_links":{"self":[{"href":"https:\/\/conexion23.com\/index.php?rest_route=\/wp\/v2\/posts\/56666","targetHints":{"allow":["GET"]}}],"collection":[{"href":"https:\/\/conexion23.com\/index.php?rest_route=\/wp\/v2\/posts"}],"about":[{"href":"https:\/\/conexion23.com\/index.php?rest_route=\/wp\/v2\/types\/post"}],"author":[{"embeddable":true,"href":"https:\/\/conexion23.com\/index.php?rest_route=\/wp\/v2\/users\/15"}],"replies":[{"embeddable":true,"href":"https:\/\/conexion23.com\/index.php?rest_route=%2Fwp%2Fv2%2Fcomments&post=56666"}],"version-history":[{"count":1,"href":"https:\/\/conexion23.com\/index.php?rest_route=\/wp\/v2\/posts\/56666\/revisions"}],"predecessor-version":[{"id":56669,"href":"https:\/\/conexion23.com\/index.php?rest_route=\/wp\/v2\/posts\/56666\/revisions\/56669"}],"wp:featuredmedia":[{"embeddable":true,"href":"https:\/\/conexion23.com\/index.php?rest_route=\/wp\/v2\/media\/56668"}],"wp:attachment":[{"href":"https:\/\/conexion23.com\/index.php?rest_route=%2Fwp%2Fv2%2Fmedia&parent=56666"}],"wp:term":[{"taxonomy":"category","embeddable":true,"href":"https:\/\/conexion23.com\/index.php?rest_route=%2Fwp%2Fv2%2Fcategories&post=56666"},{"taxonomy":"post_tag","embeddable":true,"href":"https:\/\/conexion23.com\/index.php?rest_route=%2Fwp%2Fv2%2Ftags&post=56666"}],"curies":[{"name":"wp","href":"https:\/\/api.w.org\/{rel}","templated":true}]}}