{"id":56670,"date":"2026-04-27T18:21:45","date_gmt":"2026-04-27T22:21:45","guid":{"rendered":"https:\/\/conexion23.com\/?p=56670"},"modified":"2026-04-27T18:21:45","modified_gmt":"2026-04-27T22:21:45","slug":"comunicador-jhossan-capell-abofetea-a-padre-de-victima-del-caso-jet-set","status":"publish","type":"post","link":"https:\/\/conexion23.com\/?p=56670","title":{"rendered":"Comunicador Jhossan Capell abofetea a padre de v\u00edctima del caso Jet Set"},"content":{"rendered":"<p style=\"text-align: justify;\">Un ambiente de tensi\u00f3n se vivi\u00f3 este lunes en los pasillos del Palacio de Justicia de Ciudad Nueva, donde se produjo un altercado f\u00edsico entre el comunicador Jhossan Capell y el se\u00f1or Jos\u00e9 Luis Custodio, padre de una de las v\u00edctimas del colapso de la discoteca Jet Set. El incidente ocurri\u00f3 en momentos en que Capell ofrec\u00eda declaraciones a los medios de comunicaci\u00f3n en defensa de los propietarios de la discoteca Jet Set, los hermanos Antonio y Maribel Espaillat.<\/p>\n<p style=\"text-align: justify;\">El comunicador resaltaba cualidades de los hermanos Espaillat, afirmando que estos \u00abhan ayudado a mucha gente\u00bb a lo largo de su trayectoria.<\/p>\n<p style=\"text-align: justify;\">Mientras Capell hablaba ante las c\u00e1maras, fue interrumpido por Custodio, quien lo contradijo de manera airada vociferando el calificativo de \u00abasesino\u00bb en referencia a los imputados.<\/p>\n<p style=\"text-align: justify;\">El comunicador reaccion\u00f3 de forma violenta propin\u00e1ndole una bofetada al se\u00f1or Custodio frente a todos, quedando captado en videos.<\/p>\n<p style=\"text-align: justify;\">Inmediatamente despu\u00e9s de la agresi\u00f3n, agentes de Protecci\u00f3n Judicial intervinieron para evitar que el conflicto escalara.<\/p>\n<p style=\"text-align: justify;\">El comunicador fue retirado de las instalaciones del Palacio de Justicia por los oficiales de seguridad.<\/p>\n<p style=\"text-align: justify;\">Perfil del agresor<\/p>\n<p style=\"text-align: justify;\">Jhossan Capell, adem\u00e1s de su labor como comunicador, es una figura conocida en la regi\u00f3n este del pa\u00eds, habiendo desempe\u00f1ado funciones como alcalde de la comunidad de Santa Luc\u00eda, en la provincia de El Seibo.<\/p>\n<p style=\"text-align: justify;\">El se\u00f1or Jos\u00e9 Luis Custodio, afectado por el golpe, reiter\u00f3 su posici\u00f3n de exigencia de justicia tras el incidente.<\/p>\n","protected":false},"excerpt":{"rendered":"<p>Un ambiente de tensi\u00f3n se vivi\u00f3 este lunes en los pasillos del Palacio de Justicia de Ciudad Nueva, donde se produjo un altercado f\u00edsico entre el comunicador Jhossan Capell y el se\u00f1or Jos\u00e9 Luis Custodio, padre de una de las v\u00edctimas del colapso de la discoteca Jet Set. El incidente ocurri\u00f3 en momentos en que [&hellip;]<\/p>\n","protected":false},"author":15,"featured_media":56671,"comment_status":"open","ping_status":"open","sticky":false,"template":"","format":"standard","meta":{"footnotes":""},"categories":[3913,3773],"tags":[8583,1827,6168,3784,8582,441],"class_list":{"0":"post-56670","1":"post","2":"type-post","3":"status-publish","4":"format-standard","5":"has-post-thumbnail","7":"category-nacionales","8":"category-portada","9":"tag-abofetea","10":"tag-altercado","11":"tag-caso-jet-set","12":"tag-ciudad-nueva","13":"tag-jhossan-capell","14":"tag-palacio-de-justicia"},"yoast_head":"<!-- This site is optimized with the Yoast SEO plugin v27.1.1 - https:\/\/yoast.com\/product\/yoast-seo-wordpress\/ -->\n<title>Comunicador Jhossan Capell abofetea a padre de v\u00edctima del caso Jet Set - Conexi\u00f3n 23<\/title>\n<meta name=\"robots\" content=\"index, follow, max-snippet:-1, max-image-preview:large, max-video-preview:-1\" \/>\n<link rel=\"canonical\" href=\"https:\/\/conexion23.com\/?p=56670\" \/>\n<meta property=\"og:locale\" content=\"es_ES\" \/>\n<meta property=\"og:type\" content=\"article\" \/>\n<meta property=\"og:title\" content=\"Comunicador Jhossan Capell abofetea a padre de v\u00edctima del caso Jet Set - Conexi\u00f3n 23\" \/>\n<meta property=\"og:description\" content=\"Un ambiente de tensi\u00f3n se vivi\u00f3 este lunes en los pasillos del Palacio de Justicia de Ciudad Nueva, donde se produjo un altercado f\u00edsico entre el comunicador Jhossan Capell y el se\u00f1or Jos\u00e9 Luis Custodio, padre de una de las v\u00edctimas del colapso de la discoteca Jet Set. El incidente ocurri\u00f3 en momentos en que [&hellip;]\" \/>\n<meta property=\"og:url\" content=\"https:\/\/conexion23.com\/?p=56670\" \/>\n<meta property=\"og:site_name\" content=\"Conexi\u00f3n 23\" \/>\n<meta property=\"article:publisher\" content=\"https:\/\/www.facebook.com\/conexion23com\" \/>\n<meta property=\"article:published_time\" content=\"2026-04-27T22:21:45+00:00\" \/>\n<meta property=\"og:image\" content=\"http:\/\/conexion23.com\/wp-content\/uploads\/2026\/04\/69ef8199b321f.r_d.403-523-800x475-1.jpeg\" \/>\n\t<meta property=\"og:image:width\" content=\"800\" \/>\n\t<meta property=\"og:image:height\" content=\"475\" \/>\n\t<meta property=\"og:image:type\" content=\"image\/jpeg\" \/>\n<meta name=\"author\" content=\"Raffy Ben\u00edtez\" \/>\n<meta name=\"twitter:card\" content=\"summary_large_image\" \/>\n<meta name=\"twitter:label1\" content=\"Escrito por\" \/>\n\t<meta name=\"twitter:data1\" content=\"Raffy Ben\u00edtez\" \/>\n\t<meta name=\"twitter:label2\" content=\"Tiempo de lectura\" \/>\n\t<meta name=\"twitter:data2\" content=\"2 minutos\" \/>\n<script type=\"application\/ld+json\" class=\"yoast-schema-graph\">{\"@context\":\"https:\/\/schema.org\",\"@graph\":[{\"@type\":\"Article\",\"@id\":\"https:\/\/conexion23.com\/?p=56670#article\",\"isPartOf\":{\"@id\":\"https:\/\/conexion23.com\/?p=56670\"},\"author\":{\"name\":\"Raffy Ben\u00edtez\",\"@id\":\"https:\/\/conexion23.com\/#\/schema\/person\/03e36043331117e97a373299bbcd30a6\"},\"headline\":\"Comunicador Jhossan Capell abofetea a padre de v\u00edctima del caso Jet Set\",\"datePublished\":\"2026-04-27T22:21:45+00:00\",\"mainEntityOfPage\":{\"@id\":\"https:\/\/conexion23.com\/?p=56670\"},\"wordCount\":267,\"commentCount\":0,\"publisher\":{\"@id\":\"https:\/\/conexion23.com\/#organization\"},\"image\":{\"@id\":\"https:\/\/conexion23.com\/?p=56670#primaryimage\"},\"thumbnailUrl\":\"https:\/\/conexion23.com\/wp-content\/uploads\/2026\/04\/69ef8199b321f.r_d.403-523-800x475-1.jpeg\",\"keywords\":[\"abofetea\",\"altercado\",\"caso Jet Set\",\"Ciudad Nueva\",\"Jhossan Capell\",\"palacio de justicia\"],\"articleSection\":[\"Nacionales\",\"Portada\"],\"inLanguage\":\"es\",\"potentialAction\":[{\"@type\":\"CommentAction\",\"name\":\"Comment\",\"target\":[\"https:\/\/conexion23.com\/?p=56670#respond\"]}]},{\"@type\":\"WebPage\",\"@id\":\"https:\/\/conexion23.com\/?p=56670\",\"url\":\"https:\/\/conexion23.com\/?p=56670\",\"name\":\"Comunicador Jhossan Capell abofetea a padre de v\u00edctima del caso Jet Set - Conexi\u00f3n 23\",\"isPartOf\":{\"@id\":\"https:\/\/conexion23.com\/#website\"},\"primaryImageOfPage\":{\"@id\":\"https:\/\/conexion23.com\/?p=56670#primaryimage\"},\"image\":{\"@id\":\"https:\/\/conexion23.com\/?p=56670#primaryimage\"},\"thumbnailUrl\":\"https:\/\/conexion23.com\/wp-content\/uploads\/2026\/04\/69ef8199b321f.r_d.403-523-800x475-1.jpeg\",\"datePublished\":\"2026-04-27T22:21:45+00:00\",\"breadcrumb\":{\"@id\":\"https:\/\/conexion23.com\/?p=56670#breadcrumb\"},\"inLanguage\":\"es\",\"potentialAction\":[{\"@type\":\"ReadAction\",\"target\":[\"https:\/\/conexion23.com\/?p=56670\"]}]},{\"@type\":\"ImageObject\",\"inLanguage\":\"es\",\"@id\":\"https:\/\/conexion23.com\/?p=56670#primaryimage\",\"url\":\"https:\/\/conexion23.com\/wp-content\/uploads\/2026\/04\/69ef8199b321f.r_d.403-523-800x475-1.jpeg\",\"contentUrl\":\"https:\/\/conexion23.com\/wp-content\/uploads\/2026\/04\/69ef8199b321f.r_d.403-523-800x475-1.jpeg\",\"width\":800,\"height\":475},{\"@type\":\"BreadcrumbList\",\"@id\":\"https:\/\/conexion23.com\/?p=56670#breadcrumb\",\"itemListElement\":[{\"@type\":\"ListItem\",\"position\":1,\"name\":\"Portada\",\"item\":\"https:\/\/conexion23.com\/\"},{\"@type\":\"ListItem\",\"position\":2,\"name\":\"Comunicador Jhossan Capell abofetea a padre de v\u00edctima del caso Jet Set\"}]},{\"@type\":\"WebSite\",\"@id\":\"https:\/\/conexion23.com\/#website\",\"url\":\"https:\/\/conexion23.com\/\",\"name\":\"Conexi\u00f3n 23\",\"description\":\"Peri\u00f3dico 100% Petromacorisano\",\"publisher\":{\"@id\":\"https:\/\/conexion23.com\/#organization\"},\"potentialAction\":[{\"@type\":\"SearchAction\",\"target\":{\"@type\":\"EntryPoint\",\"urlTemplate\":\"https:\/\/conexion23.com\/?s={search_term_string}\"},\"query-input\":{\"@type\":\"PropertyValueSpecification\",\"valueRequired\":true,\"valueName\":\"search_term_string\"}}],\"inLanguage\":\"es\"},{\"@type\":\"Organization\",\"@id\":\"https:\/\/conexion23.com\/#organization\",\"name\":\"Conexion 23\",\"url\":\"https:\/\/conexion23.com\/\",\"logo\":{\"@type\":\"ImageObject\",\"inLanguage\":\"es\",\"@id\":\"https:\/\/conexion23.com\/#\/schema\/logo\/image\/\",\"url\":\"https:\/\/conexion23.com\/wp-content\/uploads\/2021\/11\/Diseno-sin-titulo-2.png\",\"contentUrl\":\"https:\/\/conexion23.com\/wp-content\/uploads\/2021\/11\/Diseno-sin-titulo-2.png\",\"width\":541,\"height\":90,\"caption\":\"Conexion 23\"},\"image\":{\"@id\":\"https:\/\/conexion23.com\/#\/schema\/logo\/image\/\"},\"sameAs\":[\"https:\/\/www.facebook.com\/conexion23com\",\"https:\/\/www.instagram.com\/conexion23com\/\",\"https:\/\/www.youtube.com\/channel\/UCYc7vxxFZMYLIHNsHHxPZ3Q\"]},{\"@type\":\"Person\",\"@id\":\"https:\/\/conexion23.com\/#\/schema\/person\/03e36043331117e97a373299bbcd30a6\",\"name\":\"Raffy Ben\u00edtez\",\"image\":{\"@type\":\"ImageObject\",\"inLanguage\":\"es\",\"@id\":\"https:\/\/conexion23.com\/#\/schema\/person\/image\/\",\"url\":\"https:\/\/secure.gravatar.com\/avatar\/3190a6a6c5e1b0327500f7d6c56b6242472ee6cb974cf09b401ee6b3b0798f23?s=96&d=mm&r=g\",\"contentUrl\":\"https:\/\/secure.gravatar.com\/avatar\/3190a6a6c5e1b0327500f7d6c56b6242472ee6cb974cf09b401ee6b3b0798f23?s=96&d=mm&r=g\",\"caption\":\"Raffy Ben\u00edtez\"},\"url\":\"https:\/\/conexion23.com\/?author=15\"}]}<\/script>\n<!-- \/ Yoast SEO plugin. -->","yoast_head_json":{"title":"Comunicador Jhossan Capell abofetea a padre de v\u00edctima del caso Jet Set - Conexi\u00f3n 23","robots":{"index":"index","follow":"follow","max-snippet":"max-snippet:-1","max-image-preview":"max-image-preview:large","max-video-preview":"max-video-preview:-1"},"canonical":"https:\/\/conexion23.com\/?p=56670","og_locale":"es_ES","og_type":"article","og_title":"Comunicador Jhossan Capell abofetea a padre de v\u00edctima del caso Jet Set - Conexi\u00f3n 23","og_description":"Un ambiente de tensi\u00f3n se vivi\u00f3 este lunes en los pasillos del Palacio de Justicia de Ciudad Nueva, donde se produjo un altercado f\u00edsico entre el comunicador Jhossan Capell y el se\u00f1or Jos\u00e9 Luis Custodio, padre de una de las v\u00edctimas del colapso de la discoteca Jet Set. El incidente ocurri\u00f3 en momentos en que [&hellip;]","og_url":"https:\/\/conexion23.com\/?p=56670","og_site_name":"Conexi\u00f3n 23","article_publisher":"https:\/\/www.facebook.com\/conexion23com","article_published_time":"2026-04-27T22:21:45+00:00","og_image":[{"width":800,"height":475,"url":"http:\/\/conexion23.com\/wp-content\/uploads\/2026\/04\/69ef8199b321f.r_d.403-523-800x475-1.jpeg","type":"image\/jpeg"}],"author":"Raffy Ben\u00edtez","twitter_card":"summary_large_image","twitter_misc":{"Escrito por":"Raffy Ben\u00edtez","Tiempo de lectura":"2 minutos"},"schema":{"@context":"https:\/\/schema.org","@graph":[{"@type":"Article","@id":"https:\/\/conexion23.com\/?p=56670#article","isPartOf":{"@id":"https:\/\/conexion23.com\/?p=56670"},"author":{"name":"Raffy Ben\u00edtez","@id":"https:\/\/conexion23.com\/#\/schema\/person\/03e36043331117e97a373299bbcd30a6"},"headline":"Comunicador Jhossan Capell abofetea a padre de v\u00edctima del caso Jet Set","datePublished":"2026-04-27T22:21:45+00:00","mainEntityOfPage":{"@id":"https:\/\/conexion23.com\/?p=56670"},"wordCount":267,"commentCount":0,"publisher":{"@id":"https:\/\/conexion23.com\/#organization"},"image":{"@id":"https:\/\/conexion23.com\/?p=56670#primaryimage"},"thumbnailUrl":"https:\/\/conexion23.com\/wp-content\/uploads\/2026\/04\/69ef8199b321f.r_d.403-523-800x475-1.jpeg","keywords":["abofetea","altercado","caso Jet Set","Ciudad Nueva","Jhossan Capell","palacio de justicia"],"articleSection":["Nacionales","Portada"],"inLanguage":"es","potentialAction":[{"@type":"CommentAction","name":"Comment","target":["https:\/\/conexion23.com\/?p=56670#respond"]}]},{"@type":"WebPage","@id":"https:\/\/conexion23.com\/?p=56670","url":"https:\/\/conexion23.com\/?p=56670","name":"Comunicador Jhossan Capell abofetea a padre de v\u00edctima del caso Jet Set - Conexi\u00f3n 23","isPartOf":{"@id":"https:\/\/conexion23.com\/#website"},"primaryImageOfPage":{"@id":"https:\/\/conexion23.com\/?p=56670#primaryimage"},"image":{"@id":"https:\/\/conexion23.com\/?p=56670#primaryimage"},"thumbnailUrl":"https:\/\/conexion23.com\/wp-content\/uploads\/2026\/04\/69ef8199b321f.r_d.403-523-800x475-1.jpeg","datePublished":"2026-04-27T22:21:45+00:00","breadcrumb":{"@id":"https:\/\/conexion23.com\/?p=56670#breadcrumb"},"inLanguage":"es","potentialAction":[{"@type":"ReadAction","target":["https:\/\/conexion23.com\/?p=56670"]}]},{"@type":"ImageObject","inLanguage":"es","@id":"https:\/\/conexion23.com\/?p=56670#primaryimage","url":"https:\/\/conexion23.com\/wp-content\/uploads\/2026\/04\/69ef8199b321f.r_d.403-523-800x475-1.jpeg","contentUrl":"https:\/\/conexion23.com\/wp-content\/uploads\/2026\/04\/69ef8199b321f.r_d.403-523-800x475-1.jpeg","width":800,"height":475},{"@type":"BreadcrumbList","@id":"https:\/\/conexion23.com\/?p=56670#breadcrumb","itemListElement":[{"@type":"ListItem","position":1,"name":"Portada","item":"https:\/\/conexion23.com\/"},{"@type":"ListItem","position":2,"name":"Comunicador Jhossan Capell abofetea a padre de v\u00edctima del caso Jet Set"}]},{"@type":"WebSite","@id":"https:\/\/conexion23.com\/#website","url":"https:\/\/conexion23.com\/","name":"Conexi\u00f3n 23","description":"Peri\u00f3dico 100% Petromacorisano","publisher":{"@id":"https:\/\/conexion23.com\/#organization"},"potentialAction":[{"@type":"SearchAction","target":{"@type":"EntryPoint","urlTemplate":"https:\/\/conexion23.com\/?s={search_term_string}"},"query-input":{"@type":"PropertyValueSpecification","valueRequired":true,"valueName":"search_term_string"}}],"inLanguage":"es"},{"@type":"Organization","@id":"https:\/\/conexion23.com\/#organization","name":"Conexion 23","url":"https:\/\/conexion23.com\/","logo":{"@type":"ImageObject","inLanguage":"es","@id":"https:\/\/conexion23.com\/#\/schema\/logo\/image\/","url":"https:\/\/conexion23.com\/wp-content\/uploads\/2021\/11\/Diseno-sin-titulo-2.png","contentUrl":"https:\/\/conexion23.com\/wp-content\/uploads\/2021\/11\/Diseno-sin-titulo-2.png","width":541,"height":90,"caption":"Conexion 23"},"image":{"@id":"https:\/\/conexion23.com\/#\/schema\/logo\/image\/"},"sameAs":["https:\/\/www.facebook.com\/conexion23com","https:\/\/www.instagram.com\/conexion23com\/","https:\/\/www.youtube.com\/channel\/UCYc7vxxFZMYLIHNsHHxPZ3Q"]},{"@type":"Person","@id":"https:\/\/conexion23.com\/#\/schema\/person\/03e36043331117e97a373299bbcd30a6","name":"Raffy Ben\u00edtez","image":{"@type":"ImageObject","inLanguage":"es","@id":"https:\/\/conexion23.com\/#\/schema\/person\/image\/","url":"https:\/\/secure.gravatar.com\/avatar\/3190a6a6c5e1b0327500f7d6c56b6242472ee6cb974cf09b401ee6b3b0798f23?s=96&d=mm&r=g","contentUrl":"https:\/\/secure.gravatar.com\/avatar\/3190a6a6c5e1b0327500f7d6c56b6242472ee6cb974cf09b401ee6b3b0798f23?s=96&d=mm&r=g","caption":"Raffy Ben\u00edtez"},"url":"https:\/\/conexion23.com\/?author=15"}]}},"_links":{"self":[{"href":"https:\/\/conexion23.com\/index.php?rest_route=\/wp\/v2\/posts\/56670","targetHints":{"allow":["GET"]}}],"collection":[{"href":"https:\/\/conexion23.com\/index.php?rest_route=\/wp\/v2\/posts"}],"about":[{"href":"https:\/\/conexion23.com\/index.php?rest_route=\/wp\/v2\/types\/post"}],"author":[{"embeddable":true,"href":"https:\/\/conexion23.com\/index.php?rest_route=\/wp\/v2\/users\/15"}],"replies":[{"embeddable":true,"href":"https:\/\/conexion23.com\/index.php?rest_route=%2Fwp%2Fv2%2Fcomments&post=56670"}],"version-history":[{"count":1,"href":"https:\/\/conexion23.com\/index.php?rest_route=\/wp\/v2\/posts\/56670\/revisions"}],"predecessor-version":[{"id":56672,"href":"https:\/\/conexion23.com\/index.php?rest_route=\/wp\/v2\/posts\/56670\/revisions\/56672"}],"wp:featuredmedia":[{"embeddable":true,"href":"https:\/\/conexion23.com\/index.php?rest_route=\/wp\/v2\/media\/56671"}],"wp:attachment":[{"href":"https:\/\/conexion23.com\/index.php?rest_route=%2Fwp%2Fv2%2Fmedia&parent=56670"}],"wp:term":[{"taxonomy":"category","embeddable":true,"href":"https:\/\/conexion23.com\/index.php?rest_route=%2Fwp%2Fv2%2Fcategories&post=56670"},{"taxonomy":"post_tag","embeddable":true,"href":"https:\/\/conexion23.com\/index.php?rest_route=%2Fwp%2Fv2%2Ftags&post=56670"}],"curies":[{"name":"wp","href":"https:\/\/api.w.org\/{rel}","templated":true}]}}