{"id":56678,"date":"2026-04-27T19:45:29","date_gmt":"2026-04-27T23:45:29","guid":{"rendered":"https:\/\/conexion23.com\/?p=56678"},"modified":"2026-04-27T19:08:49","modified_gmt":"2026-04-27T23:08:49","slug":"organizaciones-de-la-caleta-exigen-al-gobierno-responder-demandas","status":"publish","type":"post","link":"https:\/\/conexion23.com\/?p=56678","title":{"rendered":"Organizaciones de La Caleta exigen al Gobierno responder demandas"},"content":{"rendered":"<p style=\"text-align: justify;\"><strong>Diversas organizaciones comunitarias y sociales agrupadas en el Movimiento Municipal por los Derechos exigieron este lunes al Gobierno central ofrecer respuestas al pliego de demandas depositado en el Palacio Nacional el 16 de mayo de 2025, sin que hasta la fecha hayan recibido contestaci\u00f3n.<\/strong><\/p>\n<p style=\"text-align: justify;\">Mediante una declaraci\u00f3n de prensa, denunciaron que el municipio contin\u00faa enfrentando m\u00faltiples carencias en \u00e1reas esenciales, por lo que reclamaron una intervenci\u00f3n urgente de las autoridades.<\/p>\n<p style=\"text-align: justify;\">De acuerdo con una nota informativa, entre las principales demandas citaron el cese de los desalojos forzosos en asentamientos humanos establecidos, acceso a viviendas dignas en terrenos seguros y titulados, rebaja de los combustibles y disminuci\u00f3n del costo de los productos de primera necesidad.<\/p>\n<p style=\"text-align: justify;\">Asimismo, solicitaron la construcci\u00f3n de aceras y contenes, asfaltado de calles, sistema de drenaje pluvial y sanitario, un hospital municipal y nuevos centros educativos.<\/p>\n<p style=\"text-align: justify;\">En la rueda de prensa participaron representantes de Codecoc, Fenatrano, Adecasvaza, Red Urbana, iglesias y juntas comunitarias, las cuales advirtieron que mantendr\u00e1n su lucha hasta obtener respuestas concretas a sus reclamos.<\/p>\n","protected":false},"excerpt":{"rendered":"<p>Diversas organizaciones comunitarias y sociales agrupadas en el Movimiento Municipal por los Derechos exigieron este lunes al Gobierno central ofrecer respuestas al pliego de demandas depositado en el Palacio Nacional el 16 de mayo de 2025, sin que hasta la fecha hayan recibido contestaci\u00f3n. Mediante una declaraci\u00f3n de prensa, denunciaron que el municipio contin\u00faa enfrentando [&hellip;]<\/p>\n","protected":false},"author":18,"featured_media":56679,"comment_status":"open","ping_status":"open","sticky":false,"template":"","format":"standard","meta":{"footnotes":""},"categories":[12,3773],"tags":[8586,8584,1936,4904,8585],"class_list":{"0":"post-56678","1":"post","2":"type-post","3":"status-publish","4":"format-standard","5":"has-post-thumbnail","7":"category-municipales","8":"category-portada","9":"tag-codecoc","10":"tag-comunitarias","11":"tag-fenatrano","12":"tag-la-caleta","13":"tag-movimiento-municipal"},"yoast_head":"<!-- This site is optimized with the Yoast SEO plugin v27.1.1 - https:\/\/yoast.com\/product\/yoast-seo-wordpress\/ -->\n<title>Organizaciones de La Caleta exigen al Gobierno responder demandas - Conexi\u00f3n 23<\/title>\n<meta name=\"robots\" content=\"index, follow, max-snippet:-1, max-image-preview:large, max-video-preview:-1\" \/>\n<link rel=\"canonical\" href=\"https:\/\/conexion23.com\/?p=56678\" \/>\n<meta property=\"og:locale\" content=\"es_ES\" \/>\n<meta property=\"og:type\" content=\"article\" \/>\n<meta property=\"og:title\" content=\"Organizaciones de La Caleta exigen al Gobierno responder demandas - Conexi\u00f3n 23\" \/>\n<meta property=\"og:description\" content=\"Diversas organizaciones comunitarias y sociales agrupadas en el Movimiento Municipal por los Derechos exigieron este lunes al Gobierno central ofrecer respuestas al pliego de demandas depositado en el Palacio Nacional el 16 de mayo de 2025, sin que hasta la fecha hayan recibido contestaci\u00f3n. Mediante una declaraci\u00f3n de prensa, denunciaron que el municipio contin\u00faa enfrentando [&hellip;]\" \/>\n<meta property=\"og:url\" content=\"https:\/\/conexion23.com\/?p=56678\" \/>\n<meta property=\"og:site_name\" content=\"Conexi\u00f3n 23\" \/>\n<meta property=\"article:publisher\" content=\"https:\/\/www.facebook.com\/conexion23com\" \/>\n<meta property=\"article:published_time\" content=\"2026-04-27T23:45:29+00:00\" \/>\n<meta property=\"og:image\" content=\"https:\/\/conexion23.com\/wp-content\/uploads\/2026\/04\/Organizaciones-de-La-Caleta-exigen-al-Gobierno-responder-demandas-entregadas-hace-casi-un-ano.webp\" \/>\n\t<meta property=\"og:image:width\" content=\"1280\" \/>\n\t<meta property=\"og:image:height\" content=\"853\" \/>\n\t<meta property=\"og:image:type\" content=\"image\/webp\" \/>\n<meta name=\"author\" content=\"Redacci\u00f3n\" \/>\n<meta name=\"twitter:card\" content=\"summary_large_image\" \/>\n<meta name=\"twitter:label1\" content=\"Escrito por\" \/>\n\t<meta name=\"twitter:data1\" content=\"Redacci\u00f3n\" \/>\n\t<meta name=\"twitter:label2\" content=\"Tiempo de lectura\" \/>\n\t<meta name=\"twitter:data2\" content=\"1 minuto\" \/>\n<script type=\"application\/ld+json\" class=\"yoast-schema-graph\">{\"@context\":\"https:\/\/schema.org\",\"@graph\":[{\"@type\":\"Article\",\"@id\":\"https:\/\/conexion23.com\/?p=56678#article\",\"isPartOf\":{\"@id\":\"https:\/\/conexion23.com\/?p=56678\"},\"author\":{\"name\":\"Redacci\u00f3n\",\"@id\":\"https:\/\/conexion23.com\/#\/schema\/person\/0a860802b17d01ad2a278f53c507c296\"},\"headline\":\"Organizaciones de La Caleta exigen al Gobierno responder demandas\",\"datePublished\":\"2026-04-27T23:45:29+00:00\",\"mainEntityOfPage\":{\"@id\":\"https:\/\/conexion23.com\/?p=56678\"},\"wordCount\":184,\"commentCount\":0,\"publisher\":{\"@id\":\"https:\/\/conexion23.com\/#organization\"},\"image\":{\"@id\":\"https:\/\/conexion23.com\/?p=56678#primaryimage\"},\"thumbnailUrl\":\"https:\/\/conexion23.com\/wp-content\/uploads\/2026\/04\/Organizaciones-de-La-Caleta-exigen-al-Gobierno-responder-demandas-entregadas-hace-casi-un-ano.webp\",\"keywords\":[\"Codecoc\",\"comunitarias\",\"fenatrano\",\"La Caleta\",\"Movimiento Municipal\"],\"articleSection\":[\"Municipales\",\"Portada\"],\"inLanguage\":\"es\",\"potentialAction\":[{\"@type\":\"CommentAction\",\"name\":\"Comment\",\"target\":[\"https:\/\/conexion23.com\/?p=56678#respond\"]}]},{\"@type\":\"WebPage\",\"@id\":\"https:\/\/conexion23.com\/?p=56678\",\"url\":\"https:\/\/conexion23.com\/?p=56678\",\"name\":\"Organizaciones de La Caleta exigen al Gobierno responder demandas - Conexi\u00f3n 23\",\"isPartOf\":{\"@id\":\"https:\/\/conexion23.com\/#website\"},\"primaryImageOfPage\":{\"@id\":\"https:\/\/conexion23.com\/?p=56678#primaryimage\"},\"image\":{\"@id\":\"https:\/\/conexion23.com\/?p=56678#primaryimage\"},\"thumbnailUrl\":\"https:\/\/conexion23.com\/wp-content\/uploads\/2026\/04\/Organizaciones-de-La-Caleta-exigen-al-Gobierno-responder-demandas-entregadas-hace-casi-un-ano.webp\",\"datePublished\":\"2026-04-27T23:45:29+00:00\",\"breadcrumb\":{\"@id\":\"https:\/\/conexion23.com\/?p=56678#breadcrumb\"},\"inLanguage\":\"es\",\"potentialAction\":[{\"@type\":\"ReadAction\",\"target\":[\"https:\/\/conexion23.com\/?p=56678\"]}]},{\"@type\":\"ImageObject\",\"inLanguage\":\"es\",\"@id\":\"https:\/\/conexion23.com\/?p=56678#primaryimage\",\"url\":\"https:\/\/conexion23.com\/wp-content\/uploads\/2026\/04\/Organizaciones-de-La-Caleta-exigen-al-Gobierno-responder-demandas-entregadas-hace-casi-un-ano.webp\",\"contentUrl\":\"https:\/\/conexion23.com\/wp-content\/uploads\/2026\/04\/Organizaciones-de-La-Caleta-exigen-al-Gobierno-responder-demandas-entregadas-hace-casi-un-ano.webp\",\"width\":1280,\"height\":853},{\"@type\":\"BreadcrumbList\",\"@id\":\"https:\/\/conexion23.com\/?p=56678#breadcrumb\",\"itemListElement\":[{\"@type\":\"ListItem\",\"position\":1,\"name\":\"Portada\",\"item\":\"https:\/\/conexion23.com\/\"},{\"@type\":\"ListItem\",\"position\":2,\"name\":\"Organizaciones de La Caleta exigen al Gobierno responder demandas\"}]},{\"@type\":\"WebSite\",\"@id\":\"https:\/\/conexion23.com\/#website\",\"url\":\"https:\/\/conexion23.com\/\",\"name\":\"Conexi\u00f3n 23\",\"description\":\"Peri\u00f3dico 100% Petromacorisano\",\"publisher\":{\"@id\":\"https:\/\/conexion23.com\/#organization\"},\"potentialAction\":[{\"@type\":\"SearchAction\",\"target\":{\"@type\":\"EntryPoint\",\"urlTemplate\":\"https:\/\/conexion23.com\/?s={search_term_string}\"},\"query-input\":{\"@type\":\"PropertyValueSpecification\",\"valueRequired\":true,\"valueName\":\"search_term_string\"}}],\"inLanguage\":\"es\"},{\"@type\":\"Organization\",\"@id\":\"https:\/\/conexion23.com\/#organization\",\"name\":\"Conexion 23\",\"url\":\"https:\/\/conexion23.com\/\",\"logo\":{\"@type\":\"ImageObject\",\"inLanguage\":\"es\",\"@id\":\"https:\/\/conexion23.com\/#\/schema\/logo\/image\/\",\"url\":\"https:\/\/conexion23.com\/wp-content\/uploads\/2021\/11\/Diseno-sin-titulo-2.png\",\"contentUrl\":\"https:\/\/conexion23.com\/wp-content\/uploads\/2021\/11\/Diseno-sin-titulo-2.png\",\"width\":541,\"height\":90,\"caption\":\"Conexion 23\"},\"image\":{\"@id\":\"https:\/\/conexion23.com\/#\/schema\/logo\/image\/\"},\"sameAs\":[\"https:\/\/www.facebook.com\/conexion23com\",\"https:\/\/www.instagram.com\/conexion23com\/\",\"https:\/\/www.youtube.com\/channel\/UCYc7vxxFZMYLIHNsHHxPZ3Q\"]},{\"@type\":\"Person\",\"@id\":\"https:\/\/conexion23.com\/#\/schema\/person\/0a860802b17d01ad2a278f53c507c296\",\"name\":\"Redacci\u00f3n\",\"image\":{\"@type\":\"ImageObject\",\"inLanguage\":\"es\",\"@id\":\"https:\/\/conexion23.com\/#\/schema\/person\/image\/\",\"url\":\"https:\/\/secure.gravatar.com\/avatar\/ec9d84b79c776aa1994e5893944465db9974b17b884155623da51b7b62c02845?s=96&d=mm&r=g\",\"contentUrl\":\"https:\/\/secure.gravatar.com\/avatar\/ec9d84b79c776aa1994e5893944465db9974b17b884155623da51b7b62c02845?s=96&d=mm&r=g\",\"caption\":\"Redacci\u00f3n\"},\"url\":\"https:\/\/conexion23.com\/?author=18\"}]}<\/script>\n<!-- \/ Yoast SEO plugin. -->","yoast_head_json":{"title":"Organizaciones de La Caleta exigen al Gobierno responder demandas - Conexi\u00f3n 23","robots":{"index":"index","follow":"follow","max-snippet":"max-snippet:-1","max-image-preview":"max-image-preview:large","max-video-preview":"max-video-preview:-1"},"canonical":"https:\/\/conexion23.com\/?p=56678","og_locale":"es_ES","og_type":"article","og_title":"Organizaciones de La Caleta exigen al Gobierno responder demandas - Conexi\u00f3n 23","og_description":"Diversas organizaciones comunitarias y sociales agrupadas en el Movimiento Municipal por los Derechos exigieron este lunes al Gobierno central ofrecer respuestas al pliego de demandas depositado en el Palacio Nacional el 16 de mayo de 2025, sin que hasta la fecha hayan recibido contestaci\u00f3n. Mediante una declaraci\u00f3n de prensa, denunciaron que el municipio contin\u00faa enfrentando [&hellip;]","og_url":"https:\/\/conexion23.com\/?p=56678","og_site_name":"Conexi\u00f3n 23","article_publisher":"https:\/\/www.facebook.com\/conexion23com","article_published_time":"2026-04-27T23:45:29+00:00","og_image":[{"width":1280,"height":853,"url":"https:\/\/conexion23.com\/wp-content\/uploads\/2026\/04\/Organizaciones-de-La-Caleta-exigen-al-Gobierno-responder-demandas-entregadas-hace-casi-un-ano.webp","type":"image\/webp"}],"author":"Redacci\u00f3n","twitter_card":"summary_large_image","twitter_misc":{"Escrito por":"Redacci\u00f3n","Tiempo de lectura":"1 minuto"},"schema":{"@context":"https:\/\/schema.org","@graph":[{"@type":"Article","@id":"https:\/\/conexion23.com\/?p=56678#article","isPartOf":{"@id":"https:\/\/conexion23.com\/?p=56678"},"author":{"name":"Redacci\u00f3n","@id":"https:\/\/conexion23.com\/#\/schema\/person\/0a860802b17d01ad2a278f53c507c296"},"headline":"Organizaciones de La Caleta exigen al Gobierno responder demandas","datePublished":"2026-04-27T23:45:29+00:00","mainEntityOfPage":{"@id":"https:\/\/conexion23.com\/?p=56678"},"wordCount":184,"commentCount":0,"publisher":{"@id":"https:\/\/conexion23.com\/#organization"},"image":{"@id":"https:\/\/conexion23.com\/?p=56678#primaryimage"},"thumbnailUrl":"https:\/\/conexion23.com\/wp-content\/uploads\/2026\/04\/Organizaciones-de-La-Caleta-exigen-al-Gobierno-responder-demandas-entregadas-hace-casi-un-ano.webp","keywords":["Codecoc","comunitarias","fenatrano","La Caleta","Movimiento Municipal"],"articleSection":["Municipales","Portada"],"inLanguage":"es","potentialAction":[{"@type":"CommentAction","name":"Comment","target":["https:\/\/conexion23.com\/?p=56678#respond"]}]},{"@type":"WebPage","@id":"https:\/\/conexion23.com\/?p=56678","url":"https:\/\/conexion23.com\/?p=56678","name":"Organizaciones de La Caleta exigen al Gobierno responder demandas - Conexi\u00f3n 23","isPartOf":{"@id":"https:\/\/conexion23.com\/#website"},"primaryImageOfPage":{"@id":"https:\/\/conexion23.com\/?p=56678#primaryimage"},"image":{"@id":"https:\/\/conexion23.com\/?p=56678#primaryimage"},"thumbnailUrl":"https:\/\/conexion23.com\/wp-content\/uploads\/2026\/04\/Organizaciones-de-La-Caleta-exigen-al-Gobierno-responder-demandas-entregadas-hace-casi-un-ano.webp","datePublished":"2026-04-27T23:45:29+00:00","breadcrumb":{"@id":"https:\/\/conexion23.com\/?p=56678#breadcrumb"},"inLanguage":"es","potentialAction":[{"@type":"ReadAction","target":["https:\/\/conexion23.com\/?p=56678"]}]},{"@type":"ImageObject","inLanguage":"es","@id":"https:\/\/conexion23.com\/?p=56678#primaryimage","url":"https:\/\/conexion23.com\/wp-content\/uploads\/2026\/04\/Organizaciones-de-La-Caleta-exigen-al-Gobierno-responder-demandas-entregadas-hace-casi-un-ano.webp","contentUrl":"https:\/\/conexion23.com\/wp-content\/uploads\/2026\/04\/Organizaciones-de-La-Caleta-exigen-al-Gobierno-responder-demandas-entregadas-hace-casi-un-ano.webp","width":1280,"height":853},{"@type":"BreadcrumbList","@id":"https:\/\/conexion23.com\/?p=56678#breadcrumb","itemListElement":[{"@type":"ListItem","position":1,"name":"Portada","item":"https:\/\/conexion23.com\/"},{"@type":"ListItem","position":2,"name":"Organizaciones de La Caleta exigen al Gobierno responder demandas"}]},{"@type":"WebSite","@id":"https:\/\/conexion23.com\/#website","url":"https:\/\/conexion23.com\/","name":"Conexi\u00f3n 23","description":"Peri\u00f3dico 100% Petromacorisano","publisher":{"@id":"https:\/\/conexion23.com\/#organization"},"potentialAction":[{"@type":"SearchAction","target":{"@type":"EntryPoint","urlTemplate":"https:\/\/conexion23.com\/?s={search_term_string}"},"query-input":{"@type":"PropertyValueSpecification","valueRequired":true,"valueName":"search_term_string"}}],"inLanguage":"es"},{"@type":"Organization","@id":"https:\/\/conexion23.com\/#organization","name":"Conexion 23","url":"https:\/\/conexion23.com\/","logo":{"@type":"ImageObject","inLanguage":"es","@id":"https:\/\/conexion23.com\/#\/schema\/logo\/image\/","url":"https:\/\/conexion23.com\/wp-content\/uploads\/2021\/11\/Diseno-sin-titulo-2.png","contentUrl":"https:\/\/conexion23.com\/wp-content\/uploads\/2021\/11\/Diseno-sin-titulo-2.png","width":541,"height":90,"caption":"Conexion 23"},"image":{"@id":"https:\/\/conexion23.com\/#\/schema\/logo\/image\/"},"sameAs":["https:\/\/www.facebook.com\/conexion23com","https:\/\/www.instagram.com\/conexion23com\/","https:\/\/www.youtube.com\/channel\/UCYc7vxxFZMYLIHNsHHxPZ3Q"]},{"@type":"Person","@id":"https:\/\/conexion23.com\/#\/schema\/person\/0a860802b17d01ad2a278f53c507c296","name":"Redacci\u00f3n","image":{"@type":"ImageObject","inLanguage":"es","@id":"https:\/\/conexion23.com\/#\/schema\/person\/image\/","url":"https:\/\/secure.gravatar.com\/avatar\/ec9d84b79c776aa1994e5893944465db9974b17b884155623da51b7b62c02845?s=96&d=mm&r=g","contentUrl":"https:\/\/secure.gravatar.com\/avatar\/ec9d84b79c776aa1994e5893944465db9974b17b884155623da51b7b62c02845?s=96&d=mm&r=g","caption":"Redacci\u00f3n"},"url":"https:\/\/conexion23.com\/?author=18"}]}},"_links":{"self":[{"href":"https:\/\/conexion23.com\/index.php?rest_route=\/wp\/v2\/posts\/56678","targetHints":{"allow":["GET"]}}],"collection":[{"href":"https:\/\/conexion23.com\/index.php?rest_route=\/wp\/v2\/posts"}],"about":[{"href":"https:\/\/conexion23.com\/index.php?rest_route=\/wp\/v2\/types\/post"}],"author":[{"embeddable":true,"href":"https:\/\/conexion23.com\/index.php?rest_route=\/wp\/v2\/users\/18"}],"replies":[{"embeddable":true,"href":"https:\/\/conexion23.com\/index.php?rest_route=%2Fwp%2Fv2%2Fcomments&post=56678"}],"version-history":[{"count":1,"href":"https:\/\/conexion23.com\/index.php?rest_route=\/wp\/v2\/posts\/56678\/revisions"}],"predecessor-version":[{"id":56680,"href":"https:\/\/conexion23.com\/index.php?rest_route=\/wp\/v2\/posts\/56678\/revisions\/56680"}],"wp:featuredmedia":[{"embeddable":true,"href":"https:\/\/conexion23.com\/index.php?rest_route=\/wp\/v2\/media\/56679"}],"wp:attachment":[{"href":"https:\/\/conexion23.com\/index.php?rest_route=%2Fwp%2Fv2%2Fmedia&parent=56678"}],"wp:term":[{"taxonomy":"category","embeddable":true,"href":"https:\/\/conexion23.com\/index.php?rest_route=%2Fwp%2Fv2%2Fcategories&post=56678"},{"taxonomy":"post_tag","embeddable":true,"href":"https:\/\/conexion23.com\/index.php?rest_route=%2Fwp%2Fv2%2Ftags&post=56678"}],"curies":[{"name":"wp","href":"https:\/\/api.w.org\/{rel}","templated":true}]}}