{"id":56681,"date":"2026-04-27T20:25:11","date_gmt":"2026-04-28T00:25:11","guid":{"rendered":"https:\/\/conexion23.com\/?p=56681"},"modified":"2026-04-27T19:58:14","modified_gmt":"2026-04-27T23:58:14","slug":"escolta-presidencial-se-accidenta-y-deja-tres-heridos-en-puerto-plata","status":"publish","type":"post","link":"https:\/\/conexion23.com\/?p=56681","title":{"rendered":"Escolta presidencial se accidenta y deja tres heridos en Puerto Plata"},"content":{"rendered":"<p id=\"m59928-59927-59929\" style=\"text-align: justify;\"><strong>La Presidencia de la Rep\u00fablica inform\u00f3 que a las 8:56 de la ma\u00f1ana de este lunes, personal de la avanzada del presidente\u00a0Luis Abinader\u00a0sufri\u00f3 un\u00a0accidente de tr\u00e1nsito\u00a0en el tramo carretero Maim\u00f3n\u2013Puerto Plata, mientras se trasladaba hacia una actividad oficial.<\/strong><\/p>\n<p id=\"m59933-59932-59934\" style=\"text-align: justify;\">Por el hecho resultaron heridos dos miembros del Cuerpo de\u00a0<b>Seguridad Presidencial\u00a0<\/b>(CUSEP) y un ciudadano.<\/p>\n<p style=\"text-align: justify;\">Informaciones compartidas en una nota de prensa se\u00f1alan que las tres personas presentan diversos\u00a0<b>traumas\u00a0<\/b>y fueron trasladadas a centros de salud cercanos, donde reciben las atenciones m\u00e9dicas.<\/p>\n<p id=\"m59943-59942-59944\" style=\"text-align: justify;\">Los escoltas del mandatario se dirig\u00edan a Puerto Plata a bordo de un\u00a0<b>veh\u00edculo presidencial<\/b>. En im\u00e1genes se ven ambos veh\u00edculos volcados en lo que parece ser una ca\u00f1ada a un lado de la carretera.<\/p>\n<p id=\"m59948-59947-59949\" style=\"text-align: justify;\">Se precisa que el\u00a0<b>presidente de la Rep\u00fablica\u00a0<\/b>no se desplazaba en la caravana al momento del\u00a0<b>incidente<\/b>.<\/p>\n<p id=\"m59953-59952-59954\" style=\"text-align: justify;\">A las 11:00 a. m.\u00a0<b>Luis Abinader<\/b>\u00a0encabezar\u00e1 la\u00a0<b>inauguraci\u00f3n de la Plaza Sos\u00faa<\/b>, en la provincia de\u00a0<b>Puerto Plata<\/b>.<\/p>\n","protected":false},"excerpt":{"rendered":"<p>La Presidencia de la Rep\u00fablica inform\u00f3 que a las 8:56 de la ma\u00f1ana de este lunes, personal de la avanzada del presidente\u00a0Luis Abinader\u00a0sufri\u00f3 un\u00a0accidente de tr\u00e1nsito\u00a0en el tramo carretero Maim\u00f3n\u2013Puerto Plata, mientras se trasladaba hacia una actividad oficial. Por el hecho resultaron heridos dos miembros del Cuerpo de\u00a0Seguridad Presidencial\u00a0(CUSEP) y un ciudadano. Informaciones compartidas en [&hellip;]<\/p>\n","protected":false},"author":18,"featured_media":56682,"comment_status":"open","ping_status":"open","sticky":false,"template":"","format":"standard","meta":{"footnotes":""},"categories":[3913,3773],"tags":[331,8588,8587,501],"class_list":{"0":"post-56681","1":"post","2":"type-post","3":"status-publish","4":"format-standard","5":"has-post-thumbnail","7":"category-nacionales","8":"category-portada","9":"tag-accidente","10":"tag-cusep","11":"tag-escolta-presidencial","12":"tag-puerto-plata"},"yoast_head":"<!-- This site is optimized with the Yoast SEO plugin v27.1.1 - https:\/\/yoast.com\/product\/yoast-seo-wordpress\/ -->\n<title>Escolta presidencial se accidenta y deja tres heridos en Puerto Plata - Conexi\u00f3n 23<\/title>\n<meta name=\"robots\" content=\"index, follow, max-snippet:-1, max-image-preview:large, max-video-preview:-1\" \/>\n<link rel=\"canonical\" href=\"https:\/\/conexion23.com\/?p=56681\" \/>\n<meta property=\"og:locale\" content=\"es_ES\" \/>\n<meta property=\"og:type\" content=\"article\" \/>\n<meta property=\"og:title\" content=\"Escolta presidencial se accidenta y deja tres heridos en Puerto Plata - Conexi\u00f3n 23\" \/>\n<meta property=\"og:description\" content=\"La Presidencia de la Rep\u00fablica inform\u00f3 que a las 8:56 de la ma\u00f1ana de este lunes, personal de la avanzada del presidente\u00a0Luis Abinader\u00a0sufri\u00f3 un\u00a0accidente de tr\u00e1nsito\u00a0en el tramo carretero Maim\u00f3n\u2013Puerto Plata, mientras se trasladaba hacia una actividad oficial. Por el hecho resultaron heridos dos miembros del Cuerpo de\u00a0Seguridad Presidencial\u00a0(CUSEP) y un ciudadano. Informaciones compartidas en [&hellip;]\" \/>\n<meta property=\"og:url\" content=\"https:\/\/conexion23.com\/?p=56681\" \/>\n<meta property=\"og:site_name\" content=\"Conexi\u00f3n 23\" \/>\n<meta property=\"article:publisher\" content=\"https:\/\/www.facebook.com\/conexion23com\" \/>\n<meta property=\"article:published_time\" content=\"2026-04-28T00:25:11+00:00\" \/>\n<meta property=\"og:image\" content=\"https:\/\/conexion23.com\/wp-content\/uploads\/2026\/04\/Escolta-presidencial-se-accidenta-y-deja-tres-heridos-en-Puerto-Plata.jpeg\" \/>\n\t<meta property=\"og:image:width\" content=\"800\" \/>\n\t<meta property=\"og:image:height\" content=\"1067\" \/>\n\t<meta property=\"og:image:type\" content=\"image\/jpeg\" \/>\n<meta name=\"author\" content=\"Redacci\u00f3n\" \/>\n<meta name=\"twitter:card\" content=\"summary_large_image\" \/>\n<meta name=\"twitter:label1\" content=\"Escrito por\" \/>\n\t<meta name=\"twitter:data1\" content=\"Redacci\u00f3n\" \/>\n\t<meta name=\"twitter:label2\" content=\"Tiempo de lectura\" \/>\n\t<meta name=\"twitter:data2\" content=\"1 minuto\" \/>\n<script type=\"application\/ld+json\" class=\"yoast-schema-graph\">{\"@context\":\"https:\/\/schema.org\",\"@graph\":[{\"@type\":\"Article\",\"@id\":\"https:\/\/conexion23.com\/?p=56681#article\",\"isPartOf\":{\"@id\":\"https:\/\/conexion23.com\/?p=56681\"},\"author\":{\"name\":\"Redacci\u00f3n\",\"@id\":\"https:\/\/conexion23.com\/#\/schema\/person\/0a860802b17d01ad2a278f53c507c296\"},\"headline\":\"Escolta presidencial se accidenta y deja tres heridos en Puerto Plata\",\"datePublished\":\"2026-04-28T00:25:11+00:00\",\"mainEntityOfPage\":{\"@id\":\"https:\/\/conexion23.com\/?p=56681\"},\"wordCount\":183,\"commentCount\":0,\"publisher\":{\"@id\":\"https:\/\/conexion23.com\/#organization\"},\"image\":{\"@id\":\"https:\/\/conexion23.com\/?p=56681#primaryimage\"},\"thumbnailUrl\":\"https:\/\/conexion23.com\/wp-content\/uploads\/2026\/04\/Escolta-presidencial-se-accidenta-y-deja-tres-heridos-en-Puerto-Plata.jpeg\",\"keywords\":[\"accidente\",\"CUSEP\",\"Escolta presidencial\",\"puerto plata\"],\"articleSection\":[\"Nacionales\",\"Portada\"],\"inLanguage\":\"es\",\"potentialAction\":[{\"@type\":\"CommentAction\",\"name\":\"Comment\",\"target\":[\"https:\/\/conexion23.com\/?p=56681#respond\"]}]},{\"@type\":\"WebPage\",\"@id\":\"https:\/\/conexion23.com\/?p=56681\",\"url\":\"https:\/\/conexion23.com\/?p=56681\",\"name\":\"Escolta presidencial se accidenta y deja tres heridos en Puerto Plata - Conexi\u00f3n 23\",\"isPartOf\":{\"@id\":\"https:\/\/conexion23.com\/#website\"},\"primaryImageOfPage\":{\"@id\":\"https:\/\/conexion23.com\/?p=56681#primaryimage\"},\"image\":{\"@id\":\"https:\/\/conexion23.com\/?p=56681#primaryimage\"},\"thumbnailUrl\":\"https:\/\/conexion23.com\/wp-content\/uploads\/2026\/04\/Escolta-presidencial-se-accidenta-y-deja-tres-heridos-en-Puerto-Plata.jpeg\",\"datePublished\":\"2026-04-28T00:25:11+00:00\",\"breadcrumb\":{\"@id\":\"https:\/\/conexion23.com\/?p=56681#breadcrumb\"},\"inLanguage\":\"es\",\"potentialAction\":[{\"@type\":\"ReadAction\",\"target\":[\"https:\/\/conexion23.com\/?p=56681\"]}]},{\"@type\":\"ImageObject\",\"inLanguage\":\"es\",\"@id\":\"https:\/\/conexion23.com\/?p=56681#primaryimage\",\"url\":\"https:\/\/conexion23.com\/wp-content\/uploads\/2026\/04\/Escolta-presidencial-se-accidenta-y-deja-tres-heridos-en-Puerto-Plata.jpeg\",\"contentUrl\":\"https:\/\/conexion23.com\/wp-content\/uploads\/2026\/04\/Escolta-presidencial-se-accidenta-y-deja-tres-heridos-en-Puerto-Plata.jpeg\",\"width\":800,\"height\":1067},{\"@type\":\"BreadcrumbList\",\"@id\":\"https:\/\/conexion23.com\/?p=56681#breadcrumb\",\"itemListElement\":[{\"@type\":\"ListItem\",\"position\":1,\"name\":\"Portada\",\"item\":\"https:\/\/conexion23.com\/\"},{\"@type\":\"ListItem\",\"position\":2,\"name\":\"Escolta presidencial se accidenta y deja tres heridos en Puerto Plata\"}]},{\"@type\":\"WebSite\",\"@id\":\"https:\/\/conexion23.com\/#website\",\"url\":\"https:\/\/conexion23.com\/\",\"name\":\"Conexi\u00f3n 23\",\"description\":\"Peri\u00f3dico 100% Petromacorisano\",\"publisher\":{\"@id\":\"https:\/\/conexion23.com\/#organization\"},\"potentialAction\":[{\"@type\":\"SearchAction\",\"target\":{\"@type\":\"EntryPoint\",\"urlTemplate\":\"https:\/\/conexion23.com\/?s={search_term_string}\"},\"query-input\":{\"@type\":\"PropertyValueSpecification\",\"valueRequired\":true,\"valueName\":\"search_term_string\"}}],\"inLanguage\":\"es\"},{\"@type\":\"Organization\",\"@id\":\"https:\/\/conexion23.com\/#organization\",\"name\":\"Conexion 23\",\"url\":\"https:\/\/conexion23.com\/\",\"logo\":{\"@type\":\"ImageObject\",\"inLanguage\":\"es\",\"@id\":\"https:\/\/conexion23.com\/#\/schema\/logo\/image\/\",\"url\":\"https:\/\/conexion23.com\/wp-content\/uploads\/2021\/11\/Diseno-sin-titulo-2.png\",\"contentUrl\":\"https:\/\/conexion23.com\/wp-content\/uploads\/2021\/11\/Diseno-sin-titulo-2.png\",\"width\":541,\"height\":90,\"caption\":\"Conexion 23\"},\"image\":{\"@id\":\"https:\/\/conexion23.com\/#\/schema\/logo\/image\/\"},\"sameAs\":[\"https:\/\/www.facebook.com\/conexion23com\",\"https:\/\/www.instagram.com\/conexion23com\/\",\"https:\/\/www.youtube.com\/channel\/UCYc7vxxFZMYLIHNsHHxPZ3Q\"]},{\"@type\":\"Person\",\"@id\":\"https:\/\/conexion23.com\/#\/schema\/person\/0a860802b17d01ad2a278f53c507c296\",\"name\":\"Redacci\u00f3n\",\"image\":{\"@type\":\"ImageObject\",\"inLanguage\":\"es\",\"@id\":\"https:\/\/conexion23.com\/#\/schema\/person\/image\/\",\"url\":\"https:\/\/secure.gravatar.com\/avatar\/ec9d84b79c776aa1994e5893944465db9974b17b884155623da51b7b62c02845?s=96&d=mm&r=g\",\"contentUrl\":\"https:\/\/secure.gravatar.com\/avatar\/ec9d84b79c776aa1994e5893944465db9974b17b884155623da51b7b62c02845?s=96&d=mm&r=g\",\"caption\":\"Redacci\u00f3n\"},\"url\":\"https:\/\/conexion23.com\/?author=18\"}]}<\/script>\n<!-- \/ Yoast SEO plugin. -->","yoast_head_json":{"title":"Escolta presidencial se accidenta y deja tres heridos en Puerto Plata - Conexi\u00f3n 23","robots":{"index":"index","follow":"follow","max-snippet":"max-snippet:-1","max-image-preview":"max-image-preview:large","max-video-preview":"max-video-preview:-1"},"canonical":"https:\/\/conexion23.com\/?p=56681","og_locale":"es_ES","og_type":"article","og_title":"Escolta presidencial se accidenta y deja tres heridos en Puerto Plata - Conexi\u00f3n 23","og_description":"La Presidencia de la Rep\u00fablica inform\u00f3 que a las 8:56 de la ma\u00f1ana de este lunes, personal de la avanzada del presidente\u00a0Luis Abinader\u00a0sufri\u00f3 un\u00a0accidente de tr\u00e1nsito\u00a0en el tramo carretero Maim\u00f3n\u2013Puerto Plata, mientras se trasladaba hacia una actividad oficial. Por el hecho resultaron heridos dos miembros del Cuerpo de\u00a0Seguridad Presidencial\u00a0(CUSEP) y un ciudadano. Informaciones compartidas en [&hellip;]","og_url":"https:\/\/conexion23.com\/?p=56681","og_site_name":"Conexi\u00f3n 23","article_publisher":"https:\/\/www.facebook.com\/conexion23com","article_published_time":"2026-04-28T00:25:11+00:00","og_image":[{"width":800,"height":1067,"url":"https:\/\/conexion23.com\/wp-content\/uploads\/2026\/04\/Escolta-presidencial-se-accidenta-y-deja-tres-heridos-en-Puerto-Plata.jpeg","type":"image\/jpeg"}],"author":"Redacci\u00f3n","twitter_card":"summary_large_image","twitter_misc":{"Escrito por":"Redacci\u00f3n","Tiempo de lectura":"1 minuto"},"schema":{"@context":"https:\/\/schema.org","@graph":[{"@type":"Article","@id":"https:\/\/conexion23.com\/?p=56681#article","isPartOf":{"@id":"https:\/\/conexion23.com\/?p=56681"},"author":{"name":"Redacci\u00f3n","@id":"https:\/\/conexion23.com\/#\/schema\/person\/0a860802b17d01ad2a278f53c507c296"},"headline":"Escolta presidencial se accidenta y deja tres heridos en Puerto Plata","datePublished":"2026-04-28T00:25:11+00:00","mainEntityOfPage":{"@id":"https:\/\/conexion23.com\/?p=56681"},"wordCount":183,"commentCount":0,"publisher":{"@id":"https:\/\/conexion23.com\/#organization"},"image":{"@id":"https:\/\/conexion23.com\/?p=56681#primaryimage"},"thumbnailUrl":"https:\/\/conexion23.com\/wp-content\/uploads\/2026\/04\/Escolta-presidencial-se-accidenta-y-deja-tres-heridos-en-Puerto-Plata.jpeg","keywords":["accidente","CUSEP","Escolta presidencial","puerto plata"],"articleSection":["Nacionales","Portada"],"inLanguage":"es","potentialAction":[{"@type":"CommentAction","name":"Comment","target":["https:\/\/conexion23.com\/?p=56681#respond"]}]},{"@type":"WebPage","@id":"https:\/\/conexion23.com\/?p=56681","url":"https:\/\/conexion23.com\/?p=56681","name":"Escolta presidencial se accidenta y deja tres heridos en Puerto Plata - Conexi\u00f3n 23","isPartOf":{"@id":"https:\/\/conexion23.com\/#website"},"primaryImageOfPage":{"@id":"https:\/\/conexion23.com\/?p=56681#primaryimage"},"image":{"@id":"https:\/\/conexion23.com\/?p=56681#primaryimage"},"thumbnailUrl":"https:\/\/conexion23.com\/wp-content\/uploads\/2026\/04\/Escolta-presidencial-se-accidenta-y-deja-tres-heridos-en-Puerto-Plata.jpeg","datePublished":"2026-04-28T00:25:11+00:00","breadcrumb":{"@id":"https:\/\/conexion23.com\/?p=56681#breadcrumb"},"inLanguage":"es","potentialAction":[{"@type":"ReadAction","target":["https:\/\/conexion23.com\/?p=56681"]}]},{"@type":"ImageObject","inLanguage":"es","@id":"https:\/\/conexion23.com\/?p=56681#primaryimage","url":"https:\/\/conexion23.com\/wp-content\/uploads\/2026\/04\/Escolta-presidencial-se-accidenta-y-deja-tres-heridos-en-Puerto-Plata.jpeg","contentUrl":"https:\/\/conexion23.com\/wp-content\/uploads\/2026\/04\/Escolta-presidencial-se-accidenta-y-deja-tres-heridos-en-Puerto-Plata.jpeg","width":800,"height":1067},{"@type":"BreadcrumbList","@id":"https:\/\/conexion23.com\/?p=56681#breadcrumb","itemListElement":[{"@type":"ListItem","position":1,"name":"Portada","item":"https:\/\/conexion23.com\/"},{"@type":"ListItem","position":2,"name":"Escolta presidencial se accidenta y deja tres heridos en Puerto Plata"}]},{"@type":"WebSite","@id":"https:\/\/conexion23.com\/#website","url":"https:\/\/conexion23.com\/","name":"Conexi\u00f3n 23","description":"Peri\u00f3dico 100% Petromacorisano","publisher":{"@id":"https:\/\/conexion23.com\/#organization"},"potentialAction":[{"@type":"SearchAction","target":{"@type":"EntryPoint","urlTemplate":"https:\/\/conexion23.com\/?s={search_term_string}"},"query-input":{"@type":"PropertyValueSpecification","valueRequired":true,"valueName":"search_term_string"}}],"inLanguage":"es"},{"@type":"Organization","@id":"https:\/\/conexion23.com\/#organization","name":"Conexion 23","url":"https:\/\/conexion23.com\/","logo":{"@type":"ImageObject","inLanguage":"es","@id":"https:\/\/conexion23.com\/#\/schema\/logo\/image\/","url":"https:\/\/conexion23.com\/wp-content\/uploads\/2021\/11\/Diseno-sin-titulo-2.png","contentUrl":"https:\/\/conexion23.com\/wp-content\/uploads\/2021\/11\/Diseno-sin-titulo-2.png","width":541,"height":90,"caption":"Conexion 23"},"image":{"@id":"https:\/\/conexion23.com\/#\/schema\/logo\/image\/"},"sameAs":["https:\/\/www.facebook.com\/conexion23com","https:\/\/www.instagram.com\/conexion23com\/","https:\/\/www.youtube.com\/channel\/UCYc7vxxFZMYLIHNsHHxPZ3Q"]},{"@type":"Person","@id":"https:\/\/conexion23.com\/#\/schema\/person\/0a860802b17d01ad2a278f53c507c296","name":"Redacci\u00f3n","image":{"@type":"ImageObject","inLanguage":"es","@id":"https:\/\/conexion23.com\/#\/schema\/person\/image\/","url":"https:\/\/secure.gravatar.com\/avatar\/ec9d84b79c776aa1994e5893944465db9974b17b884155623da51b7b62c02845?s=96&d=mm&r=g","contentUrl":"https:\/\/secure.gravatar.com\/avatar\/ec9d84b79c776aa1994e5893944465db9974b17b884155623da51b7b62c02845?s=96&d=mm&r=g","caption":"Redacci\u00f3n"},"url":"https:\/\/conexion23.com\/?author=18"}]}},"_links":{"self":[{"href":"https:\/\/conexion23.com\/index.php?rest_route=\/wp\/v2\/posts\/56681","targetHints":{"allow":["GET"]}}],"collection":[{"href":"https:\/\/conexion23.com\/index.php?rest_route=\/wp\/v2\/posts"}],"about":[{"href":"https:\/\/conexion23.com\/index.php?rest_route=\/wp\/v2\/types\/post"}],"author":[{"embeddable":true,"href":"https:\/\/conexion23.com\/index.php?rest_route=\/wp\/v2\/users\/18"}],"replies":[{"embeddable":true,"href":"https:\/\/conexion23.com\/index.php?rest_route=%2Fwp%2Fv2%2Fcomments&post=56681"}],"version-history":[{"count":1,"href":"https:\/\/conexion23.com\/index.php?rest_route=\/wp\/v2\/posts\/56681\/revisions"}],"predecessor-version":[{"id":56683,"href":"https:\/\/conexion23.com\/index.php?rest_route=\/wp\/v2\/posts\/56681\/revisions\/56683"}],"wp:featuredmedia":[{"embeddable":true,"href":"https:\/\/conexion23.com\/index.php?rest_route=\/wp\/v2\/media\/56682"}],"wp:attachment":[{"href":"https:\/\/conexion23.com\/index.php?rest_route=%2Fwp%2Fv2%2Fmedia&parent=56681"}],"wp:term":[{"taxonomy":"category","embeddable":true,"href":"https:\/\/conexion23.com\/index.php?rest_route=%2Fwp%2Fv2%2Fcategories&post=56681"},{"taxonomy":"post_tag","embeddable":true,"href":"https:\/\/conexion23.com\/index.php?rest_route=%2Fwp%2Fv2%2Ftags&post=56681"}],"curies":[{"name":"wp","href":"https:\/\/api.w.org\/{rel}","templated":true}]}}