{"id":56685,"date":"2026-04-28T07:46:44","date_gmt":"2026-04-28T11:46:44","guid":{"rendered":"https:\/\/conexion23.com\/?p=56685"},"modified":"2026-04-28T07:46:44","modified_gmt":"2026-04-28T11:46:44","slug":"identifican-victima-de-choque-entre-camion-de-basura-y-un-carro-en-la-carretera-la-otra-banda","status":"publish","type":"post","link":"https:\/\/conexion23.com\/?p=56685","title":{"rendered":"Identifican v\u00edctima de choque entre cami\u00f3n de basura y un carro en la carretera La Otra Banda"},"content":{"rendered":"<p style=\"text-align: justify;\"><strong>Las autoridades identificaron al joven que perdi\u00f3 la vida la tarde de este lunes, luego de que el veh\u00edculo que conduc\u00eda sufriera un aparatoso accidente de tr\u00e1nsito con un cami\u00f3n recolector de desechos s\u00f3lidos en la carretera La Otra Banda-La Ceiba del Salado, pr\u00f3ximo a la Cruz del Isle\u00f1o, La Altagracia.<\/strong><\/p>\n<p style=\"text-align: justify;\">Se trata de Misael Santana, de 25 a\u00f1os de edad, quien resid\u00eda en esa misma localidad y era empleado hotelero, quien\u00a0muri\u00f3 instant\u00e1neamente tras su cuerpo quedar aplastado por la estructura de metal del veh\u00edculo en que se desplazaba.<\/p>\n<p style=\"text-align: justify;\">De acuerdo con las informaciones preliminares, Misael Santana supuestamente transitaba con destino a su hogar cuando sufri\u00f3 el fatal accidente que cobr\u00f3 su vida. El joven laboraba como cocinero en un popular hotel de la zona tur\u00edstica de B\u00e1varo.<\/p>\n<p style=\"text-align: justify;\">El cami\u00f3n de desechos s\u00f3lidos involucrado en el tr\u00e1gico siniestro vial supuestamente pertenece a la compa\u00f1\u00eda Vermont, encargada de recoger gran parte de la basura en esa zona tur\u00edstica.<\/p>\n<p style=\"text-align: justify;\">La muerte de \u201cMisael Santana\u201d, ha causado gran tristeza y dolor entre familiares, amigos y compa\u00f1eros de trabajo, quienes han expresado su dolor en las distintas redes sociales.<\/p>\n<p style=\"text-align: justify;\">Las autoridades de tr\u00e1nsito informaron que el hecho se encuentra bajo investigaci\u00f3n, para determinar las circunstancias en la que ocurri\u00f3 la tragedia.<\/p>\n","protected":false},"excerpt":{"rendered":"<p>Las autoridades identificaron al joven que perdi\u00f3 la vida la tarde de este lunes, luego de que el veh\u00edculo que conduc\u00eda sufriera un aparatoso accidente de tr\u00e1nsito con un cami\u00f3n recolector de desechos s\u00f3lidos en la carretera La Otra Banda-La Ceiba del Salado, pr\u00f3ximo a la Cruz del Isle\u00f1o, La Altagracia. Se trata de Misael [&hellip;]<\/p>\n","protected":false},"author":18,"featured_media":56686,"comment_status":"open","ping_status":"open","sticky":false,"template":"","format":"standard","meta":{"footnotes":""},"categories":[2474,3773,2472],"tags":[331,7689,6874],"class_list":{"0":"post-56685","1":"post","2":"type-post","3":"status-publish","4":"format-standard","5":"has-post-thumbnail","7":"category-la-altagracia","8":"category-portada","9":"category-provincias-del-este","10":"tag-accidente","11":"tag-la-ceiba-del-salado","12":"tag-la-otra-banda"},"yoast_head":"<!-- This site is optimized with the Yoast SEO plugin v27.1.1 - https:\/\/yoast.com\/product\/yoast-seo-wordpress\/ -->\n<title>Identifican v\u00edctima de choque entre cami\u00f3n de basura y un carro en la carretera La Otra Banda - Conexi\u00f3n 23<\/title>\n<meta name=\"robots\" content=\"index, follow, max-snippet:-1, max-image-preview:large, max-video-preview:-1\" \/>\n<link rel=\"canonical\" href=\"https:\/\/conexion23.com\/?p=56685\" \/>\n<meta property=\"og:locale\" content=\"es_ES\" \/>\n<meta property=\"og:type\" content=\"article\" \/>\n<meta property=\"og:title\" content=\"Identifican v\u00edctima de choque entre cami\u00f3n de basura y un carro en la carretera La Otra Banda - Conexi\u00f3n 23\" \/>\n<meta property=\"og:description\" content=\"Las autoridades identificaron al joven que perdi\u00f3 la vida la tarde de este lunes, luego de que el veh\u00edculo que conduc\u00eda sufriera un aparatoso accidente de tr\u00e1nsito con un cami\u00f3n recolector de desechos s\u00f3lidos en la carretera La Otra Banda-La Ceiba del Salado, pr\u00f3ximo a la Cruz del Isle\u00f1o, La Altagracia. Se trata de Misael [&hellip;]\" \/>\n<meta property=\"og:url\" content=\"https:\/\/conexion23.com\/?p=56685\" \/>\n<meta property=\"og:site_name\" content=\"Conexi\u00f3n 23\" \/>\n<meta property=\"article:publisher\" content=\"https:\/\/www.facebook.com\/conexion23com\" \/>\n<meta property=\"article:published_time\" content=\"2026-04-28T11:46:44+00:00\" \/>\n<meta property=\"og:image\" content=\"http:\/\/conexion23.com\/wp-content\/uploads\/2026\/04\/camion-de-basura-y-un-carro-en-la-carretera-La-Otra-Banda.jpg\" \/>\n\t<meta property=\"og:image:width\" content=\"2000\" \/>\n\t<meta property=\"og:image:height\" content=\"1600\" \/>\n\t<meta property=\"og:image:type\" content=\"image\/jpeg\" \/>\n<meta name=\"author\" content=\"Redacci\u00f3n\" \/>\n<meta name=\"twitter:card\" content=\"summary_large_image\" \/>\n<meta name=\"twitter:label1\" content=\"Escrito por\" \/>\n\t<meta name=\"twitter:data1\" content=\"Redacci\u00f3n\" \/>\n\t<meta name=\"twitter:label2\" content=\"Tiempo de lectura\" \/>\n\t<meta name=\"twitter:data2\" content=\"2 minutos\" \/>\n<script type=\"application\/ld+json\" class=\"yoast-schema-graph\">{\"@context\":\"https:\/\/schema.org\",\"@graph\":[{\"@type\":\"Article\",\"@id\":\"https:\/\/conexion23.com\/?p=56685#article\",\"isPartOf\":{\"@id\":\"https:\/\/conexion23.com\/?p=56685\"},\"author\":{\"name\":\"Redacci\u00f3n\",\"@id\":\"https:\/\/conexion23.com\/#\/schema\/person\/0a860802b17d01ad2a278f53c507c296\"},\"headline\":\"Identifican v\u00edctima de choque entre cami\u00f3n de basura y un carro en la carretera La Otra Banda\",\"datePublished\":\"2026-04-28T11:46:44+00:00\",\"mainEntityOfPage\":{\"@id\":\"https:\/\/conexion23.com\/?p=56685\"},\"wordCount\":247,\"commentCount\":0,\"publisher\":{\"@id\":\"https:\/\/conexion23.com\/#organization\"},\"image\":{\"@id\":\"https:\/\/conexion23.com\/?p=56685#primaryimage\"},\"thumbnailUrl\":\"https:\/\/conexion23.com\/wp-content\/uploads\/2026\/04\/camion-de-basura-y-un-carro-en-la-carretera-La-Otra-Banda.jpg\",\"keywords\":[\"accidente\",\"La Ceiba del Salado\",\"La Otra Banda\"],\"articleSection\":[\"La Altagracia\",\"Portada\",\"Provincias del Este\"],\"inLanguage\":\"es\",\"potentialAction\":[{\"@type\":\"CommentAction\",\"name\":\"Comment\",\"target\":[\"https:\/\/conexion23.com\/?p=56685#respond\"]}]},{\"@type\":\"WebPage\",\"@id\":\"https:\/\/conexion23.com\/?p=56685\",\"url\":\"https:\/\/conexion23.com\/?p=56685\",\"name\":\"Identifican v\u00edctima de choque entre cami\u00f3n de basura y un carro en la carretera La Otra Banda - Conexi\u00f3n 23\",\"isPartOf\":{\"@id\":\"https:\/\/conexion23.com\/#website\"},\"primaryImageOfPage\":{\"@id\":\"https:\/\/conexion23.com\/?p=56685#primaryimage\"},\"image\":{\"@id\":\"https:\/\/conexion23.com\/?p=56685#primaryimage\"},\"thumbnailUrl\":\"https:\/\/conexion23.com\/wp-content\/uploads\/2026\/04\/camion-de-basura-y-un-carro-en-la-carretera-La-Otra-Banda.jpg\",\"datePublished\":\"2026-04-28T11:46:44+00:00\",\"breadcrumb\":{\"@id\":\"https:\/\/conexion23.com\/?p=56685#breadcrumb\"},\"inLanguage\":\"es\",\"potentialAction\":[{\"@type\":\"ReadAction\",\"target\":[\"https:\/\/conexion23.com\/?p=56685\"]}]},{\"@type\":\"ImageObject\",\"inLanguage\":\"es\",\"@id\":\"https:\/\/conexion23.com\/?p=56685#primaryimage\",\"url\":\"https:\/\/conexion23.com\/wp-content\/uploads\/2026\/04\/camion-de-basura-y-un-carro-en-la-carretera-La-Otra-Banda.jpg\",\"contentUrl\":\"https:\/\/conexion23.com\/wp-content\/uploads\/2026\/04\/camion-de-basura-y-un-carro-en-la-carretera-La-Otra-Banda.jpg\",\"width\":2000,\"height\":1600},{\"@type\":\"BreadcrumbList\",\"@id\":\"https:\/\/conexion23.com\/?p=56685#breadcrumb\",\"itemListElement\":[{\"@type\":\"ListItem\",\"position\":1,\"name\":\"Portada\",\"item\":\"https:\/\/conexion23.com\/\"},{\"@type\":\"ListItem\",\"position\":2,\"name\":\"Identifican v\u00edctima de choque entre cami\u00f3n de basura y un carro en la carretera La Otra Banda\"}]},{\"@type\":\"WebSite\",\"@id\":\"https:\/\/conexion23.com\/#website\",\"url\":\"https:\/\/conexion23.com\/\",\"name\":\"Conexi\u00f3n 23\",\"description\":\"Peri\u00f3dico 100% Petromacorisano\",\"publisher\":{\"@id\":\"https:\/\/conexion23.com\/#organization\"},\"potentialAction\":[{\"@type\":\"SearchAction\",\"target\":{\"@type\":\"EntryPoint\",\"urlTemplate\":\"https:\/\/conexion23.com\/?s={search_term_string}\"},\"query-input\":{\"@type\":\"PropertyValueSpecification\",\"valueRequired\":true,\"valueName\":\"search_term_string\"}}],\"inLanguage\":\"es\"},{\"@type\":\"Organization\",\"@id\":\"https:\/\/conexion23.com\/#organization\",\"name\":\"Conexion 23\",\"url\":\"https:\/\/conexion23.com\/\",\"logo\":{\"@type\":\"ImageObject\",\"inLanguage\":\"es\",\"@id\":\"https:\/\/conexion23.com\/#\/schema\/logo\/image\/\",\"url\":\"https:\/\/conexion23.com\/wp-content\/uploads\/2021\/11\/Diseno-sin-titulo-2.png\",\"contentUrl\":\"https:\/\/conexion23.com\/wp-content\/uploads\/2021\/11\/Diseno-sin-titulo-2.png\",\"width\":541,\"height\":90,\"caption\":\"Conexion 23\"},\"image\":{\"@id\":\"https:\/\/conexion23.com\/#\/schema\/logo\/image\/\"},\"sameAs\":[\"https:\/\/www.facebook.com\/conexion23com\",\"https:\/\/www.instagram.com\/conexion23com\/\",\"https:\/\/www.youtube.com\/channel\/UCYc7vxxFZMYLIHNsHHxPZ3Q\"]},{\"@type\":\"Person\",\"@id\":\"https:\/\/conexion23.com\/#\/schema\/person\/0a860802b17d01ad2a278f53c507c296\",\"name\":\"Redacci\u00f3n\",\"image\":{\"@type\":\"ImageObject\",\"inLanguage\":\"es\",\"@id\":\"https:\/\/conexion23.com\/#\/schema\/person\/image\/\",\"url\":\"https:\/\/secure.gravatar.com\/avatar\/ec9d84b79c776aa1994e5893944465db9974b17b884155623da51b7b62c02845?s=96&d=mm&r=g\",\"contentUrl\":\"https:\/\/secure.gravatar.com\/avatar\/ec9d84b79c776aa1994e5893944465db9974b17b884155623da51b7b62c02845?s=96&d=mm&r=g\",\"caption\":\"Redacci\u00f3n\"},\"url\":\"https:\/\/conexion23.com\/?author=18\"}]}<\/script>\n<!-- \/ Yoast SEO plugin. -->","yoast_head_json":{"title":"Identifican v\u00edctima de choque entre cami\u00f3n de basura y un carro en la carretera La Otra Banda - Conexi\u00f3n 23","robots":{"index":"index","follow":"follow","max-snippet":"max-snippet:-1","max-image-preview":"max-image-preview:large","max-video-preview":"max-video-preview:-1"},"canonical":"https:\/\/conexion23.com\/?p=56685","og_locale":"es_ES","og_type":"article","og_title":"Identifican v\u00edctima de choque entre cami\u00f3n de basura y un carro en la carretera La Otra Banda - Conexi\u00f3n 23","og_description":"Las autoridades identificaron al joven que perdi\u00f3 la vida la tarde de este lunes, luego de que el veh\u00edculo que conduc\u00eda sufriera un aparatoso accidente de tr\u00e1nsito con un cami\u00f3n recolector de desechos s\u00f3lidos en la carretera La Otra Banda-La Ceiba del Salado, pr\u00f3ximo a la Cruz del Isle\u00f1o, La Altagracia. Se trata de Misael [&hellip;]","og_url":"https:\/\/conexion23.com\/?p=56685","og_site_name":"Conexi\u00f3n 23","article_publisher":"https:\/\/www.facebook.com\/conexion23com","article_published_time":"2026-04-28T11:46:44+00:00","og_image":[{"width":2000,"height":1600,"url":"http:\/\/conexion23.com\/wp-content\/uploads\/2026\/04\/camion-de-basura-y-un-carro-en-la-carretera-La-Otra-Banda.jpg","type":"image\/jpeg"}],"author":"Redacci\u00f3n","twitter_card":"summary_large_image","twitter_misc":{"Escrito por":"Redacci\u00f3n","Tiempo de lectura":"2 minutos"},"schema":{"@context":"https:\/\/schema.org","@graph":[{"@type":"Article","@id":"https:\/\/conexion23.com\/?p=56685#article","isPartOf":{"@id":"https:\/\/conexion23.com\/?p=56685"},"author":{"name":"Redacci\u00f3n","@id":"https:\/\/conexion23.com\/#\/schema\/person\/0a860802b17d01ad2a278f53c507c296"},"headline":"Identifican v\u00edctima de choque entre cami\u00f3n de basura y un carro en la carretera La Otra Banda","datePublished":"2026-04-28T11:46:44+00:00","mainEntityOfPage":{"@id":"https:\/\/conexion23.com\/?p=56685"},"wordCount":247,"commentCount":0,"publisher":{"@id":"https:\/\/conexion23.com\/#organization"},"image":{"@id":"https:\/\/conexion23.com\/?p=56685#primaryimage"},"thumbnailUrl":"https:\/\/conexion23.com\/wp-content\/uploads\/2026\/04\/camion-de-basura-y-un-carro-en-la-carretera-La-Otra-Banda.jpg","keywords":["accidente","La Ceiba del Salado","La Otra Banda"],"articleSection":["La Altagracia","Portada","Provincias del Este"],"inLanguage":"es","potentialAction":[{"@type":"CommentAction","name":"Comment","target":["https:\/\/conexion23.com\/?p=56685#respond"]}]},{"@type":"WebPage","@id":"https:\/\/conexion23.com\/?p=56685","url":"https:\/\/conexion23.com\/?p=56685","name":"Identifican v\u00edctima de choque entre cami\u00f3n de basura y un carro en la carretera La Otra Banda - Conexi\u00f3n 23","isPartOf":{"@id":"https:\/\/conexion23.com\/#website"},"primaryImageOfPage":{"@id":"https:\/\/conexion23.com\/?p=56685#primaryimage"},"image":{"@id":"https:\/\/conexion23.com\/?p=56685#primaryimage"},"thumbnailUrl":"https:\/\/conexion23.com\/wp-content\/uploads\/2026\/04\/camion-de-basura-y-un-carro-en-la-carretera-La-Otra-Banda.jpg","datePublished":"2026-04-28T11:46:44+00:00","breadcrumb":{"@id":"https:\/\/conexion23.com\/?p=56685#breadcrumb"},"inLanguage":"es","potentialAction":[{"@type":"ReadAction","target":["https:\/\/conexion23.com\/?p=56685"]}]},{"@type":"ImageObject","inLanguage":"es","@id":"https:\/\/conexion23.com\/?p=56685#primaryimage","url":"https:\/\/conexion23.com\/wp-content\/uploads\/2026\/04\/camion-de-basura-y-un-carro-en-la-carretera-La-Otra-Banda.jpg","contentUrl":"https:\/\/conexion23.com\/wp-content\/uploads\/2026\/04\/camion-de-basura-y-un-carro-en-la-carretera-La-Otra-Banda.jpg","width":2000,"height":1600},{"@type":"BreadcrumbList","@id":"https:\/\/conexion23.com\/?p=56685#breadcrumb","itemListElement":[{"@type":"ListItem","position":1,"name":"Portada","item":"https:\/\/conexion23.com\/"},{"@type":"ListItem","position":2,"name":"Identifican v\u00edctima de choque entre cami\u00f3n de basura y un carro en la carretera La Otra Banda"}]},{"@type":"WebSite","@id":"https:\/\/conexion23.com\/#website","url":"https:\/\/conexion23.com\/","name":"Conexi\u00f3n 23","description":"Peri\u00f3dico 100% Petromacorisano","publisher":{"@id":"https:\/\/conexion23.com\/#organization"},"potentialAction":[{"@type":"SearchAction","target":{"@type":"EntryPoint","urlTemplate":"https:\/\/conexion23.com\/?s={search_term_string}"},"query-input":{"@type":"PropertyValueSpecification","valueRequired":true,"valueName":"search_term_string"}}],"inLanguage":"es"},{"@type":"Organization","@id":"https:\/\/conexion23.com\/#organization","name":"Conexion 23","url":"https:\/\/conexion23.com\/","logo":{"@type":"ImageObject","inLanguage":"es","@id":"https:\/\/conexion23.com\/#\/schema\/logo\/image\/","url":"https:\/\/conexion23.com\/wp-content\/uploads\/2021\/11\/Diseno-sin-titulo-2.png","contentUrl":"https:\/\/conexion23.com\/wp-content\/uploads\/2021\/11\/Diseno-sin-titulo-2.png","width":541,"height":90,"caption":"Conexion 23"},"image":{"@id":"https:\/\/conexion23.com\/#\/schema\/logo\/image\/"},"sameAs":["https:\/\/www.facebook.com\/conexion23com","https:\/\/www.instagram.com\/conexion23com\/","https:\/\/www.youtube.com\/channel\/UCYc7vxxFZMYLIHNsHHxPZ3Q"]},{"@type":"Person","@id":"https:\/\/conexion23.com\/#\/schema\/person\/0a860802b17d01ad2a278f53c507c296","name":"Redacci\u00f3n","image":{"@type":"ImageObject","inLanguage":"es","@id":"https:\/\/conexion23.com\/#\/schema\/person\/image\/","url":"https:\/\/secure.gravatar.com\/avatar\/ec9d84b79c776aa1994e5893944465db9974b17b884155623da51b7b62c02845?s=96&d=mm&r=g","contentUrl":"https:\/\/secure.gravatar.com\/avatar\/ec9d84b79c776aa1994e5893944465db9974b17b884155623da51b7b62c02845?s=96&d=mm&r=g","caption":"Redacci\u00f3n"},"url":"https:\/\/conexion23.com\/?author=18"}]}},"_links":{"self":[{"href":"https:\/\/conexion23.com\/index.php?rest_route=\/wp\/v2\/posts\/56685","targetHints":{"allow":["GET"]}}],"collection":[{"href":"https:\/\/conexion23.com\/index.php?rest_route=\/wp\/v2\/posts"}],"about":[{"href":"https:\/\/conexion23.com\/index.php?rest_route=\/wp\/v2\/types\/post"}],"author":[{"embeddable":true,"href":"https:\/\/conexion23.com\/index.php?rest_route=\/wp\/v2\/users\/18"}],"replies":[{"embeddable":true,"href":"https:\/\/conexion23.com\/index.php?rest_route=%2Fwp%2Fv2%2Fcomments&post=56685"}],"version-history":[{"count":1,"href":"https:\/\/conexion23.com\/index.php?rest_route=\/wp\/v2\/posts\/56685\/revisions"}],"predecessor-version":[{"id":56687,"href":"https:\/\/conexion23.com\/index.php?rest_route=\/wp\/v2\/posts\/56685\/revisions\/56687"}],"wp:featuredmedia":[{"embeddable":true,"href":"https:\/\/conexion23.com\/index.php?rest_route=\/wp\/v2\/media\/56686"}],"wp:attachment":[{"href":"https:\/\/conexion23.com\/index.php?rest_route=%2Fwp%2Fv2%2Fmedia&parent=56685"}],"wp:term":[{"taxonomy":"category","embeddable":true,"href":"https:\/\/conexion23.com\/index.php?rest_route=%2Fwp%2Fv2%2Fcategories&post=56685"},{"taxonomy":"post_tag","embeddable":true,"href":"https:\/\/conexion23.com\/index.php?rest_route=%2Fwp%2Fv2%2Ftags&post=56685"}],"curies":[{"name":"wp","href":"https:\/\/api.w.org\/{rel}","templated":true}]}}