{"id":56688,"date":"2026-04-28T07:55:17","date_gmt":"2026-04-28T11:55:17","guid":{"rendered":"https:\/\/conexion23.com\/?p=56688"},"modified":"2026-04-28T07:55:17","modified_gmt":"2026-04-28T11:55:17","slug":"interior-y-policia-buscan-mejorar-el-transito-y-la-seguridad-vial","status":"publish","type":"post","link":"https:\/\/conexion23.com\/?p=56688","title":{"rendered":"Interior y Polic\u00eda buscan mejorar el tr\u00e1nsito y la seguridad vial"},"content":{"rendered":"<p id=\"m82087-82086-82088\" style=\"text-align: justify;\"><strong>La ministra de Interior y Polic\u00eda, Faride Raful, encabez\u00f3 ayer junto a varias autoridades una mesa de trabajo con el prop\u00f3sito de avanzar en un plan de acci\u00f3n integral orientado al ordenamiento del tr\u00e1nsito y la seguridad vial.<\/strong><\/p>\n<p id=\"m82092-82091-82093\" style=\"text-align: justify;\">En la reuni\u00f3n estuvieron presentes la procuradora general, Yeni Berenice; Milton Morrison director del Instituto Nacional de Tr\u00e1nsito y Transporte Terrestre (Intrant); el director de la Direcci\u00f3n General de Seguridad de Tr\u00e1nsito y Transporte Terrestre (Digesett), Pascual Cruz M\u00e9ndez; el director de la Polic\u00eda Nacional, Andr\u00e9s Modesto Cruz Cruz, y el director del Sistema Nacional de Atenci\u00f3n a Emergencias y Seguridad 9-1-1, Randolfo Rijo G\u00f3mez.<\/p>\n<p id=\"m82097-82096-82098\" style=\"text-align: justify;\">De acuerdo a declaraciones de la ministra en sus redes sociales, los trabajos constaron en diagn\u00f3stico, levantamiento de brechas y una hoja de ruta con metas medibles.<\/p>\n<p id=\"m82102-82101-82103\" style=\"text-align: justify;\">\u201cSeguimos articulando esfuerzos para reducir riesgos, fortalecer el control y garantizar v\u00edas m\u00e1s seguras para todos\u201d, expres\u00f3 Raful a trav\u00e9s de su cuenta de X.<\/p>\n<p id=\"m82107-82106-82108\" style=\"text-align: justify;\">Tras la muerte de Deivy Carlos Abreu Quezada, chofer de cami\u00f3n recolector de desechos s\u00f3lidos, a manos de una turba de motoristas, distintas personalidades han propuesto varias medidas para frenar el manejo irresponsable y las imprudencias viales.<\/p>\n<p id=\"m82117-82116-82118\" style=\"text-align: justify;\">P\u00e9rez Figuereo se\u00f1al\u00f3 que uno de los principales problemas puede deberse al deterioro mec\u00e1nico de los veh\u00edculos y la falta de controles efectivos.<\/p>\n<p id=\"m82122-82121-82123\" style=\"text-align: justify;\">\u201cNo es posible que cada dominicano ande en un veh\u00edculo haciendo lo que quiera y atraves\u00e1ndose, rebasando por los carriles que quieran, en las condiciones que quieran, porque por ah\u00ed comienza la cosa. Tambi\u00e9n hay que poner atenci\u00f3n a las condiciones de los veh\u00edculos\u201d, se\u00f1al\u00f3 a periodistas de este diario.<\/p>\n<p id=\"m82127-82126-82128\" style=\"text-align: justify;\">De igual forma, el dirigente sindical y abogado Mario D\u00edaz, se mostr\u00f3 a favor de iniciar de inmediato la aplicaci\u00f3n de la inspecci\u00f3n t\u00e9cnica vehicular, tal como lo establece la Ley de Tr\u00e1nsito de la Rep\u00fablica Dominicana, a todos los veh\u00edculos que integran el parque vehicular nacional.<\/p>\n","protected":false},"excerpt":{"rendered":"<p>La ministra de Interior y Polic\u00eda, Faride Raful, encabez\u00f3 ayer junto a varias autoridades una mesa de trabajo con el prop\u00f3sito de avanzar en un plan de acci\u00f3n integral orientado al ordenamiento del tr\u00e1nsito y la seguridad vial. En la reuni\u00f3n estuvieron presentes la procuradora general, Yeni Berenice; Milton Morrison director del Instituto Nacional de [&hellip;]<\/p>\n","protected":false},"author":18,"featured_media":56694,"comment_status":"open","ping_status":"open","sticky":false,"template":"","format":"standard","meta":{"footnotes":""},"categories":[3913,3773],"tags":[562,8593,656,8592,177,8591],"class_list":{"0":"post-56688","1":"post","2":"type-post","3":"status-publish","4":"format-standard","5":"has-post-thumbnail","7":"category-nacionales","8":"category-portada","9":"tag-digesett","10":"tag-interior","11":"tag-intrant","12":"tag-milton-morrison","13":"tag-policia","14":"tag-seguridad-vial"},"yoast_head":"<!-- This site is optimized with the Yoast SEO plugin v27.1.1 - https:\/\/yoast.com\/product\/yoast-seo-wordpress\/ -->\n<title>Interior y Polic\u00eda buscan mejorar el tr\u00e1nsito y la seguridad vial - Conexi\u00f3n 23<\/title>\n<meta name=\"robots\" content=\"index, follow, max-snippet:-1, max-image-preview:large, max-video-preview:-1\" \/>\n<link rel=\"canonical\" href=\"https:\/\/conexion23.com\/?p=56688\" \/>\n<meta property=\"og:locale\" content=\"es_ES\" \/>\n<meta property=\"og:type\" content=\"article\" \/>\n<meta property=\"og:title\" content=\"Interior y Polic\u00eda buscan mejorar el tr\u00e1nsito y la seguridad vial - Conexi\u00f3n 23\" \/>\n<meta property=\"og:description\" content=\"La ministra de Interior y Polic\u00eda, Faride Raful, encabez\u00f3 ayer junto a varias autoridades una mesa de trabajo con el prop\u00f3sito de avanzar en un plan de acci\u00f3n integral orientado al ordenamiento del tr\u00e1nsito y la seguridad vial. En la reuni\u00f3n estuvieron presentes la procuradora general, Yeni Berenice; Milton Morrison director del Instituto Nacional de [&hellip;]\" \/>\n<meta property=\"og:url\" content=\"https:\/\/conexion23.com\/?p=56688\" \/>\n<meta property=\"og:site_name\" content=\"Conexi\u00f3n 23\" \/>\n<meta property=\"article:publisher\" content=\"https:\/\/www.facebook.com\/conexion23com\" \/>\n<meta property=\"article:published_time\" content=\"2026-04-28T11:55:17+00:00\" \/>\n<meta property=\"og:image\" content=\"http:\/\/conexion23.com\/wp-content\/uploads\/2026\/04\/Interior-y-Policia.webp\" \/>\n\t<meta property=\"og:image:width\" content=\"1280\" \/>\n\t<meta property=\"og:image:height\" content=\"853\" \/>\n\t<meta property=\"og:image:type\" content=\"image\/webp\" \/>\n<meta name=\"author\" content=\"Redacci\u00f3n\" \/>\n<meta name=\"twitter:card\" content=\"summary_large_image\" \/>\n<meta name=\"twitter:label1\" content=\"Escrito por\" \/>\n\t<meta name=\"twitter:data1\" content=\"Redacci\u00f3n\" \/>\n\t<meta name=\"twitter:label2\" content=\"Tiempo de lectura\" \/>\n\t<meta name=\"twitter:data2\" content=\"2 minutos\" \/>\n<script type=\"application\/ld+json\" class=\"yoast-schema-graph\">{\"@context\":\"https:\/\/schema.org\",\"@graph\":[{\"@type\":\"Article\",\"@id\":\"https:\/\/conexion23.com\/?p=56688#article\",\"isPartOf\":{\"@id\":\"https:\/\/conexion23.com\/?p=56688\"},\"author\":{\"name\":\"Redacci\u00f3n\",\"@id\":\"https:\/\/conexion23.com\/#\/schema\/person\/0a860802b17d01ad2a278f53c507c296\"},\"headline\":\"Interior y Polic\u00eda buscan mejorar el tr\u00e1nsito y la seguridad vial\",\"datePublished\":\"2026-04-28T11:55:17+00:00\",\"mainEntityOfPage\":{\"@id\":\"https:\/\/conexion23.com\/?p=56688\"},\"wordCount\":362,\"commentCount\":0,\"publisher\":{\"@id\":\"https:\/\/conexion23.com\/#organization\"},\"image\":{\"@id\":\"https:\/\/conexion23.com\/?p=56688#primaryimage\"},\"thumbnailUrl\":\"https:\/\/conexion23.com\/wp-content\/uploads\/2026\/04\/Interior-y-Policia.webp\",\"keywords\":[\"digesett\",\"Interior\",\"Intrant\",\"Milton Morrison\",\"policia\",\"seguridad vial\"],\"articleSection\":[\"Nacionales\",\"Portada\"],\"inLanguage\":\"es\",\"potentialAction\":[{\"@type\":\"CommentAction\",\"name\":\"Comment\",\"target\":[\"https:\/\/conexion23.com\/?p=56688#respond\"]}]},{\"@type\":\"WebPage\",\"@id\":\"https:\/\/conexion23.com\/?p=56688\",\"url\":\"https:\/\/conexion23.com\/?p=56688\",\"name\":\"Interior y Polic\u00eda buscan mejorar el tr\u00e1nsito y la seguridad vial - Conexi\u00f3n 23\",\"isPartOf\":{\"@id\":\"https:\/\/conexion23.com\/#website\"},\"primaryImageOfPage\":{\"@id\":\"https:\/\/conexion23.com\/?p=56688#primaryimage\"},\"image\":{\"@id\":\"https:\/\/conexion23.com\/?p=56688#primaryimage\"},\"thumbnailUrl\":\"https:\/\/conexion23.com\/wp-content\/uploads\/2026\/04\/Interior-y-Policia.webp\",\"datePublished\":\"2026-04-28T11:55:17+00:00\",\"breadcrumb\":{\"@id\":\"https:\/\/conexion23.com\/?p=56688#breadcrumb\"},\"inLanguage\":\"es\",\"potentialAction\":[{\"@type\":\"ReadAction\",\"target\":[\"https:\/\/conexion23.com\/?p=56688\"]}]},{\"@type\":\"ImageObject\",\"inLanguage\":\"es\",\"@id\":\"https:\/\/conexion23.com\/?p=56688#primaryimage\",\"url\":\"https:\/\/conexion23.com\/wp-content\/uploads\/2026\/04\/Interior-y-Policia.webp\",\"contentUrl\":\"https:\/\/conexion23.com\/wp-content\/uploads\/2026\/04\/Interior-y-Policia.webp\",\"width\":1280,\"height\":853},{\"@type\":\"BreadcrumbList\",\"@id\":\"https:\/\/conexion23.com\/?p=56688#breadcrumb\",\"itemListElement\":[{\"@type\":\"ListItem\",\"position\":1,\"name\":\"Portada\",\"item\":\"https:\/\/conexion23.com\/\"},{\"@type\":\"ListItem\",\"position\":2,\"name\":\"Interior y Polic\u00eda buscan mejorar el tr\u00e1nsito y la seguridad vial\"}]},{\"@type\":\"WebSite\",\"@id\":\"https:\/\/conexion23.com\/#website\",\"url\":\"https:\/\/conexion23.com\/\",\"name\":\"Conexi\u00f3n 23\",\"description\":\"Peri\u00f3dico 100% Petromacorisano\",\"publisher\":{\"@id\":\"https:\/\/conexion23.com\/#organization\"},\"potentialAction\":[{\"@type\":\"SearchAction\",\"target\":{\"@type\":\"EntryPoint\",\"urlTemplate\":\"https:\/\/conexion23.com\/?s={search_term_string}\"},\"query-input\":{\"@type\":\"PropertyValueSpecification\",\"valueRequired\":true,\"valueName\":\"search_term_string\"}}],\"inLanguage\":\"es\"},{\"@type\":\"Organization\",\"@id\":\"https:\/\/conexion23.com\/#organization\",\"name\":\"Conexion 23\",\"url\":\"https:\/\/conexion23.com\/\",\"logo\":{\"@type\":\"ImageObject\",\"inLanguage\":\"es\",\"@id\":\"https:\/\/conexion23.com\/#\/schema\/logo\/image\/\",\"url\":\"https:\/\/conexion23.com\/wp-content\/uploads\/2021\/11\/Diseno-sin-titulo-2.png\",\"contentUrl\":\"https:\/\/conexion23.com\/wp-content\/uploads\/2021\/11\/Diseno-sin-titulo-2.png\",\"width\":541,\"height\":90,\"caption\":\"Conexion 23\"},\"image\":{\"@id\":\"https:\/\/conexion23.com\/#\/schema\/logo\/image\/\"},\"sameAs\":[\"https:\/\/www.facebook.com\/conexion23com\",\"https:\/\/www.instagram.com\/conexion23com\/\",\"https:\/\/www.youtube.com\/channel\/UCYc7vxxFZMYLIHNsHHxPZ3Q\"]},{\"@type\":\"Person\",\"@id\":\"https:\/\/conexion23.com\/#\/schema\/person\/0a860802b17d01ad2a278f53c507c296\",\"name\":\"Redacci\u00f3n\",\"image\":{\"@type\":\"ImageObject\",\"inLanguage\":\"es\",\"@id\":\"https:\/\/conexion23.com\/#\/schema\/person\/image\/\",\"url\":\"https:\/\/secure.gravatar.com\/avatar\/ec9d84b79c776aa1994e5893944465db9974b17b884155623da51b7b62c02845?s=96&d=mm&r=g\",\"contentUrl\":\"https:\/\/secure.gravatar.com\/avatar\/ec9d84b79c776aa1994e5893944465db9974b17b884155623da51b7b62c02845?s=96&d=mm&r=g\",\"caption\":\"Redacci\u00f3n\"},\"url\":\"https:\/\/conexion23.com\/?author=18\"}]}<\/script>\n<!-- \/ Yoast SEO plugin. -->","yoast_head_json":{"title":"Interior y Polic\u00eda buscan mejorar el tr\u00e1nsito y la seguridad vial - Conexi\u00f3n 23","robots":{"index":"index","follow":"follow","max-snippet":"max-snippet:-1","max-image-preview":"max-image-preview:large","max-video-preview":"max-video-preview:-1"},"canonical":"https:\/\/conexion23.com\/?p=56688","og_locale":"es_ES","og_type":"article","og_title":"Interior y Polic\u00eda buscan mejorar el tr\u00e1nsito y la seguridad vial - Conexi\u00f3n 23","og_description":"La ministra de Interior y Polic\u00eda, Faride Raful, encabez\u00f3 ayer junto a varias autoridades una mesa de trabajo con el prop\u00f3sito de avanzar en un plan de acci\u00f3n integral orientado al ordenamiento del tr\u00e1nsito y la seguridad vial. En la reuni\u00f3n estuvieron presentes la procuradora general, Yeni Berenice; Milton Morrison director del Instituto Nacional de [&hellip;]","og_url":"https:\/\/conexion23.com\/?p=56688","og_site_name":"Conexi\u00f3n 23","article_publisher":"https:\/\/www.facebook.com\/conexion23com","article_published_time":"2026-04-28T11:55:17+00:00","og_image":[{"width":1280,"height":853,"url":"http:\/\/conexion23.com\/wp-content\/uploads\/2026\/04\/Interior-y-Policia.webp","type":"image\/webp"}],"author":"Redacci\u00f3n","twitter_card":"summary_large_image","twitter_misc":{"Escrito por":"Redacci\u00f3n","Tiempo de lectura":"2 minutos"},"schema":{"@context":"https:\/\/schema.org","@graph":[{"@type":"Article","@id":"https:\/\/conexion23.com\/?p=56688#article","isPartOf":{"@id":"https:\/\/conexion23.com\/?p=56688"},"author":{"name":"Redacci\u00f3n","@id":"https:\/\/conexion23.com\/#\/schema\/person\/0a860802b17d01ad2a278f53c507c296"},"headline":"Interior y Polic\u00eda buscan mejorar el tr\u00e1nsito y la seguridad vial","datePublished":"2026-04-28T11:55:17+00:00","mainEntityOfPage":{"@id":"https:\/\/conexion23.com\/?p=56688"},"wordCount":362,"commentCount":0,"publisher":{"@id":"https:\/\/conexion23.com\/#organization"},"image":{"@id":"https:\/\/conexion23.com\/?p=56688#primaryimage"},"thumbnailUrl":"https:\/\/conexion23.com\/wp-content\/uploads\/2026\/04\/Interior-y-Policia.webp","keywords":["digesett","Interior","Intrant","Milton Morrison","policia","seguridad vial"],"articleSection":["Nacionales","Portada"],"inLanguage":"es","potentialAction":[{"@type":"CommentAction","name":"Comment","target":["https:\/\/conexion23.com\/?p=56688#respond"]}]},{"@type":"WebPage","@id":"https:\/\/conexion23.com\/?p=56688","url":"https:\/\/conexion23.com\/?p=56688","name":"Interior y Polic\u00eda buscan mejorar el tr\u00e1nsito y la seguridad vial - Conexi\u00f3n 23","isPartOf":{"@id":"https:\/\/conexion23.com\/#website"},"primaryImageOfPage":{"@id":"https:\/\/conexion23.com\/?p=56688#primaryimage"},"image":{"@id":"https:\/\/conexion23.com\/?p=56688#primaryimage"},"thumbnailUrl":"https:\/\/conexion23.com\/wp-content\/uploads\/2026\/04\/Interior-y-Policia.webp","datePublished":"2026-04-28T11:55:17+00:00","breadcrumb":{"@id":"https:\/\/conexion23.com\/?p=56688#breadcrumb"},"inLanguage":"es","potentialAction":[{"@type":"ReadAction","target":["https:\/\/conexion23.com\/?p=56688"]}]},{"@type":"ImageObject","inLanguage":"es","@id":"https:\/\/conexion23.com\/?p=56688#primaryimage","url":"https:\/\/conexion23.com\/wp-content\/uploads\/2026\/04\/Interior-y-Policia.webp","contentUrl":"https:\/\/conexion23.com\/wp-content\/uploads\/2026\/04\/Interior-y-Policia.webp","width":1280,"height":853},{"@type":"BreadcrumbList","@id":"https:\/\/conexion23.com\/?p=56688#breadcrumb","itemListElement":[{"@type":"ListItem","position":1,"name":"Portada","item":"https:\/\/conexion23.com\/"},{"@type":"ListItem","position":2,"name":"Interior y Polic\u00eda buscan mejorar el tr\u00e1nsito y la seguridad vial"}]},{"@type":"WebSite","@id":"https:\/\/conexion23.com\/#website","url":"https:\/\/conexion23.com\/","name":"Conexi\u00f3n 23","description":"Peri\u00f3dico 100% Petromacorisano","publisher":{"@id":"https:\/\/conexion23.com\/#organization"},"potentialAction":[{"@type":"SearchAction","target":{"@type":"EntryPoint","urlTemplate":"https:\/\/conexion23.com\/?s={search_term_string}"},"query-input":{"@type":"PropertyValueSpecification","valueRequired":true,"valueName":"search_term_string"}}],"inLanguage":"es"},{"@type":"Organization","@id":"https:\/\/conexion23.com\/#organization","name":"Conexion 23","url":"https:\/\/conexion23.com\/","logo":{"@type":"ImageObject","inLanguage":"es","@id":"https:\/\/conexion23.com\/#\/schema\/logo\/image\/","url":"https:\/\/conexion23.com\/wp-content\/uploads\/2021\/11\/Diseno-sin-titulo-2.png","contentUrl":"https:\/\/conexion23.com\/wp-content\/uploads\/2021\/11\/Diseno-sin-titulo-2.png","width":541,"height":90,"caption":"Conexion 23"},"image":{"@id":"https:\/\/conexion23.com\/#\/schema\/logo\/image\/"},"sameAs":["https:\/\/www.facebook.com\/conexion23com","https:\/\/www.instagram.com\/conexion23com\/","https:\/\/www.youtube.com\/channel\/UCYc7vxxFZMYLIHNsHHxPZ3Q"]},{"@type":"Person","@id":"https:\/\/conexion23.com\/#\/schema\/person\/0a860802b17d01ad2a278f53c507c296","name":"Redacci\u00f3n","image":{"@type":"ImageObject","inLanguage":"es","@id":"https:\/\/conexion23.com\/#\/schema\/person\/image\/","url":"https:\/\/secure.gravatar.com\/avatar\/ec9d84b79c776aa1994e5893944465db9974b17b884155623da51b7b62c02845?s=96&d=mm&r=g","contentUrl":"https:\/\/secure.gravatar.com\/avatar\/ec9d84b79c776aa1994e5893944465db9974b17b884155623da51b7b62c02845?s=96&d=mm&r=g","caption":"Redacci\u00f3n"},"url":"https:\/\/conexion23.com\/?author=18"}]}},"_links":{"self":[{"href":"https:\/\/conexion23.com\/index.php?rest_route=\/wp\/v2\/posts\/56688","targetHints":{"allow":["GET"]}}],"collection":[{"href":"https:\/\/conexion23.com\/index.php?rest_route=\/wp\/v2\/posts"}],"about":[{"href":"https:\/\/conexion23.com\/index.php?rest_route=\/wp\/v2\/types\/post"}],"author":[{"embeddable":true,"href":"https:\/\/conexion23.com\/index.php?rest_route=\/wp\/v2\/users\/18"}],"replies":[{"embeddable":true,"href":"https:\/\/conexion23.com\/index.php?rest_route=%2Fwp%2Fv2%2Fcomments&post=56688"}],"version-history":[{"count":1,"href":"https:\/\/conexion23.com\/index.php?rest_route=\/wp\/v2\/posts\/56688\/revisions"}],"predecessor-version":[{"id":56695,"href":"https:\/\/conexion23.com\/index.php?rest_route=\/wp\/v2\/posts\/56688\/revisions\/56695"}],"wp:featuredmedia":[{"embeddable":true,"href":"https:\/\/conexion23.com\/index.php?rest_route=\/wp\/v2\/media\/56694"}],"wp:attachment":[{"href":"https:\/\/conexion23.com\/index.php?rest_route=%2Fwp%2Fv2%2Fmedia&parent=56688"}],"wp:term":[{"taxonomy":"category","embeddable":true,"href":"https:\/\/conexion23.com\/index.php?rest_route=%2Fwp%2Fv2%2Fcategories&post=56688"},{"taxonomy":"post_tag","embeddable":true,"href":"https:\/\/conexion23.com\/index.php?rest_route=%2Fwp%2Fv2%2Ftags&post=56688"}],"curies":[{"name":"wp","href":"https:\/\/api.w.org\/{rel}","templated":true}]}}